{"id":10009,"date":"2024-11-26T22:33:23","date_gmt":"2024-11-26T21:33:23","guid":{"rendered":"https:\/\/zaposlise.hr\/blog\/?p=10009"},"modified":"2024-11-27T22:26:29","modified_gmt":"2024-11-27T21:26:29","slug":"zaposljavanje-umirovljenika","status":"publish","type":"post","link":"https:\/\/zaposlise.hr\/blog\/zaposljavanje-umirovljenika\/","title":{"rendered":"Zapo\u0161ljavanje umirovljenika"},"content":{"rendered":"<span class=\"rt-reading-time\" style=\"display: block;\"><span class=\"rt-label rt-prefix\">Reading Time: <\/span> <span class=\"rt-time\">5<\/span> <span class=\"rt-label rt-postfix\">minute<\/span><\/span><p>Zapo\u0161ljavanje umirovljenika uz istodobno primanje mirovine uvedeno je prije deset godina, 2014. Od tada se zna\u010dajno pove\u0107ava broj zaposlenih umirovljenika.<\/p>\n<p>Pritom, ako niste sigurni kako izra\u010dunati bruto i neto iznos, pro\u010ditajte sve \u0161to trebate znati o obra\u010dunu <a href=\"https:\/\/zaposlise.hr\/blog\/placa-sto-je-bruto-a-sto-neto\/\">pla\u0107a<\/a>.<\/p>\n<p><a href=\"https:\/\/www.mirovinsko.hr\/\" target=\"_blank\" rel=\"noopener\">Zavod za mirovinsko osiguranje<\/a> je prikupio podatke o radu umirovljenika. Pokazuju da je oko 30 000 umirovljenika zaposleno u mirovini.<\/p>\n<p>Nisu prikupljeni podaci o onima koji rade prema ugovoru o djelu. Pro\u010ditajte vi\u0161e o radu na ugovor o djelu i op\u0107enito o <a href=\"https:\/\/zaposlise.hr\/blog\/ugovor-o-djelu-za-honorarni-posao\/\">honorarnom radu<\/a>.<\/p>\n<p>Neki umirovljenici su registrirali doma\u0107u radinost ili sporedno zanimanje. Kori\u0161tenjem tih pravnih alata, umirovljenici mogu raditi uz primanje mirovine.<\/p>\n<div id=\"ez-toc-container\" class=\"ez-toc-v2_0_64 counter-hierarchy ez-toc-counter ez-toc-white ez-toc-container-direction\">\n<div class=\"ez-toc-title-container\">\n<p class=\"ez-toc-title \" >Sadr\u017eaj<\/p>\n<span class=\"ez-toc-title-toggle\"><\/span><\/div>\n<nav><ul class='ez-toc-list ez-toc-list-level-1 ' ><li class='ez-toc-page-1 ez-toc-heading-level-2'><a class=\"ez-toc-link ez-toc-heading-1\" href=\"https:\/\/zaposlise.hr\/blog\/zaposljavanje-umirovljenika\/#Tri_kljucna_razloga_za_rad\" title=\"Tri klju\u010dna razloga za rad\">Tri klju\u010dna razloga za rad<\/a><\/li><li class='ez-toc-page-1 ez-toc-heading-level-2'><a class=\"ez-toc-link ez-toc-heading-2\" href=\"https:\/\/zaposlise.hr\/blog\/zaposljavanje-umirovljenika\/#Pravo_na_zaposljavanje_u_mirovini\" title=\"Pravo na zapo\u0161ljavanje u mirovini\">Pravo na zapo\u0161ljavanje u mirovini<\/a><\/li><li class='ez-toc-page-1 ez-toc-heading-level-2'><a class=\"ez-toc-link ez-toc-heading-3\" href=\"https:\/\/zaposlise.hr\/blog\/zaposljavanje-umirovljenika\/#Zaposljavanje_ureduju_mirovinski_zakoni\" title=\"Zapo\u0161ljavanje ure\u0111uju mirovinski zakoni\">Zapo\u0161ljavanje ure\u0111uju mirovinski zakoni<\/a><\/li><li class='ez-toc-page-1 ez-toc-heading-level-2'><a class=\"ez-toc-link ez-toc-heading-4\" href=\"https:\/\/zaposlise.hr\/blog\/zaposljavanje-umirovljenika\/#Uskoro_zaposljavanje_na_puno_radno_vrijeme\" title=\"Uskoro zapo\u0161ljavanje na puno radno vrijeme\">Uskoro zapo\u0161ljavanje na puno radno vrijeme<\/a><\/li><li class='ez-toc-page-1 ez-toc-heading-level-2'><a class=\"ez-toc-link ez-toc-heading-5\" href=\"https:\/\/zaposlise.hr\/blog\/zaposljavanje-umirovljenika\/#Vrlo_niske_mirovine_kao_motiv_za_zaposljavanje\" title=\"Vrlo niske mirovine kao motiv za zapo\u0161ljavanje\">Vrlo niske mirovine kao motiv za zapo\u0161ljavanje<\/a><\/li><li class='ez-toc-page-1 ez-toc-heading-level-2'><a class=\"ez-toc-link ez-toc-heading-6\" href=\"https:\/\/zaposlise.hr\/blog\/zaposljavanje-umirovljenika\/#Nakon_rada_novi_izracun_mirovine\" title=\"Nakon rada novi izra\u010dun mirovine\">Nakon rada novi izra\u010dun mirovine<\/a><\/li><\/ul><\/nav><\/div>\n<h2><span class=\"ez-toc-section\" id=\"Tri_kljucna_razloga_za_rad\"><\/span>Tri klju\u010dna razloga za rad<span class=\"ez-toc-section-end\"><\/span><\/h2>\n<p>Umirovljenici ostaju na tr\u017ei\u0161tu rada zbog mnogo razloga, no \u010detiri su ona klju\u010dna:<\/p>\n<ul>\n<li>Pove\u0107ana je potra\u017enja radnika na tr\u017ei\u0161tu. Posebno su tra\u017eena neka odre\u0111ena zanimanja koja umirovljenici mogu raditi.<\/li>\n<\/ul>\n<div id=\"attachment_10024\" style=\"width: 1210px\" class=\"wp-caption aligncenter\"><img loading=\"lazy\" decoding=\"async\" aria-describedby=\"caption-attachment-10024\" class=\"size-full wp-image-10024\" src=\"https:\/\/zaposlise.hr\/blog\/wp-content\/uploads\/2024\/11\/Zaposljavanje-zagrljeni-stariji-par.jpg\" alt=\"Zapo\u0161ljavanje, zagrljeni stariji par\" width=\"1200\" height=\"800\" srcset=\"https:\/\/zaposlise.hr\/blog\/wp-content\/uploads\/2024\/11\/Zaposljavanje-zagrljeni-stariji-par.jpg 1200w, https:\/\/zaposlise.hr\/blog\/wp-content\/uploads\/2024\/11\/Zaposljavanje-zagrljeni-stariji-par-300x200.jpg 300w, https:\/\/zaposlise.hr\/blog\/wp-content\/uploads\/2024\/11\/Zaposljavanje-zagrljeni-stariji-par-1024x683.jpg 1024w, https:\/\/zaposlise.hr\/blog\/wp-content\/uploads\/2024\/11\/Zaposljavanje-zagrljeni-stariji-par-768x512.jpg 768w, https:\/\/zaposlise.hr\/blog\/wp-content\/uploads\/2024\/11\/Zaposljavanje-zagrljeni-stariji-par-375x250.jpg 375w\" sizes=\"(max-width: 1200px) 100vw, 1200px\" \/><p id=\"caption-attachment-10024\" class=\"wp-caption-text\"><span style=\"font-size: 8pt\">Izvor: Unsplash; Tema: Zapo\u0161ljavanje, zagrljeni stariji par<\/span><\/p><\/div>\n<ul>\n<li>Niske mirovine. Iznosi mirovina danas su zabrinjavaju\u0107e niski i ne omogu\u0107uju dostojanstven \u017eivot.<\/li>\n<li>Starosna dob za odlazak u mirovinu je povoljna. \u010cesto se ostvaruje i pravo na prijevremenu mirovinu u \u017eivotnoj dobi koja nije prepreka anga\u017eiranju u svijetu rada.<\/li>\n<li>Ima vi\u0161e zaposlenih u mirovini i zbog pogodnih izmjena zakona. Pro\u0161irene su vrste mirovina koje korisnicima omogu\u0107uju rad u primanje mirovine.<\/li>\n<\/ul>\n<p>Imamo i svjedo\u010danstvo gospo\u0111e Ljiljane:<\/p>\n<blockquote><p>Cijeli radni vijek sam radila u Centru za socijalnu skrb. Nakon odlaska u starosnu mirovinu, ostala sam honorarno sura\u0111ivati s Centrom.<\/p>\n<p>\u017deljela sam ostati u kontaktu sa svojim \u0161ti\u0107enicima, malo si popuniti vrijeme. A dodatni prihod je vi\u0161e nego dobrodo\u0161ao.<\/p><\/blockquote>\n<h2><span class=\"ez-toc-section\" id=\"Pravo_na_zaposljavanje_u_mirovini\"><\/span>Pravo na zapo\u0161ljavanje u mirovini<span class=\"ez-toc-section-end\"><\/span><\/h2>\n<p>U dana\u0161nje vrijeme korisnici prijevremenih, obiteljskih i starosnih mirovina mogu raditi do polovice radnog vremena, odnosno \u010detiri sata dnevno.<\/p>\n<p>Uz taj rad mogu primati cijeli iznos mirovine, bez umanjenja.<\/p>\n<p>Ta se odluka provodi prema op\u0107im <a href=\"https:\/\/www.mirovinsko.hr\/hr\/propisi\/54\" target=\"_blank\" rel=\"noopener\">mirovinskim<\/a>\u00a0 propisima.<\/p>\n<div id=\"attachment_10026\" style=\"width: 1210px\" class=\"wp-caption aligncenter\"><img loading=\"lazy\" decoding=\"async\" aria-describedby=\"caption-attachment-10026\" class=\"size-full wp-image-10026\" src=\"https:\/\/zaposlise.hr\/blog\/wp-content\/uploads\/2024\/11\/Opci-mirovinski-propisi.jpg\" alt=\"Op\u0107i mirovinski propisi\" width=\"1200\" height=\"800\" srcset=\"https:\/\/zaposlise.hr\/blog\/wp-content\/uploads\/2024\/11\/Opci-mirovinski-propisi.jpg 1200w, https:\/\/zaposlise.hr\/blog\/wp-content\/uploads\/2024\/11\/Opci-mirovinski-propisi-300x200.jpg 300w, https:\/\/zaposlise.hr\/blog\/wp-content\/uploads\/2024\/11\/Opci-mirovinski-propisi-1024x683.jpg 1024w, https:\/\/zaposlise.hr\/blog\/wp-content\/uploads\/2024\/11\/Opci-mirovinski-propisi-768x512.jpg 768w, https:\/\/zaposlise.hr\/blog\/wp-content\/uploads\/2024\/11\/Opci-mirovinski-propisi-375x250.jpg 375w\" sizes=\"(max-width: 1200px) 100vw, 1200px\" \/><p id=\"caption-attachment-10026\" class=\"wp-caption-text\"><span style=\"font-size: 8pt\">Izvor: hzmo.hr; Tema: Op\u0107i mirovinski propisi<\/span><\/p><\/div>\n<p>Neka zanimanja imaju specifi\u010dne uvjete odlaska u mirovinu. Na primjer vojska, policija i vatrogasci imaju mogu\u0107nost rada u punom radnom vremenu, ali uz pola mirovine.<\/p>\n<p>Druga mogu\u0107nost koja im se nudi je rad u pola radnog vremena, ali uz punu mirovinu.<\/p>\n<p>Pro\u010ditajte \u010dlanak o iznosu <a href=\"https:\/\/zaposlise.hr\/blog\/prosjecna-placa-po-pojedinim-zanimanjima\/\">prosje\u010dne pla\u0107e<\/a> po pojedinim zanimanjima.<\/p>\n<p>Osobe koje koriste invalidske mirovine te kod kojih je nastupila potpuna radna nesposobnost se ne mogu zaposliti.<\/p>\n<p>Jedinu iznimku rade invalidi koji ostvaruju braniteljsku mirovinu. Oni mogu raditi najvi\u0161e tri i pol sata na dan. Mirovina se u tom razdoblju rada smanjuje.<\/p>\n<h2><span class=\"ez-toc-section\" id=\"Zaposljavanje_ureduju_mirovinski_zakoni\"><\/span>Zapo\u0161ljavanje ure\u0111uju mirovinski zakoni<span class=\"ez-toc-section-end\"><\/span><\/h2>\n<p>Zapo\u0161ljavanje uz mirovinu odre\u0111uju zakoni radnog prava. Kada su zainteresirani i radnik i poslodavac, <a href=\"https:\/\/www.zakon.hr\/z\/307\/Zakon-o-radu\" target=\"_blank\" rel=\"noopener\">Zakon o radu<\/a> dozvoljava rad do bilo koje \u017eivotne dobi.<\/p>\n<blockquote><p>Dob od 65 godina \u017eivota i 15 godina <a href=\"https:\/\/lidermedia.hr\/sto-i-kako\/rad-uz-mirovinu-medu-novim-propisima-koji-olaksavaju-zaposljavanje-umirovljenika-su-i-oni-porezni-152676\" target=\"_blank\" rel=\"noopener\">mirovinskog sta\u017ea<\/a> propisana je kao osnova prestanka radnog odnosa po sili zakona, ali samo ako se poslodavac i radnik ne dogovore druk\u010dije.<\/p><\/blockquote>\n<div id=\"attachment_10028\" style=\"width: 1210px\" class=\"wp-caption aligncenter\"><img loading=\"lazy\" decoding=\"async\" aria-describedby=\"caption-attachment-10028\" class=\"size-full wp-image-10028\" src=\"https:\/\/zaposlise.hr\/blog\/wp-content\/uploads\/2024\/11\/Zaposljavanje-i-rad-u-mirovini.jpg\" alt=\"Zapo\u0161ljavanje i rad u mirovini\" width=\"1200\" height=\"800\" srcset=\"https:\/\/zaposlise.hr\/blog\/wp-content\/uploads\/2024\/11\/Zaposljavanje-i-rad-u-mirovini.jpg 1200w, https:\/\/zaposlise.hr\/blog\/wp-content\/uploads\/2024\/11\/Zaposljavanje-i-rad-u-mirovini-300x200.jpg 300w, https:\/\/zaposlise.hr\/blog\/wp-content\/uploads\/2024\/11\/Zaposljavanje-i-rad-u-mirovini-1024x683.jpg 1024w, https:\/\/zaposlise.hr\/blog\/wp-content\/uploads\/2024\/11\/Zaposljavanje-i-rad-u-mirovini-768x512.jpg 768w, https:\/\/zaposlise.hr\/blog\/wp-content\/uploads\/2024\/11\/Zaposljavanje-i-rad-u-mirovini-375x250.jpg 375w\" sizes=\"(max-width: 1200px) 100vw, 1200px\" \/><p id=\"caption-attachment-10028\" class=\"wp-caption-text\"><span style=\"font-size: 8pt\">Izvor: Unsplash; Tema: Zapo\u0161ljavanje i rad u mirovini<\/span><\/p><\/div>\n<p>Od po\u010detka 2023. godine nema vi\u0161e prava na otpremninu. Ukinuto je i pravo na otkazni rok ugovora o radu za radnika koji je navr\u0161io 65 godina starosti.<\/p>\n<p>Razlog takve odluke je da se poslodavci ne izla\u017eu dodatnim tro\u0161kovima u slu\u010daju kada prestane potreba za radom umirovljenika.<\/p>\n<p>Ali, pomaknuta je u granica za ostvarivanje prava na naknadu za bolovanje na teret sustava zdravstva.<\/p>\n<p>Prije 2023. je osiguranik morao imati navr\u0161enih 65. godina, a od tada treba imati navr\u0161enih 70 godina \u017eivota.<\/p>\n<p><span style=\"font-family: 'courier new', courier, monospace\">Tim su zakonskim novostima smanjeni rizici poslodavaca koji zapo\u0161ljavaju umirovljenike.<\/span><\/p>\n<h2><span class=\"ez-toc-section\" id=\"Uskoro_zaposljavanje_na_puno_radno_vrijeme\"><\/span>Uskoro zapo\u0161ljavanje na puno radno vrijeme<span class=\"ez-toc-section-end\"><\/span><\/h2>\n<p>No, u listopadu 2024. godine su predstavnici vlasti i umirovljeni\u010dkih udruga dogovorili izmjene Zakona o\u00a0mirovinskom osiguranju.<\/p>\n<p>Namjera je tim izmjenama omogu\u0107iti svim umirovljenicima da rade osam sati dnevno. Uz taj rad bi primali 50% mirovine.<\/p>\n<blockquote><p>Uz <a href=\"https:\/\/www.tportal.hr\/biznis\/clanak\/umirovljenici-ce-uskoro-moci-raditi-osam-sati-dnevno-bore-se-za-prezivljavanje-20241017?meta_refresh=1\" target=\"_blank\" rel=\"noopener\">prosje\u010dne mirovine<\/a> koje su nakon srpanjskog uskla\u0111ivanja &#8216;porasle&#8217; na svega 571,46 eura, ne \u010dudi da se sve ve\u0107i broj hrvatskih umirovljenika odlu\u010duje raditi.<\/p><\/blockquote>\n<p>Uz toliko niske mirovine, na\u0161i umirovljenici ne mogu \u017eivjeti dostojanstveno ili jednostavno pre\u017eivjeti. Moraju si nekako pomo\u0107i.<\/p>\n<p>Dok u Hrvatskoj takve mjere doprinose pre\u017eivljavanju, europski umirovljenici rade da bi si povisili kvalitetu \u017eivota. Time si pla\u0107aju krstarenja ili duga ljetovanja.<\/p>\n<div id=\"attachment_10030\" style=\"width: 1210px\" class=\"wp-caption aligncenter\"><img loading=\"lazy\" decoding=\"async\" aria-describedby=\"caption-attachment-10030\" class=\"size-full wp-image-10030\" src=\"https:\/\/zaposlise.hr\/blog\/wp-content\/uploads\/2024\/11\/Europski-umirovljenici-su-u-boljoj-poziciji.jpg\" alt=\"Europski umirovljenici su u boljoj poziciji\" width=\"1200\" height=\"800\" srcset=\"https:\/\/zaposlise.hr\/blog\/wp-content\/uploads\/2024\/11\/Europski-umirovljenici-su-u-boljoj-poziciji.jpg 1200w, https:\/\/zaposlise.hr\/blog\/wp-content\/uploads\/2024\/11\/Europski-umirovljenici-su-u-boljoj-poziciji-300x200.jpg 300w, https:\/\/zaposlise.hr\/blog\/wp-content\/uploads\/2024\/11\/Europski-umirovljenici-su-u-boljoj-poziciji-1024x683.jpg 1024w, https:\/\/zaposlise.hr\/blog\/wp-content\/uploads\/2024\/11\/Europski-umirovljenici-su-u-boljoj-poziciji-768x512.jpg 768w, https:\/\/zaposlise.hr\/blog\/wp-content\/uploads\/2024\/11\/Europski-umirovljenici-su-u-boljoj-poziciji-375x250.jpg 375w\" sizes=\"(max-width: 1200px) 100vw, 1200px\" \/><p id=\"caption-attachment-10030\" class=\"wp-caption-text\"><span style=\"font-size: 8pt\">Izvor: Unsplash; Tema: Europski umirovljenici su u boljoj poziciji<\/span><\/p><\/div>\n<p>I umirovljenici koji \u017eele dodatno raditi bi trebali imati ure\u0111ene dokumente za prijavu na <a href=\"https:\/\/zaposlise.hr\/blog\/natjecaj-za-posao-10-ciljeva-u-karijeri\/\">natje\u010daje za posao<\/a>. Pro\u010ditajte kako napisati <a href=\"https:\/\/zaposlise.hr\/blog\/europass-zivotopis-kako-ga-napisati\/\">europass \u017eivotopis<\/a>.<\/p>\n<h2><span class=\"ez-toc-section\" id=\"Vrlo_niske_mirovine_kao_motiv_za_zaposljavanje\"><\/span>Vrlo niske mirovine kao motiv za zapo\u0161ljavanje<span class=\"ez-toc-section-end\"><\/span><\/h2>\n<p>Nekako se gubi smisao mirovine kada osobe moraju i u dubokoj starosti raditi da bi pre\u017eivjeli. Smisao mirovine je mirovanje ipak.<\/p>\n<blockquote><p>Interes za radom je sve ve\u0107i!<\/p><\/blockquote>\n<p>Svi umirovljenici koji tra\u017ee <a href=\"https:\/\/umirovljenici.hzz.hr\/rad-uz-mirovinu\/\" target=\"_blank\" rel=\"noopener\">zapo\u0161ljavanje<\/a> mogu raditi bez obustave mirovine ako su:<\/p>\n<ul>\n<li><em>korisnici starosne mirovine<\/em><\/li>\n<li><em>korisnici starosne mirovine za dugogodi\u0161njeg osiguranika<\/em><\/li>\n<li><em>korisnici prijevremene starosne mirovine<\/em><\/li>\n<li><em>korisnici obiteljske mirovine<\/em><\/li>\n<li><em>korisnici kojem se umjesto pripadaju\u0107e ispla\u0107uje najni\u017ea mirovina.<\/em><\/li>\n<\/ul>\n<p>Trenutno, mirovina i dalje ide dok ste zaposleni i dulje od polovice punog radnog vremena u ovim slu\u010dajevima. Ako ste:<\/p>\n<ul>\n<li><em>korisnik invalidske mirovine zbog profesionalne nesposobnosti za rad (ostvarene prema prija\u0161njim propisima)<\/em><\/li>\n<li><em>korisnik invalidske mirovine zbog djelomi\u010dnog gubitka radne sposobnosti<\/em><\/li>\n<\/ul>\n<div id=\"attachment_10032\" style=\"width: 1210px\" class=\"wp-caption aligncenter\"><img loading=\"lazy\" decoding=\"async\" aria-describedby=\"caption-attachment-10032\" class=\"size-full wp-image-10032\" src=\"https:\/\/zaposlise.hr\/blog\/wp-content\/uploads\/2024\/11\/Invalidska-mirovina-umirovljenik-u-kolicima.jpg\" alt=\"Invalidska mirovina, umirovljenik u kolicima\" width=\"1200\" height=\"800\" srcset=\"https:\/\/zaposlise.hr\/blog\/wp-content\/uploads\/2024\/11\/Invalidska-mirovina-umirovljenik-u-kolicima.jpg 1200w, https:\/\/zaposlise.hr\/blog\/wp-content\/uploads\/2024\/11\/Invalidska-mirovina-umirovljenik-u-kolicima-300x200.jpg 300w, https:\/\/zaposlise.hr\/blog\/wp-content\/uploads\/2024\/11\/Invalidska-mirovina-umirovljenik-u-kolicima-1024x683.jpg 1024w, https:\/\/zaposlise.hr\/blog\/wp-content\/uploads\/2024\/11\/Invalidska-mirovina-umirovljenik-u-kolicima-768x512.jpg 768w, https:\/\/zaposlise.hr\/blog\/wp-content\/uploads\/2024\/11\/Invalidska-mirovina-umirovljenik-u-kolicima-375x250.jpg 375w\" sizes=\"(max-width: 1200px) 100vw, 1200px\" \/><p id=\"caption-attachment-10032\" class=\"wp-caption-text\"><span style=\"font-size: 8pt\">Izvor: Unsplash; Tema: Invalidska mirovina, umirovljenik u kolicima<\/span><\/p><\/div>\n<ul>\n<li><em>korisnik koji obavlja sezonske poslove u poljoprivredi prema posebnim propisima kojima je ovo pitanje ure\u0111eno na druga\u010diji na\u010din, kojima je izri\u010dito propisano da se ne obustavlja isplata mirovine<\/em><\/li>\n<li><em>korisnik koji ostvaruje drugi dohodak, odnosno obavlja drugu djelatnost (npr. primici prema ugovoru o djelu, primici za rad u skup\u0161tinama i odborima, sudskog tuma\u010da, konzultanta, djelatnost <\/em><\/li>\n<li><em>poljoprivrede i \u0161umarstva, doma\u0107a radinost i sli\u010dno).<\/em><\/li>\n<\/ul>\n<p>Do sada se najvi\u0161e umirovljenika zapo\u0161ljavalo u trgovini, jer je tamo i najve\u0107a potra\u017enja.<\/p>\n<h2><span class=\"ez-toc-section\" id=\"Nakon_rada_novi_izracun_mirovine\"><\/span>Nakon rada novi izra\u010dun mirovine<span class=\"ez-toc-section-end\"><\/span><\/h2>\n<p>Kada poslodavac zaposli umirovljenika, upla\u0107uje mu doprinos na mirovinsko osiguranje. Radi toga \u0107e umirovljenik imati pravo na pove\u0107anje svoje mirovine.<\/p>\n<p>Novi izra\u010dun mirovine se radi nakon \u0161to umirovljenik ostavi najmanje godinu dana novog radnog sta\u017ea.<\/p>\n<p>No, ako se umirovljenik odlu\u010di na rad od pola radnog vremena, treba pro\u0107i dvije godine da ostvari pravo na korekciju mirovine radi upla\u0107enih doprinosa.<\/p>\n","protected":false},"excerpt":{"rendered":"<p>Zapo\u0161ljavanje umirovljenika uz istodobno primanje mirovine uvedeno je prije deset godina, 2014. Od tada se zna\u010dajno pove\u0107ava broj zaposlenih umirovljenika. [&hellip;]<\/p>\n","protected":false},"author":4,"featured_media":10056,"comment_status":"closed","ping_status":"closed","sticky":false,"template":"","format":"standard","meta":{"inline_featured_image":false,"footnotes":""},"categories":[27],"tags":[300,231,230,286,299,100],"yoast_head":"<!-- This site is optimized with the Yoast SEO plugin v21.6 - https:\/\/yoast.com\/wordpress\/plugins\/seo\/ -->\n<title>Zapo\u0161ljavanje umirovljenika - Zaposlise.hr<\/title>\n<meta name=\"description\" content=\"Zapo\u0161ljavanje umirovljenika je danas \u010desto nu\u017enost, a ne samo \u017eelja. Sve je vi\u0161e poslova i mogu\u0107nosti za umirovljenike. Pro\u010ditajte vi\u0161e!\" \/>\n<meta name=\"robots\" content=\"index, follow, max-snippet:-1, max-image-preview:large, max-video-preview:-1\" \/>\n<link rel=\"canonical\" href=\"https:\/\/zaposlise.hr\/blog\/zaposljavanje-umirovljenika\/\" \/>\n<meta property=\"og:locale\" content=\"hr_HR\" \/>\n<meta property=\"og:type\" content=\"article\" \/>\n<meta property=\"og:title\" content=\"Zapo\u0161ljavanje umirovljenika - Zaposlise.hr\" \/>\n<meta property=\"og:description\" content=\"Zapo\u0161ljavanje umirovljenika je danas \u010desto nu\u017enost, a ne samo \u017eelja. Sve je vi\u0161e poslova i mogu\u0107nosti za umirovljenike. Pro\u010ditajte vi\u0161e!\" \/>\n<meta property=\"og:url\" content=\"https:\/\/zaposlise.hr\/blog\/zaposljavanje-umirovljenika\/\" \/>\n<meta property=\"og:site_name\" content=\"Zaposlise.hr\" \/>\n<meta property=\"article:published_time\" content=\"2024-11-26T21:33:23+00:00\" \/>\n<meta property=\"article:modified_time\" content=\"2024-11-27T21:26:29+00:00\" \/>\n<meta property=\"og:image\" content=\"https:\/\/zaposlise.hr\/blog\/wp-content\/uploads\/2024\/11\/cover-novo.png\" \/>\n\t<meta property=\"og:image:width\" content=\"1200\" \/>\n\t<meta property=\"og:image:height\" content=\"676\" \/>\n\t<meta property=\"og:image:type\" content=\"image\/png\" \/>\n<meta name=\"author\" content=\"Maja Cvetkovic\" \/>\n<meta name=\"twitter:card\" content=\"summary_large_image\" \/>\n<meta name=\"twitter:label1\" content=\"Napisao\/la\" \/>\n\t<meta name=\"twitter:data1\" content=\"Maja Cvetkovic\" \/>\n\t<meta name=\"twitter:label2\" content=\"Procijenjeno vrijeme \u010ditanja\" \/>\n\t<meta name=\"twitter:data2\" content=\"6 minuta\" \/>\n<script type=\"application\/ld+json\" class=\"yoast-schema-graph\">{\"@context\":\"https:\/\/schema.org\",\"@graph\":[{\"@type\":\"Article\",\"@id\":\"https:\/\/zaposlise.hr\/blog\/zaposljavanje-umirovljenika\/#article\",\"isPartOf\":{\"@id\":\"https:\/\/zaposlise.hr\/blog\/zaposljavanje-umirovljenika\/\"},\"author\":{\"name\":\"Maja Cvetkovic\",\"@id\":\"https:\/\/zaposlise.hr\/blog\/#\/schema\/person\/11d6327b8569a9e940673e6acbfa396a\"},\"headline\":\"Zapo\u0161ljavanje umirovljenika\",\"datePublished\":\"2024-11-26T21:33:23+00:00\",\"dateModified\":\"2024-11-27T21:26:29+00:00\",\"mainEntityOfPage\":{\"@id\":\"https:\/\/zaposlise.hr\/blog\/zaposljavanje-umirovljenika\/\"},\"wordCount\":1072,\"publisher\":{\"@id\":\"https:\/\/zaposlise.hr\/blog\/#organization\"},\"keywords\":[\"europass \u017eivotopis\",\"natje\u010daj za posao\",\"novi posao\",\"ugovor o radu\",\"umirovljenici\",\"zapo\u0161ljavanje\"],\"articleSection\":[\"Karijera\"],\"inLanguage\":\"hr\"},{\"@type\":\"WebPage\",\"@id\":\"https:\/\/zaposlise.hr\/blog\/zaposljavanje-umirovljenika\/\",\"url\":\"https:\/\/zaposlise.hr\/blog\/zaposljavanje-umirovljenika\/\",\"name\":\"Zapo\u0161ljavanje umirovljenika - Zaposlise.hr\",\"isPartOf\":{\"@id\":\"https:\/\/zaposlise.hr\/blog\/#website\"},\"datePublished\":\"2024-11-26T21:33:23+00:00\",\"dateModified\":\"2024-11-27T21:26:29+00:00\",\"description\":\"Zapo\u0161ljavanje umirovljenika je danas \u010desto nu\u017enost, a ne samo \u017eelja. Sve je vi\u0161e poslova i mogu\u0107nosti za umirovljenike. Pro\u010ditajte vi\u0161e!\",\"breadcrumb\":{\"@id\":\"https:\/\/zaposlise.hr\/blog\/zaposljavanje-umirovljenika\/#breadcrumb\"},\"inLanguage\":\"hr\",\"potentialAction\":[{\"@type\":\"ReadAction\",\"target\":[\"https:\/\/zaposlise.hr\/blog\/zaposljavanje-umirovljenika\/\"]}]},{\"@type\":\"BreadcrumbList\",\"@id\":\"https:\/\/zaposlise.hr\/blog\/zaposljavanje-umirovljenika\/#breadcrumb\",\"itemListElement\":[{\"@type\":\"ListItem\",\"position\":1,\"name\":\"Po\u010detna stranica\",\"item\":\"https:\/\/zaposlise.hr\/blog\/\"},{\"@type\":\"ListItem\",\"position\":2,\"name\":\"Zapo\u0161ljavanje umirovljenika\"}]},{\"@type\":\"WebSite\",\"@id\":\"https:\/\/zaposlise.hr\/blog\/#website\",\"url\":\"https:\/\/zaposlise.hr\/blog\/\",\"name\":\"Zaposlise.hr\",\"description\":\"Posao za tebe\",\"publisher\":{\"@id\":\"https:\/\/zaposlise.hr\/blog\/#organization\"},\"potentialAction\":[{\"@type\":\"SearchAction\",\"target\":{\"@type\":\"EntryPoint\",\"urlTemplate\":\"https:\/\/zaposlise.hr\/blog\/?s={search_term_string}\"},\"query-input\":\"required name=search_term_string\"}],\"inLanguage\":\"hr\"},{\"@type\":\"Organization\",\"@id\":\"https:\/\/zaposlise.hr\/blog\/#organization\",\"name\":\"Zaposlise.hr\",\"url\":\"https:\/\/zaposlise.hr\/blog\/\",\"logo\":{\"@type\":\"ImageObject\",\"inLanguage\":\"hr\",\"@id\":\"https:\/\/zaposlise.hr\/blog\/#\/schema\/logo\/image\/\",\"url\":\"https:\/\/zaposlise.hr\/blog\/wp-content\/uploads\/2024\/06\/Screenshot-2024-06-05-at-09.05.43.png\",\"contentUrl\":\"https:\/\/zaposlise.hr\/blog\/wp-content\/uploads\/2024\/06\/Screenshot-2024-06-05-at-09.05.43.png\",\"width\":2088,\"height\":592,\"caption\":\"Zaposlise.hr\"},\"image\":{\"@id\":\"https:\/\/zaposlise.hr\/blog\/#\/schema\/logo\/image\/\"}},{\"@type\":\"Person\",\"@id\":\"https:\/\/zaposlise.hr\/blog\/#\/schema\/person\/11d6327b8569a9e940673e6acbfa396a\",\"name\":\"Maja Cvetkovic\",\"image\":{\"@type\":\"ImageObject\",\"inLanguage\":\"hr\",\"@id\":\"https:\/\/zaposlise.hr\/blog\/#\/schema\/person\/image\/\",\"url\":\"https:\/\/secure.gravatar.com\/avatar\/e8d7da4f01ab43b5b98fc69bf899cf57?s=96&d=mm&r=g\",\"contentUrl\":\"https:\/\/secure.gravatar.com\/avatar\/e8d7da4f01ab43b5b98fc69bf899cf57?s=96&d=mm&r=g\",\"caption\":\"Maja Cvetkovic\"},\"url\":\"https:\/\/zaposlise.hr\/blog\/author\/mayacvetkovic\/\"}]}<\/script>\n<!-- \/ Yoast SEO plugin. -->","yoast_head_json":{"title":"Zapo\u0161ljavanje umirovljenika - Zaposlise.hr","description":"Zapo\u0161ljavanje umirovljenika je danas \u010desto nu\u017enost, a ne samo \u017eelja. Sve je vi\u0161e poslova i mogu\u0107nosti za umirovljenike. Pro\u010ditajte vi\u0161e!","robots":{"index":"index","follow":"follow","max-snippet":"max-snippet:-1","max-image-preview":"max-image-preview:large","max-video-preview":"max-video-preview:-1"},"canonical":"https:\/\/zaposlise.hr\/blog\/zaposljavanje-umirovljenika\/","og_locale":"hr_HR","og_type":"article","og_title":"Zapo\u0161ljavanje umirovljenika - Zaposlise.hr","og_description":"Zapo\u0161ljavanje umirovljenika je danas \u010desto nu\u017enost, a ne samo \u017eelja. Sve je vi\u0161e poslova i mogu\u0107nosti za umirovljenike. Pro\u010ditajte vi\u0161e!","og_url":"https:\/\/zaposlise.hr\/blog\/zaposljavanje-umirovljenika\/","og_site_name":"Zaposlise.hr","article_published_time":"2024-11-26T21:33:23+00:00","article_modified_time":"2024-11-27T21:26:29+00:00","og_image":[{"width":1200,"height":676,"url":"https:\/\/zaposlise.hr\/blog\/wp-content\/uploads\/2024\/11\/cover-novo.png","type":"image\/png"}],"author":"Maja Cvetkovic","twitter_card":"summary_large_image","twitter_misc":{"Napisao\/la":"Maja Cvetkovic","Procijenjeno vrijeme \u010ditanja":"6 minuta"},"schema":{"@context":"https:\/\/schema.org","@graph":[{"@type":"Article","@id":"https:\/\/zaposlise.hr\/blog\/zaposljavanje-umirovljenika\/#article","isPartOf":{"@id":"https:\/\/zaposlise.hr\/blog\/zaposljavanje-umirovljenika\/"},"author":{"name":"Maja Cvetkovic","@id":"https:\/\/zaposlise.hr\/blog\/#\/schema\/person\/11d6327b8569a9e940673e6acbfa396a"},"headline":"Zapo\u0161ljavanje umirovljenika","datePublished":"2024-11-26T21:33:23+00:00","dateModified":"2024-11-27T21:26:29+00:00","mainEntityOfPage":{"@id":"https:\/\/zaposlise.hr\/blog\/zaposljavanje-umirovljenika\/"},"wordCount":1072,"publisher":{"@id":"https:\/\/zaposlise.hr\/blog\/#organization"},"keywords":["europass \u017eivotopis","natje\u010daj za posao","novi posao","ugovor o radu","umirovljenici","zapo\u0161ljavanje"],"articleSection":["Karijera"],"inLanguage":"hr"},{"@type":"WebPage","@id":"https:\/\/zaposlise.hr\/blog\/zaposljavanje-umirovljenika\/","url":"https:\/\/zaposlise.hr\/blog\/zaposljavanje-umirovljenika\/","name":"Zapo\u0161ljavanje umirovljenika - Zaposlise.hr","isPartOf":{"@id":"https:\/\/zaposlise.hr\/blog\/#website"},"datePublished":"2024-11-26T21:33:23+00:00","dateModified":"2024-11-27T21:26:29+00:00","description":"Zapo\u0161ljavanje umirovljenika je danas \u010desto nu\u017enost, a ne samo \u017eelja. Sve je vi\u0161e poslova i mogu\u0107nosti za umirovljenike. Pro\u010ditajte vi\u0161e!","breadcrumb":{"@id":"https:\/\/zaposlise.hr\/blog\/zaposljavanje-umirovljenika\/#breadcrumb"},"inLanguage":"hr","potentialAction":[{"@type":"ReadAction","target":["https:\/\/zaposlise.hr\/blog\/zaposljavanje-umirovljenika\/"]}]},{"@type":"BreadcrumbList","@id":"https:\/\/zaposlise.hr\/blog\/zaposljavanje-umirovljenika\/#breadcrumb","itemListElement":[{"@type":"ListItem","position":1,"name":"Po\u010detna stranica","item":"https:\/\/zaposlise.hr\/blog\/"},{"@type":"ListItem","position":2,"name":"Zapo\u0161ljavanje umirovljenika"}]},{"@type":"WebSite","@id":"https:\/\/zaposlise.hr\/blog\/#website","url":"https:\/\/zaposlise.hr\/blog\/","name":"Zaposlise.hr","description":"Posao za tebe","publisher":{"@id":"https:\/\/zaposlise.hr\/blog\/#organization"},"potentialAction":[{"@type":"SearchAction","target":{"@type":"EntryPoint","urlTemplate":"https:\/\/zaposlise.hr\/blog\/?s={search_term_string}"},"query-input":"required name=search_term_string"}],"inLanguage":"hr"},{"@type":"Organization","@id":"https:\/\/zaposlise.hr\/blog\/#organization","name":"Zaposlise.hr","url":"https:\/\/zaposlise.hr\/blog\/","logo":{"@type":"ImageObject","inLanguage":"hr","@id":"https:\/\/zaposlise.hr\/blog\/#\/schema\/logo\/image\/","url":"https:\/\/zaposlise.hr\/blog\/wp-content\/uploads\/2024\/06\/Screenshot-2024-06-05-at-09.05.43.png","contentUrl":"https:\/\/zaposlise.hr\/blog\/wp-content\/uploads\/2024\/06\/Screenshot-2024-06-05-at-09.05.43.png","width":2088,"height":592,"caption":"Zaposlise.hr"},"image":{"@id":"https:\/\/zaposlise.hr\/blog\/#\/schema\/logo\/image\/"}},{"@type":"Person","@id":"https:\/\/zaposlise.hr\/blog\/#\/schema\/person\/11d6327b8569a9e940673e6acbfa396a","name":"Maja Cvetkovic","image":{"@type":"ImageObject","inLanguage":"hr","@id":"https:\/\/zaposlise.hr\/blog\/#\/schema\/person\/image\/","url":"https:\/\/secure.gravatar.com\/avatar\/e8d7da4f01ab43b5b98fc69bf899cf57?s=96&d=mm&r=g","contentUrl":"https:\/\/secure.gravatar.com\/avatar\/e8d7da4f01ab43b5b98fc69bf899cf57?s=96&d=mm&r=g","caption":"Maja Cvetkovic"},"url":"https:\/\/zaposlise.hr\/blog\/author\/mayacvetkovic\/"}]}},"_links":{"self":[{"href":"https:\/\/zaposlise.hr\/blog\/wp-json\/wp\/v2\/posts\/10009"}],"collection":[{"href":"https:\/\/zaposlise.hr\/blog\/wp-json\/wp\/v2\/posts"}],"about":[{"href":"https:\/\/zaposlise.hr\/blog\/wp-json\/wp\/v2\/types\/post"}],"author":[{"embeddable":true,"href":"https:\/\/zaposlise.hr\/blog\/wp-json\/wp\/v2\/users\/4"}],"replies":[{"embeddable":true,"href":"https:\/\/zaposlise.hr\/blog\/wp-json\/wp\/v2\/comments?post=10009"}],"version-history":[{"count":20,"href":"https:\/\/zaposlise.hr\/blog\/wp-json\/wp\/v2\/posts\/10009\/revisions"}],"predecessor-version":[{"id":10058,"href":"https:\/\/zaposlise.hr\/blog\/wp-json\/wp\/v2\/posts\/10009\/revisions\/10058"}],"wp:featuredmedia":[{"embeddable":true,"href":"https:\/\/zaposlise.hr\/blog\/wp-json\/wp\/v2\/media\/10056"}],"wp:attachment":[{"href":"https:\/\/zaposlise.hr\/blog\/wp-json\/wp\/v2\/media?parent=10009"}],"wp:term":[{"taxonomy":"category","embeddable":true,"href":"https:\/\/zaposlise.hr\/blog\/wp-json\/wp\/v2\/categories?post=10009"},{"taxonomy":"post_tag","embeddable":true,"href":"https:\/\/zaposlise.hr\/blog\/wp-json\/wp\/v2\/tags?post=10009"}],"curies":[{"name":"wp","href":"https:\/\/api.w.org\/{rel}","templated":true}]}}