{"id":11320,"date":"2025-01-29T18:23:31","date_gmt":"2025-01-29T17:23:31","guid":{"rendered":"https:\/\/zaposlise.hr\/blog\/?p=11320"},"modified":"2025-01-30T10:44:48","modified_gmt":"2025-01-30T09:44:48","slug":"kada-traziti-novi-posao","status":"publish","type":"post","link":"https:\/\/zaposlise.hr\/blog\/kada-traziti-novi-posao\/","title":{"rendered":"Kojim mjesecima tra\u017eiti novi posao?"},"content":{"rendered":"<span class=\"rt-reading-time\" style=\"display: block;\"><span class=\"rt-label rt-prefix\">Reading Time: <\/span> <span class=\"rt-time\">5<\/span> <span class=\"rt-label rt-postfix\">minute<\/span><\/span><p>Novi posao tra\u017eite prema osobnim i vanjskim \u010dimbenicima. Napravite izvrstan \u017eivotopis, pru\u017eite jake <a href=\"https:\/\/zaposlise.hr\/blog\/preporuka-kako-doci-do-nje-ukljucen-predlozak\/\">preporuke<\/a> i ostavite dobar dojam na intervjuima u pravo doba godine, a dobit \u0107ete ponude za posao.<\/p>\n<p><em>Pro\u010ditajte kako napisati <a href=\"https:\/\/zaposlise.hr\/blog\/kako-napisati-zivotopis-savjeti-primjeri-i-predlozak\/\">\u017eivotopis<\/a> koji \u0107e vas dovesti do \u017eeljenog posla.\u00a0<\/em><\/p>\n<p>Va\u017eno je znati koje je doba godine najbolje da se usredoto\u010dite na <a href=\"https:\/\/zaposlise.hr\/blog\/trazenje-posla\/\">tra\u017eenje posla<\/a>.<\/p>\n<blockquote><p>U dana\u0161njem svijetu tra\u017eenje posla postalo je slo\u017een zadatak.<\/p>\n<p>Za dobivanje posla va\u017eno je imati znanja i osobine koje se tra\u017ee za odre\u0111eno radno mjesto, ali je tako\u0111er bitno znati ih dobro predstaviti <a href=\"https:\/\/e-usmjeravanje.hzz.hr\/trazenje-posla\" target=\"_blank\" rel=\"noopener\">poslodavcu<\/a>.<\/p><\/blockquote>\n<p>U ovom \u010dlanku raspravljamo o najboljim mjesecima za tra\u017eenje posla. Kada nije dobro tra\u017eiti posao i savjete kada se najbolje prijaviti na <a href=\"https:\/\/zaposlise.hr\/blog\/recepcionar-natjecaj-za-posao\/\">natje\u010daj za posao<\/a>.<\/p>\n<div id=\"attachment_11330\" style=\"width: 1210px\" class=\"wp-caption aligncenter\"><img loading=\"lazy\" decoding=\"async\" aria-describedby=\"caption-attachment-11330\" class=\"size-full wp-image-11330\" src=\"https:\/\/zaposlise.hr\/blog\/wp-content\/uploads\/2025\/01\/Kada-traziti-posao.png\" alt=\"Kada tra\u017eiti posao\" width=\"1200\" height=\"800\" srcset=\"https:\/\/zaposlise.hr\/blog\/wp-content\/uploads\/2025\/01\/Kada-traziti-posao.png 1200w, https:\/\/zaposlise.hr\/blog\/wp-content\/uploads\/2025\/01\/Kada-traziti-posao-300x200.png 300w, https:\/\/zaposlise.hr\/blog\/wp-content\/uploads\/2025\/01\/Kada-traziti-posao-1024x683.png 1024w, https:\/\/zaposlise.hr\/blog\/wp-content\/uploads\/2025\/01\/Kada-traziti-posao-768x512.png 768w, https:\/\/zaposlise.hr\/blog\/wp-content\/uploads\/2025\/01\/Kada-traziti-posao-375x250.png 375w\" sizes=\"(max-width: 1200px) 100vw, 1200px\" \/><p id=\"caption-attachment-11330\" class=\"wp-caption-text\"><span style=\"font-size: 8pt\">Kada tra\u017eiti posao<\/span><\/p><\/div>\n<div id=\"ez-toc-container\" class=\"ez-toc-v2_0_64 counter-hierarchy ez-toc-counter ez-toc-white ez-toc-container-direction\">\n<div class=\"ez-toc-title-container\">\n<p class=\"ez-toc-title \" >Sadr\u017eaj<\/p>\n<span class=\"ez-toc-title-toggle\"><\/span><\/div>\n<nav><ul class='ez-toc-list ez-toc-list-level-1 ' ><li class='ez-toc-page-1 ez-toc-heading-level-2'><a class=\"ez-toc-link ez-toc-heading-1\" href=\"https:\/\/zaposlise.hr\/blog\/kada-traziti-novi-posao\/#Kada_traziti_novi_posao\" title=\"Kada tra\u017eiti novi posao?\">Kada tra\u017eiti novi posao?<\/a><\/li><li class='ez-toc-page-1 ez-toc-heading-level-2'><a class=\"ez-toc-link ez-toc-heading-2\" href=\"https:\/\/zaposlise.hr\/blog\/kada-traziti-novi-posao\/#Sijecanj\" title=\"Sije\u010danj\">Sije\u010danj<\/a><\/li><li class='ez-toc-page-1 ez-toc-heading-level-2'><a class=\"ez-toc-link ez-toc-heading-3\" href=\"https:\/\/zaposlise.hr\/blog\/kada-traziti-novi-posao\/#Veljaca\" title=\"Velja\u010da\">Velja\u010da<\/a><\/li><li class='ez-toc-page-1 ez-toc-heading-level-2'><a class=\"ez-toc-link ez-toc-heading-4\" href=\"https:\/\/zaposlise.hr\/blog\/kada-traziti-novi-posao\/#Ozujak\" title=\"O\u017eujak\">O\u017eujak<\/a><\/li><li class='ez-toc-page-1 ez-toc-heading-level-2'><a class=\"ez-toc-link ez-toc-heading-5\" href=\"https:\/\/zaposlise.hr\/blog\/kada-traziti-novi-posao\/#Travanj\" title=\"Travanj\">Travanj<\/a><\/li><li class='ez-toc-page-1 ez-toc-heading-level-2'><a class=\"ez-toc-link ez-toc-heading-6\" href=\"https:\/\/zaposlise.hr\/blog\/kada-traziti-novi-posao\/#Svibanj\" title=\"Svibanj\">Svibanj<\/a><\/li><li class='ez-toc-page-1 ez-toc-heading-level-2'><a class=\"ez-toc-link ez-toc-heading-7\" href=\"https:\/\/zaposlise.hr\/blog\/kada-traziti-novi-posao\/#Rujan\" title=\"Rujan\">Rujan<\/a><\/li><li class='ez-toc-page-1 ez-toc-heading-level-2'><a class=\"ez-toc-link ez-toc-heading-8\" href=\"https:\/\/zaposlise.hr\/blog\/kada-traziti-novi-posao\/#Listopad\" title=\"Listopad\">Listopad<\/a><\/li><li class='ez-toc-page-1 ez-toc-heading-level-2'><a class=\"ez-toc-link ez-toc-heading-9\" href=\"https:\/\/zaposlise.hr\/blog\/kada-traziti-novi-posao\/#Kada_nije_dobro_traziti_novi_posao\" title=\"Kada nije dobro tra\u017eiti novi posao?\">Kada nije dobro tra\u017eiti novi posao?<\/a><\/li><li class='ez-toc-page-1 ez-toc-heading-level-2'><a class=\"ez-toc-link ez-toc-heading-10\" href=\"https:\/\/zaposlise.hr\/blog\/kada-traziti-novi-posao\/#Lipanj\" title=\"Lipanj\">Lipanj<\/a><\/li><li class='ez-toc-page-1 ez-toc-heading-level-2'><a class=\"ez-toc-link ez-toc-heading-11\" href=\"https:\/\/zaposlise.hr\/blog\/kada-traziti-novi-posao\/#Srpanj\" title=\"Srpanj\">Srpanj<\/a><\/li><li class='ez-toc-page-1 ez-toc-heading-level-2'><a class=\"ez-toc-link ez-toc-heading-12\" href=\"https:\/\/zaposlise.hr\/blog\/kada-traziti-novi-posao\/#Kolovoz\" title=\"Kolovoz\">Kolovoz<\/a><\/li><li class='ez-toc-page-1 ez-toc-heading-level-2'><a class=\"ez-toc-link ez-toc-heading-13\" href=\"https:\/\/zaposlise.hr\/blog\/kada-traziti-novi-posao\/#Studeni\" title=\"Studeni\">Studeni<\/a><\/li><li class='ez-toc-page-1 ez-toc-heading-level-2'><a class=\"ez-toc-link ez-toc-heading-14\" href=\"https:\/\/zaposlise.hr\/blog\/kada-traziti-novi-posao\/#Prosinac\" title=\"Prosinac\">Prosinac<\/a><\/li><li class='ez-toc-page-1 ez-toc-heading-level-2'><a class=\"ez-toc-link ez-toc-heading-15\" href=\"https:\/\/zaposlise.hr\/blog\/kada-traziti-novi-posao\/#Pravo_vrijeme_za_prijavu_na_natjecaj\" title=\"Pravo vrijeme za prijavu na natje\u010daj\">Pravo vrijeme za prijavu na natje\u010daj<\/a><\/li><li class='ez-toc-page-1 ez-toc-heading-level-2'><a class=\"ez-toc-link ez-toc-heading-16\" href=\"https:\/\/zaposlise.hr\/blog\/kada-traziti-novi-posao\/#Azurirajte_svoj_zivotopis\" title=\"A\u017eurirajte svoj \u017eivotopis.\">A\u017eurirajte svoj \u017eivotopis.<\/a><\/li><li class='ez-toc-page-1 ez-toc-heading-level-2'><a class=\"ez-toc-link ez-toc-heading-17\" href=\"https:\/\/zaposlise.hr\/blog\/kada-traziti-novi-posao\/#Steknite_nove_vjestine\" title=\"Steknite nove vje\u0161tine.\">Steknite nove vje\u0161tine.<\/a><\/li><li class='ez-toc-page-1 ez-toc-heading-level-2'><a class=\"ez-toc-link ez-toc-heading-18\" href=\"https:\/\/zaposlise.hr\/blog\/kada-traziti-novi-posao\/#Ne_odustajte\" title=\"Ne odustajte!\">Ne odustajte!<\/a><\/li><li class='ez-toc-page-1 ez-toc-heading-level-2'><a class=\"ez-toc-link ez-toc-heading-19\" href=\"https:\/\/zaposlise.hr\/blog\/kada-traziti-novi-posao\/#Provjerite_iznimke\" title=\"Provjerite iznimke!\">Provjerite iznimke!<\/a><\/li><li class='ez-toc-page-1 ez-toc-heading-level-2'><a class=\"ez-toc-link ez-toc-heading-20\" href=\"https:\/\/zaposlise.hr\/blog\/kada-traziti-novi-posao\/#Umrezavanje\" title=\"Umre\u017eavanje.\">Umre\u017eavanje.<\/a><\/li><\/ul><\/nav><\/div>\n<h2><span class=\"ez-toc-section\" id=\"Kada_traziti_novi_posao\"><\/span>Kada tra\u017eiti novi posao?<span class=\"ez-toc-section-end\"><\/span><\/h2>\n<p>Zapo\u0161ljavanje ima tendenciju slijediti sezonske mijene koje su dosljedne i predvidljive.<\/p>\n<p>Postoje neke iznimke po djelatnostima, ali op\u0107enito, ovo su mjeseci u kojima \u0107ete imati najve\u0107i uspjeh u tra\u017eenju novog posla.<\/p>\n<p><em>LinkedIn je dobra odli\u010dna platforma za <a href=\"https:\/\/zaposlise.hr\/blog\/trazenje-posla-na-linkedinu\/\">tra\u017eenje posla<\/a>. Pro\u010ditajte vi\u0161e!<\/em><\/p>\n<div id=\"attachment_11333\" style=\"width: 1210px\" class=\"wp-caption aligncenter\"><img loading=\"lazy\" decoding=\"async\" aria-describedby=\"caption-attachment-11333\" class=\"size-full wp-image-11333\" src=\"https:\/\/zaposlise.hr\/blog\/wp-content\/uploads\/2025\/01\/LinkedIn.png\" alt=\"LinkedIn, tra\u017eenje posla, izvor: Unsplash\" width=\"1200\" height=\"800\" srcset=\"https:\/\/zaposlise.hr\/blog\/wp-content\/uploads\/2025\/01\/LinkedIn.png 1200w, https:\/\/zaposlise.hr\/blog\/wp-content\/uploads\/2025\/01\/LinkedIn-300x200.png 300w, https:\/\/zaposlise.hr\/blog\/wp-content\/uploads\/2025\/01\/LinkedIn-1024x683.png 1024w, https:\/\/zaposlise.hr\/blog\/wp-content\/uploads\/2025\/01\/LinkedIn-768x512.png 768w, https:\/\/zaposlise.hr\/blog\/wp-content\/uploads\/2025\/01\/LinkedIn-375x250.png 375w\" sizes=\"(max-width: 1200px) 100vw, 1200px\" \/><p id=\"caption-attachment-11333\" class=\"wp-caption-text\"><span style=\"font-size: 8pt\">LinkedIn, tra\u017eenje posla, izvor: Unsplash<\/span><\/p><\/div>\n<h2><span class=\"ez-toc-section\" id=\"Sijecanj\"><\/span>Sije\u010danj<span class=\"ez-toc-section-end\"><\/span><\/h2>\n<p>Nakon praznika,\u00a0 voditelji zapo\u0161ljavanja vra\u0107aju se na posao spremni da popune otvorena radna mjesta.<\/p>\n<p>Prvih nekoliko tjedana sije\u010dnja op\u0107enito je jo\u0161 uvijek sporo jer se ljudi vra\u0107aju s odmora, ali pozicije se \u010desto objavljuju tijekom ovog mjeseca.<\/p>\n<p>O\u010dekujte podno\u0161enje prijava tijekom sije\u010dnja, ali odgovor od voditelja zapo\u0161ljavanja tek kasnije.<\/p>\n<h2><span class=\"ez-toc-section\" id=\"Veljaca\"><\/span>Velja\u010da<span class=\"ez-toc-section-end\"><\/span><\/h2>\n<p>Velja\u010da je vrijeme najve\u0107eg broja zapo\u0161ljavanja. Poslovi se objavljuju u sije\u010dnju, a voditelji zapo\u0161ljavanja \u010desto po\u010dinju intervjuirati najbolje kandidate u velja\u010di.<\/p>\n<p>Proces zapo\u0161ljavanja mo\u017ee biti spor jer tvrtke imaju vremena i resursa za odabir najboljeg kandidata za poziciju.<\/p>\n<p>Velja\u010da je mjesec kada ula\u017eete najvi\u0161e truda u svoju prijavu i komunicirate s tvrtkama za koje ste zainteresirani raditi.<\/p>\n<p><em>Pro\u010ditajte vi\u0161e o <a href=\"https:\/\/zaposlise.hr\/blog\/komunikacijske-vjestine\/\">komunikacijskim vje\u0161tinama<\/a> potrebnim za dobivanje novog posla.\u00a0<\/em><\/p>\n<h2><span class=\"ez-toc-section\" id=\"Ozujak\"><\/span>O\u017eujak<span class=\"ez-toc-section-end\"><\/span><\/h2>\n<p>O\u017eujak funkcionira sli\u010dno kao velja\u010da u procesu zapo\u0161ljavanja.<\/p>\n<p>Obi\u010dno jo\u0161 uvijek postoje otvorena radna mjesta od po\u010detka godine, a stru\u010dnjaci za zapo\u0161ljavanje su zainteresirani za postavljanje najboljih ljudi za raspisane natje\u010daje za posao.<\/p>\n<p><em>Ako nemate ni\u0161ta protiv rada u no\u0107noj smjeni, pro\u010ditajte \u010dlanak o <a href=\"https:\/\/zaposlise.hr\/blog\/natjecaj-za-posao-u-nocnoj-smjeni\/\">natje\u010dajima za posao<\/a> u vi\u0161e smjena.\u00a0<\/em><\/p>\n<div id=\"attachment_11338\" style=\"width: 1210px\" class=\"wp-caption aligncenter\"><img loading=\"lazy\" decoding=\"async\" aria-describedby=\"caption-attachment-11338\" class=\"size-full wp-image-11338\" src=\"https:\/\/zaposlise.hr\/blog\/wp-content\/uploads\/2025\/01\/Nocna-smjena-novi-posao.jpg\" alt=\"No\u0107na smjena, novi posao\" width=\"1200\" height=\"800\" srcset=\"https:\/\/zaposlise.hr\/blog\/wp-content\/uploads\/2025\/01\/Nocna-smjena-novi-posao.jpg 1200w, https:\/\/zaposlise.hr\/blog\/wp-content\/uploads\/2025\/01\/Nocna-smjena-novi-posao-300x200.jpg 300w, https:\/\/zaposlise.hr\/blog\/wp-content\/uploads\/2025\/01\/Nocna-smjena-novi-posao-1024x683.jpg 1024w, https:\/\/zaposlise.hr\/blog\/wp-content\/uploads\/2025\/01\/Nocna-smjena-novi-posao-768x512.jpg 768w, https:\/\/zaposlise.hr\/blog\/wp-content\/uploads\/2025\/01\/Nocna-smjena-novi-posao-375x250.jpg 375w\" sizes=\"(max-width: 1200px) 100vw, 1200px\" \/><p id=\"caption-attachment-11338\" class=\"wp-caption-text\"><span style=\"font-size: 8pt\">No\u0107na smjena, novi posao<\/span><\/p><\/div>\n<h2><span class=\"ez-toc-section\" id=\"Travanj\"><\/span>Travanj<span class=\"ez-toc-section-end\"><\/span><\/h2>\n<p>U travnju se procesi selekcije i zapo\u0161ljavanja malo ubrzavaju.Ako jo\u0161 nisu uspjeli popuniti radno mjesto objavljeno na po\u010detku godine, po\u010det \u0107e raditi ja\u010de i br\u017ee kako bi prona\u0161li kvalificiranog kandidata.<\/p>\n<p>Travanj je odli\u010dno vrijeme za naknadne pozive ili slanje novih prijava za poslove koji su otvoreni neko vrijeme.<\/p>\n<h2><span class=\"ez-toc-section\" id=\"Svibanj\"><\/span>Svibanj<span class=\"ez-toc-section-end\"><\/span><\/h2>\n<p>U svibnju se odr\u017eavaju mature. Zbog toga je svibanj mjesec najboljeg zapo\u0161ljavanja za tvrtke koje su zainteresirane za mlade radnike.<\/p>\n<p>Nakon svibnja se zapo\u0161ljavanje usporava, dolaze usporeni ljetni mjeseci.<\/p>\n<h2><span class=\"ez-toc-section\" id=\"Rujan\"><\/span>Rujan<span class=\"ez-toc-section-end\"><\/span><\/h2>\n<p>U rujnu dolazi do osna\u017eivanja i novih procesa zapo\u0161ljavanja.<\/p>\n<p>Nakon ljetnih mjeseci punih godi\u0161njih odmora i sporog zapo\u0161ljavanja, tvrtke su nestrpljive da popune otvorena radna mjesta prije kraja godine.<\/p>\n<p>Postoji trend davanja otkaza u ljetnim mjesecima, tako da tvrtke imaju vi\u0161e radnih mjesta na raspolaganju.<\/p>\n<h2><span class=\"ez-toc-section\" id=\"Listopad\"><\/span>Listopad<span class=\"ez-toc-section-end\"><\/span><\/h2>\n<p>Kao i travanj i svibanj, listopad je odli\u010dan mjesec za zapo\u0161ljavanje.<\/p>\n<p>Voditelji zapo\u0161ljavanja \u017eele popuniti otvorena radna mjesta prije po\u010detka sezone godi\u0161njih odmora i prije nego \u0161to klju\u010dni zaposlenici u procesu zapo\u0161ljavanja odu na godi\u0161nji odmor.<\/p>\n<p>Osim toga, ovo je posljednja prilika da se popune radna mjesta prije nove godine.<\/p>\n<div id=\"attachment_11340\" style=\"width: 1210px\" class=\"wp-caption aligncenter\"><img loading=\"lazy\" decoding=\"async\" aria-describedby=\"caption-attachment-11340\" class=\"size-full wp-image-11340\" src=\"https:\/\/zaposlise.hr\/blog\/wp-content\/uploads\/2025\/01\/Listopad-kalendar-zaposljavanje.png\" alt=\"Listopad, kalendar, zapo\u0161ljavanje\" width=\"1200\" height=\"800\" srcset=\"https:\/\/zaposlise.hr\/blog\/wp-content\/uploads\/2025\/01\/Listopad-kalendar-zaposljavanje.png 1200w, https:\/\/zaposlise.hr\/blog\/wp-content\/uploads\/2025\/01\/Listopad-kalendar-zaposljavanje-300x200.png 300w, https:\/\/zaposlise.hr\/blog\/wp-content\/uploads\/2025\/01\/Listopad-kalendar-zaposljavanje-1024x683.png 1024w, https:\/\/zaposlise.hr\/blog\/wp-content\/uploads\/2025\/01\/Listopad-kalendar-zaposljavanje-768x512.png 768w, https:\/\/zaposlise.hr\/blog\/wp-content\/uploads\/2025\/01\/Listopad-kalendar-zaposljavanje-375x250.png 375w\" sizes=\"(max-width: 1200px) 100vw, 1200px\" \/><p id=\"caption-attachment-11340\" class=\"wp-caption-text\"><span style=\"font-size: 8pt\">Listopad, kalendar, zapo\u0161ljavanje<\/span><\/p><\/div>\n<h2><span class=\"ez-toc-section\" id=\"Kada_nije_dobro_traziti_novi_posao\"><\/span>Kada nije dobro tra\u017eiti novi posao?<span class=\"ez-toc-section-end\"><\/span><\/h2>\n<p>Ba\u0161 kao \u0161to postoje mjeseci s visokim stopama zapo\u0161ljavanja, postoje mjeseci s niskim stopama zapo\u0161ljavanja. Va\u0161a potraga za poslom mo\u017ee potrajati dulje ako se tijekom ovih mjeseci usredoto\u010dite na nju.<\/p>\n<h2><span class=\"ez-toc-section\" id=\"Lipanj\"><\/span>Lipanj<span class=\"ez-toc-section-end\"><\/span><\/h2>\n<p>Nakon sna\u017ene sezone zapo\u0161ljavanja u prvoj polovici godine, u lipnju bi tra\u017eitelji posla mogli vidjeti manje prilika.<\/p>\n<p>Prora\u010duni su \u010desto tijesni u ovo doba godine jer tvrtke prilago\u0111avaju potro\u0161nju ulaze\u0107i u tre\u0107e fiskalno tromjese\u010dje.<\/p>\n<p>Mnoge tvrtke odlu\u010duju \u010dekati na nova zapo\u0161ljavanja do kraja sporijih ljetnih mjeseci.<\/p>\n<h2><span class=\"ez-toc-section\" id=\"Srpanj\"><\/span>Srpanj<span class=\"ez-toc-section-end\"><\/span><\/h2>\n<p>Srpanj je tradicionalno mjesec vrlo sporog zapo\u0161ljavanja. Mnogi zaposlenici idu na godi\u0161nji odmor tijekom srpnja, tako da zapo\u0161ljavanje mo\u017ee biti stavljeno na \u010dekanje dok klju\u010dni donositelji odluka nisu u uredu.<\/p>\n<p>Tre\u0107e fiskalno tromjese\u010dje tako\u0111er po\u010dinje ovog mjeseca, pa bi tvrtke mogle pri\u010dekati s novim zapo\u0161ljavanjem dok ne vide kako \u0107e im financije izgledati u drugoj polovici godine.<\/p>\n<h2><span class=\"ez-toc-section\" id=\"Kolovoz\"><\/span>Kolovoz<span class=\"ez-toc-section-end\"><\/span><\/h2>\n<p>Kolovoz mo\u017ee biti prekretnica za neke voditelje zapo\u0161ljavanja.<\/p>\n<p>Kao i u sije\u010dnju, neke tvrtke mogu po\u010deti objavljivati \u200b\u200bposlove krajem kolovoza, ali intervjui i odluke o zapo\u0161ljavanju rijetko se obavljaju tijekom kolovoza.<\/p>\n<p>Mnogi su ljudi jo\u0161 uvijek na odmoru tijekom ovog mjeseca \u0161to mo\u017ee zaustaviti proces zapo\u0161ljavanja.<\/p>\n<div id=\"attachment_11342\" style=\"width: 1210px\" class=\"wp-caption aligncenter\"><img loading=\"lazy\" decoding=\"async\" aria-describedby=\"caption-attachment-11342\" class=\"size-full wp-image-11342\" src=\"https:\/\/zaposlise.hr\/blog\/wp-content\/uploads\/2025\/01\/Turizam-poslovi-u-sezoni-2.jpg\" alt=\"Turizam, poslovi u sezoni \" width=\"1200\" height=\"800\" srcset=\"https:\/\/zaposlise.hr\/blog\/wp-content\/uploads\/2025\/01\/Turizam-poslovi-u-sezoni-2.jpg 1200w, https:\/\/zaposlise.hr\/blog\/wp-content\/uploads\/2025\/01\/Turizam-poslovi-u-sezoni-2-300x200.jpg 300w, https:\/\/zaposlise.hr\/blog\/wp-content\/uploads\/2025\/01\/Turizam-poslovi-u-sezoni-2-1024x683.jpg 1024w, https:\/\/zaposlise.hr\/blog\/wp-content\/uploads\/2025\/01\/Turizam-poslovi-u-sezoni-2-768x512.jpg 768w, https:\/\/zaposlise.hr\/blog\/wp-content\/uploads\/2025\/01\/Turizam-poslovi-u-sezoni-2-375x250.jpg 375w\" sizes=\"(max-width: 1200px) 100vw, 1200px\" \/><p id=\"caption-attachment-11342\" class=\"wp-caption-text\"><span style=\"font-size: 8pt\">Turizam, poslovi u sezoni<\/span><\/p><\/div>\n<h2><span class=\"ez-toc-section\" id=\"Studeni\"><\/span>Studeni<span class=\"ez-toc-section-end\"><\/span><\/h2>\n<p>Nakon jesenske pomame zapo\u0161ljavanja, u studenom tvrtke pokazuju zastoj u zapo\u0161ljavanju.<\/p>\n<p>\u010cesto su radna mjesta ve\u0107 popunjena tijekom jesenskog zapo\u0161ljavanja, a tvrtke su suzdr\u017eane pri zapo\u0161ljavanju prije sezone godi\u0161njih odmora.<\/p>\n<h2><span class=\"ez-toc-section\" id=\"Prosinac\"><\/span>Prosinac<span class=\"ez-toc-section-end\"><\/span><\/h2>\n<p>Prosinac je tradicionalno najgori mjesec za zapo\u0161ljavanje. Tvrtke \u017eele pri\u010dekati dok ne dobiju prora\u010dune za novu godinu kako bi donijele odluke o zapo\u0161ljavanju.<\/p>\n<p>Osim toga, blagdanska sezona obi\u010dno odvodi ljude izvan ureda, \u0161to utje\u010de na dono\u0161enje odluka.<\/p>\n<p>Mnoge tvrtke zamrzavaju zapo\u0161ljavanje tijekom prosinca i \u010dekaju novu godinu da donesu odluku o zapo\u0161ljavanju.<\/p>\n<p><em>Umirovljenici \u010desto tra\u017ee dodatni posao, obzirom na preniske mirovine. Pro\u010ditajte kako mogu prona\u0107i <a href=\"https:\/\/zaposlise.hr\/blog\/zaposljavanje-umirovljenika\/\">novi posao<\/a>.\u00a0<\/em><\/p>\n<h2><span class=\"ez-toc-section\" id=\"Pravo_vrijeme_za_prijavu_na_natjecaj\"><\/span>Pravo vrijeme za prijavu na natje\u010daj<span class=\"ez-toc-section-end\"><\/span><\/h2>\n<div id=\"attachment_11344\" style=\"width: 1210px\" class=\"wp-caption aligncenter\"><img loading=\"lazy\" decoding=\"async\" aria-describedby=\"caption-attachment-11344\" class=\"size-full wp-image-11344\" src=\"https:\/\/zaposlise.hr\/blog\/wp-content\/uploads\/2025\/01\/Pravo-vrijeme-za-novi-posao.jpg\" alt=\"Pravo vrijeme za novi posao\" width=\"1200\" height=\"800\" srcset=\"https:\/\/zaposlise.hr\/blog\/wp-content\/uploads\/2025\/01\/Pravo-vrijeme-za-novi-posao.jpg 1200w, https:\/\/zaposlise.hr\/blog\/wp-content\/uploads\/2025\/01\/Pravo-vrijeme-za-novi-posao-300x200.jpg 300w, https:\/\/zaposlise.hr\/blog\/wp-content\/uploads\/2025\/01\/Pravo-vrijeme-za-novi-posao-1024x683.jpg 1024w, https:\/\/zaposlise.hr\/blog\/wp-content\/uploads\/2025\/01\/Pravo-vrijeme-za-novi-posao-768x512.jpg 768w, https:\/\/zaposlise.hr\/blog\/wp-content\/uploads\/2025\/01\/Pravo-vrijeme-za-novi-posao-375x250.jpg 375w\" sizes=\"(max-width: 1200px) 100vw, 1200px\" \/><p id=\"caption-attachment-11344\" class=\"wp-caption-text\"><span style=\"font-size: 8pt\">Pravo vrijeme za novi posao<\/span><\/p><\/div>\n<p>Znati kada se prijaviti za radno mjesto mo\u017ee uvelike utjecati na va\u0161e \u0161anse da dobijete intervju i ponudu za posao. Upotrijebite ove dodatne savjete kako bi va\u0161e sljede\u0107e tra\u017eenje posla bilo uspje\u0161no:<\/p>\n<h2><span class=\"ez-toc-section\" id=\"Azurirajte_svoj_zivotopis\"><\/span>A\u017eurirajte svoj \u017eivotopis.<span class=\"ez-toc-section-end\"><\/span><\/h2>\n<p>Kada nije razdoblje najprometnijeg zapo\u0161ljavanja, iskoristite vrijeme da a\u017eurirate \u017eivotopis. Neka bude spreman u slu\u010daju da prona\u0111ete idealan natje\u010daj za posao.<\/p>\n<p><em>Pro\u010ditajte kako a\u017eurirati <a href=\"https:\/\/zaposlise.hr\/blog\/europass-zivotopis-kako-ga-napisati\/\">\u017eivotopis<\/a>.<\/em><\/p>\n<h2><span class=\"ez-toc-section\" id=\"Steknite_nove_vjestine\"><\/span>Steknite nove vje\u0161tine.<span class=\"ez-toc-section-end\"><\/span><\/h2>\n<p>Iskoristite spore mjesece zapo\u0161ljavanja za stjecanje novih vje\u0161tina i iskustva. Poha\u0111ajte te\u010daj ili steknite novu certifikaciju u svom podru\u010dju.<\/p>\n<p>Volontirajte ili sta\u017eirajte u tvrtki za koju ste zainteresirani raditi na puno radno vrijeme. Ove vje\u0161tine i iskustva mogu vam pomo\u0107i da prona\u0111ete dobar posao u sezoni zapo\u0161ljavanja.<\/p>\n<p><em>Predla\u017eemo da se usredoto\u010dite na <a href=\"https:\/\/zaposlise.hr\/blog\/digitalna-transformacija-kroz-mikrokvalifikacije-i-zelene-vjestine\/\">zelene vje\u0161tine<\/a>. Pro\u010ditajte vi\u0161e!<\/em><\/p>\n<div id=\"attachment_11346\" style=\"width: 1210px\" class=\"wp-caption aligncenter\"><img loading=\"lazy\" decoding=\"async\" aria-describedby=\"caption-attachment-11346\" class=\"size-full wp-image-11346\" src=\"https:\/\/zaposlise.hr\/blog\/wp-content\/uploads\/2025\/01\/Zelene-vjestine-posao.jpg\" alt=\"Zelene vje\u0161tine, posao\" width=\"1200\" height=\"800\" srcset=\"https:\/\/zaposlise.hr\/blog\/wp-content\/uploads\/2025\/01\/Zelene-vjestine-posao.jpg 1200w, https:\/\/zaposlise.hr\/blog\/wp-content\/uploads\/2025\/01\/Zelene-vjestine-posao-300x200.jpg 300w, https:\/\/zaposlise.hr\/blog\/wp-content\/uploads\/2025\/01\/Zelene-vjestine-posao-1024x683.jpg 1024w, https:\/\/zaposlise.hr\/blog\/wp-content\/uploads\/2025\/01\/Zelene-vjestine-posao-768x512.jpg 768w, https:\/\/zaposlise.hr\/blog\/wp-content\/uploads\/2025\/01\/Zelene-vjestine-posao-375x250.jpg 375w\" sizes=\"(max-width: 1200px) 100vw, 1200px\" \/><p id=\"caption-attachment-11346\" class=\"wp-caption-text\"><span style=\"font-size: 8pt\">Zelene vje\u0161tine, posao<\/span><\/p><\/div>\n<h2><span class=\"ez-toc-section\" id=\"Ne_odustajte\"><\/span>Ne odustajte!<span class=\"ez-toc-section-end\"><\/span><\/h2>\n<p>Samo zato \u0161to su neki mjeseci tradicionalno sporiji za zapo\u0161ljavanje od drugih ne zna\u010di da u to vrijeme nema objavljenih poslova.<\/p>\n<p>Nastavite tra\u017eiti posao tijekom mjeseci odmora. Mo\u017eda \u0107ete prona\u0107i poziciju koju ina\u010de ne biste na\u0161li.<\/p>\n<h2><span class=\"ez-toc-section\" id=\"Provjerite_iznimke\"><\/span>Provjerite iznimke!<span class=\"ez-toc-section-end\"><\/span><\/h2>\n<p>Ne slijede sve industrije tradicionalne obrasce zapo\u0161ljavanja. U\u010ditelji se, na primjer, \u010desto zapo\u0161ljavaju tijekom ljetnih mjeseci nakon \u0161to ravnatelji saznaju tko se vra\u0107a ili ne vra\u0107a.<\/p>\n<p>Ra\u010dunovo\u0111e se \u010desto zapo\u0161ljavaju tijekom prosinca u pripremi za poreznu sezonu na po\u010detku godine. Shvatite obrasce zapo\u0161ljavanja za svoju industriju.<\/p>\n<p><em>Pro\u010ditajte vi\u0161e o <a href=\"https:\/\/zaposlise.hr\/blog\/natjecaj-za-posao-za-racunovodu\/\">natje\u010daju za posao<\/a> za ra\u010dunovo\u0111u.\u00a0<\/em><\/p>\n<h2><span class=\"ez-toc-section\" id=\"Umrezavanje\"><\/span>Umre\u017eavanje.<span class=\"ez-toc-section-end\"><\/span><\/h2>\n<p>Iskoristite spore mjesece zapo\u0161ljavanja za umre\u017eavanje. Prisustvujte konferencijama ili komunicirajte s onima iz va\u0161e industrije na mre\u017ei.<\/p>\n<p>Izgradite veze koje bi vam mogle pomo\u0107i prona\u0107i posao nakon \u0161to se sezona zapo\u0161ljavanja vrati.<\/p>\n<p><em>Ako vam je <a href=\"https:\/\/zaposlise.hr\/blog\/novi-posao-vam-je-na-pameti\/\">novi posao<\/a> na pameti, pro\u010ditajte ovaj \u010dlanak!<\/em><\/p>\n","protected":false},"excerpt":{"rendered":"<p>Novi posao tra\u017eite prema osobnim i vanjskim \u010dimbenicima. Napravite izvrstan \u017eivotopis, pru\u017eite jake preporuke i ostavite dobar dojam na intervjuima [&hellip;]<\/p>\n","protected":false},"author":4,"featured_media":11322,"comment_status":"closed","ping_status":"closed","sticky":false,"template":"","format":"standard","meta":{"inline_featured_image":false,"footnotes":""},"categories":[27],"tags":[231,230,346,226,134],"yoast_head":"<!-- This site is optimized with the Yoast SEO plugin v21.6 - https:\/\/yoast.com\/wordpress\/plugins\/seo\/ -->\n<title>Kojim mjesecima tra\u017eiti novi posao? - Zaposlise.hr<\/title>\n<meta name=\"description\" content=\"Novi posao tra\u017eite prema osobnim i vanjskim \u010dimbenicima. No, u nekom razdoblju je dobro tra\u017eiti posao, a nekada i ne. Saznajte vi\u0161e!\" \/>\n<meta name=\"robots\" content=\"index, follow, max-snippet:-1, max-image-preview:large, max-video-preview:-1\" \/>\n<link rel=\"canonical\" href=\"https:\/\/zaposlise.hr\/blog\/kada-traziti-novi-posao\/\" \/>\n<meta property=\"og:locale\" content=\"hr_HR\" \/>\n<meta property=\"og:type\" content=\"article\" \/>\n<meta property=\"og:title\" content=\"Kojim mjesecima tra\u017eiti novi posao? - Zaposlise.hr\" \/>\n<meta property=\"og:description\" content=\"Novi posao tra\u017eite prema osobnim i vanjskim \u010dimbenicima. No, u nekom razdoblju je dobro tra\u017eiti posao, a nekada i ne. Saznajte vi\u0161e!\" \/>\n<meta property=\"og:url\" content=\"https:\/\/zaposlise.hr\/blog\/kada-traziti-novi-posao\/\" \/>\n<meta property=\"og:site_name\" content=\"Zaposlise.hr\" \/>\n<meta property=\"article:published_time\" content=\"2025-01-29T17:23:31+00:00\" \/>\n<meta property=\"article:modified_time\" content=\"2025-01-30T09:44:48+00:00\" \/>\n<meta property=\"og:image\" content=\"https:\/\/zaposlise.hr\/blog\/wp-content\/uploads\/2025\/01\/cover-20.png\" \/>\n\t<meta property=\"og:image:width\" content=\"1200\" \/>\n\t<meta property=\"og:image:height\" content=\"675\" \/>\n\t<meta property=\"og:image:type\" content=\"image\/png\" \/>\n<meta name=\"author\" content=\"Maja Cvetkovic\" \/>\n<meta name=\"twitter:card\" content=\"summary_large_image\" \/>\n<meta name=\"twitter:label1\" content=\"Napisao\/la\" \/>\n\t<meta name=\"twitter:data1\" content=\"Maja Cvetkovic\" \/>\n\t<meta name=\"twitter:label2\" content=\"Procijenjeno vrijeme \u010ditanja\" \/>\n\t<meta name=\"twitter:data2\" content=\"8 minuta\" \/>\n<script type=\"application\/ld+json\" class=\"yoast-schema-graph\">{\"@context\":\"https:\/\/schema.org\",\"@graph\":[{\"@type\":\"Article\",\"@id\":\"https:\/\/zaposlise.hr\/blog\/kada-traziti-novi-posao\/#article\",\"isPartOf\":{\"@id\":\"https:\/\/zaposlise.hr\/blog\/kada-traziti-novi-posao\/\"},\"author\":{\"name\":\"Maja Cvetkovic\",\"@id\":\"https:\/\/zaposlise.hr\/blog\/#\/schema\/person\/11d6327b8569a9e940673e6acbfa396a\"},\"headline\":\"Kojim mjesecima tra\u017eiti novi posao?\",\"datePublished\":\"2025-01-29T17:23:31+00:00\",\"dateModified\":\"2025-01-30T09:44:48+00:00\",\"mainEntityOfPage\":{\"@id\":\"https:\/\/zaposlise.hr\/blog\/kada-traziti-novi-posao\/\"},\"wordCount\":1345,\"publisher\":{\"@id\":\"https:\/\/zaposlise.hr\/blog\/#organization\"},\"keywords\":[\"natje\u010daj za posao\",\"novi posao\",\"preporuka\",\"tra\u017eenje posla\",\"\u017eivotopis\"],\"articleSection\":[\"Karijera\"],\"inLanguage\":\"hr\"},{\"@type\":\"WebPage\",\"@id\":\"https:\/\/zaposlise.hr\/blog\/kada-traziti-novi-posao\/\",\"url\":\"https:\/\/zaposlise.hr\/blog\/kada-traziti-novi-posao\/\",\"name\":\"Kojim mjesecima tra\u017eiti novi posao? - Zaposlise.hr\",\"isPartOf\":{\"@id\":\"https:\/\/zaposlise.hr\/blog\/#website\"},\"datePublished\":\"2025-01-29T17:23:31+00:00\",\"dateModified\":\"2025-01-30T09:44:48+00:00\",\"description\":\"Novi posao tra\u017eite prema osobnim i vanjskim \u010dimbenicima. No, u nekom razdoblju je dobro tra\u017eiti posao, a nekada i ne. Saznajte vi\u0161e!\",\"breadcrumb\":{\"@id\":\"https:\/\/zaposlise.hr\/blog\/kada-traziti-novi-posao\/#breadcrumb\"},\"inLanguage\":\"hr\",\"potentialAction\":[{\"@type\":\"ReadAction\",\"target\":[\"https:\/\/zaposlise.hr\/blog\/kada-traziti-novi-posao\/\"]}]},{\"@type\":\"BreadcrumbList\",\"@id\":\"https:\/\/zaposlise.hr\/blog\/kada-traziti-novi-posao\/#breadcrumb\",\"itemListElement\":[{\"@type\":\"ListItem\",\"position\":1,\"name\":\"Po\u010detna stranica\",\"item\":\"https:\/\/zaposlise.hr\/blog\/\"},{\"@type\":\"ListItem\",\"position\":2,\"name\":\"Kojim mjesecima tra\u017eiti novi posao?\"}]},{\"@type\":\"WebSite\",\"@id\":\"https:\/\/zaposlise.hr\/blog\/#website\",\"url\":\"https:\/\/zaposlise.hr\/blog\/\",\"name\":\"Zaposlise.hr\",\"description\":\"Posao za tebe\",\"publisher\":{\"@id\":\"https:\/\/zaposlise.hr\/blog\/#organization\"},\"potentialAction\":[{\"@type\":\"SearchAction\",\"target\":{\"@type\":\"EntryPoint\",\"urlTemplate\":\"https:\/\/zaposlise.hr\/blog\/?s={search_term_string}\"},\"query-input\":\"required name=search_term_string\"}],\"inLanguage\":\"hr\"},{\"@type\":\"Organization\",\"@id\":\"https:\/\/zaposlise.hr\/blog\/#organization\",\"name\":\"Zaposlise.hr\",\"url\":\"https:\/\/zaposlise.hr\/blog\/\",\"logo\":{\"@type\":\"ImageObject\",\"inLanguage\":\"hr\",\"@id\":\"https:\/\/zaposlise.hr\/blog\/#\/schema\/logo\/image\/\",\"url\":\"https:\/\/zaposlise.hr\/blog\/wp-content\/uploads\/2024\/06\/Screenshot-2024-06-05-at-09.05.43.png\",\"contentUrl\":\"https:\/\/zaposlise.hr\/blog\/wp-content\/uploads\/2024\/06\/Screenshot-2024-06-05-at-09.05.43.png\",\"width\":2088,\"height\":592,\"caption\":\"Zaposlise.hr\"},\"image\":{\"@id\":\"https:\/\/zaposlise.hr\/blog\/#\/schema\/logo\/image\/\"}},{\"@type\":\"Person\",\"@id\":\"https:\/\/zaposlise.hr\/blog\/#\/schema\/person\/11d6327b8569a9e940673e6acbfa396a\",\"name\":\"Maja Cvetkovic\",\"image\":{\"@type\":\"ImageObject\",\"inLanguage\":\"hr\",\"@id\":\"https:\/\/zaposlise.hr\/blog\/#\/schema\/person\/image\/\",\"url\":\"https:\/\/secure.gravatar.com\/avatar\/e8d7da4f01ab43b5b98fc69bf899cf57?s=96&d=mm&r=g\",\"contentUrl\":\"https:\/\/secure.gravatar.com\/avatar\/e8d7da4f01ab43b5b98fc69bf899cf57?s=96&d=mm&r=g\",\"caption\":\"Maja Cvetkovic\"},\"url\":\"https:\/\/zaposlise.hr\/blog\/author\/mayacvetkovic\/\"}]}<\/script>\n<!-- \/ Yoast SEO plugin. -->","yoast_head_json":{"title":"Kojim mjesecima tra\u017eiti novi posao? - Zaposlise.hr","description":"Novi posao tra\u017eite prema osobnim i vanjskim \u010dimbenicima. No, u nekom razdoblju je dobro tra\u017eiti posao, a nekada i ne. Saznajte vi\u0161e!","robots":{"index":"index","follow":"follow","max-snippet":"max-snippet:-1","max-image-preview":"max-image-preview:large","max-video-preview":"max-video-preview:-1"},"canonical":"https:\/\/zaposlise.hr\/blog\/kada-traziti-novi-posao\/","og_locale":"hr_HR","og_type":"article","og_title":"Kojim mjesecima tra\u017eiti novi posao? - Zaposlise.hr","og_description":"Novi posao tra\u017eite prema osobnim i vanjskim \u010dimbenicima. No, u nekom razdoblju je dobro tra\u017eiti posao, a nekada i ne. Saznajte vi\u0161e!","og_url":"https:\/\/zaposlise.hr\/blog\/kada-traziti-novi-posao\/","og_site_name":"Zaposlise.hr","article_published_time":"2025-01-29T17:23:31+00:00","article_modified_time":"2025-01-30T09:44:48+00:00","og_image":[{"width":1200,"height":675,"url":"https:\/\/zaposlise.hr\/blog\/wp-content\/uploads\/2025\/01\/cover-20.png","type":"image\/png"}],"author":"Maja Cvetkovic","twitter_card":"summary_large_image","twitter_misc":{"Napisao\/la":"Maja Cvetkovic","Procijenjeno vrijeme \u010ditanja":"8 minuta"},"schema":{"@context":"https:\/\/schema.org","@graph":[{"@type":"Article","@id":"https:\/\/zaposlise.hr\/blog\/kada-traziti-novi-posao\/#article","isPartOf":{"@id":"https:\/\/zaposlise.hr\/blog\/kada-traziti-novi-posao\/"},"author":{"name":"Maja Cvetkovic","@id":"https:\/\/zaposlise.hr\/blog\/#\/schema\/person\/11d6327b8569a9e940673e6acbfa396a"},"headline":"Kojim mjesecima tra\u017eiti novi posao?","datePublished":"2025-01-29T17:23:31+00:00","dateModified":"2025-01-30T09:44:48+00:00","mainEntityOfPage":{"@id":"https:\/\/zaposlise.hr\/blog\/kada-traziti-novi-posao\/"},"wordCount":1345,"publisher":{"@id":"https:\/\/zaposlise.hr\/blog\/#organization"},"keywords":["natje\u010daj za posao","novi posao","preporuka","tra\u017eenje posla","\u017eivotopis"],"articleSection":["Karijera"],"inLanguage":"hr"},{"@type":"WebPage","@id":"https:\/\/zaposlise.hr\/blog\/kada-traziti-novi-posao\/","url":"https:\/\/zaposlise.hr\/blog\/kada-traziti-novi-posao\/","name":"Kojim mjesecima tra\u017eiti novi posao? - Zaposlise.hr","isPartOf":{"@id":"https:\/\/zaposlise.hr\/blog\/#website"},"datePublished":"2025-01-29T17:23:31+00:00","dateModified":"2025-01-30T09:44:48+00:00","description":"Novi posao tra\u017eite prema osobnim i vanjskim \u010dimbenicima. No, u nekom razdoblju je dobro tra\u017eiti posao, a nekada i ne. Saznajte vi\u0161e!","breadcrumb":{"@id":"https:\/\/zaposlise.hr\/blog\/kada-traziti-novi-posao\/#breadcrumb"},"inLanguage":"hr","potentialAction":[{"@type":"ReadAction","target":["https:\/\/zaposlise.hr\/blog\/kada-traziti-novi-posao\/"]}]},{"@type":"BreadcrumbList","@id":"https:\/\/zaposlise.hr\/blog\/kada-traziti-novi-posao\/#breadcrumb","itemListElement":[{"@type":"ListItem","position":1,"name":"Po\u010detna stranica","item":"https:\/\/zaposlise.hr\/blog\/"},{"@type":"ListItem","position":2,"name":"Kojim mjesecima tra\u017eiti novi posao?"}]},{"@type":"WebSite","@id":"https:\/\/zaposlise.hr\/blog\/#website","url":"https:\/\/zaposlise.hr\/blog\/","name":"Zaposlise.hr","description":"Posao za tebe","publisher":{"@id":"https:\/\/zaposlise.hr\/blog\/#organization"},"potentialAction":[{"@type":"SearchAction","target":{"@type":"EntryPoint","urlTemplate":"https:\/\/zaposlise.hr\/blog\/?s={search_term_string}"},"query-input":"required name=search_term_string"}],"inLanguage":"hr"},{"@type":"Organization","@id":"https:\/\/zaposlise.hr\/blog\/#organization","name":"Zaposlise.hr","url":"https:\/\/zaposlise.hr\/blog\/","logo":{"@type":"ImageObject","inLanguage":"hr","@id":"https:\/\/zaposlise.hr\/blog\/#\/schema\/logo\/image\/","url":"https:\/\/zaposlise.hr\/blog\/wp-content\/uploads\/2024\/06\/Screenshot-2024-06-05-at-09.05.43.png","contentUrl":"https:\/\/zaposlise.hr\/blog\/wp-content\/uploads\/2024\/06\/Screenshot-2024-06-05-at-09.05.43.png","width":2088,"height":592,"caption":"Zaposlise.hr"},"image":{"@id":"https:\/\/zaposlise.hr\/blog\/#\/schema\/logo\/image\/"}},{"@type":"Person","@id":"https:\/\/zaposlise.hr\/blog\/#\/schema\/person\/11d6327b8569a9e940673e6acbfa396a","name":"Maja Cvetkovic","image":{"@type":"ImageObject","inLanguage":"hr","@id":"https:\/\/zaposlise.hr\/blog\/#\/schema\/person\/image\/","url":"https:\/\/secure.gravatar.com\/avatar\/e8d7da4f01ab43b5b98fc69bf899cf57?s=96&d=mm&r=g","contentUrl":"https:\/\/secure.gravatar.com\/avatar\/e8d7da4f01ab43b5b98fc69bf899cf57?s=96&d=mm&r=g","caption":"Maja Cvetkovic"},"url":"https:\/\/zaposlise.hr\/blog\/author\/mayacvetkovic\/"}]}},"_links":{"self":[{"href":"https:\/\/zaposlise.hr\/blog\/wp-json\/wp\/v2\/posts\/11320"}],"collection":[{"href":"https:\/\/zaposlise.hr\/blog\/wp-json\/wp\/v2\/posts"}],"about":[{"href":"https:\/\/zaposlise.hr\/blog\/wp-json\/wp\/v2\/types\/post"}],"author":[{"embeddable":true,"href":"https:\/\/zaposlise.hr\/blog\/wp-json\/wp\/v2\/users\/4"}],"replies":[{"embeddable":true,"href":"https:\/\/zaposlise.hr\/blog\/wp-json\/wp\/v2\/comments?post=11320"}],"version-history":[{"count":16,"href":"https:\/\/zaposlise.hr\/blog\/wp-json\/wp\/v2\/posts\/11320\/revisions"}],"predecessor-version":[{"id":11356,"href":"https:\/\/zaposlise.hr\/blog\/wp-json\/wp\/v2\/posts\/11320\/revisions\/11356"}],"wp:featuredmedia":[{"embeddable":true,"href":"https:\/\/zaposlise.hr\/blog\/wp-json\/wp\/v2\/media\/11322"}],"wp:attachment":[{"href":"https:\/\/zaposlise.hr\/blog\/wp-json\/wp\/v2\/media?parent=11320"}],"wp:term":[{"taxonomy":"category","embeddable":true,"href":"https:\/\/zaposlise.hr\/blog\/wp-json\/wp\/v2\/categories?post=11320"},{"taxonomy":"post_tag","embeddable":true,"href":"https:\/\/zaposlise.hr\/blog\/wp-json\/wp\/v2\/tags?post=11320"}],"curies":[{"name":"wp","href":"https:\/\/api.w.org\/{rel}","templated":true}]}}