{"id":12494,"date":"2025-03-14T13:51:12","date_gmt":"2025-03-14T12:51:12","guid":{"rendered":"https:\/\/zaposlise.hr\/blog\/?p=12494"},"modified":"2025-03-14T13:51:12","modified_gmt":"2025-03-14T12:51:12","slug":"novcana-naknada-baka-djed-servis-u-samoboru","status":"publish","type":"post","link":"https:\/\/zaposlise.hr\/blog\/novcana-naknada-baka-djed-servis-u-samoboru\/","title":{"rendered":"Nov\u010dana naknada: baka-djed servis u Samoboru"},"content":{"rendered":"<span class=\"rt-reading-time\" style=\"display: block;\"><span class=\"rt-label rt-prefix\">Reading Time: <\/span> <span class=\"rt-time\">5<\/span> <span class=\"rt-label rt-postfix\">minute<\/span><\/span><p>Nov\u010dana naknada baka i djedovima novost je u Samoboru. Naime, tamo \u0107e se uskoro pla\u0107ati baka ili djed servis.<\/p>\n<p>Mo\u0107i \u0107e se ostvariti naknada za \u010duvanje\u00a0unuka koji su pred\u0161kolske dobi.<\/p>\n<blockquote><p>Ova inicijativa, nazvana &#8220;Baka-djed servis&#8221;, omogu\u0107it \u0107e starijim \u010dlanovima obitelji da pomognu svojoj zaposlenoj djeci, a pritom ostvare i <a href=\"https:\/\/miss7mama.24sata.hr\/vrtic\/samobor-ce-prvi-u-hrvatskoj-placati-bakama-i-djedovima-za-cuvanje-unuka-evo-koliko-ce-dobiti-mjesecno-17913?fbclid=IwY2xjawI_vj1leHRuA2FlbQIxMQABHULFjUfKfXBdRDUP0c47u79lYEjSYfpxNVd1dnpWjSDVdIn9e92-akozqA_aem_aiHHpF8QdvZtpH2vltHIKQ\" target=\"_blank\" rel=\"noopener\">mjese\u010dnu naknadu<\/a> od 360 eura.<\/p><\/blockquote>\n<div id=\"ez-toc-container\" class=\"ez-toc-v2_0_64 counter-hierarchy ez-toc-counter ez-toc-white ez-toc-container-direction\">\n<div class=\"ez-toc-title-container\">\n<p class=\"ez-toc-title \" >Sadr\u017eaj<\/p>\n<span class=\"ez-toc-title-toggle\"><\/span><\/div>\n<nav><ul class='ez-toc-list ez-toc-list-level-1 ' ><li class='ez-toc-page-1 ez-toc-heading-level-2'><a class=\"ez-toc-link ez-toc-heading-1\" href=\"https:\/\/zaposlise.hr\/blog\/novcana-naknada-baka-djed-servis-u-samoboru\/#Novcana_naknada_i_uvjeti_za_ostvarivanje\" title=\"Nov\u010dana naknada i uvjeti za ostvarivanje\">Nov\u010dana naknada i uvjeti za ostvarivanje<\/a><\/li><li class='ez-toc-page-1 ez-toc-heading-level-2'><a class=\"ez-toc-link ez-toc-heading-2\" href=\"https:\/\/zaposlise.hr\/blog\/novcana-naknada-baka-djed-servis-u-samoboru\/#Ideja_nastala_iz_svedskog_modela\" title=\"Ideja nastala iz \u0161vedskog modela\">Ideja nastala iz \u0161vedskog modela<\/a><\/li><li class='ez-toc-page-1 ez-toc-heading-level-2'><a class=\"ez-toc-link ez-toc-heading-3\" href=\"https:\/\/zaposlise.hr\/blog\/novcana-naknada-baka-djed-servis-u-samoboru\/#Svedski_zakon_%E2%80%93_prvi_u_svijetu\" title=\"\u0160vedski zakon &#8211; prvi u svijetu\">\u0160vedski zakon &#8211; prvi u svijetu<\/a><\/li><li class='ez-toc-page-1 ez-toc-heading-level-2'><a class=\"ez-toc-link ez-toc-heading-4\" href=\"https:\/\/zaposlise.hr\/blog\/novcana-naknada-baka-djed-servis-u-samoboru\/#Placeni_roditeljski_dopust_za_oceve\" title=\"Pla\u0107eni roditeljski dopust za o\u010deve\">Pla\u0107eni roditeljski dopust za o\u010deve<\/a><\/li><li class='ez-toc-page-1 ez-toc-heading-level-2'><a class=\"ez-toc-link ez-toc-heading-5\" href=\"https:\/\/zaposlise.hr\/blog\/novcana-naknada-baka-djed-servis-u-samoboru\/#Porodiljni_za_oceve_u_Hrvatskoj\" title=\"Porodiljni za o\u010deve u Hrvatskoj\">Porodiljni za o\u010deve u Hrvatskoj<\/a><\/li><li class='ez-toc-page-1 ez-toc-heading-level-2'><a class=\"ez-toc-link ez-toc-heading-6\" href=\"https:\/\/zaposlise.hr\/blog\/novcana-naknada-baka-djed-servis-u-samoboru\/#Kada_ocevi_mogu_na_porodiljni\" title=\"Kada o\u010devi mogu na porodiljni?\">Kada o\u010devi mogu na porodiljni?<\/a><\/li><li class='ez-toc-page-1 ez-toc-heading-level-2'><a class=\"ez-toc-link ez-toc-heading-7\" href=\"https:\/\/zaposlise.hr\/blog\/novcana-naknada-baka-djed-servis-u-samoboru\/#Samoborski_model\" title=\"Samoborski model\">Samoborski model<\/a><\/li><\/ul><\/nav><\/div>\n<h2><span class=\"ez-toc-section\" id=\"Novcana_naknada_i_uvjeti_za_ostvarivanje\"><\/span>Nov\u010dana naknada i uvjeti za ostvarivanje<span class=\"ez-toc-section-end\"><\/span><\/h2>\n<p>Unuk mora imati prebivali\u0161te u Samoboru. Tako\u0111er, barem jedan od roditelja treba biti prijavljen u gradu najmanje godinu dana prije podno\u0161enja zahtjeva.<\/p>\n<p>Sljede\u0107i uvjet je da\u00a0oba roditelja moraju biti zaposlena ili imati status redovnog studenta.<\/p>\n<div id=\"attachment_12510\" style=\"width: 1210px\" class=\"wp-caption aligncenter\"><img loading=\"lazy\" decoding=\"async\" aria-describedby=\"caption-attachment-12510\" class=\"size-full wp-image-12510\" src=\"https:\/\/zaposlise.hr\/blog\/wp-content\/uploads\/2025\/03\/Djed-i-beba.jpg\" alt=\"Djed i beba\" width=\"1200\" height=\"800\" srcset=\"https:\/\/zaposlise.hr\/blog\/wp-content\/uploads\/2025\/03\/Djed-i-beba.jpg 1200w, https:\/\/zaposlise.hr\/blog\/wp-content\/uploads\/2025\/03\/Djed-i-beba-300x200.jpg 300w, https:\/\/zaposlise.hr\/blog\/wp-content\/uploads\/2025\/03\/Djed-i-beba-1024x683.jpg 1024w, https:\/\/zaposlise.hr\/blog\/wp-content\/uploads\/2025\/03\/Djed-i-beba-768x512.jpg 768w, https:\/\/zaposlise.hr\/blog\/wp-content\/uploads\/2025\/03\/Djed-i-beba-375x250.jpg 375w\" sizes=\"(max-width: 1200px) 100vw, 1200px\" \/><p id=\"caption-attachment-12510\" class=\"wp-caption-text\"><span style=\"font-size: 8pt\">Djed i beba; Izvor: Unsplash.com<\/span><\/p><\/div>\n<p>Naravno, bake i djedovi koji primaju naknadu moraju imati prebivali\u0161te u Samoboru. Moraju biti zdravstveno sposobni za brigu o djetetu i moraju biti umirovljeni.<\/p>\n<p>Ne bi smjeli koristiti\u00a0druga prava iz sustava mirovinskog osiguranja.<\/p>\n<h2><span class=\"ez-toc-section\" id=\"Ideja_nastala_iz_svedskog_modela\"><\/span>Ideja nastala iz \u0161vedskog modela<span class=\"ez-toc-section-end\"><\/span><\/h2>\n<p>Grad Samobor je ideju uzeo iz \u0161vedskog modela koji je tamo pokrenut 2024. godine.<\/p>\n<p>Prema njihovoj potpori bake i djedovi dobivaju naknadu ako poma\u017eu u \u010duvanju unuka do tri mjeseca tijekom prve godine \u017eivota.<\/p>\n<p>Roditelji imaju priliku prenijeti dio naknade koju dobivaju u okviru roditeljskog dopusta na baku i djeda djeteta.<\/p>\n<p>Ina\u010de, \u0160vedska je ve\u0107 dugo predvodnica kada se radi o brizi za obitelj. Dr\u017eava podr\u017eava gra\u0111ane\u00a0odgovaraju\u0107im roditeljskim dopustom i naknadama.<\/p>\n<p>Nova ideja im je bila pomo\u0107i bakama i djedovima.<\/p>\n<h2><span class=\"ez-toc-section\" id=\"Svedski_zakon_%E2%80%93_prvi_u_svijetu\"><\/span>\u0160vedski zakon &#8211; prvi u svijetu<span class=\"ez-toc-section-end\"><\/span><\/h2>\n<p>Taj zakon omogu\u0107uje roditeljima da dobivaju visokokvalitetnu skrb za svoju djecu pri povratku na posao.<\/p>\n<div id=\"attachment_12512\" style=\"width: 1210px\" class=\"wp-caption aligncenter\"><img loading=\"lazy\" decoding=\"async\" aria-describedby=\"caption-attachment-12512\" class=\"size-full wp-image-12512\" src=\"https:\/\/zaposlise.hr\/blog\/wp-content\/uploads\/2025\/03\/Svedska-potpore-bakama-i-djedama-novcana-potpora.jpg\" alt=\"\u0160vedska, potpora bakama i djecama, nov\u010dana potpora\" width=\"1200\" height=\"800\" srcset=\"https:\/\/zaposlise.hr\/blog\/wp-content\/uploads\/2025\/03\/Svedska-potpore-bakama-i-djedama-novcana-potpora.jpg 1200w, https:\/\/zaposlise.hr\/blog\/wp-content\/uploads\/2025\/03\/Svedska-potpore-bakama-i-djedama-novcana-potpora-300x200.jpg 300w, https:\/\/zaposlise.hr\/blog\/wp-content\/uploads\/2025\/03\/Svedska-potpore-bakama-i-djedama-novcana-potpora-1024x683.jpg 1024w, https:\/\/zaposlise.hr\/blog\/wp-content\/uploads\/2025\/03\/Svedska-potpore-bakama-i-djedama-novcana-potpora-768x512.jpg 768w, https:\/\/zaposlise.hr\/blog\/wp-content\/uploads\/2025\/03\/Svedska-potpore-bakama-i-djedama-novcana-potpora-375x250.jpg 375w\" sizes=\"(max-width: 1200px) 100vw, 1200px\" \/><p id=\"caption-attachment-12512\" class=\"wp-caption-text\"><span style=\"font-size: 8pt\">\u0160vedska, potpora bakama i djecama, nov\u010dana potpora; Izvor: Unsplash.com<\/span><\/p><\/div>\n<p>Neprocjenjivo va\u017eno je da bebe i mala djeca provode dragocjeno vrijeme s bakama i djedovima. Financijska naknada za njihovu uslugu uvelike poma\u017ee starijim generacijama.<\/p>\n<p><em>Pro\u010ditajte vi\u0161e o <a href=\"https:\/\/zaposlise.hr\/blog\/zaposljavanje-umirovljenika\/\">zapo\u0161ljavanju umirovljenika<\/a> u Hrvatskoj.\u00a0<\/em><\/p>\n<p>\u0160vedska ima deset milijuna stanovnika, poznata je po odli\u010dnom sustavu socijalne skrbi. Izgra\u0111eno je\u00a0dru\u0161tvo u kojem se o gra\u0111anima brine od kolijevke do groba.<\/p>\n<blockquote><p>U \u0160vedskoj imate pravo na potpunu odsutnost s posla kada vam se <a href=\"https:\/\/www.tportal.hr\/biznis\/clanak\/ovo-treba-nama-bake-i-djedovi-u-svedskoj-bit-ce-placeni-za-cuvanje-unuka-foto-20240726?meta_refresh=1\" target=\"_blank\" rel=\"noopener\">rodi dijete<\/a>.<\/p><\/blockquote>\n<p>Roditeljska naknada ispla\u0107uje se 480 dana, odnosno oko 16 mjeseci, po djetetu. Roditelj 390 dana dobiva naknadu po punom prihodu.<\/p>\n<p>Za preostala tri mjeseca dobiva se fiksni iznos od 180 kruna (17 dolara) po danu.<\/p>\n<p><em>Pro\u010ditajte vi\u0161e o porastu iznosa <a href=\"https:\/\/zaposlise.hr\/blog\/naknade-za-bolovanje\/\" target=\"_blank\" rel=\"noopener\">naknade za bolovanje<\/a>.\u00a0<\/em><\/p>\n<p>Portal <a href=\"https:\/\/www.kidspot.com.au\/baby\/baby-care\/grandparents-in-sweden-are-now-getting-paid-to-look-after-their-grandkids\/news-story\/a726e5042e2b4a42e0ca82d315a3713e#dmid=ed1ee953-1aa9-44ff-b6c0-4343b1728fc5\" target=\"_blank\" rel=\"noopener\">Kidspot<\/a> pi\u0161e kako\u00a0prema novom zakonu, koji je odobrio \u0161vedski parlament krajem 2023. godine roditelji mogu prepustiti 45 dana od svoje zajedni\u010dke naknade bakama i djedovima.<\/p>\n<p>Dok samohrani roditelji mogu prepustiti 90 dana.<\/p>\n<div id=\"attachment_12514\" style=\"width: 1210px\" class=\"wp-caption aligncenter\"><img loading=\"lazy\" decoding=\"async\" aria-describedby=\"caption-attachment-12514\" class=\"size-full wp-image-12514\" src=\"https:\/\/zaposlise.hr\/blog\/wp-content\/uploads\/2025\/03\/Samohrani-roditelj.jpg\" alt=\"Samohrani roditelj\" width=\"1200\" height=\"800\" srcset=\"https:\/\/zaposlise.hr\/blog\/wp-content\/uploads\/2025\/03\/Samohrani-roditelj.jpg 1200w, https:\/\/zaposlise.hr\/blog\/wp-content\/uploads\/2025\/03\/Samohrani-roditelj-300x200.jpg 300w, https:\/\/zaposlise.hr\/blog\/wp-content\/uploads\/2025\/03\/Samohrani-roditelj-1024x683.jpg 1024w, https:\/\/zaposlise.hr\/blog\/wp-content\/uploads\/2025\/03\/Samohrani-roditelj-768x512.jpg 768w, https:\/\/zaposlise.hr\/blog\/wp-content\/uploads\/2025\/03\/Samohrani-roditelj-375x250.jpg 375w\" sizes=\"(max-width: 1200px) 100vw, 1200px\" \/><p id=\"caption-attachment-12514\" class=\"wp-caption-text\"><span style=\"font-size: 8pt\">Samohrani roditelj; Izvor: Unsplash.com<\/span><\/p><\/div>\n<p><em>Pro\u010ditajte vi\u0161e o <a href=\"https:\/\/zaposlise.hr\/blog\/rad-od-kuce-poslovi-za-samohrane-roditelje\/\">radu od ku\u0107e<\/a> i poslovima koji su prikladni za samohrane roditelje male djece.\u00a0<\/em><\/p>\n<h2><span class=\"ez-toc-section\" id=\"Placeni_roditeljski_dopust_za_oceve\"><\/span>Pla\u0107eni roditeljski dopust za o\u010deve<span class=\"ez-toc-section-end\"><\/span><\/h2>\n<p>\u0160vedska je prva nacija u svijetu koja je uvela pla\u0107eni roditeljski dopust za o\u010deve. Uvela je tu mjeru prije ne\u0161to vi\u0161e od pedeset godina.<\/p>\n<p>No, mnogo je drugih odli\u010dnih mjera i beneficija za roditelje u toj dr\u017eavi. Imaju priliku raditi\u00a0skra\u0107eno dok dijete ne napuni osam godina.<\/p>\n<p>Tako\u0111er, dr\u017eavni slu\u017ebenici mogu imati skra\u0107ene sate dok dijete ne napuni 12 godina.<\/p>\n<h2><span class=\"ez-toc-section\" id=\"Porodiljni_za_oceve_u_Hrvatskoj\"><\/span>Porodiljni za o\u010deve u Hrvatskoj<span class=\"ez-toc-section-end\"><\/span><\/h2>\n<p>Svaki otac u Hrvatskoj ima pravo na porodiljni za o\u010deve nakon ro\u0111enja djeteta.<\/p>\n<p>O\u010dinski dopust je izmjenama <a href=\"https:\/\/narodne-novine.nn.hr\/clanci\/sluzbeni\/2022_12_152_2372.html\" target=\"_blank\" rel=\"noopener\">Zakona o rodiljnim i roditeljskim potporama<\/a> uvedeno ju kolovozu 2022. godine.<\/p>\n<p>No, gra\u0111ani nisu\u00a0u potpunosti upoznati sa svim pravima u sustavu <a href=\"https:\/\/lupilu.hr\/kutak-za-roditelje\/posao-i-financije-uz-djecu\/porodiljna-naknada\/\" target=\"_blank\" rel=\"noopener\"><b>rodiljnih i roditeljskih potpora<\/b><\/a><b>.\u00a0\u00a0<\/b><\/p>\n<div id=\"attachment_12516\" style=\"width: 1210px\" class=\"wp-caption aligncenter\"><img loading=\"lazy\" decoding=\"async\" aria-describedby=\"caption-attachment-12516\" class=\"size-full wp-image-12516\" src=\"https:\/\/zaposlise.hr\/blog\/wp-content\/uploads\/2025\/03\/Rodiljne-i-roditeljske-mjere.jpg\" alt=\"Rodiljne i roditeljske mjere\" width=\"1200\" height=\"800\" srcset=\"https:\/\/zaposlise.hr\/blog\/wp-content\/uploads\/2025\/03\/Rodiljne-i-roditeljske-mjere.jpg 1200w, https:\/\/zaposlise.hr\/blog\/wp-content\/uploads\/2025\/03\/Rodiljne-i-roditeljske-mjere-300x200.jpg 300w, https:\/\/zaposlise.hr\/blog\/wp-content\/uploads\/2025\/03\/Rodiljne-i-roditeljske-mjere-1024x683.jpg 1024w, https:\/\/zaposlise.hr\/blog\/wp-content\/uploads\/2025\/03\/Rodiljne-i-roditeljske-mjere-768x512.jpg 768w, https:\/\/zaposlise.hr\/blog\/wp-content\/uploads\/2025\/03\/Rodiljne-i-roditeljske-mjere-375x250.jpg 375w\" sizes=\"(max-width: 1200px) 100vw, 1200px\" \/><p id=\"caption-attachment-12516\" class=\"wp-caption-text\"><span style=\"font-size: 8pt\">Rodiljne i roditeljske mjere; Izvor: Unsplash.com<\/span><\/p><\/div>\n<p>Studija provedena u sklopu\u00a0<b><a href=\"https:\/\/mdu.gov.hr\/nacionalna-kampanja-za-promicanje-pozitivnog-i-ravnopravnog-roditeljstva\/6983\" target=\"_blank\" rel=\"noopener\">Nacionalne kampanje za promicanje pozitivnog i ravnopravnog roditeljstva<\/a>,<\/b>\u00a0oko\u00a060 % roditelja je upoznato s pravom na o\u010dinski dopust.<\/p>\n<p>No, pravo na obvezni roditeljski dopust je najpoznatije pravo roditelja nakon ro\u0111enja djeteta.<\/p>\n<p>Aktivno sudjelovanje o\u010deva od najranije dobi je iznimno va\u017eno za zdrav razvoj djeteta i za to je va\u017eno da se o ovoj temi \u0161to vi\u0161e razgovara.<\/p>\n<h2><span class=\"ez-toc-section\" id=\"Kada_ocevi_mogu_na_porodiljni\"><\/span>Kada o\u010devi mogu na porodiljni?<span class=\"ez-toc-section-end\"><\/span><\/h2>\n<p><a href=\"https:\/\/www.zakon.hr\/z\/214\/Zakon-o-rodiljnim-i-roditeljskim-potporama\" target=\"_blank\" rel=\"noopener\">Zakon o rodiljnim i roditeljskim potporama<\/a> ka\u017ee da o\u010devi imaju pravo na rodiljni, o\u010dinski i roditeljski dopust.<\/p>\n<p>O\u010devi moraju imati va\u017ee\u0107i status u obveznom zdravstvenom osiguranju kod <a href=\"http:\/\/hzzo.hr\" target=\"_blank\" rel=\"noopener\">Hrvatskog zavoda za zdravstveno osiguranje<\/a> i pripadati nekoj od sljede\u0107ih kategorija:<\/p>\n<ul>\n<li>Zaposleni roditelj.<\/li>\n<li>Samozaposleni roditelj.<\/li>\n<li>Roditelj koji ostvaruje drugi dohodak na koji su pla\u0107eni doprinosi prema propisima o doprinosima za obvezna osiguranja.<\/li>\n<li>Poljoprivrednik koji u Republici Hrvatskoj obavlja djelatnost poljoprivrede i \u0161umarstva kao jedino ili glavno zanimanje ako je vlasnik, posjednik ili zakupac.<\/li>\n<\/ul>\n<div id=\"attachment_12518\" style=\"width: 1210px\" class=\"wp-caption aligncenter\"><img loading=\"lazy\" decoding=\"async\" aria-describedby=\"caption-attachment-12518\" class=\"size-full wp-image-12518\" src=\"https:\/\/zaposlise.hr\/blog\/wp-content\/uploads\/2025\/03\/Ocinski-dopust-tata-beba.jpg\" alt=\"O\u010dinski dopust, tata, beba\" width=\"1200\" height=\"800\" srcset=\"https:\/\/zaposlise.hr\/blog\/wp-content\/uploads\/2025\/03\/Ocinski-dopust-tata-beba.jpg 1200w, https:\/\/zaposlise.hr\/blog\/wp-content\/uploads\/2025\/03\/Ocinski-dopust-tata-beba-300x200.jpg 300w, https:\/\/zaposlise.hr\/blog\/wp-content\/uploads\/2025\/03\/Ocinski-dopust-tata-beba-1024x683.jpg 1024w, https:\/\/zaposlise.hr\/blog\/wp-content\/uploads\/2025\/03\/Ocinski-dopust-tata-beba-768x512.jpg 768w, https:\/\/zaposlise.hr\/blog\/wp-content\/uploads\/2025\/03\/Ocinski-dopust-tata-beba-375x250.jpg 375w\" sizes=\"(max-width: 1200px) 100vw, 1200px\" \/><p id=\"caption-attachment-12518\" class=\"wp-caption-text\"><span style=\"font-size: 8pt\">O\u010dinski dopust, tata, beba; Izvor: Unsplash.com<\/span><\/p><\/div>\n<ul>\n<li>Nezaposleni roditelj koji prema propisima ima priznat status nezaposlene osobe ako Zakonom nije druga\u010dije propisano.<\/li>\n<li>Roditelj izvan sustava rada odnosno korisnik mirovine.<\/li>\n<\/ul>\n<p>Korisnik prava na profesionalnu rehabilitaciju ili korisnik prava na invalidsku mirovinu zbog profesionalne nesposobnosti za rad prema propisima o mirovinskom osiguranju Republike Hrvatske.<\/p>\n<p>Osoba koja se prema propisima iz socijalne skrbi ne smatra sposobnom za rad ili se prema drugim propisima smatra uzdr\u017eavanom osobom.<\/p>\n<p>Ili je polaznik redovitog \u0161kolovanja ili sveu\u010dili\u0161nog ili stru\u010dnog studija ili korisnik koji nema uvjete za ostvarenje jednog od ovih statusa.<\/p>\n<p>Ali ima status zdravstveno osigurane osobe iz obveznog zdravstvenog osiguranja.<\/p>\n<ul>\n<li>posvojitelj koji ima utvr\u0111en status osigurane osobe u obveznom zdravstvenom osiguranju, prema svom radnopravnom statusu.<\/li>\n<li>skrbnik maloljetnog djeteta kojem je rje\u0161enjem nadle\u017enog tijela to dijete povjereno na \u010duvanje i odgoj ili druga fizi\u010dka osoba kojoj je maloljetno dijete odlukom nadle\u017enog tijela.<\/li>\n<\/ul>\n<p>Koje je povjereno na \u010duvanje i odgoj, prema svom radnopravnom statusu, pod uvjetom da ima status osigurane osobe u obveznom zdravstvenom osiguranju.<\/p>\n<div id=\"attachment_12520\" style=\"width: 1210px\" class=\"wp-caption aligncenter\"><img loading=\"lazy\" decoding=\"async\" aria-describedby=\"caption-attachment-12520\" class=\"size-full wp-image-12520\" src=\"https:\/\/zaposlise.hr\/blog\/wp-content\/uploads\/2025\/03\/Obitelj-beba-novcana-potpora.jpg\" alt=\"Obitelj, beba, nov\u010dana potpora\" width=\"1200\" height=\"800\" srcset=\"https:\/\/zaposlise.hr\/blog\/wp-content\/uploads\/2025\/03\/Obitelj-beba-novcana-potpora.jpg 1200w, https:\/\/zaposlise.hr\/blog\/wp-content\/uploads\/2025\/03\/Obitelj-beba-novcana-potpora-300x200.jpg 300w, https:\/\/zaposlise.hr\/blog\/wp-content\/uploads\/2025\/03\/Obitelj-beba-novcana-potpora-1024x683.jpg 1024w, https:\/\/zaposlise.hr\/blog\/wp-content\/uploads\/2025\/03\/Obitelj-beba-novcana-potpora-768x512.jpg 768w, https:\/\/zaposlise.hr\/blog\/wp-content\/uploads\/2025\/03\/Obitelj-beba-novcana-potpora-375x250.jpg 375w\" sizes=\"(max-width: 1200px) 100vw, 1200px\" \/><p id=\"caption-attachment-12520\" class=\"wp-caption-text\"><span style=\"font-size: 8pt\">Obitelj, beba, nov\u010dana potpora; Izvor: Unsplash.com<\/span><\/p><\/div>\n<p>I ako s tim djetetom \u017eivi u zajedni\u010dkom ku\u0107anstvu.<\/p>\n<ul>\n<li>udomitelj maloljetnog djeteta, prema svom radnopravnom statusu, pod uvjetom da ima status osigurane osobe u obveznom zdravstvenom osiguranju i ako s tim djetetom \u017eivi u ku\u0107anstvu.<\/li>\n<li>stranac s odobrenim stalnim boravkom u Republici Hrvatskoj koji ima priznat status osigurane osobe u obveznom zdravstvenom osiguranju.<\/li>\n<\/ul>\n<h2><span class=\"ez-toc-section\" id=\"Samoborski_model\"><\/span>Samoborski model<span class=\"ez-toc-section-end\"><\/span><\/h2>\n<p>Samoborski model je prilago\u0111en, ali ima isti cilj kao \u0161vedski. Cilj je pru\u017eiti podr\u0161ku obiteljima i olak\u0161ati balansiranje\u00a0izme\u0111u poslovnih i obiteljskih obveza.<\/p>\n<p>Odluka o uvo\u0111enju ove mjere stupa na snagu osam dana nakon objave u slu\u017ebenim vijestima Grada Samobora.<\/p>\n<p>Samobor je tako postao jedan od prvih gradova u Hrvatskoj koji na ovakav na\u010din podupire me\u0111ugeneracijsku solidarnost.<\/p>\n<p>Tako\u0111er, poma\u017ee roditeljima u uskla\u0111ivanju obiteljskog i poslovnog \u017eivota.<\/p>\n<p><em>Pro\u010ditajte ideje kako mo\u017eete uspostaviti ravnote\u017eu izme\u0111u <a href=\"https:\/\/zaposlise.hr\/blog\/kako-uspostaviti-ravnotezu-izmedu-posla-i-privatnog-zivota\/\" target=\"_blank\" rel=\"noopener\">privatnog i poslovnog \u017eivota<\/a>.\u00a0<\/em><\/p>\n","protected":false},"excerpt":{"rendered":"<p>Nov\u010dana naknada baka i djedovima novost je u Samoboru. Naime, tamo \u0107e se uskoro pla\u0107ati baka ili djed servis. Mo\u0107i [&hellip;]<\/p>\n","protected":false},"author":4,"featured_media":12497,"comment_status":"closed","ping_status":"closed","sticky":false,"template":"","format":"standard","meta":{"inline_featured_image":false,"footnotes":""},"categories":[29],"tags":[418,416,417,42],"yoast_head":"<!-- This site is optimized with the Yoast SEO plugin v21.6 - https:\/\/yoast.com\/wordpress\/plugins\/seo\/ -->\n<title>Nov\u010dana naknada: baka-djed servis u Samoboru - Zaposlise.hr<\/title>\n<meta name=\"description\" content=\"Nov\u010dana naknada baka i djedovima novost je u Samoboru. Naime, tamo \u0107e se uskoro pla\u0107ati baka ili djed servis.\u00a0Saznajte vi\u0161e!\" \/>\n<meta name=\"robots\" content=\"index, follow, max-snippet:-1, max-image-preview:large, max-video-preview:-1\" \/>\n<link rel=\"canonical\" href=\"https:\/\/zaposlise.hr\/blog\/novcana-naknada-baka-djed-servis-u-samoboru\/\" \/>\n<meta property=\"og:locale\" content=\"hr_HR\" \/>\n<meta property=\"og:type\" content=\"article\" \/>\n<meta property=\"og:title\" content=\"Nov\u010dana naknada: baka-djed servis u Samoboru - Zaposlise.hr\" \/>\n<meta property=\"og:description\" content=\"Nov\u010dana naknada baka i djedovima novost je u Samoboru. Naime, tamo \u0107e se uskoro pla\u0107ati baka ili djed servis.\u00a0Saznajte vi\u0161e!\" \/>\n<meta property=\"og:url\" content=\"https:\/\/zaposlise.hr\/blog\/novcana-naknada-baka-djed-servis-u-samoboru\/\" \/>\n<meta property=\"og:site_name\" content=\"Zaposlise.hr\" \/>\n<meta property=\"article:published_time\" content=\"2025-03-14T12:51:12+00:00\" \/>\n<meta property=\"og:image\" content=\"https:\/\/zaposlise.hr\/blog\/wp-content\/uploads\/2025\/03\/Novcana-naknada-baka-djed-servis-Samobor.png\" \/>\n\t<meta property=\"og:image:width\" content=\"1200\" \/>\n\t<meta property=\"og:image:height\" content=\"675\" \/>\n\t<meta property=\"og:image:type\" content=\"image\/png\" \/>\n<meta name=\"author\" content=\"Maja Cvetkovic\" \/>\n<meta name=\"twitter:card\" content=\"summary_large_image\" \/>\n<meta name=\"twitter:label1\" content=\"Napisao\/la\" \/>\n\t<meta name=\"twitter:data1\" content=\"Maja Cvetkovic\" \/>\n\t<meta name=\"twitter:label2\" content=\"Procijenjeno vrijeme \u010ditanja\" \/>\n\t<meta name=\"twitter:data2\" content=\"7 minuta\" \/>\n<script type=\"application\/ld+json\" class=\"yoast-schema-graph\">{\"@context\":\"https:\/\/schema.org\",\"@graph\":[{\"@type\":\"Article\",\"@id\":\"https:\/\/zaposlise.hr\/blog\/novcana-naknada-baka-djed-servis-u-samoboru\/#article\",\"isPartOf\":{\"@id\":\"https:\/\/zaposlise.hr\/blog\/novcana-naknada-baka-djed-servis-u-samoboru\/\"},\"author\":{\"name\":\"Maja Cvetkovic\",\"@id\":\"https:\/\/zaposlise.hr\/blog\/#\/schema\/person\/11d6327b8569a9e940673e6acbfa396a\"},\"headline\":\"Nov\u010dana naknada: baka-djed servis u Samoboru\",\"datePublished\":\"2025-03-14T12:51:12+00:00\",\"dateModified\":\"2025-03-14T12:51:12+00:00\",\"mainEntityOfPage\":{\"@id\":\"https:\/\/zaposlise.hr\/blog\/novcana-naknada-baka-djed-servis-u-samoboru\/\"},\"wordCount\":1132,\"publisher\":{\"@id\":\"https:\/\/zaposlise.hr\/blog\/#organization\"},\"keywords\":[\"baka djed servis\",\"nov\u010dana naknada\",\"nov\u010dana potpora\",\"Rad od ku\u0107e\"],\"articleSection\":[\"Novosti\"],\"inLanguage\":\"hr\"},{\"@type\":\"WebPage\",\"@id\":\"https:\/\/zaposlise.hr\/blog\/novcana-naknada-baka-djed-servis-u-samoboru\/\",\"url\":\"https:\/\/zaposlise.hr\/blog\/novcana-naknada-baka-djed-servis-u-samoboru\/\",\"name\":\"Nov\u010dana naknada: baka-djed servis u Samoboru - Zaposlise.hr\",\"isPartOf\":{\"@id\":\"https:\/\/zaposlise.hr\/blog\/#website\"},\"datePublished\":\"2025-03-14T12:51:12+00:00\",\"dateModified\":\"2025-03-14T12:51:12+00:00\",\"description\":\"Nov\u010dana naknada baka i djedovima novost je u Samoboru. Naime, tamo \u0107e se uskoro pla\u0107ati baka ili djed servis.\u00a0Saznajte vi\u0161e!\",\"breadcrumb\":{\"@id\":\"https:\/\/zaposlise.hr\/blog\/novcana-naknada-baka-djed-servis-u-samoboru\/#breadcrumb\"},\"inLanguage\":\"hr\",\"potentialAction\":[{\"@type\":\"ReadAction\",\"target\":[\"https:\/\/zaposlise.hr\/blog\/novcana-naknada-baka-djed-servis-u-samoboru\/\"]}]},{\"@type\":\"BreadcrumbList\",\"@id\":\"https:\/\/zaposlise.hr\/blog\/novcana-naknada-baka-djed-servis-u-samoboru\/#breadcrumb\",\"itemListElement\":[{\"@type\":\"ListItem\",\"position\":1,\"name\":\"Po\u010detna stranica\",\"item\":\"https:\/\/zaposlise.hr\/blog\/\"},{\"@type\":\"ListItem\",\"position\":2,\"name\":\"Nov\u010dana naknada: baka-djed servis u Samoboru\"}]},{\"@type\":\"WebSite\",\"@id\":\"https:\/\/zaposlise.hr\/blog\/#website\",\"url\":\"https:\/\/zaposlise.hr\/blog\/\",\"name\":\"Zaposlise.hr\",\"description\":\"Posao za tebe\",\"publisher\":{\"@id\":\"https:\/\/zaposlise.hr\/blog\/#organization\"},\"potentialAction\":[{\"@type\":\"SearchAction\",\"target\":{\"@type\":\"EntryPoint\",\"urlTemplate\":\"https:\/\/zaposlise.hr\/blog\/?s={search_term_string}\"},\"query-input\":\"required name=search_term_string\"}],\"inLanguage\":\"hr\"},{\"@type\":\"Organization\",\"@id\":\"https:\/\/zaposlise.hr\/blog\/#organization\",\"name\":\"Zaposlise.hr\",\"url\":\"https:\/\/zaposlise.hr\/blog\/\",\"logo\":{\"@type\":\"ImageObject\",\"inLanguage\":\"hr\",\"@id\":\"https:\/\/zaposlise.hr\/blog\/#\/schema\/logo\/image\/\",\"url\":\"https:\/\/zaposlise.hr\/blog\/wp-content\/uploads\/2024\/06\/Screenshot-2024-06-05-at-09.05.43.png\",\"contentUrl\":\"https:\/\/zaposlise.hr\/blog\/wp-content\/uploads\/2024\/06\/Screenshot-2024-06-05-at-09.05.43.png\",\"width\":2088,\"height\":592,\"caption\":\"Zaposlise.hr\"},\"image\":{\"@id\":\"https:\/\/zaposlise.hr\/blog\/#\/schema\/logo\/image\/\"}},{\"@type\":\"Person\",\"@id\":\"https:\/\/zaposlise.hr\/blog\/#\/schema\/person\/11d6327b8569a9e940673e6acbfa396a\",\"name\":\"Maja Cvetkovic\",\"image\":{\"@type\":\"ImageObject\",\"inLanguage\":\"hr\",\"@id\":\"https:\/\/zaposlise.hr\/blog\/#\/schema\/person\/image\/\",\"url\":\"https:\/\/secure.gravatar.com\/avatar\/e8d7da4f01ab43b5b98fc69bf899cf57?s=96&d=mm&r=g\",\"contentUrl\":\"https:\/\/secure.gravatar.com\/avatar\/e8d7da4f01ab43b5b98fc69bf899cf57?s=96&d=mm&r=g\",\"caption\":\"Maja Cvetkovic\"},\"url\":\"https:\/\/zaposlise.hr\/blog\/author\/mayacvetkovic\/\"}]}<\/script>\n<!-- \/ Yoast SEO plugin. -->","yoast_head_json":{"title":"Nov\u010dana naknada: baka-djed servis u Samoboru - Zaposlise.hr","description":"Nov\u010dana naknada baka i djedovima novost je u Samoboru. Naime, tamo \u0107e se uskoro pla\u0107ati baka ili djed servis.\u00a0Saznajte vi\u0161e!","robots":{"index":"index","follow":"follow","max-snippet":"max-snippet:-1","max-image-preview":"max-image-preview:large","max-video-preview":"max-video-preview:-1"},"canonical":"https:\/\/zaposlise.hr\/blog\/novcana-naknada-baka-djed-servis-u-samoboru\/","og_locale":"hr_HR","og_type":"article","og_title":"Nov\u010dana naknada: baka-djed servis u Samoboru - Zaposlise.hr","og_description":"Nov\u010dana naknada baka i djedovima novost je u Samoboru. Naime, tamo \u0107e se uskoro pla\u0107ati baka ili djed servis.\u00a0Saznajte vi\u0161e!","og_url":"https:\/\/zaposlise.hr\/blog\/novcana-naknada-baka-djed-servis-u-samoboru\/","og_site_name":"Zaposlise.hr","article_published_time":"2025-03-14T12:51:12+00:00","og_image":[{"width":1200,"height":675,"url":"https:\/\/zaposlise.hr\/blog\/wp-content\/uploads\/2025\/03\/Novcana-naknada-baka-djed-servis-Samobor.png","type":"image\/png"}],"author":"Maja Cvetkovic","twitter_card":"summary_large_image","twitter_misc":{"Napisao\/la":"Maja Cvetkovic","Procijenjeno vrijeme \u010ditanja":"7 minuta"},"schema":{"@context":"https:\/\/schema.org","@graph":[{"@type":"Article","@id":"https:\/\/zaposlise.hr\/blog\/novcana-naknada-baka-djed-servis-u-samoboru\/#article","isPartOf":{"@id":"https:\/\/zaposlise.hr\/blog\/novcana-naknada-baka-djed-servis-u-samoboru\/"},"author":{"name":"Maja Cvetkovic","@id":"https:\/\/zaposlise.hr\/blog\/#\/schema\/person\/11d6327b8569a9e940673e6acbfa396a"},"headline":"Nov\u010dana naknada: baka-djed servis u Samoboru","datePublished":"2025-03-14T12:51:12+00:00","dateModified":"2025-03-14T12:51:12+00:00","mainEntityOfPage":{"@id":"https:\/\/zaposlise.hr\/blog\/novcana-naknada-baka-djed-servis-u-samoboru\/"},"wordCount":1132,"publisher":{"@id":"https:\/\/zaposlise.hr\/blog\/#organization"},"keywords":["baka djed servis","nov\u010dana naknada","nov\u010dana potpora","Rad od ku\u0107e"],"articleSection":["Novosti"],"inLanguage":"hr"},{"@type":"WebPage","@id":"https:\/\/zaposlise.hr\/blog\/novcana-naknada-baka-djed-servis-u-samoboru\/","url":"https:\/\/zaposlise.hr\/blog\/novcana-naknada-baka-djed-servis-u-samoboru\/","name":"Nov\u010dana naknada: baka-djed servis u Samoboru - Zaposlise.hr","isPartOf":{"@id":"https:\/\/zaposlise.hr\/blog\/#website"},"datePublished":"2025-03-14T12:51:12+00:00","dateModified":"2025-03-14T12:51:12+00:00","description":"Nov\u010dana naknada baka i djedovima novost je u Samoboru. Naime, tamo \u0107e se uskoro pla\u0107ati baka ili djed servis.\u00a0Saznajte vi\u0161e!","breadcrumb":{"@id":"https:\/\/zaposlise.hr\/blog\/novcana-naknada-baka-djed-servis-u-samoboru\/#breadcrumb"},"inLanguage":"hr","potentialAction":[{"@type":"ReadAction","target":["https:\/\/zaposlise.hr\/blog\/novcana-naknada-baka-djed-servis-u-samoboru\/"]}]},{"@type":"BreadcrumbList","@id":"https:\/\/zaposlise.hr\/blog\/novcana-naknada-baka-djed-servis-u-samoboru\/#breadcrumb","itemListElement":[{"@type":"ListItem","position":1,"name":"Po\u010detna stranica","item":"https:\/\/zaposlise.hr\/blog\/"},{"@type":"ListItem","position":2,"name":"Nov\u010dana naknada: baka-djed servis u Samoboru"}]},{"@type":"WebSite","@id":"https:\/\/zaposlise.hr\/blog\/#website","url":"https:\/\/zaposlise.hr\/blog\/","name":"Zaposlise.hr","description":"Posao za tebe","publisher":{"@id":"https:\/\/zaposlise.hr\/blog\/#organization"},"potentialAction":[{"@type":"SearchAction","target":{"@type":"EntryPoint","urlTemplate":"https:\/\/zaposlise.hr\/blog\/?s={search_term_string}"},"query-input":"required name=search_term_string"}],"inLanguage":"hr"},{"@type":"Organization","@id":"https:\/\/zaposlise.hr\/blog\/#organization","name":"Zaposlise.hr","url":"https:\/\/zaposlise.hr\/blog\/","logo":{"@type":"ImageObject","inLanguage":"hr","@id":"https:\/\/zaposlise.hr\/blog\/#\/schema\/logo\/image\/","url":"https:\/\/zaposlise.hr\/blog\/wp-content\/uploads\/2024\/06\/Screenshot-2024-06-05-at-09.05.43.png","contentUrl":"https:\/\/zaposlise.hr\/blog\/wp-content\/uploads\/2024\/06\/Screenshot-2024-06-05-at-09.05.43.png","width":2088,"height":592,"caption":"Zaposlise.hr"},"image":{"@id":"https:\/\/zaposlise.hr\/blog\/#\/schema\/logo\/image\/"}},{"@type":"Person","@id":"https:\/\/zaposlise.hr\/blog\/#\/schema\/person\/11d6327b8569a9e940673e6acbfa396a","name":"Maja Cvetkovic","image":{"@type":"ImageObject","inLanguage":"hr","@id":"https:\/\/zaposlise.hr\/blog\/#\/schema\/person\/image\/","url":"https:\/\/secure.gravatar.com\/avatar\/e8d7da4f01ab43b5b98fc69bf899cf57?s=96&d=mm&r=g","contentUrl":"https:\/\/secure.gravatar.com\/avatar\/e8d7da4f01ab43b5b98fc69bf899cf57?s=96&d=mm&r=g","caption":"Maja Cvetkovic"},"url":"https:\/\/zaposlise.hr\/blog\/author\/mayacvetkovic\/"}]}},"_links":{"self":[{"href":"https:\/\/zaposlise.hr\/blog\/wp-json\/wp\/v2\/posts\/12494"}],"collection":[{"href":"https:\/\/zaposlise.hr\/blog\/wp-json\/wp\/v2\/posts"}],"about":[{"href":"https:\/\/zaposlise.hr\/blog\/wp-json\/wp\/v2\/types\/post"}],"author":[{"embeddable":true,"href":"https:\/\/zaposlise.hr\/blog\/wp-json\/wp\/v2\/users\/4"}],"replies":[{"embeddable":true,"href":"https:\/\/zaposlise.hr\/blog\/wp-json\/wp\/v2\/comments?post=12494"}],"version-history":[{"count":19,"href":"https:\/\/zaposlise.hr\/blog\/wp-json\/wp\/v2\/posts\/12494\/revisions"}],"predecessor-version":[{"id":12522,"href":"https:\/\/zaposlise.hr\/blog\/wp-json\/wp\/v2\/posts\/12494\/revisions\/12522"}],"wp:featuredmedia":[{"embeddable":true,"href":"https:\/\/zaposlise.hr\/blog\/wp-json\/wp\/v2\/media\/12497"}],"wp:attachment":[{"href":"https:\/\/zaposlise.hr\/blog\/wp-json\/wp\/v2\/media?parent=12494"}],"wp:term":[{"taxonomy":"category","embeddable":true,"href":"https:\/\/zaposlise.hr\/blog\/wp-json\/wp\/v2\/categories?post=12494"},{"taxonomy":"post_tag","embeddable":true,"href":"https:\/\/zaposlise.hr\/blog\/wp-json\/wp\/v2\/tags?post=12494"}],"curies":[{"name":"wp","href":"https:\/\/api.w.org\/{rel}","templated":true}]}}