{"id":12554,"date":"2025-03-18T21:56:32","date_gmt":"2025-03-18T20:56:32","guid":{"rendered":"https:\/\/zaposlise.hr\/blog\/?p=12554"},"modified":"2025-03-19T10:38:01","modified_gmt":"2025-03-19T09:38:01","slug":"rupa-u-zivotopisu","status":"publish","type":"post","link":"https:\/\/zaposlise.hr\/blog\/rupa-u-zivotopisu\/","title":{"rendered":"Rupa u \u017eivotopisu? Pro\u010ditajte intervju s Mateom Pehar"},"content":{"rendered":"<span class=\"rt-reading-time\" style=\"display: block;\"><span class=\"rt-label rt-prefix\">Reading Time: <\/span> <span class=\"rt-time\">5<\/span> <span class=\"rt-label rt-postfix\">minute<\/span><\/span><p>Rupa u \u017eivotopisu je nekada jednostavno neizbje\u017ena. \u017divotne okolnosti dovedu do te situacije.<\/p>\n<p>Stru\u010dnjaci za zapo\u0161ljavanje isti\u010du kako rupe u \u017eivotopisu (pauze u radu, bolovanja, mini mirovine) ne moraju umanjiti \u0161anse za dobivanjem \u017eeljenog posla.<\/p>\n<p>Postoji ne\u0161to va\u017enije od same rupe, a to je kako je prezentirati i objasniti potencijalnom poslodavcu.<\/p>\n<p>O ovoj temi, ali i drugim va\u017enim i zanimljivim, poput straha od promjene, snazi i ljubavi prema svom zanimanju razgovarali smo inspirativnom Mateom Pehar.<\/p>\n<p><a href=\"https:\/\/www.linkedin.com\/in\/matea-pehar-27560a223\/\" target=\"_blank\" rel=\"noopener\">Matea<\/a> je stru\u010dnjakinja za marketing, s mnogo privatnog i \u017eivotnog iskustva. Dok su njeni vr\u0161njaci gradili karijere, Mateu je \u017eivot natjerao na poslovnu pauzu.<\/p>\n<p>No, podigla se s dna, napisala svoj <a href=\"https:\/\/zaposlise.hr\/blog\/zivotopis-predlozak-za-uspjesnu-prijavu-na-oglase-2024\/\">\u017eivotopis<\/a> s rupom i poslala ga na natje\u010daj za posao. Sada radi \u017eeljeni posao i sve je na svom mjestu.<\/p>\n<div id=\"attachment_12563\" style=\"width: 1210px\" class=\"wp-caption aligncenter\"><img loading=\"lazy\" decoding=\"async\" aria-describedby=\"caption-attachment-12563\" class=\"size-full wp-image-12563\" src=\"https:\/\/zaposlise.hr\/blog\/wp-content\/uploads\/2025\/03\/Matea-Pehar.jpg\" alt=\"Matea Pehar\" width=\"1200\" height=\"1328\" srcset=\"https:\/\/zaposlise.hr\/blog\/wp-content\/uploads\/2025\/03\/Matea-Pehar.jpg 1200w, https:\/\/zaposlise.hr\/blog\/wp-content\/uploads\/2025\/03\/Matea-Pehar-271x300.jpg 271w, https:\/\/zaposlise.hr\/blog\/wp-content\/uploads\/2025\/03\/Matea-Pehar-925x1024.jpg 925w, https:\/\/zaposlise.hr\/blog\/wp-content\/uploads\/2025\/03\/Matea-Pehar-768x850.jpg 768w, https:\/\/zaposlise.hr\/blog\/wp-content\/uploads\/2025\/03\/Matea-Pehar-226x250.jpg 226w\" sizes=\"(max-width: 1200px) 100vw, 1200px\" \/><p id=\"caption-attachment-12563\" class=\"wp-caption-text\"><span style=\"font-size: 8pt\">Matea Pehar; Izvor: Privatna arhiva<\/span><\/p><\/div>\n<div id=\"ez-toc-container\" class=\"ez-toc-v2_0_64 counter-hierarchy ez-toc-counter ez-toc-white ez-toc-container-direction\">\n<div class=\"ez-toc-title-container\">\n<p class=\"ez-toc-title \" >Sadr\u017eaj<\/p>\n<span class=\"ez-toc-title-toggle\"><\/span><\/div>\n<nav><ul class='ez-toc-list ez-toc-list-level-1 ' ><li class='ez-toc-page-1 ez-toc-heading-level-2'><a class=\"ez-toc-link ez-toc-heading-1\" href=\"https:\/\/zaposlise.hr\/blog\/rupa-u-zivotopisu\/#Marketing_menadzerica\" title=\"Marketing menad\u017eerica\">Marketing menad\u017eerica<\/a><\/li><li class='ez-toc-page-1 ez-toc-heading-level-2'><a class=\"ez-toc-link ez-toc-heading-2\" href=\"https:\/\/zaposlise.hr\/blog\/rupa-u-zivotopisu\/#Rupa_u_zivotopisu\" title=\"Rupa u \u017eivotopisu\">Rupa u \u017eivotopisu<\/a><\/li><li class='ez-toc-page-1 ez-toc-heading-level-2'><a class=\"ez-toc-link ez-toc-heading-3\" href=\"https:\/\/zaposlise.hr\/blog\/rupa-u-zivotopisu\/#Povratak_u_poslovni_svijet\" title=\"Povratak u poslovni svijet\">Povratak u poslovni svijet<\/a><\/li><li class='ez-toc-page-1 ez-toc-heading-level-2'><a class=\"ez-toc-link ez-toc-heading-4\" href=\"https:\/\/zaposlise.hr\/blog\/rupa-u-zivotopisu\/#Dobrobit_promjena\" title=\"Dobrobit promjena\">Dobrobit promjena<\/a><\/li><\/ul><\/nav><\/div>\n<h2><span class=\"ez-toc-section\" id=\"Marketing_menadzerica\"><\/span>Marketing menad\u017eerica<span class=\"ez-toc-section-end\"><\/span><\/h2>\n<p><strong>Matea \u010dime se ti danas bavi\u0161, od posla do hobija?<\/strong><\/p>\n<p>Danas radim u jednoj manjoj privatnoj firmi kao <a href=\"https:\/\/zaposlise.hr\/blog\/zeleni-marketing-definicija-prednosti-i-strategije\/\">marketing<\/a> menad\u017eerica.<\/p>\n<p>Od hobija bih izdvojila slu\u0161anje i u\u017eivanje u glazbi, koncertima, \u010ditanje nekog zanimljivog \u0161tiva, \u0161etnja u prirodi te dru\u017eenje s dragim ljudima.<\/p>\n<p><strong>Kako si odabrala svoje zanimanje marketing menad\u017eerice? Kako je izgledao tvoj poslovni put?<\/strong><\/p>\n<p>Po struci sam Menad\u017eer za odnose s javno\u0161\u0107u, ali oduvijek me zanimao marketing.<\/p>\n<p>U to vrijeme bavila sam se osmi\u0161ljavanjem recepata za bezglutenske slastice.<\/p>\n<p>Zato sam pokrenula Facebook stranicu s raznoraznim slatkim i slanim jelima te savjetima za osobe koje ne podnose gluten.<\/p>\n<p>Moj poslovni put je izgledao turbulentno uz \u010desta iskakanja iz zone komfora. Dosta dugo sam uz studiranje radila raznorazne poslove u ugostiteljstvu i trgovini.<\/p>\n<div id=\"attachment_12565\" style=\"width: 1210px\" class=\"wp-caption aligncenter\"><img loading=\"lazy\" decoding=\"async\" aria-describedby=\"caption-attachment-12565\" class=\"size-full wp-image-12565\" src=\"https:\/\/zaposlise.hr\/blog\/wp-content\/uploads\/2025\/03\/Matea-iskakanje-iz-zone-komfora.jpg\" alt=\"Matea, iskakanje iz zone komfora\" width=\"1200\" height=\"932\" srcset=\"https:\/\/zaposlise.hr\/blog\/wp-content\/uploads\/2025\/03\/Matea-iskakanje-iz-zone-komfora.jpg 1200w, https:\/\/zaposlise.hr\/blog\/wp-content\/uploads\/2025\/03\/Matea-iskakanje-iz-zone-komfora-300x233.jpg 300w, https:\/\/zaposlise.hr\/blog\/wp-content\/uploads\/2025\/03\/Matea-iskakanje-iz-zone-komfora-1024x795.jpg 1024w, https:\/\/zaposlise.hr\/blog\/wp-content\/uploads\/2025\/03\/Matea-iskakanje-iz-zone-komfora-768x596.jpg 768w, https:\/\/zaposlise.hr\/blog\/wp-content\/uploads\/2025\/03\/Matea-iskakanje-iz-zone-komfora-322x250.jpg 322w\" sizes=\"(max-width: 1200px) 100vw, 1200px\" \/><p id=\"caption-attachment-12565\" class=\"wp-caption-text\">Matea, iskakanje iz zone komfora<\/p><\/div>\n<p>Ali onda kad je do\u0161lo vrijeme za neke nove ozbiljnije poslovne izazove dogodila se bolest&#8230;<\/p>\n<h2><span class=\"ez-toc-section\" id=\"Rupa_u_zivotopisu\"><\/span>Rupa u \u017eivotopisu<span class=\"ez-toc-section-end\"><\/span><\/h2>\n<p><strong>Spomenuli smo rupu u \u017eivotopisu. Molim te da nam ispri\u010da\u0161 svoju \u017eivotnu situaciju.<\/strong><\/p>\n<p>Moja rupa se dogodila 2014. god. kad sam u osmom mjesecu trudno\u0107e primijetila kvr\u017eicu na dojci.<\/p>\n<p>Govorili su mi da se vjerojatno neki mlije\u010dni kanali\u0107 za\u010depio jer ipak imam samo 28 godina, me\u0111utim mjesec dana nakon poroda s obi\u010dnog UZV-a poslali su me hitno na pretrage.<\/p>\n<p>I tad po\u010dinje moja rupa odnosno moja borba s te\u0161kim prognozama i dijagnozama, pretragama, nalazima i pripremama za operacije.<\/p>\n<p>Bilo je to jako te\u0161ko razdoblje za mene jer se nisam mogla posvetiti svojoj bebi i od tolike sre\u0107e koju sam do\u017eivjela ro\u0111enjem svog prvog djeteta pala sam na samo dno.<\/p>\n<p>Svoju snagu sam pronalazila u molitvi i neizmjernoj podr\u0161ci obitelji i prijatelja.<\/p>\n<p>Poslije operacije je uslijedilo lije\u010denje kemoterapijama, zra\u010denjem i vi\u0161egodi\u0161njom hormonskom terapijom.<\/p>\n<div id=\"attachment_12585\" style=\"width: 1210px\" class=\"wp-caption aligncenter\"><img loading=\"lazy\" decoding=\"async\" aria-describedby=\"caption-attachment-12585\" class=\"size-full wp-image-12585\" src=\"https:\/\/zaposlise.hr\/blog\/wp-content\/uploads\/2025\/03\/Morska-slika.jpg\" alt=\"Podr\u0161ka obitelji, pomo\u0107, snaga, promjene\" width=\"1200\" height=\"900\" srcset=\"https:\/\/zaposlise.hr\/blog\/wp-content\/uploads\/2025\/03\/Morska-slika.jpg 1200w, https:\/\/zaposlise.hr\/blog\/wp-content\/uploads\/2025\/03\/Morska-slika-300x225.jpg 300w, https:\/\/zaposlise.hr\/blog\/wp-content\/uploads\/2025\/03\/Morska-slika-1024x768.jpg 1024w, https:\/\/zaposlise.hr\/blog\/wp-content\/uploads\/2025\/03\/Morska-slika-768x576.jpg 768w, https:\/\/zaposlise.hr\/blog\/wp-content\/uploads\/2025\/03\/Morska-slika-333x250.jpg 333w\" sizes=\"(max-width: 1200px) 100vw, 1200px\" \/><p id=\"caption-attachment-12585\" class=\"wp-caption-text\"><span style=\"font-size: 8pt\">Podr\u0161ka obitelji, pomo\u0107, snaga, promjene; Izvor: Privatna arhiva<\/span><\/p><\/div>\n<p>Moram spomenuti ovdje da sam imala sre\u0107u da me operirao dr. Robert <a href=\"https:\/\/najdoktor.com\/robert-selmani\/d15435\" target=\"_blank\" rel=\"noopener\">Selmani,<\/a> predivan \u010dovjek i predivan doktor koji mi bio velika podr\u0161ka kroz cijelo lije\u010denje.<\/p>\n<h2><span class=\"ez-toc-section\" id=\"Povratak_u_poslovni_svijet\"><\/span>Povratak u poslovni svijet<span class=\"ez-toc-section-end\"><\/span><\/h2>\n<p><strong>Razboljela si se u vrijeme kada mladi grade svoje karijere. Kako je reagirao poslovni svijet na tu te\u0161ku situaciju? Postoji li suosje\u0107anje kolega i voditelja tvrtki danas?<\/strong><\/p>\n<p>Lije\u010denje je trajalo osam mjeseci, nakon toga hormonska terapija \u010dije su nuspojave bile grozne tako da sam \u010desto morala i\u0107i na injekcije, nove pretrage i sl.<\/p>\n<p>Nakon toga sam se po\u010dela osje\u0107ati koliko toliko bolje, a i \u017eeljela sam po\u010deti raditi te zaboraviti na sve \u0161to mi se dogodilo.<\/p>\n<p>Pozitivna kakva jesam, nekako sam se uspjela sastaviti, usuditi i poku\u0161ati, iako mi je stalno bilo u glavi pa \u0161to mi se ima vi\u0161e lo\u0161e dogoditi kad se sve lo\u0161e ve\u0107 dogodilo.<\/p>\n<p>U tim prvim godinama rada osje\u0107ala sam se malo izgubljeno, moje kognitivne sposobnosti su bile lo\u0161e, slaba koncentracija, stalni neobja\u0161njivi umor.<\/p>\n<div id=\"attachment_12568\" style=\"width: 1210px\" class=\"wp-caption aligncenter\"><img loading=\"lazy\" decoding=\"async\" aria-describedby=\"caption-attachment-12568\" class=\"size-full wp-image-12568\" src=\"https:\/\/zaposlise.hr\/blog\/wp-content\/uploads\/2025\/03\/Mateaaa.jpg\" alt=\"Matea Pehar, povratak na posao, umor\" width=\"1200\" height=\"1206\" srcset=\"https:\/\/zaposlise.hr\/blog\/wp-content\/uploads\/2025\/03\/Mateaaa.jpg 1200w, https:\/\/zaposlise.hr\/blog\/wp-content\/uploads\/2025\/03\/Mateaaa-1019x1024.jpg 1019w, https:\/\/zaposlise.hr\/blog\/wp-content\/uploads\/2025\/03\/Mateaaa-150x150.jpg 150w, https:\/\/zaposlise.hr\/blog\/wp-content\/uploads\/2025\/03\/Mateaaa-768x772.jpg 768w, https:\/\/zaposlise.hr\/blog\/wp-content\/uploads\/2025\/03\/Mateaaa-249x250.jpg 249w\" sizes=\"(max-width: 1200px) 100vw, 1200px\" \/><p id=\"caption-attachment-12568\" class=\"wp-caption-text\"><span style=\"font-size: 8pt\">Matea Pehar, povratak na posao, umor; Izvor: Privatna arhiva<\/span><\/p><\/div>\n<p>Tad sam zaista shvatila \u0161to je to \u201echemo brain\u201c, ali upornost i \u017eelja za napredovanjem me vodila dalje.<\/p>\n<p>Svakodnevno sam se borila sama sa sobom da \u0161to vi\u0161e toga nau\u010dim, zapamtim, a svaki put kad ne bih mogla do\u0107i na posao osje\u0107ala sam se pora\u017eeno.<\/p>\n<p>Iako to nisam htjela govoriti kolegama jer nisam htjela da me netko sa\u017ealijeva.<\/p>\n<p>Na meni se ni\u0161ta nije vidjelo kad do\u0111em na posao iako sam danima jedva ustajala, pila tablete protiv bolova, nabacila bih osmijeh i dolazila raditi.<\/p>\n<p>Na sre\u0107u, imala sam predivne kolege koji su imali razumijevanja, ali uvijek bi mi bila nelagoda kad bih nadre\u0111ene pitala za slobodne dane kako bih mogla odraditi bezbrojne pretrage i kontrole.<\/p>\n<p>O nervozi i stresu pred same preglede ne\u0107u puno govoriti prepoznat \u0107e se mnogi koji su to pro\u0161li i onaj detektivski osje\u0107aj analiziranja lije\u010dnikovih izraza lica sve dok ne potvrdi da je sve \u010disto.<\/p>\n<h2><span class=\"ez-toc-section\" id=\"Dobrobit_promjena\"><\/span>Dobrobit promjena<span class=\"ez-toc-section-end\"><\/span><\/h2>\n<p><strong>U svakom zlu je ne\u0161to dobro. Nova dimenzija i druga\u010diji pogled na svijet nakon te\u0161ke bolesti se vidi i u poslovnom svijetu. Koje promjene je donio tebi?<\/strong><\/p>\n<p>Da, definitivno nova dimenzija i pogled na svijet oko sebe. Bolest sam prihvatila kao blagoslov jer kroz proces lije\u010denja puno se dogodilo i lijepih, \u010dudesnih stvari.<\/p>\n<div id=\"attachment_12570\" style=\"width: 1210px\" class=\"wp-caption aligncenter\"><img loading=\"lazy\" decoding=\"async\" aria-describedby=\"caption-attachment-12570\" class=\"size-full wp-image-12570\" src=\"https:\/\/zaposlise.hr\/blog\/wp-content\/uploads\/2025\/03\/Promjene-promjena-posla.jpg\" alt=\"Promjene, promjena posla\" width=\"1200\" height=\"867\" srcset=\"https:\/\/zaposlise.hr\/blog\/wp-content\/uploads\/2025\/03\/Promjene-promjena-posla.jpg 1200w, https:\/\/zaposlise.hr\/blog\/wp-content\/uploads\/2025\/03\/Promjene-promjena-posla-300x217.jpg 300w, https:\/\/zaposlise.hr\/blog\/wp-content\/uploads\/2025\/03\/Promjene-promjena-posla-1024x740.jpg 1024w, https:\/\/zaposlise.hr\/blog\/wp-content\/uploads\/2025\/03\/Promjene-promjena-posla-768x555.jpg 768w, https:\/\/zaposlise.hr\/blog\/wp-content\/uploads\/2025\/03\/Promjene-promjena-posla-346x250.jpg 346w\" sizes=\"(max-width: 1200px) 100vw, 1200px\" \/><p id=\"caption-attachment-12570\" class=\"wp-caption-text\"><span style=\"font-size: 8pt\">Promjene, promjena posla; Izvor: Privatna arhiva<\/span><\/p><\/div>\n<p>Postala sam beskrajno zahvalna, upoznala sam puno predivnih ljudi \u010dije su \u017eivotne borbe ba\u0161 nadahnjuju\u0107e.<\/p>\n<p>Upoznala sam bolje sebe i po\u010dela cijeniti svoj trud i rad. Nastojim \u017eivjeti punim plu\u0107ima i odmaknuti se \u0161to vi\u0161e od stresnih situacija.<\/p>\n<p><strong>Za\u0161to su promjene toliko te\u0161ke?<\/strong><\/p>\n<p>Promjene poslova znaju biti stresne i zdravim ljudima. Ja to sve nekako shva\u0107am dosta emotivno zbog svega \u0161to sam pro\u0161la.<\/p>\n<p>U poslovne izazove idem iskreno sa srcem te nemam vremena za gubljenje na gluposti kao \u0161to su rivalstva na poslu, spletkarenja i sl.<\/p>\n<p><strong>Isplate li se promjene, na kraju svega?<\/strong><\/p>\n<p>Naravno da se isplate, iako nam se nekad \u010dini da nema izlaza, uvijek se otvori neki novi put.<\/p>\n<p>Definitivno smatram da se u svakome od nas nalazi nevjerojatna snaga koju izvu\u010demo u najte\u017eim situacijama u \u017eivotu.<\/p>\n<p><strong>Matea, hvala na razgovoru. Tako\u0111er, hvala na ohrabrenju svima kojima se dogodila rupa u \u017eivotopisu. S<\/strong><strong>retno dalje u svim sferama \u017eivota!<\/strong><\/p>\n","protected":false},"excerpt":{"rendered":"<p>Rupa u \u017eivotopisu je nekada jednostavno neizbje\u017ena. \u017divotne okolnosti dovedu do te situacije. Stru\u010dnjaci za zapo\u0161ljavanje isti\u010du kako rupe u [&hellip;]<\/p>\n","protected":false},"author":4,"featured_media":12560,"comment_status":"closed","ping_status":"closed","sticky":false,"template":"","format":"standard","meta":{"inline_featured_image":false,"footnotes":""},"categories":[27],"tags":[180,32,68,421,420,317],"yoast_head":"<!-- This site is optimized with the Yoast SEO plugin v21.6 - https:\/\/yoast.com\/wordpress\/plugins\/seo\/ -->\n<title>Rupa u \u017eivotopisu? Pro\u010ditajte intervju s Mateom Pehar - Zaposlise.hr<\/title>\n<meta name=\"description\" content=\"Rupa u \u017eivotopisu je nekada jednostavno neizbje\u017ena. \u017divotne okolnosti dovedu do te situacije. Pro\u010ditajte na\u0161 intervju!\" \/>\n<meta name=\"robots\" content=\"index, follow, max-snippet:-1, max-image-preview:large, max-video-preview:-1\" \/>\n<link rel=\"canonical\" href=\"https:\/\/zaposlise.hr\/blog\/rupa-u-zivotopisu\/\" \/>\n<meta property=\"og:locale\" content=\"hr_HR\" \/>\n<meta property=\"og:type\" content=\"article\" \/>\n<meta property=\"og:title\" content=\"Rupa u \u017eivotopisu? Pro\u010ditajte intervju s Mateom Pehar - Zaposlise.hr\" \/>\n<meta property=\"og:description\" content=\"Rupa u \u017eivotopisu je nekada jednostavno neizbje\u017ena. \u017divotne okolnosti dovedu do te situacije. Pro\u010ditajte na\u0161 intervju!\" \/>\n<meta property=\"og:url\" content=\"https:\/\/zaposlise.hr\/blog\/rupa-u-zivotopisu\/\" \/>\n<meta property=\"og:site_name\" content=\"Zaposlise.hr\" \/>\n<meta property=\"article:published_time\" content=\"2025-03-18T20:56:32+00:00\" \/>\n<meta property=\"article:modified_time\" content=\"2025-03-19T09:38:01+00:00\" \/>\n<meta property=\"og:image\" content=\"https:\/\/zaposlise.hr\/blog\/wp-content\/uploads\/2025\/03\/Rupa-u-zivotopisu-intervju-Matea-Pehar.png\" \/>\n\t<meta property=\"og:image:width\" content=\"1200\" \/>\n\t<meta property=\"og:image:height\" content=\"675\" \/>\n\t<meta property=\"og:image:type\" content=\"image\/png\" \/>\n<meta name=\"author\" content=\"Maja Cvetkovic\" \/>\n<meta name=\"twitter:card\" content=\"summary_large_image\" \/>\n<meta name=\"twitter:label1\" content=\"Napisao\/la\" \/>\n\t<meta name=\"twitter:data1\" content=\"Maja Cvetkovic\" \/>\n\t<meta name=\"twitter:label2\" content=\"Procijenjeno vrijeme \u010ditanja\" \/>\n\t<meta name=\"twitter:data2\" content=\"7 minuta\" \/>\n<script type=\"application\/ld+json\" class=\"yoast-schema-graph\">{\"@context\":\"https:\/\/schema.org\",\"@graph\":[{\"@type\":\"Article\",\"@id\":\"https:\/\/zaposlise.hr\/blog\/rupa-u-zivotopisu\/#article\",\"isPartOf\":{\"@id\":\"https:\/\/zaposlise.hr\/blog\/rupa-u-zivotopisu\/\"},\"author\":{\"name\":\"Maja Cvetkovic\",\"@id\":\"https:\/\/zaposlise.hr\/blog\/#\/schema\/person\/11d6327b8569a9e940673e6acbfa396a\"},\"headline\":\"Rupa u \u017eivotopisu? Pro\u010ditajte intervju s Mateom Pehar\",\"datePublished\":\"2025-03-18T20:56:32+00:00\",\"dateModified\":\"2025-03-19T09:38:01+00:00\",\"mainEntityOfPage\":{\"@id\":\"https:\/\/zaposlise.hr\/blog\/rupa-u-zivotopisu\/\"},\"wordCount\":1073,\"publisher\":{\"@id\":\"https:\/\/zaposlise.hr\/blog\/#organization\"},\"keywords\":[\"intervju\",\"Karijera\",\"marketing\",\"promjene\",\"rupa u \u017eivotopisu\",\"suosje\u0107anje\"],\"articleSection\":[\"Karijera\"],\"inLanguage\":\"hr\"},{\"@type\":\"WebPage\",\"@id\":\"https:\/\/zaposlise.hr\/blog\/rupa-u-zivotopisu\/\",\"url\":\"https:\/\/zaposlise.hr\/blog\/rupa-u-zivotopisu\/\",\"name\":\"Rupa u \u017eivotopisu? Pro\u010ditajte intervju s Mateom Pehar - Zaposlise.hr\",\"isPartOf\":{\"@id\":\"https:\/\/zaposlise.hr\/blog\/#website\"},\"datePublished\":\"2025-03-18T20:56:32+00:00\",\"dateModified\":\"2025-03-19T09:38:01+00:00\",\"description\":\"Rupa u \u017eivotopisu je nekada jednostavno neizbje\u017ena. \u017divotne okolnosti dovedu do te situacije. Pro\u010ditajte na\u0161 intervju!\",\"breadcrumb\":{\"@id\":\"https:\/\/zaposlise.hr\/blog\/rupa-u-zivotopisu\/#breadcrumb\"},\"inLanguage\":\"hr\",\"potentialAction\":[{\"@type\":\"ReadAction\",\"target\":[\"https:\/\/zaposlise.hr\/blog\/rupa-u-zivotopisu\/\"]}]},{\"@type\":\"BreadcrumbList\",\"@id\":\"https:\/\/zaposlise.hr\/blog\/rupa-u-zivotopisu\/#breadcrumb\",\"itemListElement\":[{\"@type\":\"ListItem\",\"position\":1,\"name\":\"Po\u010detna stranica\",\"item\":\"https:\/\/zaposlise.hr\/blog\/\"},{\"@type\":\"ListItem\",\"position\":2,\"name\":\"Rupa u \u017eivotopisu? Pro\u010ditajte intervju s Mateom Pehar\"}]},{\"@type\":\"WebSite\",\"@id\":\"https:\/\/zaposlise.hr\/blog\/#website\",\"url\":\"https:\/\/zaposlise.hr\/blog\/\",\"name\":\"Zaposlise.hr\",\"description\":\"Posao za tebe\",\"publisher\":{\"@id\":\"https:\/\/zaposlise.hr\/blog\/#organization\"},\"potentialAction\":[{\"@type\":\"SearchAction\",\"target\":{\"@type\":\"EntryPoint\",\"urlTemplate\":\"https:\/\/zaposlise.hr\/blog\/?s={search_term_string}\"},\"query-input\":\"required name=search_term_string\"}],\"inLanguage\":\"hr\"},{\"@type\":\"Organization\",\"@id\":\"https:\/\/zaposlise.hr\/blog\/#organization\",\"name\":\"Zaposlise.hr\",\"url\":\"https:\/\/zaposlise.hr\/blog\/\",\"logo\":{\"@type\":\"ImageObject\",\"inLanguage\":\"hr\",\"@id\":\"https:\/\/zaposlise.hr\/blog\/#\/schema\/logo\/image\/\",\"url\":\"https:\/\/zaposlise.hr\/blog\/wp-content\/uploads\/2024\/06\/Screenshot-2024-06-05-at-09.05.43.png\",\"contentUrl\":\"https:\/\/zaposlise.hr\/blog\/wp-content\/uploads\/2024\/06\/Screenshot-2024-06-05-at-09.05.43.png\",\"width\":2088,\"height\":592,\"caption\":\"Zaposlise.hr\"},\"image\":{\"@id\":\"https:\/\/zaposlise.hr\/blog\/#\/schema\/logo\/image\/\"}},{\"@type\":\"Person\",\"@id\":\"https:\/\/zaposlise.hr\/blog\/#\/schema\/person\/11d6327b8569a9e940673e6acbfa396a\",\"name\":\"Maja Cvetkovic\",\"image\":{\"@type\":\"ImageObject\",\"inLanguage\":\"hr\",\"@id\":\"https:\/\/zaposlise.hr\/blog\/#\/schema\/person\/image\/\",\"url\":\"https:\/\/secure.gravatar.com\/avatar\/e8d7da4f01ab43b5b98fc69bf899cf57?s=96&d=mm&r=g\",\"contentUrl\":\"https:\/\/secure.gravatar.com\/avatar\/e8d7da4f01ab43b5b98fc69bf899cf57?s=96&d=mm&r=g\",\"caption\":\"Maja Cvetkovic\"},\"url\":\"https:\/\/zaposlise.hr\/blog\/author\/mayacvetkovic\/\"}]}<\/script>\n<!-- \/ Yoast SEO plugin. -->","yoast_head_json":{"title":"Rupa u \u017eivotopisu? Pro\u010ditajte intervju s Mateom Pehar - Zaposlise.hr","description":"Rupa u \u017eivotopisu je nekada jednostavno neizbje\u017ena. \u017divotne okolnosti dovedu do te situacije. Pro\u010ditajte na\u0161 intervju!","robots":{"index":"index","follow":"follow","max-snippet":"max-snippet:-1","max-image-preview":"max-image-preview:large","max-video-preview":"max-video-preview:-1"},"canonical":"https:\/\/zaposlise.hr\/blog\/rupa-u-zivotopisu\/","og_locale":"hr_HR","og_type":"article","og_title":"Rupa u \u017eivotopisu? Pro\u010ditajte intervju s Mateom Pehar - Zaposlise.hr","og_description":"Rupa u \u017eivotopisu je nekada jednostavno neizbje\u017ena. \u017divotne okolnosti dovedu do te situacije. Pro\u010ditajte na\u0161 intervju!","og_url":"https:\/\/zaposlise.hr\/blog\/rupa-u-zivotopisu\/","og_site_name":"Zaposlise.hr","article_published_time":"2025-03-18T20:56:32+00:00","article_modified_time":"2025-03-19T09:38:01+00:00","og_image":[{"width":1200,"height":675,"url":"https:\/\/zaposlise.hr\/blog\/wp-content\/uploads\/2025\/03\/Rupa-u-zivotopisu-intervju-Matea-Pehar.png","type":"image\/png"}],"author":"Maja Cvetkovic","twitter_card":"summary_large_image","twitter_misc":{"Napisao\/la":"Maja Cvetkovic","Procijenjeno vrijeme \u010ditanja":"7 minuta"},"schema":{"@context":"https:\/\/schema.org","@graph":[{"@type":"Article","@id":"https:\/\/zaposlise.hr\/blog\/rupa-u-zivotopisu\/#article","isPartOf":{"@id":"https:\/\/zaposlise.hr\/blog\/rupa-u-zivotopisu\/"},"author":{"name":"Maja Cvetkovic","@id":"https:\/\/zaposlise.hr\/blog\/#\/schema\/person\/11d6327b8569a9e940673e6acbfa396a"},"headline":"Rupa u \u017eivotopisu? Pro\u010ditajte intervju s Mateom Pehar","datePublished":"2025-03-18T20:56:32+00:00","dateModified":"2025-03-19T09:38:01+00:00","mainEntityOfPage":{"@id":"https:\/\/zaposlise.hr\/blog\/rupa-u-zivotopisu\/"},"wordCount":1073,"publisher":{"@id":"https:\/\/zaposlise.hr\/blog\/#organization"},"keywords":["intervju","Karijera","marketing","promjene","rupa u \u017eivotopisu","suosje\u0107anje"],"articleSection":["Karijera"],"inLanguage":"hr"},{"@type":"WebPage","@id":"https:\/\/zaposlise.hr\/blog\/rupa-u-zivotopisu\/","url":"https:\/\/zaposlise.hr\/blog\/rupa-u-zivotopisu\/","name":"Rupa u \u017eivotopisu? Pro\u010ditajte intervju s Mateom Pehar - Zaposlise.hr","isPartOf":{"@id":"https:\/\/zaposlise.hr\/blog\/#website"},"datePublished":"2025-03-18T20:56:32+00:00","dateModified":"2025-03-19T09:38:01+00:00","description":"Rupa u \u017eivotopisu je nekada jednostavno neizbje\u017ena. \u017divotne okolnosti dovedu do te situacije. Pro\u010ditajte na\u0161 intervju!","breadcrumb":{"@id":"https:\/\/zaposlise.hr\/blog\/rupa-u-zivotopisu\/#breadcrumb"},"inLanguage":"hr","potentialAction":[{"@type":"ReadAction","target":["https:\/\/zaposlise.hr\/blog\/rupa-u-zivotopisu\/"]}]},{"@type":"BreadcrumbList","@id":"https:\/\/zaposlise.hr\/blog\/rupa-u-zivotopisu\/#breadcrumb","itemListElement":[{"@type":"ListItem","position":1,"name":"Po\u010detna stranica","item":"https:\/\/zaposlise.hr\/blog\/"},{"@type":"ListItem","position":2,"name":"Rupa u \u017eivotopisu? Pro\u010ditajte intervju s Mateom Pehar"}]},{"@type":"WebSite","@id":"https:\/\/zaposlise.hr\/blog\/#website","url":"https:\/\/zaposlise.hr\/blog\/","name":"Zaposlise.hr","description":"Posao za tebe","publisher":{"@id":"https:\/\/zaposlise.hr\/blog\/#organization"},"potentialAction":[{"@type":"SearchAction","target":{"@type":"EntryPoint","urlTemplate":"https:\/\/zaposlise.hr\/blog\/?s={search_term_string}"},"query-input":"required name=search_term_string"}],"inLanguage":"hr"},{"@type":"Organization","@id":"https:\/\/zaposlise.hr\/blog\/#organization","name":"Zaposlise.hr","url":"https:\/\/zaposlise.hr\/blog\/","logo":{"@type":"ImageObject","inLanguage":"hr","@id":"https:\/\/zaposlise.hr\/blog\/#\/schema\/logo\/image\/","url":"https:\/\/zaposlise.hr\/blog\/wp-content\/uploads\/2024\/06\/Screenshot-2024-06-05-at-09.05.43.png","contentUrl":"https:\/\/zaposlise.hr\/blog\/wp-content\/uploads\/2024\/06\/Screenshot-2024-06-05-at-09.05.43.png","width":2088,"height":592,"caption":"Zaposlise.hr"},"image":{"@id":"https:\/\/zaposlise.hr\/blog\/#\/schema\/logo\/image\/"}},{"@type":"Person","@id":"https:\/\/zaposlise.hr\/blog\/#\/schema\/person\/11d6327b8569a9e940673e6acbfa396a","name":"Maja Cvetkovic","image":{"@type":"ImageObject","inLanguage":"hr","@id":"https:\/\/zaposlise.hr\/blog\/#\/schema\/person\/image\/","url":"https:\/\/secure.gravatar.com\/avatar\/e8d7da4f01ab43b5b98fc69bf899cf57?s=96&d=mm&r=g","contentUrl":"https:\/\/secure.gravatar.com\/avatar\/e8d7da4f01ab43b5b98fc69bf899cf57?s=96&d=mm&r=g","caption":"Maja Cvetkovic"},"url":"https:\/\/zaposlise.hr\/blog\/author\/mayacvetkovic\/"}]}},"_links":{"self":[{"href":"https:\/\/zaposlise.hr\/blog\/wp-json\/wp\/v2\/posts\/12554"}],"collection":[{"href":"https:\/\/zaposlise.hr\/blog\/wp-json\/wp\/v2\/posts"}],"about":[{"href":"https:\/\/zaposlise.hr\/blog\/wp-json\/wp\/v2\/types\/post"}],"author":[{"embeddable":true,"href":"https:\/\/zaposlise.hr\/blog\/wp-json\/wp\/v2\/users\/4"}],"replies":[{"embeddable":true,"href":"https:\/\/zaposlise.hr\/blog\/wp-json\/wp\/v2\/comments?post=12554"}],"version-history":[{"count":19,"href":"https:\/\/zaposlise.hr\/blog\/wp-json\/wp\/v2\/posts\/12554\/revisions"}],"predecessor-version":[{"id":12586,"href":"https:\/\/zaposlise.hr\/blog\/wp-json\/wp\/v2\/posts\/12554\/revisions\/12586"}],"wp:featuredmedia":[{"embeddable":true,"href":"https:\/\/zaposlise.hr\/blog\/wp-json\/wp\/v2\/media\/12560"}],"wp:attachment":[{"href":"https:\/\/zaposlise.hr\/blog\/wp-json\/wp\/v2\/media?parent=12554"}],"wp:term":[{"taxonomy":"category","embeddable":true,"href":"https:\/\/zaposlise.hr\/blog\/wp-json\/wp\/v2\/categories?post=12554"},{"taxonomy":"post_tag","embeddable":true,"href":"https:\/\/zaposlise.hr\/blog\/wp-json\/wp\/v2\/tags?post=12554"}],"curies":[{"name":"wp","href":"https:\/\/api.w.org\/{rel}","templated":true}]}}