{"id":12638,"date":"2025-03-21T12:04:44","date_gmt":"2025-03-21T11:04:44","guid":{"rendered":"https:\/\/zaposlise.hr\/blog\/?p=12638"},"modified":"2025-03-21T12:32:16","modified_gmt":"2025-03-21T11:32:16","slug":"socijalni-radnik","status":"publish","type":"post","link":"https:\/\/zaposlise.hr\/blog\/socijalni-radnik\/","title":{"rendered":"Karijera: \u0161to radi socijalni radnik"},"content":{"rendered":"<span class=\"rt-reading-time\" style=\"display: block;\"><span class=\"rt-label rt-prefix\">Reading Time: <\/span> <span class=\"rt-time\">5<\/span> <span class=\"rt-label rt-postfix\">minute<\/span><\/span><p>Karijera socijalnog radnika zahtjevna je, ali va\u017ena i plemenita. Posao se temelji na humanisti\u010dkim idealima i ljudskim pravima.<\/p>\n<p>Radi se o znanstvenoj disciplini koja promi\u010de razvoj i socijalne promjene. Konkretno se bavi osna\u017eivanjem ljudi za njihovo samostalno i slobodno djelovanje, odnosno kvalitetnijim \u017eivotom.<\/p>\n<blockquote><p>Ostvarivanje socijalne pravde, po\u0161tivanje <a href=\"https:\/\/husr.hr\/web\/?page_id=304\" target=\"_blank\" rel=\"noopener\">ljudskih prava<\/a>, dru\u0161tvene odgovornosti i dru\u0161tvenih razli\u010ditosti su klju\u010dna na\u010dela socijalnog rada.<\/p><\/blockquote>\n<p>Socijalni radnik radi s ljudima i dru\u0161tvenima strukturama. Karijera socijalnog radnika se zasniva na pove\u0107anju dobrobiti ljudi i dru\u0161tva.<\/p>\n<p>Za takav rad potrebno je opse\u017eno znanje iz dru\u0161tveno-humanisti\u010dkih znanosti. Dodatno, potrebna su znanja povezana s kulturolo\u0161kim specifi\u010dnostima dru\u0161tva.<\/p>\n<div id=\"attachment_12651\" style=\"width: 1210px\" class=\"wp-caption aligncenter\"><img loading=\"lazy\" decoding=\"async\" aria-describedby=\"caption-attachment-12651\" class=\"size-full wp-image-12651\" src=\"https:\/\/zaposlise.hr\/blog\/wp-content\/uploads\/2025\/03\/Socijalna-radnica-rad-sa-strankama.jpg\" alt=\"Socijalna radnica, rad sa strankama\" width=\"1200\" height=\"800\" srcset=\"https:\/\/zaposlise.hr\/blog\/wp-content\/uploads\/2025\/03\/Socijalna-radnica-rad-sa-strankama.jpg 1200w, https:\/\/zaposlise.hr\/blog\/wp-content\/uploads\/2025\/03\/Socijalna-radnica-rad-sa-strankama-300x200.jpg 300w, https:\/\/zaposlise.hr\/blog\/wp-content\/uploads\/2025\/03\/Socijalna-radnica-rad-sa-strankama-1024x683.jpg 1024w, https:\/\/zaposlise.hr\/blog\/wp-content\/uploads\/2025\/03\/Socijalna-radnica-rad-sa-strankama-768x512.jpg 768w, https:\/\/zaposlise.hr\/blog\/wp-content\/uploads\/2025\/03\/Socijalna-radnica-rad-sa-strankama-375x250.jpg 375w\" sizes=\"(max-width: 1200px) 100vw, 1200px\" \/><p id=\"caption-attachment-12651\" class=\"wp-caption-text\"><span style=\"font-size: 8pt\">Socijalna radnica, rad sa strankama; Izvor: Unsplash.com<\/span><\/p><\/div>\n<div id=\"ez-toc-container\" class=\"ez-toc-v2_0_64 counter-hierarchy ez-toc-counter ez-toc-white ez-toc-container-direction\">\n<div class=\"ez-toc-title-container\">\n<p class=\"ez-toc-title \" >Sadr\u017eaj<\/p>\n<span class=\"ez-toc-title-toggle\"><\/span><\/div>\n<nav><ul class='ez-toc-list ez-toc-list-level-1 ' ><li class='ez-toc-page-1 ez-toc-heading-level-2'><a class=\"ez-toc-link ez-toc-heading-1\" href=\"https:\/\/zaposlise.hr\/blog\/socijalni-radnik\/#Sto_radi_socijalni_radnik\" title=\"\u0160to radi socijalni radnik?\">\u0160to radi socijalni radnik?<\/a><\/li><li class='ez-toc-page-1 ez-toc-heading-level-2'><a class=\"ez-toc-link ez-toc-heading-2\" href=\"https:\/\/zaposlise.hr\/blog\/socijalni-radnik\/#Gdje_rade_socijalni_radnici\" title=\"Gdje rade socijalni radnici?\">Gdje rade socijalni radnici?<\/a><\/li><li class='ez-toc-page-1 ez-toc-heading-level-2'><a class=\"ez-toc-link ez-toc-heading-3\" href=\"https:\/\/zaposlise.hr\/blog\/socijalni-radnik\/#Ciljevi_u_karijeri_za_socijalne_radnike\" title=\"Ciljevi u karijeri za socijalne radnike\">Ciljevi u karijeri za socijalne radnike<\/a><\/li><li class='ez-toc-page-1 ez-toc-heading-level-2'><a class=\"ez-toc-link ez-toc-heading-4\" href=\"https:\/\/zaposlise.hr\/blog\/socijalni-radnik\/#Sluzenje_zajednici\" title=\"Slu\u017eenje zajednici\">Slu\u017eenje zajednici<\/a><\/li><li class='ez-toc-page-1 ez-toc-heading-level-2'><a class=\"ez-toc-link ez-toc-heading-5\" href=\"https:\/\/zaposlise.hr\/blog\/socijalni-radnik\/#Kontinuirano_obrazovanje\" title=\"Kontinuirano obrazovanje\">Kontinuirano obrazovanje<\/a><\/li><li class='ez-toc-page-1 ez-toc-heading-level-2'><a class=\"ez-toc-link ez-toc-heading-6\" href=\"https:\/\/zaposlise.hr\/blog\/socijalni-radnik\/#Pomaganje_obiteljima\" title=\"Pomaganje obiteljima\">Pomaganje obiteljima<\/a><\/li><li class='ez-toc-page-1 ez-toc-heading-level-2'><a class=\"ez-toc-link ez-toc-heading-7\" href=\"https:\/\/zaposlise.hr\/blog\/socijalni-radnik\/#Briga_o_sebi\" title=\"Briga o sebi\">Briga o sebi<\/a><\/li><li class='ez-toc-page-1 ez-toc-heading-level-2'><a class=\"ez-toc-link ez-toc-heading-8\" href=\"https:\/\/zaposlise.hr\/blog\/socijalni-radnik\/#Kontaktiranje_socijalnog_radnika\" title=\"Kontaktiranje socijalnog radnika\">Kontaktiranje socijalnog radnika<\/a><\/li><li class='ez-toc-page-1 ez-toc-heading-level-2'><a class=\"ez-toc-link ez-toc-heading-9\" href=\"https:\/\/zaposlise.hr\/blog\/socijalni-radnik\/#Kako_mozete_postati_socijalni_radnik\" title=\"Kako mo\u017eete postati socijalni radnik?\">Kako mo\u017eete postati socijalni radnik?<\/a><\/li><\/ul><\/nav><\/div>\n<h2><span class=\"ez-toc-section\" id=\"Sto_radi_socijalni_radnik\"><\/span>\u0160to radi socijalni radnik?<span class=\"ez-toc-section-end\"><\/span><\/h2>\n<p>Socijalni radnici \u017eele pobolj\u0161ati dobrobit i funkcionalnost pojedinaca i skupina unutar svojih zajednica.<\/p>\n<p>Ti stru\u010dnjaci povezuju svoje klijente s resursima koji bi im mogli pomo\u0107i u pobolj\u0161anju kvalitete \u017eivota.<\/p>\n<p>Usredoto\u010duju se na pona\u0161anje, dru\u0161tveni razvoj te kulturne i ekonomske institucije i na to kako te stavke utje\u010du na \u017eivote njihovih stranaka.<\/p>\n<p>Socijalni radnici mogu raditi u razli\u010ditim okru\u017eenjima, od bolnica do popravnih ustanova. Savjetuju, zastupaju stranke, uglavnom u sljede\u0107im podru\u010djima:<\/p>\n<ul>\n<li>Ljudska prava<\/li>\n<li>Osiguranje za slu\u010daj nezaposlenosti<\/li>\n<li>Invalidnina<\/li>\n<li>Prevencija zlostavljanja i zanemarivanja djece<\/li>\n<li>Prevencija besku\u0107ni\u0161tva<\/li>\n<\/ul>\n<div id=\"attachment_12653\" style=\"width: 1210px\" class=\"wp-caption aligncenter\"><img loading=\"lazy\" decoding=\"async\" aria-describedby=\"caption-attachment-12653\" class=\"size-full wp-image-12653\" src=\"https:\/\/zaposlise.hr\/blog\/wp-content\/uploads\/2025\/03\/Beskucnici-socijalni-rad.jpg\" alt=\"Besku\u0107nici, socijalni rad\" width=\"1200\" height=\"800\" srcset=\"https:\/\/zaposlise.hr\/blog\/wp-content\/uploads\/2025\/03\/Beskucnici-socijalni-rad.jpg 1200w, https:\/\/zaposlise.hr\/blog\/wp-content\/uploads\/2025\/03\/Beskucnici-socijalni-rad-300x200.jpg 300w, https:\/\/zaposlise.hr\/blog\/wp-content\/uploads\/2025\/03\/Beskucnici-socijalni-rad-1024x683.jpg 1024w, https:\/\/zaposlise.hr\/blog\/wp-content\/uploads\/2025\/03\/Beskucnici-socijalni-rad-768x512.jpg 768w, https:\/\/zaposlise.hr\/blog\/wp-content\/uploads\/2025\/03\/Beskucnici-socijalni-rad-375x250.jpg 375w\" sizes=\"(max-width: 1200px) 100vw, 1200px\" \/><p id=\"caption-attachment-12653\" class=\"wp-caption-text\"><span style=\"font-size: 8pt\">Besku\u0107nici, socijalni rad; Izvor: Unsplash.com<\/span><\/p><\/div>\n<ul>\n<li>Tretmani mentalnog zdravlja<\/li>\n<li>Dostupnost zdravstvene za\u0161tite<\/li>\n<li>Lije\u010denje ovisnosti o drogama<\/li>\n<\/ul>\n<p>Karijera im se zasniva na zastupanju obesna\u017eenih i diskriminiranih osoba, grupa ili zajednica.<\/p>\n<blockquote><p>Va\u017eno podru\u010dje djelovanja <a href=\"https:\/\/husr.hr\/web\/?page_id=304\" target=\"_blank\" rel=\"noopener\">socijalnih radnika<\/a> je informiranje korisnika o pravima i posredovanje za korisnike u ostvarivanju prava.<\/p><\/blockquote>\n<p><em>Pro\u010ditajte vi\u0161e o <a href=\"https:\/\/zaposlise.hr\/blog\/novcana-naknada-baka-djed-servis-u-samoboru\/\">nov\u010danoj naknadi<\/a> za bake i djedove!\u00a0<\/em><\/p>\n<p>Socijalni radnici \u0161tite prava djece i obitelji, bolesnih i nemo\u0107nih osoba. Donose va\u017ene\u00a0odluke koje mogu utjecati na daljnji \u017eivot korisnika.<\/p>\n<blockquote><p>Socijalni radnik ne mo\u017ee znati \u0161to je najbolje za korisnika, ali mu mo\u017ee, kroz <a href=\"https:\/\/husr.hr\/web\/?page_id=304\" target=\"_blank\" rel=\"noopener\">suradnju<\/a> pomo\u0107i, da jasnije sagleda vlastite pote\u0161ko\u0107e.<\/p><\/blockquote>\n<p>Informiraju osobu o pravima, hrabre ih i podr\u017eavaju da samostalno donesu odluku o svom \u017eivotu. Tako\u0111er, da odgovaraju za svoje izbore.<\/p>\n<div id=\"attachment_12656\" style=\"width: 1210px\" class=\"wp-caption aligncenter\"><img loading=\"lazy\" decoding=\"async\" aria-describedby=\"caption-attachment-12656\" class=\"size-full wp-image-12656\" src=\"https:\/\/zaposlise.hr\/blog\/wp-content\/uploads\/2025\/03\/Socijalni-rad-suosjecanje.jpg\" alt=\"Socijalni rad, suosje\u0107anje\" width=\"1200\" height=\"800\" srcset=\"https:\/\/zaposlise.hr\/blog\/wp-content\/uploads\/2025\/03\/Socijalni-rad-suosjecanje.jpg 1200w, https:\/\/zaposlise.hr\/blog\/wp-content\/uploads\/2025\/03\/Socijalni-rad-suosjecanje-300x200.jpg 300w, https:\/\/zaposlise.hr\/blog\/wp-content\/uploads\/2025\/03\/Socijalni-rad-suosjecanje-1024x683.jpg 1024w, https:\/\/zaposlise.hr\/blog\/wp-content\/uploads\/2025\/03\/Socijalni-rad-suosjecanje-768x512.jpg 768w, https:\/\/zaposlise.hr\/blog\/wp-content\/uploads\/2025\/03\/Socijalni-rad-suosjecanje-375x250.jpg 375w\" sizes=\"(max-width: 1200px) 100vw, 1200px\" \/><p id=\"caption-attachment-12656\" class=\"wp-caption-text\"><span style=\"font-size: 8pt\">Socijalni rad, suosje\u0107anje; Izvor: Unsplash.com<\/span><\/p><\/div>\n<p>Socijalni radnici pru\u017eaju potrebnu materijalnu i drugu pomo\u0107 i podr\u0161ku kako bi prevladali \u017eivotne pote\u0161ko\u0107e.<\/p>\n<h2><span class=\"ez-toc-section\" id=\"Gdje_rade_socijalni_radnici\"><\/span>Gdje rade socijalni radnici?<span class=\"ez-toc-section-end\"><\/span><\/h2>\n<p>Ovi stru\u010dnjaci rade u\u00a0podru\u010dju socijalne skrbi, odgoja i obrazovanja, zdravstva, pravosu\u0111a, lokalne uprave, civilnog dru\u0161tva, vjerskih i humanitarnih zajednica i drugim djelatnostima.<\/p>\n<p>Karijera im je povezana s javnim ustanovama, no sve \u010de\u0161\u0107e svoje mjesto pronalaze u\u00a0organizacijama civilnog dru\u0161tva uklju\u010denima u rad sa pojedincima koji prolaze kroz pote\u0161ko\u0107e.<\/p>\n<p>Socijalni radnici se bore s\u00a0problemom siroma\u0161tva, nezaposlenosti, ovisnosti o alkoholu, opojnim drogama i dr.<\/p>\n<p>Ponekad rade s osobama\u00a0 koje boluju od psihi\u010dkih bolesti i drugih te\u017eih oboljenja. Poma\u017eu i \u010dlanovima njihovih obitelji.<\/p>\n<p>Vrlo zna\u010dajnu ulogu imaju kod za\u0161tite djece i obitelji u pote\u0161ko\u0107ama. Problemi su uglavnom izazvani stresom, obiteljskim nasiljem, naru\u0161enim obiteljskim odnosima.<\/p>\n<blockquote><p>Socijalni radnici \u010desto djeluju u podru\u010dju institucionalne i izvaninstitucionalne za\u0161tite djece i odraslih osoba kojima je zbog nepovoljnih \u017eivotnih uvjeta, bolesti i nemo\u0107i.<\/p>\n<p>Tako\u0111er, izostanka obiteljske podr\u0161ke potrebno osigurati smje\u0161taj u ustanovama socijalne skrbi ili <a href=\"https:\/\/husr.hr\/web\/?page_id=304\" target=\"_blank\" rel=\"noopener\">udomiteljskim obiteljima<\/a>.<\/p><\/blockquote>\n<div id=\"attachment_12658\" style=\"width: 1210px\" class=\"wp-caption aligncenter\"><img loading=\"lazy\" decoding=\"async\" aria-describedby=\"caption-attachment-12658\" class=\"size-full wp-image-12658\" src=\"https:\/\/zaposlise.hr\/blog\/wp-content\/uploads\/2025\/03\/Pomaganje-socijalne-vjestine.jpg\" alt=\"Pomaganje, socijalne vje\u0161tine\" width=\"1200\" height=\"800\" srcset=\"https:\/\/zaposlise.hr\/blog\/wp-content\/uploads\/2025\/03\/Pomaganje-socijalne-vjestine.jpg 1200w, https:\/\/zaposlise.hr\/blog\/wp-content\/uploads\/2025\/03\/Pomaganje-socijalne-vjestine-300x200.jpg 300w, https:\/\/zaposlise.hr\/blog\/wp-content\/uploads\/2025\/03\/Pomaganje-socijalne-vjestine-1024x683.jpg 1024w, https:\/\/zaposlise.hr\/blog\/wp-content\/uploads\/2025\/03\/Pomaganje-socijalne-vjestine-768x512.jpg 768w, https:\/\/zaposlise.hr\/blog\/wp-content\/uploads\/2025\/03\/Pomaganje-socijalne-vjestine-375x250.jpg 375w\" sizes=\"(max-width: 1200px) 100vw, 1200px\" \/><p id=\"caption-attachment-12658\" class=\"wp-caption-text\"><span style=\"font-size: 8pt\">Pomaganje, socijalne vje\u0161tine; Izvor: Unsplash.com<\/span><\/p><\/div>\n<p>Socijalni radnici sudjeluju u razvoju socijalne politike i upravljanju socijalnim uslugama. Pokreta\u010di su socijalnih akcija u zajednici.<\/p>\n<p>Karijera ovih stru\u010dnjaka se mo\u017ee nastaviti i u privatnoj praksi\u00a0kao konzultanti odre\u0111enih organizacija i u ljudskim resursima, te kao obiteljski terapeuti i savjetnici.<\/p>\n<p><em>Pro\u010ditajte vi\u0161e o iznosu pla\u0107e kod <a href=\"https:\/\/zaposlise.hr\/blog\/koliko-uistinu-iznosi-placa-kod-privatnika\/\">privatnika<\/a>.\u00a0<\/em><\/p>\n<h2><span class=\"ez-toc-section\" id=\"Ciljevi_u_karijeri_za_socijalne_radnike\"><\/span>Ciljevi u karijeri za socijalne radnike<span class=\"ez-toc-section-end\"><\/span><\/h2>\n<p><strong>Pro\u010ditajte neke od poslovnih i privatnih ciljeva u karijeri socijalnih radnika:<\/strong><\/p>\n<h2><span class=\"ez-toc-section\" id=\"Sluzenje_zajednici\"><\/span>Slu\u017eenje zajednici<span class=\"ez-toc-section-end\"><\/span><\/h2>\n<p>Osobe koje \u017eele raditi dobro za dru\u0161tvenu zajednicu \u010desto pronalaze put svoje karijere u socijalnom radu. Imaju pozitivan utjecaj na svoje stranke i cijelu zajednicu.<\/p>\n<p>Svojom produktivnosti pridonose dru\u0161tvu i pridonose dobrobiti zajednice.<\/p>\n<h2><span class=\"ez-toc-section\" id=\"Kontinuirano_obrazovanje\"><\/span>Kontinuirano obrazovanje<span class=\"ez-toc-section-end\"><\/span><\/h2>\n<p>Jedan od karijernih ciljeva socijalnog radnika je kontinuirano obrazovanje.<\/p>\n<p>Minimalni obrazovni zahtjevi za ve\u0107inu karijera na po\u010detnoj razini u socijalnom radu uklju\u010duju diplomu prvostupnika socijalnog rada ili srodnog podru\u010dja.<\/p>\n<p>Naprednije pozicije u ovom podru\u010dju \u010desto zahtijevaju magisterij iz socijalnog rada ili srodnog podru\u010dja.<\/p>\n<div id=\"attachment_12661\" style=\"width: 1210px\" class=\"wp-caption aligncenter\"><img loading=\"lazy\" decoding=\"async\" aria-describedby=\"caption-attachment-12661\" class=\"size-full wp-image-12661\" src=\"https:\/\/zaposlise.hr\/blog\/wp-content\/uploads\/2025\/03\/Obrazovanje-studij-socijalni-rad.jpg\" alt=\"Obrazovanje, studij, socijalni rad\" width=\"1200\" height=\"800\" srcset=\"https:\/\/zaposlise.hr\/blog\/wp-content\/uploads\/2025\/03\/Obrazovanje-studij-socijalni-rad.jpg 1200w, https:\/\/zaposlise.hr\/blog\/wp-content\/uploads\/2025\/03\/Obrazovanje-studij-socijalni-rad-300x200.jpg 300w, https:\/\/zaposlise.hr\/blog\/wp-content\/uploads\/2025\/03\/Obrazovanje-studij-socijalni-rad-1024x683.jpg 1024w, https:\/\/zaposlise.hr\/blog\/wp-content\/uploads\/2025\/03\/Obrazovanje-studij-socijalni-rad-768x512.jpg 768w, https:\/\/zaposlise.hr\/blog\/wp-content\/uploads\/2025\/03\/Obrazovanje-studij-socijalni-rad-375x250.jpg 375w\" sizes=\"(max-width: 1200px) 100vw, 1200px\" \/><p id=\"caption-attachment-12661\" class=\"wp-caption-text\"><span style=\"font-size: 8pt\">Obrazovanje, studij, socijalni rad; Izvor: Unsplash.com<\/span><\/p><\/div>\n<p>Razmislite o nastavku obrazovanja kako biste napredovali u karijeri, pove\u0107ali svoje vje\u0161tine ili pro\u0161irili svoje znanje u posebnim podru\u010djima.<\/p>\n<p><em>Pro\u010ditajte vi\u0161e o <a href=\"https:\/\/zaposlise.hr\/blog\/zivotopis-mora-sadrzavati-meke-vjestine\/\">mekim vje\u0161tinama<\/a> potrebnih za razvoj karijere.\u00a0<\/em><\/p>\n<h2><span class=\"ez-toc-section\" id=\"Pomaganje_obiteljima\"><\/span>Pomaganje obiteljima<span class=\"ez-toc-section-end\"><\/span><\/h2>\n<p>Cilj socijalnih radnika za mlade i obitelj je pomo\u0107i tim skupinama. Povezuju ih s resursima, kroz savjetovanje i specijalizirani tretman.<\/p>\n<p>Tako\u0111er, obiteljima poma\u017eu prona\u0107i prikladan stambeni prostor. Povezuju obitelji s terapeutima i pru\u017eaju emocionalnu podr\u0161ku djeci u izazovnim vremenima.<\/p>\n<p>Pomaganje obiteljima u ponovnoj izgradnji i odr\u017eavanju zdravih me\u0111usobnih odnosa i njihovih zajednica mo\u017ee biti ispunjavaju\u0107i cilj za socijalne radnike koji su specijalizirani za ovo podru\u010dje.<\/p>\n<h2><span class=\"ez-toc-section\" id=\"Briga_o_sebi\"><\/span>Briga o sebi<span class=\"ez-toc-section-end\"><\/span><\/h2>\n<p>Socijalni radnik mo\u017ee do\u017eivjeti visoku razinu stresa ili emocija. Prakticiranje brige o sebi va\u017ean je cilj prema kojem treba raditi u ovoj karijeri.<\/p>\n<div id=\"attachment_12663\" style=\"width: 1210px\" class=\"wp-caption aligncenter\"><img loading=\"lazy\" decoding=\"async\" aria-describedby=\"caption-attachment-12663\" class=\"size-full wp-image-12663\" src=\"https:\/\/zaposlise.hr\/blog\/wp-content\/uploads\/2025\/03\/Rad-na-sebi-briga-o-sebi.jpg\" alt=\"Rad na sebi, briga o sebi\" width=\"1200\" height=\"800\" srcset=\"https:\/\/zaposlise.hr\/blog\/wp-content\/uploads\/2025\/03\/Rad-na-sebi-briga-o-sebi.jpg 1200w, https:\/\/zaposlise.hr\/blog\/wp-content\/uploads\/2025\/03\/Rad-na-sebi-briga-o-sebi-300x200.jpg 300w, https:\/\/zaposlise.hr\/blog\/wp-content\/uploads\/2025\/03\/Rad-na-sebi-briga-o-sebi-1024x683.jpg 1024w, https:\/\/zaposlise.hr\/blog\/wp-content\/uploads\/2025\/03\/Rad-na-sebi-briga-o-sebi-768x512.jpg 768w, https:\/\/zaposlise.hr\/blog\/wp-content\/uploads\/2025\/03\/Rad-na-sebi-briga-o-sebi-375x250.jpg 375w\" sizes=\"(max-width: 1200px) 100vw, 1200px\" \/><p id=\"caption-attachment-12663\" class=\"wp-caption-text\"><span style=\"font-size: 8pt\">Rad na sebi, briga o sebi; Izvor: Unsplash.com<\/span><\/p><\/div>\n<p>Odr\u017eavanje va\u0161eg mentalnog i fizi\u010dkog zdravlja mo\u017ee vam pomo\u0107i da budete u mogu\u0107nosti pru\u017eiti optimalnu njegu i podr\u0161ku svojim strankama.<\/p>\n<p>Razmislite o redovitom vje\u017ebanju, satovima meditacije, zdravoj i uravnote\u017eenoj prehrani, odr\u017eavanju hidratacije, odr\u017eavanju redovitog rasporeda spavanja.<\/p>\n<p>Po\u017eeljno je potra\u017eiti pomo\u0107 savjetnika ili terapeuta po potrebi.<\/p>\n<h2><span class=\"ez-toc-section\" id=\"Kontaktiranje_socijalnog_radnika\"><\/span>Kontaktiranje socijalnog radnika<span class=\"ez-toc-section-end\"><\/span><\/h2>\n<p>Mo\u017eete se obratiti centru za socijalnu skrb na podru\u010dju stanovanja i zatra\u017eiti razgovor sa socijalnim radnikom.<\/p>\n<p>Najvi\u0161e djelatnika zaposleno je upravo u Centru za socijalnu skrb. No, tamo rade i drugi stru\u010dnjaci poput socijalnih pedagoga, psihologa, defektologa i pravnika.<\/p>\n<p>Svatko tko \u017eeli rije\u0161iti svoj problem uz pomo\u0107 centara za socijalnu skrb mora dobiti stru\u010dnu pomo\u0107 i podr\u0161ku i zadovoljiti svoje potrebe.<\/p>\n<div id=\"attachment_12665\" style=\"width: 1210px\" class=\"wp-caption aligncenter\"><img loading=\"lazy\" decoding=\"async\" aria-describedby=\"caption-attachment-12665\" class=\"size-full wp-image-12665\" src=\"https:\/\/zaposlise.hr\/blog\/wp-content\/uploads\/2025\/03\/Kontaktiranje-socijalnog-radnika.jpg\" alt=\"Kontaktiranje socijalnog radnika\" width=\"1200\" height=\"800\" srcset=\"https:\/\/zaposlise.hr\/blog\/wp-content\/uploads\/2025\/03\/Kontaktiranje-socijalnog-radnika.jpg 1200w, https:\/\/zaposlise.hr\/blog\/wp-content\/uploads\/2025\/03\/Kontaktiranje-socijalnog-radnika-300x200.jpg 300w, https:\/\/zaposlise.hr\/blog\/wp-content\/uploads\/2025\/03\/Kontaktiranje-socijalnog-radnika-1024x683.jpg 1024w, https:\/\/zaposlise.hr\/blog\/wp-content\/uploads\/2025\/03\/Kontaktiranje-socijalnog-radnika-768x512.jpg 768w, https:\/\/zaposlise.hr\/blog\/wp-content\/uploads\/2025\/03\/Kontaktiranje-socijalnog-radnika-375x250.jpg 375w\" sizes=\"(max-width: 1200px) 100vw, 1200px\" \/><p id=\"caption-attachment-12665\" class=\"wp-caption-text\"><span style=\"font-size: 8pt\">Kontaktiranje socijalnog radnika; Izvor: Unsplash.com<\/span><\/p><\/div>\n<blockquote><p>Va\u017eno je znati da tra\u017eenje pomo\u0107i nije \u00abslabost\u00bb nego <a href=\"https:\/\/husr.hr\/web\/?page_id=304\">odgovorno pona\u0161anje<\/a> i pravo svake osobe koje je ujedno utvr\u0111eno i zakonom.<\/p><\/blockquote>\n<h2><span class=\"ez-toc-section\" id=\"Kako_mozete_postati_socijalni_radnik\"><\/span>Kako mo\u017eete postati socijalni radnik?<span class=\"ez-toc-section-end\"><\/span><\/h2>\n<p>U Hrvatskoj socijalni radnici moraju zavr\u0161iti \u010detverogodi\u0161nji preddiplomski studij. Time stje\u010du titulu prvostupnika socijalnog rada. Drugi izbor je petogodi\u0161nje diplomsko obrazovanje.<\/p>\n<p>Zavr\u0161avanjem tog studija osoba stje\u010de titulu magistra struke iz socijalnog rada.<\/p>\n<p>Socijalni radnici se mogu obrazovati na\u00a0Studijskom centru socijalnog rada pri Pravnom fakultetu sveu\u010dili\u0161ta u Zagrebu.<\/p>\n<p>Po zavr\u0161etku diplomskog studija socijalni radnici mogu na istom Studiju nastaviti obrazovanje na poslijediplomskom doktorskom studiju i specijalisti\u010dkim studijima.<\/p>\n<p>Tra\u017eite promjenu karijere? Napi\u0161ite dobar <a href=\"https:\/\/zaposlise.hr\/blog\/zivotopis-kako-se-istaknuti\/\" target=\"_blank\" rel=\"noopener\">\u017eivotopis<\/a>, jer ga poslodavcu \u010ditaju samo sedam sekundi. Saznajte vi\u0161e!<\/p>\n","protected":false},"excerpt":{"rendered":"<p>Karijera socijalnog radnika zahtjevna je, ali va\u017ena i plemenita. Posao se temelji na humanisti\u010dkim idealima i ljudskim pravima. Radi se [&hellip;]<\/p>\n","protected":false},"author":4,"featured_media":12641,"comment_status":"closed","ping_status":"closed","sticky":false,"template":"","format":"standard","meta":{"inline_featured_image":false,"footnotes":""},"categories":[27],"tags":[32,50,308,423,134],"yoast_head":"<!-- This site is optimized with the Yoast SEO plugin v21.6 - https:\/\/yoast.com\/wordpress\/plugins\/seo\/ -->\n<title>Karijera: \u0161to radi socijalni radnik - Zaposlise.hr<\/title>\n<meta name=\"description\" content=\"Karijera socijalnog radnika zahtjevna je, va\u017ena i plemenita. Posao se temelji na humanisti\u010dkim idealima i ljudskim pravima. Saznajte vi\u0161e!\" \/>\n<meta name=\"robots\" content=\"index, follow, max-snippet:-1, max-image-preview:large, max-video-preview:-1\" \/>\n<link rel=\"canonical\" href=\"https:\/\/zaposlise.hr\/blog\/socijalni-radnik\/\" \/>\n<meta property=\"og:locale\" content=\"hr_HR\" \/>\n<meta property=\"og:type\" content=\"article\" \/>\n<meta property=\"og:title\" content=\"Karijera: \u0161to radi socijalni radnik - Zaposlise.hr\" \/>\n<meta property=\"og:description\" content=\"Karijera socijalnog radnika zahtjevna je, va\u017ena i plemenita. Posao se temelji na humanisti\u010dkim idealima i ljudskim pravima. Saznajte vi\u0161e!\" \/>\n<meta property=\"og:url\" content=\"https:\/\/zaposlise.hr\/blog\/socijalni-radnik\/\" \/>\n<meta property=\"og:site_name\" content=\"Zaposlise.hr\" \/>\n<meta property=\"article:published_time\" content=\"2025-03-21T11:04:44+00:00\" \/>\n<meta property=\"article:modified_time\" content=\"2025-03-21T11:32:16+00:00\" \/>\n<meta property=\"og:image\" content=\"https:\/\/zaposlise.hr\/blog\/wp-content\/uploads\/2025\/03\/Karijera-socijalni-radnik-socijalni-rad.png\" \/>\n\t<meta property=\"og:image:width\" content=\"1200\" \/>\n\t<meta property=\"og:image:height\" content=\"675\" \/>\n\t<meta property=\"og:image:type\" content=\"image\/png\" \/>\n<meta name=\"author\" content=\"Maja Cvetkovic\" \/>\n<meta name=\"twitter:card\" content=\"summary_large_image\" \/>\n<meta name=\"twitter:label1\" content=\"Napisao\/la\" \/>\n\t<meta name=\"twitter:data1\" content=\"Maja Cvetkovic\" \/>\n\t<meta name=\"twitter:label2\" content=\"Procijenjeno vrijeme \u010ditanja\" \/>\n\t<meta name=\"twitter:data2\" content=\"7 minuta\" \/>\n<script type=\"application\/ld+json\" class=\"yoast-schema-graph\">{\"@context\":\"https:\/\/schema.org\",\"@graph\":[{\"@type\":\"Article\",\"@id\":\"https:\/\/zaposlise.hr\/blog\/socijalni-radnik\/#article\",\"isPartOf\":{\"@id\":\"https:\/\/zaposlise.hr\/blog\/socijalni-radnik\/\"},\"author\":{\"name\":\"Maja Cvetkovic\",\"@id\":\"https:\/\/zaposlise.hr\/blog\/#\/schema\/person\/11d6327b8569a9e940673e6acbfa396a\"},\"headline\":\"Karijera: \u0161to radi socijalni radnik\",\"datePublished\":\"2025-03-21T11:04:44+00:00\",\"dateModified\":\"2025-03-21T11:32:16+00:00\",\"mainEntityOfPage\":{\"@id\":\"https:\/\/zaposlise.hr\/blog\/socijalni-radnik\/\"},\"wordCount\":1202,\"publisher\":{\"@id\":\"https:\/\/zaposlise.hr\/blog\/#organization\"},\"keywords\":[\"Karijera\",\"meke vje\u0161tine\",\"privatni posao\",\"socijalni radnik\",\"\u017eivotopis\"],\"articleSection\":[\"Karijera\"],\"inLanguage\":\"hr\"},{\"@type\":\"WebPage\",\"@id\":\"https:\/\/zaposlise.hr\/blog\/socijalni-radnik\/\",\"url\":\"https:\/\/zaposlise.hr\/blog\/socijalni-radnik\/\",\"name\":\"Karijera: \u0161to radi socijalni radnik - Zaposlise.hr\",\"isPartOf\":{\"@id\":\"https:\/\/zaposlise.hr\/blog\/#website\"},\"datePublished\":\"2025-03-21T11:04:44+00:00\",\"dateModified\":\"2025-03-21T11:32:16+00:00\",\"description\":\"Karijera socijalnog radnika zahtjevna je, va\u017ena i plemenita. Posao se temelji na humanisti\u010dkim idealima i ljudskim pravima. Saznajte vi\u0161e!\",\"breadcrumb\":{\"@id\":\"https:\/\/zaposlise.hr\/blog\/socijalni-radnik\/#breadcrumb\"},\"inLanguage\":\"hr\",\"potentialAction\":[{\"@type\":\"ReadAction\",\"target\":[\"https:\/\/zaposlise.hr\/blog\/socijalni-radnik\/\"]}]},{\"@type\":\"BreadcrumbList\",\"@id\":\"https:\/\/zaposlise.hr\/blog\/socijalni-radnik\/#breadcrumb\",\"itemListElement\":[{\"@type\":\"ListItem\",\"position\":1,\"name\":\"Po\u010detna stranica\",\"item\":\"https:\/\/zaposlise.hr\/blog\/\"},{\"@type\":\"ListItem\",\"position\":2,\"name\":\"Karijera: \u0161to radi socijalni radnik\"}]},{\"@type\":\"WebSite\",\"@id\":\"https:\/\/zaposlise.hr\/blog\/#website\",\"url\":\"https:\/\/zaposlise.hr\/blog\/\",\"name\":\"Zaposlise.hr\",\"description\":\"Posao za tebe\",\"publisher\":{\"@id\":\"https:\/\/zaposlise.hr\/blog\/#organization\"},\"potentialAction\":[{\"@type\":\"SearchAction\",\"target\":{\"@type\":\"EntryPoint\",\"urlTemplate\":\"https:\/\/zaposlise.hr\/blog\/?s={search_term_string}\"},\"query-input\":\"required name=search_term_string\"}],\"inLanguage\":\"hr\"},{\"@type\":\"Organization\",\"@id\":\"https:\/\/zaposlise.hr\/blog\/#organization\",\"name\":\"Zaposlise.hr\",\"url\":\"https:\/\/zaposlise.hr\/blog\/\",\"logo\":{\"@type\":\"ImageObject\",\"inLanguage\":\"hr\",\"@id\":\"https:\/\/zaposlise.hr\/blog\/#\/schema\/logo\/image\/\",\"url\":\"https:\/\/zaposlise.hr\/blog\/wp-content\/uploads\/2024\/06\/Screenshot-2024-06-05-at-09.05.43.png\",\"contentUrl\":\"https:\/\/zaposlise.hr\/blog\/wp-content\/uploads\/2024\/06\/Screenshot-2024-06-05-at-09.05.43.png\",\"width\":2088,\"height\":592,\"caption\":\"Zaposlise.hr\"},\"image\":{\"@id\":\"https:\/\/zaposlise.hr\/blog\/#\/schema\/logo\/image\/\"}},{\"@type\":\"Person\",\"@id\":\"https:\/\/zaposlise.hr\/blog\/#\/schema\/person\/11d6327b8569a9e940673e6acbfa396a\",\"name\":\"Maja Cvetkovic\",\"image\":{\"@type\":\"ImageObject\",\"inLanguage\":\"hr\",\"@id\":\"https:\/\/zaposlise.hr\/blog\/#\/schema\/person\/image\/\",\"url\":\"https:\/\/secure.gravatar.com\/avatar\/e8d7da4f01ab43b5b98fc69bf899cf57?s=96&d=mm&r=g\",\"contentUrl\":\"https:\/\/secure.gravatar.com\/avatar\/e8d7da4f01ab43b5b98fc69bf899cf57?s=96&d=mm&r=g\",\"caption\":\"Maja Cvetkovic\"},\"url\":\"https:\/\/zaposlise.hr\/blog\/author\/mayacvetkovic\/\"}]}<\/script>\n<!-- \/ Yoast SEO plugin. -->","yoast_head_json":{"title":"Karijera: \u0161to radi socijalni radnik - Zaposlise.hr","description":"Karijera socijalnog radnika zahtjevna je, va\u017ena i plemenita. Posao se temelji na humanisti\u010dkim idealima i ljudskim pravima. Saznajte vi\u0161e!","robots":{"index":"index","follow":"follow","max-snippet":"max-snippet:-1","max-image-preview":"max-image-preview:large","max-video-preview":"max-video-preview:-1"},"canonical":"https:\/\/zaposlise.hr\/blog\/socijalni-radnik\/","og_locale":"hr_HR","og_type":"article","og_title":"Karijera: \u0161to radi socijalni radnik - Zaposlise.hr","og_description":"Karijera socijalnog radnika zahtjevna je, va\u017ena i plemenita. Posao se temelji na humanisti\u010dkim idealima i ljudskim pravima. Saznajte vi\u0161e!","og_url":"https:\/\/zaposlise.hr\/blog\/socijalni-radnik\/","og_site_name":"Zaposlise.hr","article_published_time":"2025-03-21T11:04:44+00:00","article_modified_time":"2025-03-21T11:32:16+00:00","og_image":[{"width":1200,"height":675,"url":"https:\/\/zaposlise.hr\/blog\/wp-content\/uploads\/2025\/03\/Karijera-socijalni-radnik-socijalni-rad.png","type":"image\/png"}],"author":"Maja Cvetkovic","twitter_card":"summary_large_image","twitter_misc":{"Napisao\/la":"Maja Cvetkovic","Procijenjeno vrijeme \u010ditanja":"7 minuta"},"schema":{"@context":"https:\/\/schema.org","@graph":[{"@type":"Article","@id":"https:\/\/zaposlise.hr\/blog\/socijalni-radnik\/#article","isPartOf":{"@id":"https:\/\/zaposlise.hr\/blog\/socijalni-radnik\/"},"author":{"name":"Maja Cvetkovic","@id":"https:\/\/zaposlise.hr\/blog\/#\/schema\/person\/11d6327b8569a9e940673e6acbfa396a"},"headline":"Karijera: \u0161to radi socijalni radnik","datePublished":"2025-03-21T11:04:44+00:00","dateModified":"2025-03-21T11:32:16+00:00","mainEntityOfPage":{"@id":"https:\/\/zaposlise.hr\/blog\/socijalni-radnik\/"},"wordCount":1202,"publisher":{"@id":"https:\/\/zaposlise.hr\/blog\/#organization"},"keywords":["Karijera","meke vje\u0161tine","privatni posao","socijalni radnik","\u017eivotopis"],"articleSection":["Karijera"],"inLanguage":"hr"},{"@type":"WebPage","@id":"https:\/\/zaposlise.hr\/blog\/socijalni-radnik\/","url":"https:\/\/zaposlise.hr\/blog\/socijalni-radnik\/","name":"Karijera: \u0161to radi socijalni radnik - Zaposlise.hr","isPartOf":{"@id":"https:\/\/zaposlise.hr\/blog\/#website"},"datePublished":"2025-03-21T11:04:44+00:00","dateModified":"2025-03-21T11:32:16+00:00","description":"Karijera socijalnog radnika zahtjevna je, va\u017ena i plemenita. Posao se temelji na humanisti\u010dkim idealima i ljudskim pravima. Saznajte vi\u0161e!","breadcrumb":{"@id":"https:\/\/zaposlise.hr\/blog\/socijalni-radnik\/#breadcrumb"},"inLanguage":"hr","potentialAction":[{"@type":"ReadAction","target":["https:\/\/zaposlise.hr\/blog\/socijalni-radnik\/"]}]},{"@type":"BreadcrumbList","@id":"https:\/\/zaposlise.hr\/blog\/socijalni-radnik\/#breadcrumb","itemListElement":[{"@type":"ListItem","position":1,"name":"Po\u010detna stranica","item":"https:\/\/zaposlise.hr\/blog\/"},{"@type":"ListItem","position":2,"name":"Karijera: \u0161to radi socijalni radnik"}]},{"@type":"WebSite","@id":"https:\/\/zaposlise.hr\/blog\/#website","url":"https:\/\/zaposlise.hr\/blog\/","name":"Zaposlise.hr","description":"Posao za tebe","publisher":{"@id":"https:\/\/zaposlise.hr\/blog\/#organization"},"potentialAction":[{"@type":"SearchAction","target":{"@type":"EntryPoint","urlTemplate":"https:\/\/zaposlise.hr\/blog\/?s={search_term_string}"},"query-input":"required name=search_term_string"}],"inLanguage":"hr"},{"@type":"Organization","@id":"https:\/\/zaposlise.hr\/blog\/#organization","name":"Zaposlise.hr","url":"https:\/\/zaposlise.hr\/blog\/","logo":{"@type":"ImageObject","inLanguage":"hr","@id":"https:\/\/zaposlise.hr\/blog\/#\/schema\/logo\/image\/","url":"https:\/\/zaposlise.hr\/blog\/wp-content\/uploads\/2024\/06\/Screenshot-2024-06-05-at-09.05.43.png","contentUrl":"https:\/\/zaposlise.hr\/blog\/wp-content\/uploads\/2024\/06\/Screenshot-2024-06-05-at-09.05.43.png","width":2088,"height":592,"caption":"Zaposlise.hr"},"image":{"@id":"https:\/\/zaposlise.hr\/blog\/#\/schema\/logo\/image\/"}},{"@type":"Person","@id":"https:\/\/zaposlise.hr\/blog\/#\/schema\/person\/11d6327b8569a9e940673e6acbfa396a","name":"Maja Cvetkovic","image":{"@type":"ImageObject","inLanguage":"hr","@id":"https:\/\/zaposlise.hr\/blog\/#\/schema\/person\/image\/","url":"https:\/\/secure.gravatar.com\/avatar\/e8d7da4f01ab43b5b98fc69bf899cf57?s=96&d=mm&r=g","contentUrl":"https:\/\/secure.gravatar.com\/avatar\/e8d7da4f01ab43b5b98fc69bf899cf57?s=96&d=mm&r=g","caption":"Maja Cvetkovic"},"url":"https:\/\/zaposlise.hr\/blog\/author\/mayacvetkovic\/"}]}},"_links":{"self":[{"href":"https:\/\/zaposlise.hr\/blog\/wp-json\/wp\/v2\/posts\/12638"}],"collection":[{"href":"https:\/\/zaposlise.hr\/blog\/wp-json\/wp\/v2\/posts"}],"about":[{"href":"https:\/\/zaposlise.hr\/blog\/wp-json\/wp\/v2\/types\/post"}],"author":[{"embeddable":true,"href":"https:\/\/zaposlise.hr\/blog\/wp-json\/wp\/v2\/users\/4"}],"replies":[{"embeddable":true,"href":"https:\/\/zaposlise.hr\/blog\/wp-json\/wp\/v2\/comments?post=12638"}],"version-history":[{"count":19,"href":"https:\/\/zaposlise.hr\/blog\/wp-json\/wp\/v2\/posts\/12638\/revisions"}],"predecessor-version":[{"id":12666,"href":"https:\/\/zaposlise.hr\/blog\/wp-json\/wp\/v2\/posts\/12638\/revisions\/12666"}],"wp:featuredmedia":[{"embeddable":true,"href":"https:\/\/zaposlise.hr\/blog\/wp-json\/wp\/v2\/media\/12641"}],"wp:attachment":[{"href":"https:\/\/zaposlise.hr\/blog\/wp-json\/wp\/v2\/media?parent=12638"}],"wp:term":[{"taxonomy":"category","embeddable":true,"href":"https:\/\/zaposlise.hr\/blog\/wp-json\/wp\/v2\/categories?post=12638"},{"taxonomy":"post_tag","embeddable":true,"href":"https:\/\/zaposlise.hr\/blog\/wp-json\/wp\/v2\/tags?post=12638"}],"curies":[{"name":"wp","href":"https:\/\/api.w.org\/{rel}","templated":true}]}}