{"id":13277,"date":"2025-04-18T11:24:47","date_gmt":"2025-04-18T09:24:47","guid":{"rendered":"https:\/\/zaposlise.hr\/blog\/?p=13277"},"modified":"2025-04-18T11:24:47","modified_gmt":"2025-04-18T09:24:47","slug":"uskrs-rad-blagdanima-u-2025","status":"publish","type":"post","link":"https:\/\/zaposlise.hr\/blog\/uskrs-rad-blagdanima-u-2025\/","title":{"rendered":"Uskrs: rad blagdanima u 2025."},"content":{"rendered":"<span class=\"rt-reading-time\" style=\"display: block;\"><span class=\"rt-label rt-prefix\">Reading Time: <\/span> <span class=\"rt-time\">4<\/span> <span class=\"rt-label rt-postfix\">minute<\/span><\/span><p>Uskrs je u Hrvatskoj neradni dan. Ostali vjerski blagdani pojedinih vjeroispovijesti u Hrvatskoj imaju pravo na neradni dan. Radi se o sljede\u0107im blagdanima:<\/p>\n<ul>\n<li>kr\u0161\u0107ani koji slave blagdan Bo\u017ei\u0107a na dan 7. sije\u010dnja toga dana.<\/li>\n<li>kr\u0161\u0107ani koji slave blagdan Uskrsa prema julijanskom kalendaru na dan Uskrsnog ponedjeljka.<\/li>\n<li>pripadnici islamske vjeroispovijesti koji slave blagdane Ramazanski bajram i Kurban-bajram jedan dan prema svom izboru za svaki od tih blagdana.<\/li>\n<li>pripadnici \u017eidovske vjeroispovijesti koji slave blagdane Jom kipur i Ro\u0161 ha\u0161anu jedan dan prema svom izboru za svaki od tih blagdana.<\/li>\n<\/ul>\n<blockquote><p><span style=\"font-size: 14pt\">Ako blagdan ili <a href=\"https:\/\/www.teb.hr\/novosti\/2022\/fond-sati-kalendar-blagdani-i-neradni-dani-za-2025\/\" target=\"_blank\" rel=\"noopener\">neradni dan<\/a> pada u nedjelju, na blagdan, odnosno na neradni dan, ne prenosi se u idu\u0107i dan.<\/span><\/p><\/blockquote>\n<p>Zaposlenici za rad na neradne dane dobivaju naknade pla\u0107e.<\/p>\n<div id=\"attachment_13294\" style=\"width: 1210px\" class=\"wp-caption aligncenter\"><img loading=\"lazy\" decoding=\"async\" aria-describedby=\"caption-attachment-13294\" class=\"size-full wp-image-13294\" src=\"https:\/\/zaposlise.hr\/blog\/wp-content\/uploads\/2025\/04\/Naknada-place-Uskrs.jpg\" alt=\"Naknada pla\u0107e, Uskrs\" width=\"1200\" height=\"675\" srcset=\"https:\/\/zaposlise.hr\/blog\/wp-content\/uploads\/2025\/04\/Naknada-place-Uskrs.jpg 1200w, https:\/\/zaposlise.hr\/blog\/wp-content\/uploads\/2025\/04\/Naknada-place-Uskrs-300x169.jpg 300w, https:\/\/zaposlise.hr\/blog\/wp-content\/uploads\/2025\/04\/Naknada-place-Uskrs-1024x576.jpg 1024w, https:\/\/zaposlise.hr\/blog\/wp-content\/uploads\/2025\/04\/Naknada-place-Uskrs-768x432.jpg 768w, https:\/\/zaposlise.hr\/blog\/wp-content\/uploads\/2025\/04\/Naknada-place-Uskrs-444x250.jpg 444w\" sizes=\"(max-width: 1200px) 100vw, 1200px\" \/><p id=\"caption-attachment-13294\" class=\"wp-caption-text\"><span style=\"font-size: 8pt\">Naknada pla\u0107e, Uskrs; Izvor: Unsplash.com<\/span><\/p><\/div>\n<p><em>Pro\u010ditajte vi\u0161e o <a href=\"https:\/\/zaposlise.hr\/blog\/posao-nedjeljom-i-blagdanima\/\">poslovima<\/a> koji se rade nedjeljom i na blagdane.\u00a0<\/em><\/p>\n<div id=\"ez-toc-container\" class=\"ez-toc-v2_0_64 counter-hierarchy ez-toc-counter ez-toc-white ez-toc-container-direction\">\n<div class=\"ez-toc-title-container\">\n<p class=\"ez-toc-title \" >Sadr\u017eaj<\/p>\n<span class=\"ez-toc-title-toggle\"><\/span><\/div>\n<nav><ul class='ez-toc-list ez-toc-list-level-1 ' ><li class='ez-toc-page-1 ez-toc-heading-level-2'><a class=\"ez-toc-link ez-toc-heading-1\" href=\"https:\/\/zaposlise.hr\/blog\/uskrs-rad-blagdanima-u-2025\/#Naknada_place_za_neradne_dane\" title=\"Naknada pla\u0107e za neradne dane\">Naknada pla\u0107e za neradne dane<\/a><\/li><li class='ez-toc-page-1 ez-toc-heading-level-2'><a class=\"ez-toc-link ez-toc-heading-2\" href=\"https:\/\/zaposlise.hr\/blog\/uskrs-rad-blagdanima-u-2025\/#Vise_o_uvecanju_place\" title=\"Vi\u0161e o uve\u0107anju pla\u0107e\">Vi\u0161e o uve\u0107anju pla\u0107e<\/a><\/li><li class='ez-toc-page-1 ez-toc-heading-level-2'><a class=\"ez-toc-link ez-toc-heading-3\" href=\"https:\/\/zaposlise.hr\/blog\/uskrs-rad-blagdanima-u-2025\/#Rad_trgovina_za_uskrsne_blagdane\" title=\"Rad trgovina za uskrsne blagdane\">Rad trgovina za uskrsne blagdane<\/a><\/li><li class='ez-toc-page-1 ez-toc-heading-level-2'><a class=\"ez-toc-link ez-toc-heading-4\" href=\"https:\/\/zaposlise.hr\/blog\/uskrs-rad-blagdanima-u-2025\/#Sretan_i_blagoslovljen_Uskrs\" title=\"Sretan i blagoslovljen Uskrs!\">Sretan i blagoslovljen Uskrs!<\/a><\/li><\/ul><\/nav><\/div>\n<h2><span class=\"ez-toc-section\" id=\"Naknada_place_za_neradne_dane\"><\/span>Naknada pla\u0107e za neradne dane<span class=\"ez-toc-section-end\"><\/span><\/h2>\n<p>Uskrs, kao i ostali blagdani u Hrvatskoj regulirani su <a href=\"https:\/\/www.zakon.hr\/z\/372\/zakon-o-blagdanima%2C-spomendanima-i-neradanim-danima-u-republici-hrvatskoj#google_vignette\" target=\"_blank\" rel=\"noopener\">Zakonom o blagdanima<\/a>, spomendanima i neradnim danima u Republici Hrvatskoj.<\/p>\n<p>Radi se o danima kada zaposlenici ne rade. Oslobo\u0111eni su obveze rada s pravom na naknadu pla\u0107e.<\/p>\n<blockquote><p><span style=\"font-size: 14pt\">Od op\u0107eg pravila da se u te dane ne radi postoje iznimke kada priroda posla zahtjeva da odre\u0111eni <a href=\"https:\/\/www.zakon.hr\/z\/372\/zakon-o-blagdanima%2C-spomendanima-i-neradanim-danima-u-republici-hrvatskoj#google_vignette\" target=\"_blank\" rel=\"noopener\">radnici<\/a> rade i u te dane.<\/span><\/p><\/blockquote>\n<p>Odnosno, radnici koji rade u te dane trebaju dobivati pove\u0107ani iznos pla\u0107e.<\/p>\n<p><strong>U navedenim slu\u010dajevima mogu\u0107e su tri situacije:<\/strong><\/p>\n<ul>\n<li>Radnik ostvaruje pravo na naknadu pla\u0107e samo za dane u koje bi ina\u010de trebao raditi i primiti pla\u0107u. Zna\u010di, ne radi blagdana ili neradnog dana.<\/li>\n<\/ul>\n<div id=\"attachment_13296\" style=\"width: 1210px\" class=\"wp-caption aligncenter\"><img loading=\"lazy\" decoding=\"async\" aria-describedby=\"caption-attachment-13296\" class=\"size-full wp-image-13296\" src=\"https:\/\/zaposlise.hr\/blog\/wp-content\/uploads\/2025\/04\/Rad-na-Uskrs.jpg\" alt=\"Rad na Uskrs\" width=\"1200\" height=\"675\" srcset=\"https:\/\/zaposlise.hr\/blog\/wp-content\/uploads\/2025\/04\/Rad-na-Uskrs.jpg 1200w, https:\/\/zaposlise.hr\/blog\/wp-content\/uploads\/2025\/04\/Rad-na-Uskrs-300x169.jpg 300w, https:\/\/zaposlise.hr\/blog\/wp-content\/uploads\/2025\/04\/Rad-na-Uskrs-1024x576.jpg 1024w, https:\/\/zaposlise.hr\/blog\/wp-content\/uploads\/2025\/04\/Rad-na-Uskrs-768x432.jpg 768w, https:\/\/zaposlise.hr\/blog\/wp-content\/uploads\/2025\/04\/Rad-na-Uskrs-444x250.jpg 444w\" sizes=\"(max-width: 1200px) 100vw, 1200px\" \/><p id=\"caption-attachment-13296\" class=\"wp-caption-text\"><span style=\"font-size: 8pt\">Rad na Uskrs; Izvor: Unsplash.com<\/span><\/p><\/div>\n<ul>\n<li>Ako radnik i ina\u010de mora raditi na dan na koji &#8220;pada&#8221; blagdan, dobiva pove\u0107anu pla\u0107u za rad blagdanima.<\/li>\n<li>U slu\u010daju da radnik ne radi na dan kada je blagdan (npr. nije njegova smjena), ne dobiva\u00a0prethodno navedeno pravo na naknadu pla\u0107e.<\/li>\n<\/ul>\n<p><em>Pro\u010ditajte vi\u0161e o radu u no\u0107noj smjeni, posebno kod poslova koji zahtijevaju i omogu\u0107uju <a href=\"https:\/\/zaposlise.hr\/blog\/rad-od-kuce-nocna-smjena\/\">rad od ku\u0107e<\/a>.\u00a0<\/em><\/p>\n<h2><span class=\"ez-toc-section\" id=\"Vise_o_uvecanju_place\"><\/span>Vi\u0161e o uve\u0107anju pla\u0107e<span class=\"ez-toc-section-end\"><\/span><\/h2>\n<p>Poslodavac treba svom radniku isplatiti uve\u0107anu pla\u0107u za sljede\u0107e situacije:<\/p>\n<ul>\n<li>prekovremeni rad,<\/li>\n<li><a href=\"https:\/\/zaposlise.hr\/blog\/natjecaj-za-posao-u-nocnoj-smjeni\/\">no\u0107ni rad<\/a>,<\/li>\n<li>rad nedjeljom,<\/li>\n<li>rad u\u00a0dane blagdana i\u00a0neradne dane propisane posebnim zakonom<\/li>\n<li>te za rad obavljen u\u00a0ote\u017eanim radnim uvjetima.<\/li>\n<\/ul>\n<div id=\"attachment_13298\" style=\"width: 1210px\" class=\"wp-caption aligncenter\"><img loading=\"lazy\" decoding=\"async\" aria-describedby=\"caption-attachment-13298\" class=\"size-full wp-image-13298\" src=\"https:\/\/zaposlise.hr\/blog\/wp-content\/uploads\/2025\/04\/Rad-u-trgovini-blagdani-neradni-dani.jpg\" alt=\"Rad u trgovini, blagdani, neradni dani\" width=\"1200\" height=\"675\" srcset=\"https:\/\/zaposlise.hr\/blog\/wp-content\/uploads\/2025\/04\/Rad-u-trgovini-blagdani-neradni-dani.jpg 1200w, https:\/\/zaposlise.hr\/blog\/wp-content\/uploads\/2025\/04\/Rad-u-trgovini-blagdani-neradni-dani-300x169.jpg 300w, https:\/\/zaposlise.hr\/blog\/wp-content\/uploads\/2025\/04\/Rad-u-trgovini-blagdani-neradni-dani-1024x576.jpg 1024w, https:\/\/zaposlise.hr\/blog\/wp-content\/uploads\/2025\/04\/Rad-u-trgovini-blagdani-neradni-dani-768x432.jpg 768w, https:\/\/zaposlise.hr\/blog\/wp-content\/uploads\/2025\/04\/Rad-u-trgovini-blagdani-neradni-dani-444x250.jpg 444w\" sizes=\"(max-width: 1200px) 100vw, 1200px\" \/><p id=\"caption-attachment-13298\" class=\"wp-caption-text\"><span style=\"font-size: 8pt\">Rad u pekari, blagdani, neradni dani; Izvor: Unsplash.com<\/span><\/p><\/div>\n<p>Uve\u0107anje pla\u0107e se obra\u010dunava tako da se doda dodatak na osnovicu odre\u0111enu izvorom radnog prava kojim su kod poslodavca ure\u0111ene pla\u0107e.<\/p>\n<p>Obra\u010dun se ne smije raditi na\u00a0osnovicu manju od minimalne pla\u0107e.<\/p>\n<p><em>Pro\u010ditajte vi\u0161e o <a href=\"https:\/\/zaposlise.hr\/blog\/uskrsnica\/\">uskrsnici<\/a>, za\u0161to se radi o va\u017enom benefitu za zaposlenike.\u00a0<\/em><\/p>\n<blockquote><p><span style=\"font-size: 14pt\"><strong>Zakonom o radu propisano je pove\u0107anje samo za <a href=\"https:\/\/www.minimax.hr\/hr-hr\/rad-nedjeljom-i-u-dane-blagdana\" target=\"_blank\" rel=\"noopener\">rad nedjeljom<\/a>.<\/strong><\/span><\/p><\/blockquote>\n<p>Tako da se pove\u0107anje pla\u0107e koje radnik ostvaruje za rad blagdanom ne regulira Zakonom o radu.<\/p>\n<p>Regulira se prema posebnom propisu, kolektivnim ugovorom, pravilnikom o radu ili ugovorom o radu. Time poslodavci mogu odrediti visinu dodatka prema svojoj procjeni.<\/p>\n<p><em>Saznajte vi\u0161e o <a href=\"https:\/\/zaposlise.hr\/blog\/ugovor-na-odredeno-sto-trebate-znati\/\">ugovoru o radu<\/a> na odre\u0111eno vrijeme.\u00a0<\/em><a href=\"http:\/\/minimax.hr\" target=\"_blank\" rel=\"noopener\">Minimax<\/a> o uve\u0107anju pla\u0107e pi\u0161e:<\/p>\n<blockquote><p>\u00a0Iako se uobi\u010dajeno odre\u0111uje <strong>u\u00a0visini od 30 do 50 %<\/strong>, nema zapreke da poslodavac odredi i\u00a0minimalno pove\u0107anje od npr. 1% i\u00a0time udovolji zakonskim odredbama.<\/p><\/blockquote>\n<div id=\"attachment_13300\" style=\"width: 1210px\" class=\"wp-caption aligncenter\"><img loading=\"lazy\" decoding=\"async\" aria-describedby=\"caption-attachment-13300\" class=\"size-full wp-image-13300\" src=\"https:\/\/zaposlise.hr\/blog\/wp-content\/uploads\/2025\/04\/Rad-u-trgovinama-blagdani-Uskrs.jpg\" alt=\"Rad u trgovinama, blagdani, Uskrs\" width=\"1200\" height=\"675\" srcset=\"https:\/\/zaposlise.hr\/blog\/wp-content\/uploads\/2025\/04\/Rad-u-trgovinama-blagdani-Uskrs.jpg 1200w, https:\/\/zaposlise.hr\/blog\/wp-content\/uploads\/2025\/04\/Rad-u-trgovinama-blagdani-Uskrs-300x169.jpg 300w, https:\/\/zaposlise.hr\/blog\/wp-content\/uploads\/2025\/04\/Rad-u-trgovinama-blagdani-Uskrs-1024x576.jpg 1024w, https:\/\/zaposlise.hr\/blog\/wp-content\/uploads\/2025\/04\/Rad-u-trgovinama-blagdani-Uskrs-768x432.jpg 768w, https:\/\/zaposlise.hr\/blog\/wp-content\/uploads\/2025\/04\/Rad-u-trgovinama-blagdani-Uskrs-444x250.jpg 444w\" sizes=\"(max-width: 1200px) 100vw, 1200px\" \/><p id=\"caption-attachment-13300\" class=\"wp-caption-text\"><span style=\"font-size: 8pt\">Rad u trgovinama, blagdani, Uskrs; Izvor: Unsplash.com<\/span><\/p><\/div>\n<h2><span class=\"ez-toc-section\" id=\"Rad_trgovina_za_uskrsne_blagdane\"><\/span>Rad trgovina za uskrsne blagdane<span class=\"ez-toc-section-end\"><\/span><\/h2>\n<p>Ovaj rad je odre\u0111en\u00a0odredbom \u010dl. 57. st. 3. <a href=\"https:\/\/www.zakon.hr\/z\/175\/zakon-o-trgovini\" target=\"_blank\" rel=\"noopener\">Zakona o trgovini<\/a>. Trgovine moraju biti zatvorene u te dane blagdana.<\/p>\n<p>Trgovci ne mogu obavljati djelatnost trgovine bilo na veliko ili na malo. Tako\u0111er, proizvo\u0111a\u010di ne mogu prodavati vlastito proizvedene robe<\/p>\n<p>Osim ako su obuhva\u0107eni iznimkama propisanim \u010dl. 57. st. 5 \u2013 7. spomenutog Zakona.<\/p>\n<p><strong>Sukladno tome, propisane iznimke koje mogu raditi na <a href=\"https:\/\/www.teb.hr\/novosti\/2024\/tko-moze-raditi-za-uskrsne-blagdane-u-djelatnosti-trgovine\/\" target=\"_blank\" rel=\"noopener\">Uskrs i Uskrsni ponedjeljak<\/a> su:<\/strong><\/p>\n<ul>\n<li>\u00a0Djelatnost trgovine mogu obavljati prodajni objekti, odnosno prodavaonice, kiosci, prodajne klupe i \u0161tandovi koji se nalaze na odre\u0111enim, posebnim lokacijama.<\/li>\n<\/ul>\n<p>Na primjer, djelatnosti koje se nalaze unutar ili su sastavni dio cjeline: \u017eeljezni\u010dkih i autobusnih kolodvora, zra\u010dnih luka, luka otvorenih za javni promet, luka unutarnje plovidbe.<\/p>\n<p>Zatim, raditi mogu trgovine unutar zrakoplova i trajekata za prijevoz osoba i vozila,\u00a0 benzinskih postaja i bolnica.<\/p>\n<div id=\"attachment_13302\" style=\"width: 1210px\" class=\"wp-caption aligncenter\"><img loading=\"lazy\" decoding=\"async\" aria-describedby=\"caption-attachment-13302\" class=\"size-full wp-image-13302\" src=\"https:\/\/zaposlise.hr\/blog\/wp-content\/uploads\/2025\/04\/Rad-u-zracnim-lukama-trajektima-naknada-place-povecani-iznos-dodatak.jpg\" alt=\"Rad u zra\u010dnim lukama, trajektima, naknada pla\u0107e, pove\u0107ani iznos, dodatak\" width=\"1200\" height=\"675\" srcset=\"https:\/\/zaposlise.hr\/blog\/wp-content\/uploads\/2025\/04\/Rad-u-zracnim-lukama-trajektima-naknada-place-povecani-iznos-dodatak.jpg 1200w, https:\/\/zaposlise.hr\/blog\/wp-content\/uploads\/2025\/04\/Rad-u-zracnim-lukama-trajektima-naknada-place-povecani-iznos-dodatak-300x169.jpg 300w, https:\/\/zaposlise.hr\/blog\/wp-content\/uploads\/2025\/04\/Rad-u-zracnim-lukama-trajektima-naknada-place-povecani-iznos-dodatak-1024x576.jpg 1024w, https:\/\/zaposlise.hr\/blog\/wp-content\/uploads\/2025\/04\/Rad-u-zracnim-lukama-trajektima-naknada-place-povecani-iznos-dodatak-768x432.jpg 768w, https:\/\/zaposlise.hr\/blog\/wp-content\/uploads\/2025\/04\/Rad-u-zracnim-lukama-trajektima-naknada-place-povecani-iznos-dodatak-444x250.jpg 444w\" sizes=\"(max-width: 1200px) 100vw, 1200px\" \/><p id=\"caption-attachment-13302\" class=\"wp-caption-text\"><span style=\"font-size: 8pt\">Rad u zra\u010dnim lukama, trajektima, naknada pla\u0107e, pove\u0107ani iznos, dodatak; Izvor: Unsplash.com<\/span><\/p><\/div>\n<p>Raditi mogu i trgovine unutar prostora kulturnih i vjerskih ustanova te drugih subjekata u kulturi, muzeja, centara za posjetitelje odnosno interpretacijskih centara.<\/p>\n<p>Raditi mogu trgovine u sklopu hotela, nauti\u010dkih marina i kampova. Tako\u0111er, raditi mogu i OPG-ovi.<\/p>\n<ul>\n<li>Radnje koje se mogu obavljati su: otkup primarnih poljoprivrednih proizvoda.<\/li>\n<\/ul>\n<p>Zatim, prodaja vlastitih poljoprivrednih proizvoda na \u0161tandovima i klupama na tr\u017enicama na malo i na tr\u017enicama na veliko.<\/p>\n<p>Tako\u0111er, dozvoljena je prigodna prodaja na sajmovima i javnim manifestacijama; prodaja robe putem prodajnih automata.<\/p>\n<p>Dozvoljena je i prodaja na daljinu (TV i radio prodaja, katalo\u0161ka prodaja, prodaja putem telefona i Internet prodaja).<\/p>\n<p>Prodaju mogu obavljati i kiosci. Ne samo tisak, ve\u0107 i prodaju ostale robe obuhva\u0107ene rje\u0161enjem nadle\u017enog upravnog tijela o ispunjavanju propisanih uvjeta za kiosk.<\/p>\n<p>No, radno vrijeme kioska mo\u017ee biti samo\u00a0u radnom vremenu od 7:00 do 13:00 sati.<\/p>\n<h2><span class=\"ez-toc-section\" id=\"Sretan_i_blagoslovljen_Uskrs\"><\/span>Sretan i blagoslovljen Uskrs!<span class=\"ez-toc-section-end\"><\/span><\/h2>\n<p><a href=\"https:\/\/zaposlise.hr\/blog\/\">Sretan i blagoslovljen Uskrs<\/a> \u017eeli ekipa sa <strong>Zaposlise.hr<\/strong>!<\/p>\n","protected":false},"excerpt":{"rendered":"<p>Uskrs je u Hrvatskoj neradni dan. Ostali vjerski blagdani pojedinih vjeroispovijesti u Hrvatskoj imaju pravo na neradni dan. Radi se [&hellip;]<\/p>\n","protected":false},"author":4,"featured_media":13286,"comment_status":"closed","ping_status":"closed","sticky":false,"template":"","format":"standard","meta":{"inline_featured_image":false,"footnotes":""},"categories":[29],"tags":[325,467,468],"yoast_head":"<!-- This site is optimized with the Yoast SEO plugin v21.6 - https:\/\/yoast.com\/wordpress\/plugins\/seo\/ -->\n<title>Uskrs: rad blagdanima u 2025. - Zaposlise.hr<\/title>\n<meta name=\"description\" content=\"Uskrs je u Hrvatskoj neradni dan. Ostali vjerski blagdani pojedinih vjeroispovijesti u Hrvatskoj imaju pravo na neradni dan. Saznajte vi\u0161e!\" \/>\n<meta name=\"robots\" content=\"index, follow, max-snippet:-1, max-image-preview:large, max-video-preview:-1\" \/>\n<link rel=\"canonical\" href=\"https:\/\/zaposlise.hr\/blog\/uskrs-rad-blagdanima-u-2025\/\" \/>\n<meta property=\"og:locale\" content=\"hr_HR\" \/>\n<meta property=\"og:type\" content=\"article\" \/>\n<meta property=\"og:title\" content=\"Uskrs: rad blagdanima u 2025. - Zaposlise.hr\" \/>\n<meta property=\"og:description\" content=\"Uskrs je u Hrvatskoj neradni dan. Ostali vjerski blagdani pojedinih vjeroispovijesti u Hrvatskoj imaju pravo na neradni dan. Saznajte vi\u0161e!\" \/>\n<meta property=\"og:url\" content=\"https:\/\/zaposlise.hr\/blog\/uskrs-rad-blagdanima-u-2025\/\" \/>\n<meta property=\"og:site_name\" content=\"Zaposlise.hr\" \/>\n<meta property=\"article:published_time\" content=\"2025-04-18T09:24:47+00:00\" \/>\n<meta property=\"og:image\" content=\"https:\/\/zaposlise.hr\/blog\/wp-content\/uploads\/2025\/04\/Uskrs-rad-blagdanima.png\" \/>\n\t<meta property=\"og:image:width\" content=\"1200\" \/>\n\t<meta property=\"og:image:height\" content=\"675\" \/>\n\t<meta property=\"og:image:type\" content=\"image\/png\" \/>\n<meta name=\"author\" content=\"Maja Cvetkovic\" \/>\n<meta name=\"twitter:card\" content=\"summary_large_image\" \/>\n<meta name=\"twitter:label1\" content=\"Napisao\/la\" \/>\n\t<meta name=\"twitter:data1\" content=\"Maja Cvetkovic\" \/>\n\t<meta name=\"twitter:label2\" content=\"Procijenjeno vrijeme \u010ditanja\" \/>\n\t<meta name=\"twitter:data2\" content=\"5 minuta\" \/>\n<script type=\"application\/ld+json\" class=\"yoast-schema-graph\">{\"@context\":\"https:\/\/schema.org\",\"@graph\":[{\"@type\":\"Article\",\"@id\":\"https:\/\/zaposlise.hr\/blog\/uskrs-rad-blagdanima-u-2025\/#article\",\"isPartOf\":{\"@id\":\"https:\/\/zaposlise.hr\/blog\/uskrs-rad-blagdanima-u-2025\/\"},\"author\":{\"name\":\"Maja Cvetkovic\",\"@id\":\"https:\/\/zaposlise.hr\/blog\/#\/schema\/person\/11d6327b8569a9e940673e6acbfa396a\"},\"headline\":\"Uskrs: rad blagdanima u 2025.\",\"datePublished\":\"2025-04-18T09:24:47+00:00\",\"dateModified\":\"2025-04-18T09:24:47+00:00\",\"mainEntityOfPage\":{\"@id\":\"https:\/\/zaposlise.hr\/blog\/uskrs-rad-blagdanima-u-2025\/\"},\"wordCount\":906,\"publisher\":{\"@id\":\"https:\/\/zaposlise.hr\/blog\/#organization\"},\"keywords\":[\"rad blagdanima\",\"Uskrs\",\"uskrsni blagdani\"],\"articleSection\":[\"Novosti\"],\"inLanguage\":\"hr\"},{\"@type\":\"WebPage\",\"@id\":\"https:\/\/zaposlise.hr\/blog\/uskrs-rad-blagdanima-u-2025\/\",\"url\":\"https:\/\/zaposlise.hr\/blog\/uskrs-rad-blagdanima-u-2025\/\",\"name\":\"Uskrs: rad blagdanima u 2025. - Zaposlise.hr\",\"isPartOf\":{\"@id\":\"https:\/\/zaposlise.hr\/blog\/#website\"},\"datePublished\":\"2025-04-18T09:24:47+00:00\",\"dateModified\":\"2025-04-18T09:24:47+00:00\",\"description\":\"Uskrs je u Hrvatskoj neradni dan. Ostali vjerski blagdani pojedinih vjeroispovijesti u Hrvatskoj imaju pravo na neradni dan. Saznajte vi\u0161e!\",\"breadcrumb\":{\"@id\":\"https:\/\/zaposlise.hr\/blog\/uskrs-rad-blagdanima-u-2025\/#breadcrumb\"},\"inLanguage\":\"hr\",\"potentialAction\":[{\"@type\":\"ReadAction\",\"target\":[\"https:\/\/zaposlise.hr\/blog\/uskrs-rad-blagdanima-u-2025\/\"]}]},{\"@type\":\"BreadcrumbList\",\"@id\":\"https:\/\/zaposlise.hr\/blog\/uskrs-rad-blagdanima-u-2025\/#breadcrumb\",\"itemListElement\":[{\"@type\":\"ListItem\",\"position\":1,\"name\":\"Po\u010detna stranica\",\"item\":\"https:\/\/zaposlise.hr\/blog\/\"},{\"@type\":\"ListItem\",\"position\":2,\"name\":\"Uskrs: rad blagdanima u 2025.\"}]},{\"@type\":\"WebSite\",\"@id\":\"https:\/\/zaposlise.hr\/blog\/#website\",\"url\":\"https:\/\/zaposlise.hr\/blog\/\",\"name\":\"Zaposlise.hr\",\"description\":\"Posao za tebe\",\"publisher\":{\"@id\":\"https:\/\/zaposlise.hr\/blog\/#organization\"},\"potentialAction\":[{\"@type\":\"SearchAction\",\"target\":{\"@type\":\"EntryPoint\",\"urlTemplate\":\"https:\/\/zaposlise.hr\/blog\/?s={search_term_string}\"},\"query-input\":\"required name=search_term_string\"}],\"inLanguage\":\"hr\"},{\"@type\":\"Organization\",\"@id\":\"https:\/\/zaposlise.hr\/blog\/#organization\",\"name\":\"Zaposlise.hr\",\"url\":\"https:\/\/zaposlise.hr\/blog\/\",\"logo\":{\"@type\":\"ImageObject\",\"inLanguage\":\"hr\",\"@id\":\"https:\/\/zaposlise.hr\/blog\/#\/schema\/logo\/image\/\",\"url\":\"https:\/\/zaposlise.hr\/blog\/wp-content\/uploads\/2024\/06\/Screenshot-2024-06-05-at-09.05.43.png\",\"contentUrl\":\"https:\/\/zaposlise.hr\/blog\/wp-content\/uploads\/2024\/06\/Screenshot-2024-06-05-at-09.05.43.png\",\"width\":2088,\"height\":592,\"caption\":\"Zaposlise.hr\"},\"image\":{\"@id\":\"https:\/\/zaposlise.hr\/blog\/#\/schema\/logo\/image\/\"}},{\"@type\":\"Person\",\"@id\":\"https:\/\/zaposlise.hr\/blog\/#\/schema\/person\/11d6327b8569a9e940673e6acbfa396a\",\"name\":\"Maja Cvetkovic\",\"image\":{\"@type\":\"ImageObject\",\"inLanguage\":\"hr\",\"@id\":\"https:\/\/zaposlise.hr\/blog\/#\/schema\/person\/image\/\",\"url\":\"https:\/\/secure.gravatar.com\/avatar\/e8d7da4f01ab43b5b98fc69bf899cf57?s=96&d=mm&r=g\",\"contentUrl\":\"https:\/\/secure.gravatar.com\/avatar\/e8d7da4f01ab43b5b98fc69bf899cf57?s=96&d=mm&r=g\",\"caption\":\"Maja Cvetkovic\"},\"url\":\"https:\/\/zaposlise.hr\/blog\/author\/mayacvetkovic\/\"}]}<\/script>\n<!-- \/ Yoast SEO plugin. -->","yoast_head_json":{"title":"Uskrs: rad blagdanima u 2025. - Zaposlise.hr","description":"Uskrs je u Hrvatskoj neradni dan. Ostali vjerski blagdani pojedinih vjeroispovijesti u Hrvatskoj imaju pravo na neradni dan. Saznajte vi\u0161e!","robots":{"index":"index","follow":"follow","max-snippet":"max-snippet:-1","max-image-preview":"max-image-preview:large","max-video-preview":"max-video-preview:-1"},"canonical":"https:\/\/zaposlise.hr\/blog\/uskrs-rad-blagdanima-u-2025\/","og_locale":"hr_HR","og_type":"article","og_title":"Uskrs: rad blagdanima u 2025. - Zaposlise.hr","og_description":"Uskrs je u Hrvatskoj neradni dan. Ostali vjerski blagdani pojedinih vjeroispovijesti u Hrvatskoj imaju pravo na neradni dan. Saznajte vi\u0161e!","og_url":"https:\/\/zaposlise.hr\/blog\/uskrs-rad-blagdanima-u-2025\/","og_site_name":"Zaposlise.hr","article_published_time":"2025-04-18T09:24:47+00:00","og_image":[{"width":1200,"height":675,"url":"https:\/\/zaposlise.hr\/blog\/wp-content\/uploads\/2025\/04\/Uskrs-rad-blagdanima.png","type":"image\/png"}],"author":"Maja Cvetkovic","twitter_card":"summary_large_image","twitter_misc":{"Napisao\/la":"Maja Cvetkovic","Procijenjeno vrijeme \u010ditanja":"5 minuta"},"schema":{"@context":"https:\/\/schema.org","@graph":[{"@type":"Article","@id":"https:\/\/zaposlise.hr\/blog\/uskrs-rad-blagdanima-u-2025\/#article","isPartOf":{"@id":"https:\/\/zaposlise.hr\/blog\/uskrs-rad-blagdanima-u-2025\/"},"author":{"name":"Maja Cvetkovic","@id":"https:\/\/zaposlise.hr\/blog\/#\/schema\/person\/11d6327b8569a9e940673e6acbfa396a"},"headline":"Uskrs: rad blagdanima u 2025.","datePublished":"2025-04-18T09:24:47+00:00","dateModified":"2025-04-18T09:24:47+00:00","mainEntityOfPage":{"@id":"https:\/\/zaposlise.hr\/blog\/uskrs-rad-blagdanima-u-2025\/"},"wordCount":906,"publisher":{"@id":"https:\/\/zaposlise.hr\/blog\/#organization"},"keywords":["rad blagdanima","Uskrs","uskrsni blagdani"],"articleSection":["Novosti"],"inLanguage":"hr"},{"@type":"WebPage","@id":"https:\/\/zaposlise.hr\/blog\/uskrs-rad-blagdanima-u-2025\/","url":"https:\/\/zaposlise.hr\/blog\/uskrs-rad-blagdanima-u-2025\/","name":"Uskrs: rad blagdanima u 2025. - Zaposlise.hr","isPartOf":{"@id":"https:\/\/zaposlise.hr\/blog\/#website"},"datePublished":"2025-04-18T09:24:47+00:00","dateModified":"2025-04-18T09:24:47+00:00","description":"Uskrs je u Hrvatskoj neradni dan. Ostali vjerski blagdani pojedinih vjeroispovijesti u Hrvatskoj imaju pravo na neradni dan. Saznajte vi\u0161e!","breadcrumb":{"@id":"https:\/\/zaposlise.hr\/blog\/uskrs-rad-blagdanima-u-2025\/#breadcrumb"},"inLanguage":"hr","potentialAction":[{"@type":"ReadAction","target":["https:\/\/zaposlise.hr\/blog\/uskrs-rad-blagdanima-u-2025\/"]}]},{"@type":"BreadcrumbList","@id":"https:\/\/zaposlise.hr\/blog\/uskrs-rad-blagdanima-u-2025\/#breadcrumb","itemListElement":[{"@type":"ListItem","position":1,"name":"Po\u010detna stranica","item":"https:\/\/zaposlise.hr\/blog\/"},{"@type":"ListItem","position":2,"name":"Uskrs: rad blagdanima u 2025."}]},{"@type":"WebSite","@id":"https:\/\/zaposlise.hr\/blog\/#website","url":"https:\/\/zaposlise.hr\/blog\/","name":"Zaposlise.hr","description":"Posao za tebe","publisher":{"@id":"https:\/\/zaposlise.hr\/blog\/#organization"},"potentialAction":[{"@type":"SearchAction","target":{"@type":"EntryPoint","urlTemplate":"https:\/\/zaposlise.hr\/blog\/?s={search_term_string}"},"query-input":"required name=search_term_string"}],"inLanguage":"hr"},{"@type":"Organization","@id":"https:\/\/zaposlise.hr\/blog\/#organization","name":"Zaposlise.hr","url":"https:\/\/zaposlise.hr\/blog\/","logo":{"@type":"ImageObject","inLanguage":"hr","@id":"https:\/\/zaposlise.hr\/blog\/#\/schema\/logo\/image\/","url":"https:\/\/zaposlise.hr\/blog\/wp-content\/uploads\/2024\/06\/Screenshot-2024-06-05-at-09.05.43.png","contentUrl":"https:\/\/zaposlise.hr\/blog\/wp-content\/uploads\/2024\/06\/Screenshot-2024-06-05-at-09.05.43.png","width":2088,"height":592,"caption":"Zaposlise.hr"},"image":{"@id":"https:\/\/zaposlise.hr\/blog\/#\/schema\/logo\/image\/"}},{"@type":"Person","@id":"https:\/\/zaposlise.hr\/blog\/#\/schema\/person\/11d6327b8569a9e940673e6acbfa396a","name":"Maja Cvetkovic","image":{"@type":"ImageObject","inLanguage":"hr","@id":"https:\/\/zaposlise.hr\/blog\/#\/schema\/person\/image\/","url":"https:\/\/secure.gravatar.com\/avatar\/e8d7da4f01ab43b5b98fc69bf899cf57?s=96&d=mm&r=g","contentUrl":"https:\/\/secure.gravatar.com\/avatar\/e8d7da4f01ab43b5b98fc69bf899cf57?s=96&d=mm&r=g","caption":"Maja Cvetkovic"},"url":"https:\/\/zaposlise.hr\/blog\/author\/mayacvetkovic\/"}]}},"_links":{"self":[{"href":"https:\/\/zaposlise.hr\/blog\/wp-json\/wp\/v2\/posts\/13277"}],"collection":[{"href":"https:\/\/zaposlise.hr\/blog\/wp-json\/wp\/v2\/posts"}],"about":[{"href":"https:\/\/zaposlise.hr\/blog\/wp-json\/wp\/v2\/types\/post"}],"author":[{"embeddable":true,"href":"https:\/\/zaposlise.hr\/blog\/wp-json\/wp\/v2\/users\/4"}],"replies":[{"embeddable":true,"href":"https:\/\/zaposlise.hr\/blog\/wp-json\/wp\/v2\/comments?post=13277"}],"version-history":[{"count":13,"href":"https:\/\/zaposlise.hr\/blog\/wp-json\/wp\/v2\/posts\/13277\/revisions"}],"predecessor-version":[{"id":13303,"href":"https:\/\/zaposlise.hr\/blog\/wp-json\/wp\/v2\/posts\/13277\/revisions\/13303"}],"wp:featuredmedia":[{"embeddable":true,"href":"https:\/\/zaposlise.hr\/blog\/wp-json\/wp\/v2\/media\/13286"}],"wp:attachment":[{"href":"https:\/\/zaposlise.hr\/blog\/wp-json\/wp\/v2\/media?parent=13277"}],"wp:term":[{"taxonomy":"category","embeddable":true,"href":"https:\/\/zaposlise.hr\/blog\/wp-json\/wp\/v2\/categories?post=13277"},{"taxonomy":"post_tag","embeddable":true,"href":"https:\/\/zaposlise.hr\/blog\/wp-json\/wp\/v2\/tags?post=13277"}],"curies":[{"name":"wp","href":"https:\/\/api.w.org\/{rel}","templated":true}]}}