{"id":14445,"date":"2025-06-04T22:43:34","date_gmt":"2025-06-04T20:43:34","guid":{"rendered":"https:\/\/zaposlise.hr\/blog\/?p=14445"},"modified":"2025-06-04T22:43:34","modified_gmt":"2025-06-04T20:43:34","slug":"zivotopis-skladistar","status":"publish","type":"post","link":"https:\/\/zaposlise.hr\/blog\/zivotopis-skladistar\/","title":{"rendered":"\u017divotopis za zanimanje skladi\u0161tar"},"content":{"rendered":"<span class=\"rt-reading-time\" style=\"display: block;\"><span class=\"rt-label rt-prefix\">Reading Time: <\/span> <span class=\"rt-time\">6<\/span> <span class=\"rt-label rt-postfix\">minute<\/span><\/span><p>\u017divotopis prilago\u0111avamo natje\u010daju za posao na koji se prijavljujemo. Odabirom pravih i prikladnih klju\u010dnih rije\u010di odmah iska\u010dete od ostalih kandidata.<\/p>\n<p>Tako dobivate mogu\u0107nosti istaknuti svoje kvalifikacije, vje\u0161tine i znanja. Vi\u0161e podataka stvara i samopouzdanje na razgovoru za posao.<\/p>\n<p>U ovom \u010dlanku mo\u017eete saznati kako napisati dobar \u017eivotopis, uklju\u010diti sve va\u017ene detalje za \u017eeljeno radno mjesto skladi\u0161tara. Uostalom, za\u0161to ne biste dali sve od sebe i time si osigurali dobro radno mjesto.<\/p>\n<div id=\"ez-toc-container\" class=\"ez-toc-v2_0_64 counter-hierarchy ez-toc-counter ez-toc-white ez-toc-container-direction\">\n<div class=\"ez-toc-title-container\">\n<p class=\"ez-toc-title \" >Sadr\u017eaj<\/p>\n<span class=\"ez-toc-title-toggle\"><\/span><\/div>\n<nav><ul class='ez-toc-list ez-toc-list-level-1 ' ><li class='ez-toc-page-1 ez-toc-heading-level-2'><a class=\"ez-toc-link ez-toc-heading-1\" href=\"https:\/\/zaposlise.hr\/blog\/zivotopis-skladistar\/#Kako_izgleda_zivotopis_za_skladistara\" title=\"Kako izgleda \u017eivotopis za skladi\u0161tara?\">Kako izgleda \u017eivotopis za skladi\u0161tara?<\/a><ul class='ez-toc-list-level-3' ><li class='ez-toc-heading-level-3'><a class=\"ez-toc-link ez-toc-heading-2\" href=\"https:\/\/zaposlise.hr\/blog\/zivotopis-skladistar\/#Misel_Marinic\" title=\"Mi\u0161el Marini\u0107\">Mi\u0161el Marini\u0107<\/a><\/li><\/ul><\/li><li class='ez-toc-page-1 ez-toc-heading-level-2'><a class=\"ez-toc-link ez-toc-heading-3\" href=\"https:\/\/zaposlise.hr\/blog\/zivotopis-skladistar\/#Predlozak_zivotopisa_za_skladistara\" title=\"Predlo\u017eak \u017eivotopisa za skladi\u0161tara\">Predlo\u017eak \u017eivotopisa za skladi\u0161tara<\/a><ul class='ez-toc-list-level-3' ><li class='ez-toc-heading-level-3'><a class=\"ez-toc-link ez-toc-heading-4\" href=\"https:\/\/zaposlise.hr\/blog\/zivotopis-skladistar\/#Vase_ime\" title=\"[Va\u0161e ime]\">[Va\u0161e ime]<\/a><\/li><li class='ez-toc-page-1 ez-toc-heading-level-3'><a class=\"ez-toc-link ez-toc-heading-5\" href=\"https:\/\/zaposlise.hr\/blog\/zivotopis-skladistar\/#Strucni_sazetak\" title=\"Stru\u010dni sa\u017eetak\">Stru\u010dni sa\u017eetak<\/a><\/li><li class='ez-toc-page-1 ez-toc-heading-level-3'><a class=\"ez-toc-link ez-toc-heading-6\" href=\"https:\/\/zaposlise.hr\/blog\/zivotopis-skladistar\/#Radno_iskustvo\" title=\"Radno iskustvo\">Radno iskustvo<\/a><\/li><\/ul><\/li><li class='ez-toc-page-1 ez-toc-heading-level-2'><a class=\"ez-toc-link ez-toc-heading-7\" href=\"https:\/\/zaposlise.hr\/blog\/zivotopis-skladistar\/#Jos_samo_malo_o_zivotopisu%E2%80%A6\" title=\"Jo\u0161 samo malo o \u017eivotopisu&#8230;\">Jo\u0161 samo malo o \u017eivotopisu&#8230;<\/a><ul class='ez-toc-list-level-3' ><li class='ez-toc-heading-level-3'><a class=\"ez-toc-link ez-toc-heading-8\" href=\"https:\/\/zaposlise.hr\/blog\/zivotopis-skladistar\/#Izradite_zaglavlje\" title=\"Izradite zaglavlje\">Izradite zaglavlje<\/a><\/li><li class='ez-toc-page-1 ez-toc-heading-level-3'><a class=\"ez-toc-link ez-toc-heading-9\" href=\"https:\/\/zaposlise.hr\/blog\/zivotopis-skladistar\/#Profesionalni_sazetak\" title=\"Profesionalni sa\u017eetak\">Profesionalni sa\u017eetak<\/a><\/li><li class='ez-toc-page-1 ez-toc-heading-level-3'><a class=\"ez-toc-link ez-toc-heading-10\" href=\"https:\/\/zaposlise.hr\/blog\/zivotopis-skladistar\/#Radno_iskustvo-2\" title=\"Radno iskustvo\">Radno iskustvo<\/a><\/li><li class='ez-toc-page-1 ez-toc-heading-level-3'><a class=\"ez-toc-link ez-toc-heading-11\" href=\"https:\/\/zaposlise.hr\/blog\/zivotopis-skladistar\/#Obrazovanje\" title=\"Obrazovanje\">Obrazovanje<\/a><\/li><li class='ez-toc-page-1 ez-toc-heading-level-3'><a class=\"ez-toc-link ez-toc-heading-12\" href=\"https:\/\/zaposlise.hr\/blog\/zivotopis-skladistar\/#Vjestine\" title=\"Vje\u0161tine\">Vje\u0161tine<\/a><\/li><\/ul><\/li><\/ul><\/nav><\/div>\n<h2><span class=\"ez-toc-section\" id=\"Kako_izgleda_zivotopis_za_skladistara\"><\/span>Kako izgleda \u017eivotopis za skladi\u0161tara?<span class=\"ez-toc-section-end\"><\/span><\/h2>\n<div id=\"attachment_14465\" style=\"width: 1210px\" class=\"wp-caption aligncenter\"><img loading=\"lazy\" decoding=\"async\" aria-describedby=\"caption-attachment-14465\" class=\"size-full wp-image-14465\" src=\"https:\/\/zaposlise.hr\/blog\/wp-content\/uploads\/2025\/06\/Skladistar-trazim-posao-skladistara-skladiste-zivotopis-1.jpg\" alt=\"Skladi\u0161tar, tra\u017eim posao skladi\u0161tara, skladi\u0161te, \u017eivotopis\" width=\"1200\" height=\"675\" srcset=\"https:\/\/zaposlise.hr\/blog\/wp-content\/uploads\/2025\/06\/Skladistar-trazim-posao-skladistara-skladiste-zivotopis-1.jpg 1200w, https:\/\/zaposlise.hr\/blog\/wp-content\/uploads\/2025\/06\/Skladistar-trazim-posao-skladistara-skladiste-zivotopis-1-300x169.jpg 300w, https:\/\/zaposlise.hr\/blog\/wp-content\/uploads\/2025\/06\/Skladistar-trazim-posao-skladistara-skladiste-zivotopis-1-1024x576.jpg 1024w, https:\/\/zaposlise.hr\/blog\/wp-content\/uploads\/2025\/06\/Skladistar-trazim-posao-skladistara-skladiste-zivotopis-1-768x432.jpg 768w, https:\/\/zaposlise.hr\/blog\/wp-content\/uploads\/2025\/06\/Skladistar-trazim-posao-skladistara-skladiste-zivotopis-1-444x250.jpg 444w\" sizes=\"(max-width: 1200px) 100vw, 1200px\" \/><p id=\"caption-attachment-14465\" class=\"wp-caption-text\"><span style=\"font-size: 8pt\">Skladi\u0161tar, tra\u017eim posao skladi\u0161tara, skladi\u0161te, \u017eivotopis<\/span><\/p><\/div>\n<p>U nastavku mo\u017eete pro\u010ditati kako izgleda funkcionalan \u017eivotopis za zanimanje skladi\u0161tar. Smatramo kako je dobro biti pripremljen za prijavu na natje\u010daj za posao.<\/p>\n<p><strong><em>Pitate se na koliko biste se natje\u010daja mogli javiti? Pro\u010ditajte \u010dlanak na tu temu i saznajte koji je optimalan broj prijava na <a href=\"https:\/\/zaposlise.hr\/blog\/natjecaj-za-posao-2\/\">natje\u010daj za posao<\/a> u jednom danu!<\/em><\/strong><\/p>\n<p>Iako ima mnogo skladi\u0161ta kao radnih mjesta u ponudi, samo najbolji poslodavci imaju i najbolje uvjete. Zato pro\u010ditajte primjer \u017eivotopisa i dobro pripremite svoj vlastiti!<\/p>\n<h3><span class=\"ez-toc-section\" id=\"Misel_Marinic\"><\/span><span style=\"font-family: 'andale mono', monospace\"><em>Mi\u0161el Marini\u0107<\/em><\/span><span class=\"ez-toc-section-end\"><\/span><\/h3>\n<p><span style=\"font-family: 'andale mono', monospace\"><em>Zapre\u0161i\u0107 | 091-555-3381 | mmarinic@mail.com<\/em><\/span><\/p>\n<p><span style=\"font-family: 'andale mono', monospace\"><em><strong>Sa\u017eetak<\/strong><\/em><\/span><\/p>\n<p><span style=\"font-family: 'andale mono', monospace\"><em>Pouzdan i organiziran skladi\u0161tar sa \u0161est godina iskustva u maloprodaji odje\u0107e. Upoznat s postupcima planiranja, inventara i sprje\u010davanja nezgoda.<\/em><\/span><\/p>\n<p><span style=\"font-family: 'andale mono', monospace\"><em><strong>Obrazovanje<\/strong><\/em><\/span><\/p>\n<p><span style=\"font-family: 'andale mono', monospace\"><em>Tehni\u010dka \u0161kola Ru\u0111era Bo\u0161kovi\u0107a, Zagreb<\/em><\/span><\/p>\n<p><span style=\"font-family: 'andale mono', monospace\"><em><strong>Radno iskustvo<\/strong><\/em><\/span><\/p>\n<p><span style=\"font-family: 'andale mono', monospace\"><em>Trgovina Trgi\u0107, Avenue Mall, skladi\u0161tar<\/em><\/span><\/p>\n<p><span style=\"font-family: 'andale mono', monospace\"><em>Travanj 2017. \u2013 trenutno<\/em><\/span><\/p>\n<ul>\n<li><span style=\"font-family: 'andale mono', monospace\"><em>Pru\u017eanje obuke i podr\u0161ke novim zaposlenicima kako bi se prilagodili o\u010dekivanim politikama i postupcima za trgovinu.<\/em><\/span><\/li>\n<li><span style=\"font-family: 'andale mono', monospace\"><em>Provo\u0111enje mjese\u010dne inventure i priprema popisa nepokretnih i sporo pokretnih artikala.<\/em><\/span><\/li>\n<li><span style=\"font-family: 'andale mono', monospace\"><em>Izrada mjese\u010dnih rasporeda rada, uzimaju\u0107i u obzir dr\u017eavne praznike i pla\u0107eno slobodno vrijeme zaposlenika kako bi se osigurala pokrivenost osoblja za sve otvorene smjene.<\/em><\/span><\/li>\n<li><span style=\"font-family: 'andale mono', monospace\"><em>Odr\u017eavanje \u010disto\u0107e i organizacije skladi\u0161nih i opskrbnih prostora za nove zalihe.<\/em><\/span><\/li>\n<li><span style=\"font-family: 'andale mono', monospace\"><em>Priprema po\u0161iljki za otpremu kupcima.<\/em><\/span><\/li>\n<\/ul>\n<p><span style=\"font-family: 'andale mono', monospace\"><em>Odli\u010dna tvrtka, prodava\u010d<\/em><\/span><\/p>\n<p><span style=\"font-family: 'andale mono', monospace\"><em>Sije\u010danj 2015. \u2013 travanj 2017.<\/em><\/span><\/p>\n<ul>\n<li><span style=\"font-family: 'andale mono', monospace\"><em>Pomaganje kupcima pri pregledavanju robe kako bi im se pru\u017eili savjeti i informacije.<\/em><\/span><\/li>\n<li><span style=\"font-family: 'andale mono', monospace\"><em>Brinuo sam se za prodajni pult, uklju\u010duju\u0107i blagajnu i pakiranje artikala.<\/em><\/span><\/li>\n<li><span style=\"font-family: 'andale mono', monospace\"><em>\u010cistio sam prostorije trgovine, uklju\u010duju\u0107i metenje, brisanje pra\u0161ine i ponovno slaganje artikala na police.<\/em><\/span><\/li>\n<\/ul>\n<p><span style=\"font-family: 'andale mono', monospace\"><em><strong>Certifikati<\/strong><\/em><\/span><\/p>\n<p><span style=\"font-family: 'andale mono', monospace\"><em>Ovla\u0161teni stru\u010dnjak za upravljanje maloprodajom, Institut za poslovno upravljanje i komunikaciju \u2013 2017.<\/em><\/span><\/p>\n<p><span style=\"font-family: 'andale mono', monospace\"><em><strong>Vje\u0161tine<\/strong><\/em><\/span><\/p>\n<ul>\n<li><span style=\"font-family: 'andale mono', monospace\"><em>Korisni\u010dka slu\u017eba<\/em><\/span><\/li>\n<li><span style=\"font-family: 'andale mono', monospace\"><em>Softver za obradu teksta i prora\u010dunske tablice<\/em><\/span><\/li>\n<li><span style=\"font-family: 'andale mono', monospace\"><em>Usmeno i pismeno komuniciranje<\/em><\/span><\/li>\n<li><span style=\"font-family: 'andale mono', monospace\"><em>Organizacija<\/em><\/span><\/li>\n<li><span style=\"font-family: 'andale mono', monospace\"><em>Upravljanje vremenom<\/em><\/span><\/li>\n<\/ul>\n<div id=\"attachment_14467\" style=\"width: 1210px\" class=\"wp-caption aligncenter\"><img loading=\"lazy\" decoding=\"async\" aria-describedby=\"caption-attachment-14467\" class=\"size-full wp-image-14467\" src=\"https:\/\/zaposlise.hr\/blog\/wp-content\/uploads\/2025\/06\/Komunikacijske-vjestine-posao-poslovanje.jpg\" alt=\"Komunikacijske vje\u0161tine, posao, poslovanje\" width=\"1200\" height=\"675\" srcset=\"https:\/\/zaposlise.hr\/blog\/wp-content\/uploads\/2025\/06\/Komunikacijske-vjestine-posao-poslovanje.jpg 1200w, https:\/\/zaposlise.hr\/blog\/wp-content\/uploads\/2025\/06\/Komunikacijske-vjestine-posao-poslovanje-300x169.jpg 300w, https:\/\/zaposlise.hr\/blog\/wp-content\/uploads\/2025\/06\/Komunikacijske-vjestine-posao-poslovanje-1024x576.jpg 1024w, https:\/\/zaposlise.hr\/blog\/wp-content\/uploads\/2025\/06\/Komunikacijske-vjestine-posao-poslovanje-768x432.jpg 768w, https:\/\/zaposlise.hr\/blog\/wp-content\/uploads\/2025\/06\/Komunikacijske-vjestine-posao-poslovanje-444x250.jpg 444w\" sizes=\"(max-width: 1200px) 100vw, 1200px\" \/><p id=\"caption-attachment-14467\" class=\"wp-caption-text\"><span style=\"font-size: 8pt\">Komunikacijske vje\u0161tine, posao, poslovanje<\/span><\/p><\/div>\n<p>Vje\u0161tine su posebno va\u017ene za kvalitetan rad, pa im je, time, mjesto u \u017eivotopisu. Puno smo pisali o raznim vje\u0161tinama, pa \u0107emo sa\u017eeti neke najva\u017enije, posebno za rad i sam \u017eivotopis.<\/p>\n<ul>\n<li>Ako ste student ili tra\u017eite dodatni posao, potra\u017eite poslove u korisni\u010dkoj slu\u017ebi ili call centru. Saznajte vi\u0161e o <strong><a href=\"https:\/\/zaposlise.hr\/blog\/posao-za-studente\/\">studentskom poslu<\/a> i call centrima<\/strong>.<\/li>\n<li>Donosimo \u010dlanak o CRM-u i za\u0161to je va\u017ean. Niste ni sami sigurni za\u0161to? Istra\u017eite povezanost <strong>strategije poslovanja i <\/strong><a href=\"https:\/\/zaposlise.hr\/blog\/strategija-poslovanja\/\"><strong>CRM<\/strong><\/a>.<\/li>\n<li>Vrlo va\u017ena vje\u0161tina je upravo komunikacija. Saznajte kako <strong><a href=\"https:\/\/zaposlise.hr\/blog\/komunikacijske-vjestine\/\">kvalitetna komunikacija<\/a><\/strong> oblikuje poslovnu suradnju.<\/li>\n<li>Posebno isti\u010demo vje\u0161tinu upravljanja vremenom. Sve je vi\u0161e zadataka i posla, a malo tko zna kako se dobro <strong><a href=\"https:\/\/zaposlise.hr\/blog\/upravljanje-vremenom\/\">upravlja vremenom.<\/a><\/strong> Pro\u010ditajte vi\u0161e u \u010dlanku na linku.<\/li>\n<\/ul>\n<div id=\"attachment_7388\" style=\"width: 1210px\" class=\"wp-caption aligncenter\"><img loading=\"lazy\" decoding=\"async\" aria-describedby=\"caption-attachment-7388\" class=\"size-full wp-image-7388\" src=\"https:\/\/zaposlise.hr\/blog\/wp-content\/uploads\/2024\/08\/vrijeme.jpg\" alt=\"Upravljanje vremenom, rad od ku\u0107e\" width=\"1200\" height=\"735\" srcset=\"https:\/\/zaposlise.hr\/blog\/wp-content\/uploads\/2024\/08\/vrijeme.jpg 1200w, https:\/\/zaposlise.hr\/blog\/wp-content\/uploads\/2024\/08\/vrijeme-300x184.jpg 300w, https:\/\/zaposlise.hr\/blog\/wp-content\/uploads\/2024\/08\/vrijeme-1024x627.jpg 1024w, https:\/\/zaposlise.hr\/blog\/wp-content\/uploads\/2024\/08\/vrijeme-768x470.jpg 768w, https:\/\/zaposlise.hr\/blog\/wp-content\/uploads\/2024\/08\/vrijeme-408x250.jpg 408w\" sizes=\"(max-width: 1200px) 100vw, 1200px\" \/><p id=\"caption-attachment-7388\" class=\"wp-caption-text\"><span style=\"font-size: 8pt\">Upravljanje vremenom, vje\u0161tine; Izvor: Unsplash.com<\/span><\/p><\/div>\n<h2><span class=\"ez-toc-section\" id=\"Predlozak_zivotopisa_za_skladistara\"><\/span>Predlo\u017eak \u017eivotopisa za skladi\u0161tara<span class=\"ez-toc-section-end\"><\/span><\/h2>\n<p>Navedeni predlo\u017eak mo\u017eete koristiti pri pisanju vlastito \u017eivotopisa.<\/p>\n<h3><span class=\"ez-toc-section\" id=\"Vase_ime\"><\/span>[Va\u0161e ime]<span class=\"ez-toc-section-end\"><\/span><\/h3>\n<p>[Broj telefona] | [Profesionalna adresa e-po\u0161te] | [Grad, \u017dupanija] | [Poveznica na stranicu za profesionalno umre\u017eavanje ili portfolio]<\/p>\n<h3><span class=\"ez-toc-section\" id=\"Strucni_sazetak\"><\/span>Stru\u010dni sa\u017eetak<span class=\"ez-toc-section-end\"><\/span><\/h3>\n<p>[Dvije ili tri re\u010denice o va\u0161em iskustvu u industriji i klju\u010dnim vje\u0161tinama]<\/p>\n<h3><span class=\"ez-toc-section\" id=\"Radno_iskustvo\"><\/span>Radno iskustvo<span class=\"ez-toc-section-end\"><\/span><\/h3>\n<p><strong>[Naziv radnog mjesta], [Datum po\u010detka\u2013Datum zavr\u0161etka]<\/strong><\/p>\n<p>[Naziv tvrtke], [Lokacija]<\/p>\n<p>[Sna\u017ean glagol] + [radna du\u017enost] + [utjecaj]<\/p>\n<p>[Sna\u017ean glagol] + [radna du\u017enost] + [utjecaj]<\/p>\n<p>[Sna\u017ean glagol] + [radna du\u017enost] + [utjecaj]<\/p>\n<p>[Sna\u017ean glagol] + [radna du\u017enost] + [utjecaj]<\/p>\n<p>[Sna\u017ean glagol] + [radna du\u017enost] + [utjecaj]<\/p>\n<p><strong>[Naziv radnog mjesta], [Datum po\u010detka\u2013Datum zavr\u0161etka]<\/strong><\/p>\n<p>[Naziv tvrtke], [Lokacija]<\/p>\n<p>[Sna\u017ean glagol] + [radna du\u017enost] + [utjecaj]<\/p>\n<p>[Sna\u017ean glagol] + [radna du\u017enost] + [utjecaj]<\/p>\n<p>[Sna\u017ean glagol] + [radna du\u017enost] + [utjecaj]<\/p>\n<p><strong>[Naziv radnog mjesta], [Datum po\u010detka\u2013Datum zavr\u0161etka]<\/strong><\/p>\n<p>[Naziv tvrtke], [Lokacija]<\/p>\n<p>[Sna\u017ean glagol] + [radna du\u017enost] + [utjecaj]<\/p>\n<p>[Sna\u017ean glagol] + [radna du\u017enost] + [utjecaj]<\/p>\n<p>[Sna\u017ean glagol] + [radna du\u017enost] + [utjecaj]<\/p>\n<p><strong>Vje\u0161tine<\/strong><\/p>\n<p>[Relevantna vje\u0161tina] | [Relevantna vje\u0161tina] | [Relevantna vje\u0161tina] | [Relevantna vje\u0161tina] | [Relevantna vje\u0161tina]<\/p>\n<p><strong>Obrazovanje<\/strong><\/p>\n<p>[Ste\u010dena diploma] [Poha\u0111ana \u0161kola]<\/p>\n<p><strong>Certifikati<\/strong><\/p>\n<p>[Certifikat], [Organizacija koja je izdala certifikat]\u2013[Godina stjecanja]<\/p>\n<div id=\"attachment_14470\" style=\"width: 1210px\" class=\"wp-caption aligncenter\"><img loading=\"lazy\" decoding=\"async\" aria-describedby=\"caption-attachment-14470\" class=\"size-full wp-image-14470\" src=\"https:\/\/zaposlise.hr\/blog\/wp-content\/uploads\/2025\/06\/Skladiste-skladistar-trazim-posao.jpg\" alt=\"Skladi\u0161te, skladi\u0161tar, tra\u017eim posao\" width=\"1200\" height=\"675\" srcset=\"https:\/\/zaposlise.hr\/blog\/wp-content\/uploads\/2025\/06\/Skladiste-skladistar-trazim-posao.jpg 1200w, https:\/\/zaposlise.hr\/blog\/wp-content\/uploads\/2025\/06\/Skladiste-skladistar-trazim-posao-300x169.jpg 300w, https:\/\/zaposlise.hr\/blog\/wp-content\/uploads\/2025\/06\/Skladiste-skladistar-trazim-posao-1024x576.jpg 1024w, https:\/\/zaposlise.hr\/blog\/wp-content\/uploads\/2025\/06\/Skladiste-skladistar-trazim-posao-768x432.jpg 768w, https:\/\/zaposlise.hr\/blog\/wp-content\/uploads\/2025\/06\/Skladiste-skladistar-trazim-posao-444x250.jpg 444w\" sizes=\"(max-width: 1200px) 100vw, 1200px\" \/><p id=\"caption-attachment-14470\" class=\"wp-caption-text\"><span style=\"font-size: 8pt\">Skladi\u0161te, skladi\u0161tar, tra\u017eim posao; Izvor: Unsplash.com<\/span><\/p><\/div>\n<p>Ovakav predlo\u017eak \u017eivotopisa prikazuje vje\u0161tine, kvalifikacije i odgovornosti koje kandidat ima kako bi dokazao da je kvalificiran za posao skladi\u0161tara.<\/p>\n<p>Tipi\u010dne du\u017enosti ili iskustva koja mo\u017eete uklju\u010diti u ovu vrstu \u017eivotopisa su osnovni ra\u010dunovodstveni zadaci, izdavanje ra\u010duna, naru\u010divanje zaliha i rotacija robe na policama.<\/p>\n<p><strong><em>Iz na\u0161eg intervjua s vlasnicom tvrtke <a href=\"https:\/\/www.sant-obracuni.com\/\" target=\"_blank\" rel=\"noopener\">Sant obra\u010duni<\/a> mo\u017eete saznati vi\u0161e o ra\u010dunovodstvu i <a href=\"https:\/\/zaposlise.hr\/blog\/intervju-sant-obracuni-placa\/\">obra\u010dunu pla\u0107a<\/a>. Pro\u010ditajte!<\/em><\/strong><\/p>\n<h2><span class=\"ez-toc-section\" id=\"Jos_samo_malo_o_zivotopisu%E2%80%A6\"><\/span>Jo\u0161 samo malo o \u017eivotopisu&#8230;<span class=\"ez-toc-section-end\"><\/span><\/h2>\n<p>Sve je ve\u0107 jasno iz napisanog, no ipak \u0107emo pro\u0107i o \u017eivotopisu za zanimanje skladi\u0161tar opisom svih odjeljaka.<\/p>\n<h3><span class=\"ez-toc-section\" id=\"Izradite_zaglavlje\"><\/span>Izradite zaglavlje<span class=\"ez-toc-section-end\"><\/span><\/h3>\n<p>Zaglavlje va\u0161eg \u017eivotopisa sadr\u017ei ime i kontakt podatke. Na taj na\u010din vas voditelji zapo\u0161ljavanja mogu prona\u0107i i kontaktirati ako vas \u017eele premjestiti u sljede\u0107u fazu procesa zapo\u0161ljavanja.<\/p>\n<p>U ovom odjeljku mo\u017eete dodati i svoje profesionalne poveznice na dru\u0161tvene mre\u017ee ili mre\u017ee.<\/p>\n<p>\u0160to vi\u0161e <strong>informacija<\/strong> navedete u zaglavlju, to \u0107e voditelji zapo\u0161ljavanja mo\u0107i koristiti vi\u0161e resursa za istra\u017eivanje prilikom ocjenjivanja va\u0161eg kandidata.<\/p>\n<p>A vjerujte, svi istra\u017euju, pregledavaju profile dru\u0161tvenih mre\u017ea i <em>guglaju<\/em>.<\/p>\n<div id=\"attachment_14472\" style=\"width: 1210px\" class=\"wp-caption aligncenter\"><img loading=\"lazy\" decoding=\"async\" aria-describedby=\"caption-attachment-14472\" class=\"size-full wp-image-14472\" src=\"https:\/\/zaposlise.hr\/blog\/wp-content\/uploads\/2025\/06\/Informacije-guglaj-istrazi-poslodavca.jpg\" alt=\"Informacije, guglaj, istra\u017ei poslodavca\" width=\"1200\" height=\"675\" srcset=\"https:\/\/zaposlise.hr\/blog\/wp-content\/uploads\/2025\/06\/Informacije-guglaj-istrazi-poslodavca.jpg 1200w, https:\/\/zaposlise.hr\/blog\/wp-content\/uploads\/2025\/06\/Informacije-guglaj-istrazi-poslodavca-300x169.jpg 300w, https:\/\/zaposlise.hr\/blog\/wp-content\/uploads\/2025\/06\/Informacije-guglaj-istrazi-poslodavca-1024x576.jpg 1024w, https:\/\/zaposlise.hr\/blog\/wp-content\/uploads\/2025\/06\/Informacije-guglaj-istrazi-poslodavca-768x432.jpg 768w, https:\/\/zaposlise.hr\/blog\/wp-content\/uploads\/2025\/06\/Informacije-guglaj-istrazi-poslodavca-444x250.jpg 444w\" sizes=\"(max-width: 1200px) 100vw, 1200px\" \/><p id=\"caption-attachment-14472\" class=\"wp-caption-text\"><span style=\"font-size: 8pt\">Informacije, guglaj, istra\u017ei poslodavca; Izvor: Unsplash.com<\/span><\/p><\/div>\n<h3><span class=\"ez-toc-section\" id=\"Profesionalni_sazetak\"><\/span>Profesionalni sa\u017eetak<span class=\"ez-toc-section-end\"><\/span><\/h3>\n<p>Napisali smo primjer profesionalnog sa\u017eetka. Jasno se vidi va\u017enost takvog teksta.<\/p>\n<p>Profesionalni sa\u017eetak govori o tome \u0161to mo\u017eete raditi na svojoj poziciji i koje koristi tvrtka mo\u017ee imati od va\u0161eg zapo\u0161ljavanja.<\/p>\n<p>U moru kandidata velika je pomo\u0107 poslodavcu kada ima priliku brzo uvidjeti osobine kandidata. Naime, poslodavci vrlo \u010desto uop\u0107e ne pro\u010ditaju \u017eivotopis. Umjesto toga prelete preko njega.<\/p>\n<p><em><strong>Taj proces ide u obliku slova F. Pro\u010ditajte \u010dlanak i saznajte kako <a href=\"https:\/\/zaposlise.hr\/blog\/zivotopis-sto-poslodavci-uistinu-gledaju\/\">poslodavci<\/a> \u010ditaju \u017eivotopis kandidata.\u00a0<\/strong><\/em><\/p>\n<p>I zato, najbolje\u00a0da sa\u017eetak bude kratak kako bi ga poslodavci mogli pro\u010ditati i brzo saznati ne\u0161to o vama.<\/p>\n<p>Razmotrite najva\u017enije ili najimpresivnije stvari koje ste u\u010dinili u svojoj karijeri i istaknite ih u ovom odjeljku.<\/p>\n<p>Certifikati, godine iskustva, poznavanje sadr\u017eaja i nagrade mogu biti korisne teme za otvaranje dokumenta.<\/p>\n<div id=\"attachment_14474\" style=\"width: 1210px\" class=\"wp-caption aligncenter\"><img loading=\"lazy\" decoding=\"async\" aria-describedby=\"caption-attachment-14474\" class=\"size-full wp-image-14474\" src=\"https:\/\/zaposlise.hr\/blog\/wp-content\/uploads\/2025\/06\/Certifikat-certificiranje-trazim-dodatno-obrazovanje.jpg\" alt=\"Certifikat, certificiranje, tra\u017eim dodatno obrazovanje\" width=\"1200\" height=\"675\" srcset=\"https:\/\/zaposlise.hr\/blog\/wp-content\/uploads\/2025\/06\/Certifikat-certificiranje-trazim-dodatno-obrazovanje.jpg 1200w, https:\/\/zaposlise.hr\/blog\/wp-content\/uploads\/2025\/06\/Certifikat-certificiranje-trazim-dodatno-obrazovanje-300x169.jpg 300w, https:\/\/zaposlise.hr\/blog\/wp-content\/uploads\/2025\/06\/Certifikat-certificiranje-trazim-dodatno-obrazovanje-1024x576.jpg 1024w, https:\/\/zaposlise.hr\/blog\/wp-content\/uploads\/2025\/06\/Certifikat-certificiranje-trazim-dodatno-obrazovanje-768x432.jpg 768w, https:\/\/zaposlise.hr\/blog\/wp-content\/uploads\/2025\/06\/Certifikat-certificiranje-trazim-dodatno-obrazovanje-444x250.jpg 444w\" sizes=\"(max-width: 1200px) 100vw, 1200px\" \/><p id=\"caption-attachment-14474\" class=\"wp-caption-text\"><span style=\"font-size: 8pt\">Certifikat, certificiranje, tra\u017eim dodatno obrazovanje; Izvor: Unsplash.com<\/span><\/p><\/div>\n<h3><span class=\"ez-toc-section\" id=\"Radno_iskustvo-2\"><\/span>Radno iskustvo<span class=\"ez-toc-section-end\"><\/span><\/h3>\n<p>Na po\u010detku navedite najnoviju ili najva\u017eniju ulogu. Sve ostale uloge koje navedete nakon toga prikazuju se obrnutim kronolo\u0161kim redoslijedom.<\/p>\n<p>Uz svaku poziciju navedite naziv radnog mjesta, naziv tvrtke, datume zaposlenja i popis od tri do pet odgovornosti koje ste imali na toj poziciji.<\/p>\n<p>Ako jo\u0161 uvijek radite za odre\u0111enu tvrtku, umjesto datuma zavr\u0161etka dodajte rije\u010d &#8220;Trenutno&#8221;.<\/p>\n<p><em><strong>Budite iskreni u pisanju, jer je povjerenje jedini ispravni temelj na kojem se gradi svaki odnos. Pro\u010ditajte kako <a href=\"https:\/\/zaposlise.hr\/blog\/povjerenje-posao\/\">povjerenje <\/a>utje\u010de na kvalitetu radnih odnosa.\u00a0<\/strong><\/em><\/p>\n<h3><span class=\"ez-toc-section\" id=\"Obrazovanje\"><\/span>Obrazovanje<span class=\"ez-toc-section-end\"><\/span><\/h3>\n<p>Budu\u0107i da ve\u0107ina skladi\u0161tara ima barem zavr\u0161enu srednju \u0161kolu, odjeljak kojim se potvr\u0111uje da ste zavr\u0161ili srednju \u0161kolu mo\u017ee poslodavcima pokazati da ste spremni za posao.<\/p>\n<p>Tako\u0111er mo\u017eete uklju\u010diti sve fakultetske diplome koje imate, jer vas to mo\u017ee razlikovati od ostalih kandidata.<\/p>\n<div id=\"attachment_14476\" style=\"width: 1210px\" class=\"wp-caption aligncenter\"><img loading=\"lazy\" decoding=\"async\" aria-describedby=\"caption-attachment-14476\" class=\"size-full wp-image-14476\" src=\"https:\/\/zaposlise.hr\/blog\/wp-content\/uploads\/2025\/06\/studentica.jpg\" alt=\"Diploma i pisanje prvog \u017eivotopisa\" width=\"1200\" height=\"675\" srcset=\"https:\/\/zaposlise.hr\/blog\/wp-content\/uploads\/2025\/06\/studentica.jpg 1200w, https:\/\/zaposlise.hr\/blog\/wp-content\/uploads\/2025\/06\/studentica-300x169.jpg 300w, https:\/\/zaposlise.hr\/blog\/wp-content\/uploads\/2025\/06\/studentica-1024x576.jpg 1024w, https:\/\/zaposlise.hr\/blog\/wp-content\/uploads\/2025\/06\/studentica-768x432.jpg 768w, https:\/\/zaposlise.hr\/blog\/wp-content\/uploads\/2025\/06\/studentica-444x250.jpg 444w\" sizes=\"(max-width: 1200px) 100vw, 1200px\" \/><p id=\"caption-attachment-14476\" class=\"wp-caption-text\"><span style=\"font-size: 8pt\">Diploma i pisanje prvog \u017eivotopisa; Izvor: Unsplash.com<\/span><\/p><\/div>\n<p>Na vrh odjeljka dodajte svoju najvi\u0161u razinu obrazovanja ili najrelevantniju diplomu. Ako imate vi\u0161e mjesta na stranici, mo\u017eete uklju\u010diti dodatne diplome relevantne za poziciju.<\/p>\n<p>U svoj \u017eivotopis mo\u017eete dodati i programe koji su u tijeku. Za svaku diplomu navedite naziv diplome, naziv \u0161kole i datum diplomiranja. Za programe koji su u tijeku mo\u017eete uklju\u010diti o\u010dekivani datum zavr\u0161etka.<\/p>\n<h3><span class=\"ez-toc-section\" id=\"Vjestine\"><\/span>Vje\u0161tine<span class=\"ez-toc-section-end\"><\/span><\/h3>\n<p>Puno smo pisali o vje\u0161tinama. Skladi\u0161tari koriste kombinaciju tvrdih i mekih vje\u0161tina za obavljanje svojih du\u017enosti i povezivanje s \u010dlanovima tima i kupcima.<\/p>\n<p>Tvrde vje\u0161tine su sposobnosti koje se u\u010de kroz obuku i praksu na radnom mjestu.<\/p>\n<p>Meke vje\u0161tine su osobine koje se razvijaju tijekom vremena, poput komunikacijskih vje\u0161tina i vje\u0161tina timskog rada.<\/p>\n<p><strong><em>Iz \u010dlanka na linku mo\u017eete saznati za\u0161to su <a href=\"https:\/\/zaposlise.hr\/blog\/zivotopis-mora-sadrzavati-meke-vjestine\/\">meke vje\u0161tine<\/a> obavezan dio \u017eivotopisa. Tako\u0111er, pogledajte sve poslove za zanimanje <a href=\"https:\/\/zaposlise.hr\/posao?search=skladi%C5%A1te\">skladi\u0161tar<\/a> u na\u0161oj bazi.\u00a0<\/em><\/strong><\/p>\n","protected":false},"excerpt":{"rendered":"<p>\u017divotopis prilago\u0111avamo natje\u010daju za posao na koji se prijavljujemo. Odabirom pravih i prikladnih klju\u010dnih rije\u010di odmah iska\u010dete od ostalih kandidata. [&hellip;]<\/p>\n","protected":false},"author":4,"featured_media":14447,"comment_status":"closed","ping_status":"closed","sticky":false,"template":"","format":"standard","meta":{"inline_featured_image":false,"footnotes":""},"categories":[27],"tags":[179,534,535,134],"yoast_head":"<!-- This site is optimized with the Yoast SEO plugin v21.6 - https:\/\/yoast.com\/wordpress\/plugins\/seo\/ -->\n<title>\u017divotopis za zanimanje skladi\u0161tar - Zaposlise.hr<\/title>\n<meta name=\"description\" content=\"\u017divotopis prilago\u0111avamo natje\u010daju za posao na koji se prijavljujemo. Time iska\u010dete od ostalih kandidata. Pro\u010ditajte kako!\" \/>\n<meta name=\"robots\" content=\"index, follow, max-snippet:-1, max-image-preview:large, max-video-preview:-1\" \/>\n<link rel=\"canonical\" href=\"https:\/\/zaposlise.hr\/blog\/zivotopis-skladistar\/\" \/>\n<meta property=\"og:locale\" content=\"hr_HR\" \/>\n<meta property=\"og:type\" content=\"article\" \/>\n<meta property=\"og:title\" content=\"\u017divotopis za zanimanje skladi\u0161tar - Zaposlise.hr\" \/>\n<meta property=\"og:description\" content=\"\u017divotopis prilago\u0111avamo natje\u010daju za posao na koji se prijavljujemo. Time iska\u010dete od ostalih kandidata. Pro\u010ditajte kako!\" \/>\n<meta property=\"og:url\" content=\"https:\/\/zaposlise.hr\/blog\/zivotopis-skladistar\/\" \/>\n<meta property=\"og:site_name\" content=\"Zaposlise.hr\" \/>\n<meta property=\"article:published_time\" content=\"2025-06-04T20:43:34+00:00\" \/>\n<meta property=\"og:image\" content=\"https:\/\/zaposlise.hr\/blog\/wp-content\/uploads\/2025\/06\/Skladistar-trazim-posao-skladistara-skladiste-zivotopis.jpg\" \/>\n\t<meta property=\"og:image:width\" content=\"1200\" \/>\n\t<meta property=\"og:image:height\" content=\"675\" \/>\n\t<meta property=\"og:image:type\" content=\"image\/jpeg\" \/>\n<meta name=\"author\" content=\"Maja Cvetkovic\" \/>\n<meta name=\"twitter:card\" content=\"summary_large_image\" \/>\n<meta name=\"twitter:label1\" content=\"Napisao\/la\" \/>\n\t<meta name=\"twitter:data1\" content=\"Maja Cvetkovic\" \/>\n\t<meta name=\"twitter:label2\" content=\"Procijenjeno vrijeme \u010ditanja\" \/>\n\t<meta name=\"twitter:data2\" content=\"9 minuta\" \/>\n<script type=\"application\/ld+json\" class=\"yoast-schema-graph\">{\"@context\":\"https:\/\/schema.org\",\"@graph\":[{\"@type\":\"Article\",\"@id\":\"https:\/\/zaposlise.hr\/blog\/zivotopis-skladistar\/#article\",\"isPartOf\":{\"@id\":\"https:\/\/zaposlise.hr\/blog\/zivotopis-skladistar\/\"},\"author\":{\"name\":\"Maja Cvetkovic\",\"@id\":\"https:\/\/zaposlise.hr\/blog\/#\/schema\/person\/11d6327b8569a9e940673e6acbfa396a\"},\"headline\":\"\u017divotopis za zanimanje skladi\u0161tar\",\"datePublished\":\"2025-06-04T20:43:34+00:00\",\"dateModified\":\"2025-06-04T20:43:34+00:00\",\"mainEntityOfPage\":{\"@id\":\"https:\/\/zaposlise.hr\/blog\/zivotopis-skladistar\/\"},\"wordCount\":1485,\"publisher\":{\"@id\":\"https:\/\/zaposlise.hr\/blog\/#organization\"},\"keywords\":[\"razgovor za posao\",\"skladi\u0161tar\",\"zanimanje\",\"\u017eivotopis\"],\"articleSection\":[\"Karijera\"],\"inLanguage\":\"hr\"},{\"@type\":\"WebPage\",\"@id\":\"https:\/\/zaposlise.hr\/blog\/zivotopis-skladistar\/\",\"url\":\"https:\/\/zaposlise.hr\/blog\/zivotopis-skladistar\/\",\"name\":\"\u017divotopis za zanimanje skladi\u0161tar - Zaposlise.hr\",\"isPartOf\":{\"@id\":\"https:\/\/zaposlise.hr\/blog\/#website\"},\"datePublished\":\"2025-06-04T20:43:34+00:00\",\"dateModified\":\"2025-06-04T20:43:34+00:00\",\"description\":\"\u017divotopis prilago\u0111avamo natje\u010daju za posao na koji se prijavljujemo. Time iska\u010dete od ostalih kandidata. Pro\u010ditajte kako!\",\"breadcrumb\":{\"@id\":\"https:\/\/zaposlise.hr\/blog\/zivotopis-skladistar\/#breadcrumb\"},\"inLanguage\":\"hr\",\"potentialAction\":[{\"@type\":\"ReadAction\",\"target\":[\"https:\/\/zaposlise.hr\/blog\/zivotopis-skladistar\/\"]}]},{\"@type\":\"BreadcrumbList\",\"@id\":\"https:\/\/zaposlise.hr\/blog\/zivotopis-skladistar\/#breadcrumb\",\"itemListElement\":[{\"@type\":\"ListItem\",\"position\":1,\"name\":\"Po\u010detna stranica\",\"item\":\"https:\/\/zaposlise.hr\/blog\/\"},{\"@type\":\"ListItem\",\"position\":2,\"name\":\"\u017divotopis za zanimanje skladi\u0161tar\"}]},{\"@type\":\"WebSite\",\"@id\":\"https:\/\/zaposlise.hr\/blog\/#website\",\"url\":\"https:\/\/zaposlise.hr\/blog\/\",\"name\":\"Zaposlise.hr\",\"description\":\"Posao za tebe\",\"publisher\":{\"@id\":\"https:\/\/zaposlise.hr\/blog\/#organization\"},\"potentialAction\":[{\"@type\":\"SearchAction\",\"target\":{\"@type\":\"EntryPoint\",\"urlTemplate\":\"https:\/\/zaposlise.hr\/blog\/?s={search_term_string}\"},\"query-input\":\"required name=search_term_string\"}],\"inLanguage\":\"hr\"},{\"@type\":\"Organization\",\"@id\":\"https:\/\/zaposlise.hr\/blog\/#organization\",\"name\":\"Zaposlise.hr\",\"url\":\"https:\/\/zaposlise.hr\/blog\/\",\"logo\":{\"@type\":\"ImageObject\",\"inLanguage\":\"hr\",\"@id\":\"https:\/\/zaposlise.hr\/blog\/#\/schema\/logo\/image\/\",\"url\":\"https:\/\/zaposlise.hr\/blog\/wp-content\/uploads\/2024\/06\/Screenshot-2024-06-05-at-09.05.43.png\",\"contentUrl\":\"https:\/\/zaposlise.hr\/blog\/wp-content\/uploads\/2024\/06\/Screenshot-2024-06-05-at-09.05.43.png\",\"width\":2088,\"height\":592,\"caption\":\"Zaposlise.hr\"},\"image\":{\"@id\":\"https:\/\/zaposlise.hr\/blog\/#\/schema\/logo\/image\/\"}},{\"@type\":\"Person\",\"@id\":\"https:\/\/zaposlise.hr\/blog\/#\/schema\/person\/11d6327b8569a9e940673e6acbfa396a\",\"name\":\"Maja Cvetkovic\",\"image\":{\"@type\":\"ImageObject\",\"inLanguage\":\"hr\",\"@id\":\"https:\/\/zaposlise.hr\/blog\/#\/schema\/person\/image\/\",\"url\":\"https:\/\/secure.gravatar.com\/avatar\/e8d7da4f01ab43b5b98fc69bf899cf57?s=96&d=mm&r=g\",\"contentUrl\":\"https:\/\/secure.gravatar.com\/avatar\/e8d7da4f01ab43b5b98fc69bf899cf57?s=96&d=mm&r=g\",\"caption\":\"Maja Cvetkovic\"},\"url\":\"https:\/\/zaposlise.hr\/blog\/author\/mayacvetkovic\/\"}]}<\/script>\n<!-- \/ Yoast SEO plugin. -->","yoast_head_json":{"title":"\u017divotopis za zanimanje skladi\u0161tar - Zaposlise.hr","description":"\u017divotopis prilago\u0111avamo natje\u010daju za posao na koji se prijavljujemo. Time iska\u010dete od ostalih kandidata. Pro\u010ditajte kako!","robots":{"index":"index","follow":"follow","max-snippet":"max-snippet:-1","max-image-preview":"max-image-preview:large","max-video-preview":"max-video-preview:-1"},"canonical":"https:\/\/zaposlise.hr\/blog\/zivotopis-skladistar\/","og_locale":"hr_HR","og_type":"article","og_title":"\u017divotopis za zanimanje skladi\u0161tar - Zaposlise.hr","og_description":"\u017divotopis prilago\u0111avamo natje\u010daju za posao na koji se prijavljujemo. Time iska\u010dete od ostalih kandidata. Pro\u010ditajte kako!","og_url":"https:\/\/zaposlise.hr\/blog\/zivotopis-skladistar\/","og_site_name":"Zaposlise.hr","article_published_time":"2025-06-04T20:43:34+00:00","og_image":[{"width":1200,"height":675,"url":"https:\/\/zaposlise.hr\/blog\/wp-content\/uploads\/2025\/06\/Skladistar-trazim-posao-skladistara-skladiste-zivotopis.jpg","type":"image\/jpeg"}],"author":"Maja Cvetkovic","twitter_card":"summary_large_image","twitter_misc":{"Napisao\/la":"Maja Cvetkovic","Procijenjeno vrijeme \u010ditanja":"9 minuta"},"schema":{"@context":"https:\/\/schema.org","@graph":[{"@type":"Article","@id":"https:\/\/zaposlise.hr\/blog\/zivotopis-skladistar\/#article","isPartOf":{"@id":"https:\/\/zaposlise.hr\/blog\/zivotopis-skladistar\/"},"author":{"name":"Maja Cvetkovic","@id":"https:\/\/zaposlise.hr\/blog\/#\/schema\/person\/11d6327b8569a9e940673e6acbfa396a"},"headline":"\u017divotopis za zanimanje skladi\u0161tar","datePublished":"2025-06-04T20:43:34+00:00","dateModified":"2025-06-04T20:43:34+00:00","mainEntityOfPage":{"@id":"https:\/\/zaposlise.hr\/blog\/zivotopis-skladistar\/"},"wordCount":1485,"publisher":{"@id":"https:\/\/zaposlise.hr\/blog\/#organization"},"keywords":["razgovor za posao","skladi\u0161tar","zanimanje","\u017eivotopis"],"articleSection":["Karijera"],"inLanguage":"hr"},{"@type":"WebPage","@id":"https:\/\/zaposlise.hr\/blog\/zivotopis-skladistar\/","url":"https:\/\/zaposlise.hr\/blog\/zivotopis-skladistar\/","name":"\u017divotopis za zanimanje skladi\u0161tar - Zaposlise.hr","isPartOf":{"@id":"https:\/\/zaposlise.hr\/blog\/#website"},"datePublished":"2025-06-04T20:43:34+00:00","dateModified":"2025-06-04T20:43:34+00:00","description":"\u017divotopis prilago\u0111avamo natje\u010daju za posao na koji se prijavljujemo. Time iska\u010dete od ostalih kandidata. Pro\u010ditajte kako!","breadcrumb":{"@id":"https:\/\/zaposlise.hr\/blog\/zivotopis-skladistar\/#breadcrumb"},"inLanguage":"hr","potentialAction":[{"@type":"ReadAction","target":["https:\/\/zaposlise.hr\/blog\/zivotopis-skladistar\/"]}]},{"@type":"BreadcrumbList","@id":"https:\/\/zaposlise.hr\/blog\/zivotopis-skladistar\/#breadcrumb","itemListElement":[{"@type":"ListItem","position":1,"name":"Po\u010detna stranica","item":"https:\/\/zaposlise.hr\/blog\/"},{"@type":"ListItem","position":2,"name":"\u017divotopis za zanimanje skladi\u0161tar"}]},{"@type":"WebSite","@id":"https:\/\/zaposlise.hr\/blog\/#website","url":"https:\/\/zaposlise.hr\/blog\/","name":"Zaposlise.hr","description":"Posao za tebe","publisher":{"@id":"https:\/\/zaposlise.hr\/blog\/#organization"},"potentialAction":[{"@type":"SearchAction","target":{"@type":"EntryPoint","urlTemplate":"https:\/\/zaposlise.hr\/blog\/?s={search_term_string}"},"query-input":"required name=search_term_string"}],"inLanguage":"hr"},{"@type":"Organization","@id":"https:\/\/zaposlise.hr\/blog\/#organization","name":"Zaposlise.hr","url":"https:\/\/zaposlise.hr\/blog\/","logo":{"@type":"ImageObject","inLanguage":"hr","@id":"https:\/\/zaposlise.hr\/blog\/#\/schema\/logo\/image\/","url":"https:\/\/zaposlise.hr\/blog\/wp-content\/uploads\/2024\/06\/Screenshot-2024-06-05-at-09.05.43.png","contentUrl":"https:\/\/zaposlise.hr\/blog\/wp-content\/uploads\/2024\/06\/Screenshot-2024-06-05-at-09.05.43.png","width":2088,"height":592,"caption":"Zaposlise.hr"},"image":{"@id":"https:\/\/zaposlise.hr\/blog\/#\/schema\/logo\/image\/"}},{"@type":"Person","@id":"https:\/\/zaposlise.hr\/blog\/#\/schema\/person\/11d6327b8569a9e940673e6acbfa396a","name":"Maja Cvetkovic","image":{"@type":"ImageObject","inLanguage":"hr","@id":"https:\/\/zaposlise.hr\/blog\/#\/schema\/person\/image\/","url":"https:\/\/secure.gravatar.com\/avatar\/e8d7da4f01ab43b5b98fc69bf899cf57?s=96&d=mm&r=g","contentUrl":"https:\/\/secure.gravatar.com\/avatar\/e8d7da4f01ab43b5b98fc69bf899cf57?s=96&d=mm&r=g","caption":"Maja Cvetkovic"},"url":"https:\/\/zaposlise.hr\/blog\/author\/mayacvetkovic\/"}]}},"_links":{"self":[{"href":"https:\/\/zaposlise.hr\/blog\/wp-json\/wp\/v2\/posts\/14445"}],"collection":[{"href":"https:\/\/zaposlise.hr\/blog\/wp-json\/wp\/v2\/posts"}],"about":[{"href":"https:\/\/zaposlise.hr\/blog\/wp-json\/wp\/v2\/types\/post"}],"author":[{"embeddable":true,"href":"https:\/\/zaposlise.hr\/blog\/wp-json\/wp\/v2\/users\/4"}],"replies":[{"embeddable":true,"href":"https:\/\/zaposlise.hr\/blog\/wp-json\/wp\/v2\/comments?post=14445"}],"version-history":[{"count":25,"href":"https:\/\/zaposlise.hr\/blog\/wp-json\/wp\/v2\/posts\/14445\/revisions"}],"predecessor-version":[{"id":14478,"href":"https:\/\/zaposlise.hr\/blog\/wp-json\/wp\/v2\/posts\/14445\/revisions\/14478"}],"wp:featuredmedia":[{"embeddable":true,"href":"https:\/\/zaposlise.hr\/blog\/wp-json\/wp\/v2\/media\/14447"}],"wp:attachment":[{"href":"https:\/\/zaposlise.hr\/blog\/wp-json\/wp\/v2\/media?parent=14445"}],"wp:term":[{"taxonomy":"category","embeddable":true,"href":"https:\/\/zaposlise.hr\/blog\/wp-json\/wp\/v2\/categories?post=14445"},{"taxonomy":"post_tag","embeddable":true,"href":"https:\/\/zaposlise.hr\/blog\/wp-json\/wp\/v2\/tags?post=14445"}],"curies":[{"name":"wp","href":"https:\/\/api.w.org\/{rel}","templated":true}]}}