{"id":14479,"date":"2025-06-05T09:39:53","date_gmt":"2025-06-05T07:39:53","guid":{"rendered":"https:\/\/zaposlise.hr\/blog\/?p=14479"},"modified":"2025-06-15T22:59:01","modified_gmt":"2025-06-15T20:59:01","slug":"trazim-posao","status":"publish","type":"post","link":"https:\/\/zaposlise.hr\/blog\/trazim-posao\/","title":{"rendered":"Tra\u017eim posao: \u0161to kada ostanemo bez posla"},"content":{"rendered":"<span class=\"rt-reading-time\" style=\"display: block;\"><span class=\"rt-label rt-prefix\">Reading Time: <\/span> <span class=\"rt-time\">5<\/span> <span class=\"rt-label rt-postfix\">minute<\/span><\/span><p>&#8220;Tra\u017eim posao u struci!&#8221; Koliko puta ste nai\u0161li na takav status na dru\u0161tvenim mre\u017eama? Ili su vas bli\u017enji i daljnji pitali znate li nekog poslodavca koji zapo\u0161ljava?<\/p>\n<p>Te\u0161ko je kada osoba ostane bez posla. No, va\u017eno je (p)ostati proaktivan i krenuti dalje. Napravite plan za naredne sate, dane i tjedne.<\/p>\n<p>Neo\u010dekivani gubitak posla donosi cijeli niz logisti\u010dkih, emocionalnih i prakti\u010dnih razmatranja kojima se samo vi mo\u017eete baviti.<\/p>\n<p>Primjerice, od rje\u0161avanja obveza kod prethodnog poslodavca do tra\u017eenja i prijavljivanja za nove poslove.<\/p>\n<p>Pro\u010ditajte \u010dlanak i saznajte koje korake treba poduzeti nakon gubitka posla. Napravili smo i zbir strategija\u00a0koje mo\u017eete primijeniti u razli\u010ditim fazama nakon neo\u010dekivanog gubitka posla.<\/p>\n<div id=\"attachment_14492\" style=\"width: 1210px\" class=\"wp-caption aligncenter\"><img loading=\"lazy\" decoding=\"async\" aria-describedby=\"caption-attachment-14492\" class=\"size-full wp-image-14492\" src=\"https:\/\/zaposlise.hr\/blog\/wp-content\/uploads\/2025\/06\/Otkay-gubitak-posla-trazim-posao.jpg\" alt=\"Otkaz, gubitak posla, tra\u017eim posao\" width=\"1200\" height=\"675\" srcset=\"https:\/\/zaposlise.hr\/blog\/wp-content\/uploads\/2025\/06\/Otkay-gubitak-posla-trazim-posao.jpg 1200w, https:\/\/zaposlise.hr\/blog\/wp-content\/uploads\/2025\/06\/Otkay-gubitak-posla-trazim-posao-300x169.jpg 300w, https:\/\/zaposlise.hr\/blog\/wp-content\/uploads\/2025\/06\/Otkay-gubitak-posla-trazim-posao-1024x576.jpg 1024w, https:\/\/zaposlise.hr\/blog\/wp-content\/uploads\/2025\/06\/Otkay-gubitak-posla-trazim-posao-768x432.jpg 768w, https:\/\/zaposlise.hr\/blog\/wp-content\/uploads\/2025\/06\/Otkay-gubitak-posla-trazim-posao-444x250.jpg 444w\" sizes=\"(max-width: 1200px) 100vw, 1200px\" \/><p id=\"caption-attachment-14492\" class=\"wp-caption-text\"><span style=\"font-size: 8pt\">Otkaz, gubitak posla, tra\u017eim posao; Izvor: Unsplash.com<\/span><\/p><\/div>\n<div id=\"ez-toc-container\" class=\"ez-toc-v2_0_64 counter-hierarchy ez-toc-counter ez-toc-white ez-toc-container-direction\">\n<div class=\"ez-toc-title-container\">\n<p class=\"ez-toc-title \" >Sadr\u017eaj<\/p>\n<span class=\"ez-toc-title-toggle\"><\/span><\/div>\n<nav><ul class='ez-toc-list ez-toc-list-level-1 ' ><li class='ez-toc-page-1 ez-toc-heading-level-2'><a class=\"ez-toc-link ez-toc-heading-1\" href=\"https:\/\/zaposlise.hr\/blog\/trazim-posao\/#Trazim_posao_vodic_korak_po_korak\" title=\"Tra\u017eim posao: vodi\u010d korak po korak\">Tra\u017eim posao: vodi\u010d korak po korak<\/a><\/li><li class='ez-toc-page-1 ez-toc-heading-level-2'><a class=\"ez-toc-link ez-toc-heading-2\" href=\"https:\/\/zaposlise.hr\/blog\/trazim-posao\/#Moja_prava_nakon_gubitka_posla\" title=\"Moja prava nakon gubitka posla\">Moja prava nakon gubitka posla<\/a><ul class='ez-toc-list-level-3' ><li class='ez-toc-heading-level-3'><a class=\"ez-toc-link ez-toc-heading-3\" href=\"https:\/\/zaposlise.hr\/blog\/trazim-posao\/#Prijavite_se_na_Hrvatski_zavod_za_zaposljavanje_HZZ\" title=\"Prijavite se na Hrvatski zavod za zapo\u0161ljavanje (HZZ)\">Prijavite se na Hrvatski zavod za zapo\u0161ljavanje (HZZ)<\/a><\/li><li class='ez-toc-page-1 ez-toc-heading-level-3'><a class=\"ez-toc-link ez-toc-heading-4\" href=\"https:\/\/zaposlise.hr\/blog\/trazim-posao\/#Priprema_dokumentacije\" title=\"Priprema dokumentacije\">Priprema dokumentacije<\/a><\/li><li class='ez-toc-page-1 ez-toc-heading-level-3'><a class=\"ez-toc-link ez-toc-heading-5\" href=\"https:\/\/zaposlise.hr\/blog\/trazim-posao\/#Tko_ima_pravo_na_novcanu_naknadu\" title=\"Tko ima pravo na nov\u010danu naknadu?\">Tko ima pravo na nov\u010danu naknadu?<\/a><\/li><li class='ez-toc-page-1 ez-toc-heading-level-3'><a class=\"ez-toc-link ez-toc-heading-6\" href=\"https:\/\/zaposlise.hr\/blog\/trazim-posao\/#Tko_nema_pravo_na_novcanu_naknadu\" title=\"Tko nema pravo na nov\u010danu naknadu?\">Tko nema pravo na nov\u010danu naknadu?<\/a><\/li><\/ul><\/li><li class='ez-toc-page-1 ez-toc-heading-level-2'><a class=\"ez-toc-link ez-toc-heading-7\" href=\"https:\/\/zaposlise.hr\/blog\/trazim-posao\/#Zadnjih_par_dana_na_poslu\" title=\"Zadnjih par dana na poslu\">Zadnjih par dana na poslu<\/a><ul class='ez-toc-list-level-3' ><li class='ez-toc-heading-level-3'><a class=\"ez-toc-link ez-toc-heading-8\" href=\"https:\/\/zaposlise.hr\/blog\/trazim-posao\/#Pripremite_dokumentaciju_o_svom_radu\" title=\"Pripremite dokumentaciju o svom radu\">Pripremite dokumentaciju o svom radu<\/a><\/li><li class='ez-toc-page-1 ez-toc-heading-level-3'><a class=\"ez-toc-link ez-toc-heading-9\" href=\"https:\/\/zaposlise.hr\/blog\/trazim-posao\/#Pricajte_s_kolegama_iz_ljudskih_resursa\" title=\"Pri\u010dajte s kolegama iz ljudskih resursa\">Pri\u010dajte s kolegama iz ljudskih resursa<\/a><\/li><li class='ez-toc-page-1 ez-toc-heading-level-3'><a class=\"ez-toc-link ez-toc-heading-10\" href=\"https:\/\/zaposlise.hr\/blog\/trazim-posao\/#Prikupite_kontakte_suradnika_i_kolega\" title=\"Prikupite kontakte suradnika i kolega\">Prikupite kontakte suradnika i kolega<\/a><\/li><li class='ez-toc-page-1 ez-toc-heading-level-3'><a class=\"ez-toc-link ez-toc-heading-11\" href=\"https:\/\/zaposlise.hr\/blog\/trazim-posao\/#Zatrazite_preporuke\" title=\"Zatra\u017eite preporuke\">Zatra\u017eite preporuke<\/a><\/li><\/ul><\/li><\/ul><\/nav><\/div>\n<h2><span class=\"ez-toc-section\" id=\"Trazim_posao_vodic_korak_po_korak\"><\/span>Tra\u017eim posao: vodi\u010d korak po korak<span class=\"ez-toc-section-end\"><\/span><\/h2>\n<p>Svatko ima razli\u010dite financijske, osobne i profesionalne okolnosti. One oblikuju osje\u0107aje i pona\u0161anje osobe kada sazna da je otpu\u0161tena.<\/p>\n<p><em>Otkaz je te\u0161ko primiti u svakoj situaciji. Pro\u010ditajte \u010dlanak da biste saznali \u0161to je <\/em><strong><em><a href=\"https:\/\/zaposlise.hr\/blog\/poslovno-uvjetovani-otkaz-sto-trebate-znati\/\">poslovno uvjetovani otkaz<\/a>. <\/em><\/strong><em>Donosimo detalje o toj poslovnoj odluci.\u00a0<\/em><\/p>\n<p>Morat \u0107ete razmotriti mnoge prioritete nakon gubitka posla, ali stvarnost je da je vrijeme tako\u0111er va\u017ean faktor.<\/p>\n<div id=\"attachment_14494\" style=\"width: 1210px\" class=\"wp-caption aligncenter\"><img loading=\"lazy\" decoding=\"async\" aria-describedby=\"caption-attachment-14494\" class=\"size-full wp-image-14494\" src=\"https:\/\/zaposlise.hr\/blog\/wp-content\/uploads\/2025\/06\/Emocije-psihologija-gubitak-ostao-bez-posla.jpg\" alt=\"Emocije, psihologija, gubitak, ostao bez posla\" width=\"1200\" height=\"675\" srcset=\"https:\/\/zaposlise.hr\/blog\/wp-content\/uploads\/2025\/06\/Emocije-psihologija-gubitak-ostao-bez-posla.jpg 1200w, https:\/\/zaposlise.hr\/blog\/wp-content\/uploads\/2025\/06\/Emocije-psihologija-gubitak-ostao-bez-posla-300x169.jpg 300w, https:\/\/zaposlise.hr\/blog\/wp-content\/uploads\/2025\/06\/Emocije-psihologija-gubitak-ostao-bez-posla-1024x576.jpg 1024w, https:\/\/zaposlise.hr\/blog\/wp-content\/uploads\/2025\/06\/Emocije-psihologija-gubitak-ostao-bez-posla-768x432.jpg 768w, https:\/\/zaposlise.hr\/blog\/wp-content\/uploads\/2025\/06\/Emocije-psihologija-gubitak-ostao-bez-posla-444x250.jpg 444w\" sizes=\"(max-width: 1200px) 100vw, 1200px\" \/><p id=\"caption-attachment-14494\" class=\"wp-caption-text\"><span style=\"font-size: 8pt\">Emocije, psihologija, gubitak, ostao bez posla; Izvor: Unsplash.com<\/span><\/p><\/div>\n<p>Stoga je va\u017eno usredoto\u010diti se na najhitnija pitanja, a istovremeno voditi ra\u010duna o svom <strong><a href=\"https:\/\/zaposlise.hr\/blog\/mentalno-zdravlje\/\">mentalnom zdravlju<\/a><\/strong> i razini stresa.<\/p>\n<p>Dajte si trenutak da se pomirite s \u010dinjenicom da vi\u0161e niste zaposleni, a zatim prona\u0111ite na\u010din kako da to prebrodite.<\/p>\n<p>Nakon \u0161to prihvatite da ste izgubili posao, napravite plan. Planiranje uvijek daje dozu optimizma u \u017eivot. Kada odredite cilj, znate kuda se trebate kretati.<\/p>\n<p><em>Koji su va\u0161i ciljevi u karijeri? Kako ih postaviti i kako ih dosti\u0107i? Pro\u010ditajte \u010dlanak o va\u017enosti postavljanja<\/em><strong><em><a href=\"https:\/\/zaposlise.hr\/blog\/ciljevi-u-karijeri-smart-metoda\/\">ciljeva u karijeri<\/a>.\u00a0<\/em><\/strong><\/p>\n<blockquote><p><span style=\"font-size: 14pt\"><a href=\"https:\/\/www.convoy.hr\/radno-pravo\/koja-su-moja-prava-nakon-gubitka-posla\/\" target=\"_blank\" rel=\"noopener\">Gubitak posla<\/a> mo\u017ee predstavljati veliki izazov, ali pravovremene i ispravne akcije mogu zna\u010dajno olak\u0161ati tranziciju.<\/span><\/p><\/blockquote>\n<h2><span class=\"ez-toc-section\" id=\"Moja_prava_nakon_gubitka_posla\"><\/span>Moja prava nakon gubitka posla<span class=\"ez-toc-section-end\"><\/span><\/h2>\n<p>Kada \u010dujete bli\u017enjeg da ka\u017ee: &#8220;Tra\u017eim posao&#8221;, objasnite kako u Hrvatskoj postoji cijeli niz koraka koje treba poduzeti radi osiguravanja svojih prava na Hrvatskom zavodu za zapo\u0161ljavanje (<a href=\"http:\/\/www.hzz.hr\" target=\"_blank\" rel=\"noopener\">HZZ<\/a>).<\/p>\n<p>Iz istog razloga treba paziti kako bi se o\u010duvalo zdravstveno osiguranje. Put nakon gubitka posla po\u010dinje ovako:<\/p>\n<div id=\"attachment_14496\" style=\"width: 1210px\" class=\"wp-caption aligncenter\"><img loading=\"lazy\" decoding=\"async\" aria-describedby=\"caption-attachment-14496\" class=\"size-full wp-image-14496\" src=\"https:\/\/zaposlise.hr\/blog\/wp-content\/uploads\/2025\/06\/HZZ-novcana-naknada-za-nezaposlene-otkaz.jpg\" alt=\"HZZ, nov\u010dana naknada za nezaposlene, otkaz\" width=\"1200\" height=\"675\" srcset=\"https:\/\/zaposlise.hr\/blog\/wp-content\/uploads\/2025\/06\/HZZ-novcana-naknada-za-nezaposlene-otkaz.jpg 1200w, https:\/\/zaposlise.hr\/blog\/wp-content\/uploads\/2025\/06\/HZZ-novcana-naknada-za-nezaposlene-otkaz-300x169.jpg 300w, https:\/\/zaposlise.hr\/blog\/wp-content\/uploads\/2025\/06\/HZZ-novcana-naknada-za-nezaposlene-otkaz-1024x576.jpg 1024w, https:\/\/zaposlise.hr\/blog\/wp-content\/uploads\/2025\/06\/HZZ-novcana-naknada-za-nezaposlene-otkaz-768x432.jpg 768w, https:\/\/zaposlise.hr\/blog\/wp-content\/uploads\/2025\/06\/HZZ-novcana-naknada-za-nezaposlene-otkaz-444x250.jpg 444w\" sizes=\"(max-width: 1200px) 100vw, 1200px\" \/><p id=\"caption-attachment-14496\" class=\"wp-caption-text\"><span style=\"font-size: 8pt\">HZZ, nov\u010dana naknada za nezaposlene, otkaz; Izvor: Hzz.hr<\/span><\/p><\/div>\n<h3><span class=\"ez-toc-section\" id=\"Prijavite_se_na_Hrvatski_zavod_za_zaposljavanje_HZZ\"><\/span>Prijavite se na Hrvatski zavod za zapo\u0161ljavanje (HZZ)<span class=\"ez-toc-section-end\"><\/span><\/h3>\n<blockquote><p><span style=\"font-size: 14pt\">Prva i najva\u017enija radnja nakon gubitka posla je <a href=\"https:\/\/www.convoy.hr\/radno-pravo\/koja-su-moja-prava-nakon-gubitka-posla\/\" target=\"_blank\" rel=\"noopener\">prijava na HZZ<\/a>.<\/span><\/p><\/blockquote>\n<p>Imate 30 dana za prijavu, od dana kada je prestao radni odnos. U nekim situacijama osobe opravdano propuste taj vremenski rok. Tada dobiju dodatnih 8 dana za podno\u0161enje zahtjeva u HZZ.<\/p>\n<p>Najkasnije mogu podnijeti 60 dana, po\u010dev\u0161i od propu\u0161tanja prvotno odre\u0111enog roka. No ipak, nemojte propustiti ovaj korak i o\u010duvajte prava na nov\u010danu naknadu.<\/p>\n<p><em><a href=\"https:\/\/zaposlise.hr\/blog\/novcana-naknada-baka-djed-servis-u-samoboru\/\">Nov\u010dana naknada<\/a> se odnedavno daje bakama i djedovima u <a href=\"https:\/\/www.samobor.hr\/visit\" target=\"_blank\" rel=\"noopener\">Samoboru<\/a>. Pro\u010ditajte vi\u0161e o toj odli\u010dnoj novoj mjeri koja se provodi u Samoboru.\u00a0<\/em><\/p>\n<h3><span class=\"ez-toc-section\" id=\"Priprema_dokumentacije\"><\/span>Priprema dokumentacije<span class=\"ez-toc-section-end\"><\/span><\/h3>\n<p>Da bi prijava na HZZ pro\u0161la bez muke i s jednim dolaskom na \u0161alter, pripazite da ste osigurali svu <a href=\"https:\/\/www.convoy.hr\/radno-pravo\/koja-su-moja-prava-nakon-gubitka-posla\/\" target=\"_blank\" rel=\"noopener\">dokumentaciju<\/a>. Ona je:<\/p>\n<ul>\n<li>Dokaz o razlogu prestanka radnog odnosa.<\/li>\n<li>Otkaz ugovora o radu od strane poslodavca.<\/li>\n<\/ul>\n<div id=\"attachment_14498\" style=\"width: 1210px\" class=\"wp-caption aligncenter\"><img loading=\"lazy\" decoding=\"async\" aria-describedby=\"caption-attachment-14498\" class=\"size-full wp-image-14498\" src=\"https:\/\/zaposlise.hr\/blog\/wp-content\/uploads\/2025\/06\/Otkaz-od-poslodavca-kako-dalje-burza-rada-naknada.jpg\" alt=\"Otkaz od poslodavca, kako dalje, burza rada, naknada\" width=\"1200\" height=\"675\" srcset=\"https:\/\/zaposlise.hr\/blog\/wp-content\/uploads\/2025\/06\/Otkaz-od-poslodavca-kako-dalje-burza-rada-naknada.jpg 1200w, https:\/\/zaposlise.hr\/blog\/wp-content\/uploads\/2025\/06\/Otkaz-od-poslodavca-kako-dalje-burza-rada-naknada-300x169.jpg 300w, https:\/\/zaposlise.hr\/blog\/wp-content\/uploads\/2025\/06\/Otkaz-od-poslodavca-kako-dalje-burza-rada-naknada-1024x576.jpg 1024w, https:\/\/zaposlise.hr\/blog\/wp-content\/uploads\/2025\/06\/Otkaz-od-poslodavca-kako-dalje-burza-rada-naknada-768x432.jpg 768w, https:\/\/zaposlise.hr\/blog\/wp-content\/uploads\/2025\/06\/Otkaz-od-poslodavca-kako-dalje-burza-rada-naknada-444x250.jpg 444w\" sizes=\"(max-width: 1200px) 100vw, 1200px\" \/><p id=\"caption-attachment-14498\" class=\"wp-caption-text\"><span style=\"font-size: 8pt\">Otkaz od poslodavca, kako dalje, burza rada, naknada; Izvor: Unsplash.com<\/span><\/p><\/div>\n<ul>\n<li>Dokaz o prosje\u010dnoj pla\u0107i za zadnja tri mjeseca prije prestanka radnog odnosa.<\/li>\n<li>Preslika radne knji\u017eice i teku\u0107eg ra\u010duna banke.<\/li>\n<\/ul>\n<h3><span class=\"ez-toc-section\" id=\"Tko_ima_pravo_na_novcanu_naknadu\"><\/span>Tko ima pravo na nov\u010danu naknadu?<span class=\"ez-toc-section-end\"><\/span><\/h3>\n<p>Pravo na nov\u010danu naknadu radi otkaza posla ima\u00a0nezaposlena osoba koja u trenutku prestanka radnog odnosa ima najmanje 9 mjeseci rada u posljednja 24 mjeseca.<\/p>\n<p>Vrijeme provedeno u radu koje spominjemo gleda se prema vremenu obveznog osiguranja. To osiguranje mora biti provedeno prema propisima o mirovinskom osiguranju ostvareno na temelju radnog odnosa.<\/p>\n<p>Va\u017eno je da je radni odnos ostvaren u Hrvatskoj ili nekoj drugoj \u010dlanici Europskog gospodarskog prostora ili u \u0160vicarskoj. Pravo ima i radnik koji je bio privremeno nesposoban za rad.<\/p>\n<p>Ba\u0161 kao i osobe na\u00a0rodiljinom, roditeljskom, posvojiteljskom ili skrbni\u010dkom dopustu.<\/p>\n<p><em><strong>Ako imate priliku, obavezno oti\u0111ite na <a href=\"https:\/\/zaposlise.hr\/blog\/ocinski-dopust-2025\/\">o\u010dinski dopust<\/a>. Detalje mo\u017eete saznati u na\u0161em \u010dlanku.\u00a0<\/strong><\/em><\/p>\n<div id=\"attachment_12599\" style=\"width: 1210px\" class=\"wp-caption aligncenter\"><img loading=\"lazy\" decoding=\"async\" aria-describedby=\"caption-attachment-12599\" class=\"size-full wp-image-12599\" src=\"https:\/\/zaposlise.hr\/blog\/wp-content\/uploads\/2025\/03\/Ocinski-dopust-novosti-HZZO-1.png\" alt=\"O\u010dinski dopust, novosti, HZZO\" width=\"1200\" height=\"800\" srcset=\"https:\/\/zaposlise.hr\/blog\/wp-content\/uploads\/2025\/03\/Ocinski-dopust-novosti-HZZO-1.png 1200w, https:\/\/zaposlise.hr\/blog\/wp-content\/uploads\/2025\/03\/Ocinski-dopust-novosti-HZZO-1-300x200.png 300w, https:\/\/zaposlise.hr\/blog\/wp-content\/uploads\/2025\/03\/Ocinski-dopust-novosti-HZZO-1-1024x683.png 1024w, https:\/\/zaposlise.hr\/blog\/wp-content\/uploads\/2025\/03\/Ocinski-dopust-novosti-HZZO-1-768x512.png 768w, https:\/\/zaposlise.hr\/blog\/wp-content\/uploads\/2025\/03\/Ocinski-dopust-novosti-HZZO-1-375x250.png 375w\" sizes=\"(max-width: 1200px) 100vw, 1200px\" \/><p id=\"caption-attachment-12599\" class=\"wp-caption-text\"><span style=\"font-size: 8pt\">O\u010dinski dopust, novosti, HZZO; Izvor: Hzzo.hr<\/span><\/p><\/div>\n<blockquote><p><span style=\"font-size: 14pt\">Zakonom su taksativno navedeni slu\u010dajevi prestanka radnog odnosa, odnosno slu\u017ebe, kad <a href=\"https:\/\/www.convoy.hr\/radno-pravo\/koja-su-moja-prava-nakon-gubitka-posla\/\" target=\"_blank\" rel=\"noopener\">nezaposlena osoba<\/a> ne mo\u017ee ostvariti pravo na nov\u010danu naknadu.<\/span><\/p><\/blockquote>\n<h3><span class=\"ez-toc-section\" id=\"Tko_nema_pravo_na_novcanu_naknadu\"><\/span>Tko nema pravo na nov\u010danu naknadu?<span class=\"ez-toc-section-end\"><\/span><\/h3>\n<p>Osobe nemaju pravo na naknadu u ovim slu\u010dajevima:<\/p>\n<ul>\n<li>Ako je osoba sama dala otkaz, osim kada se dogodi izvanredni otkaz ugovora\u00a0o radu uzrokovanog pona\u0161anjem poslodavca,<\/li>\n<li>pisanim sporazumom o prestanku radnog odnosa odnosno slu\u017ebe,<\/li>\n<li>sudskom nagodbom kojom je utvr\u0111en prestanak radnog odnosa,<\/li>\n<li>\u00a0ako osoba nije zadovoljila na probnom radu ili nije zadovoljila tijekom pripravni\u010dkog, odnosno vje\u017ebeni\u010dkog sta\u017ea, odnosno nije u propisanom roku polo\u017eila stru\u010dni ispit koji je utvr\u0111en posebnim propisom,<\/li>\n<li>redovnim otkazom uvjetovanim skrivljenim pona\u0161anjem radnika ili izvanrednim otkazom zbog te\u0161ke povrede radne obveze odnosno slu\u017ebene du\u017enosti ili prestankom slu\u017ebe po sili zakona<\/li>\n<li>zbog izdr\u017eavanja kazne zatvora du\u017ee od tri mjeseca.<\/li>\n<\/ul>\n<div id=\"attachment_14501\" style=\"width: 1210px\" class=\"wp-caption aligncenter\"><img loading=\"lazy\" decoding=\"async\" aria-describedby=\"caption-attachment-14501\" class=\"size-full wp-image-14501\" src=\"https:\/\/zaposlise.hr\/blog\/wp-content\/uploads\/2025\/06\/Nema-pravo-na-novcanu-naknadu-otkaz-zatvor.jpg\" alt=\"Nema pravo na nov\u010danu naknadu, otkaz, zatvor\" width=\"1200\" height=\"675\" srcset=\"https:\/\/zaposlise.hr\/blog\/wp-content\/uploads\/2025\/06\/Nema-pravo-na-novcanu-naknadu-otkaz-zatvor.jpg 1200w, https:\/\/zaposlise.hr\/blog\/wp-content\/uploads\/2025\/06\/Nema-pravo-na-novcanu-naknadu-otkaz-zatvor-300x169.jpg 300w, https:\/\/zaposlise.hr\/blog\/wp-content\/uploads\/2025\/06\/Nema-pravo-na-novcanu-naknadu-otkaz-zatvor-1024x576.jpg 1024w, https:\/\/zaposlise.hr\/blog\/wp-content\/uploads\/2025\/06\/Nema-pravo-na-novcanu-naknadu-otkaz-zatvor-768x432.jpg 768w, https:\/\/zaposlise.hr\/blog\/wp-content\/uploads\/2025\/06\/Nema-pravo-na-novcanu-naknadu-otkaz-zatvor-444x250.jpg 444w\" sizes=\"(max-width: 1200px) 100vw, 1200px\" \/><p id=\"caption-attachment-14501\" class=\"wp-caption-text\"><span style=\"font-size: 8pt\">Nema pravo na nov\u010danu naknadu, otkaz, zatvor; Izvor: Unsplash.com<\/span><\/p><\/div>\n<p><strong><em>Nadamo se da \u0107e svatko tko \u017eeli zaposlenje brzo na\u0107i novi posao. Pro\u010ditajte \u010dlanak o uspje\u0161nom prelasku na <a href=\"https:\/\/zaposlise.hr\/blog\/uspjesan-prelazak-na-novi-posao\/\">novi posao<\/a>.<\/em><\/strong><\/p>\n<h2><span class=\"ez-toc-section\" id=\"Zadnjih_par_dana_na_poslu\"><\/span>Zadnjih par dana na poslu<span class=\"ez-toc-section-end\"><\/span><\/h2>\n<p>Mnogi ljudi koji izgube posao mo\u017eda \u0107e se ipak morati vratiti na posao, bilo na nekoliko sati ili nekoliko tjedana.<\/p>\n<p>Ako \u0107ete nastaviti raditi do odre\u0111enog datuma otkaza, iskoristite svoje posljednje dane za obavljanje ovih zadataka:<\/p>\n<h3><span class=\"ez-toc-section\" id=\"Pripremite_dokumentaciju_o_svom_radu\"><\/span>Pripremite dokumentaciju o svom radu<span class=\"ez-toc-section-end\"><\/span><\/h3>\n<p>Dio dostojanstvenog napu\u0161tanja posla jest i \u0161to jednostavniji prijelaz za va\u0161e kolege, \u0161to uklju\u010duje pripremu informacija o va\u0161im trenutnim projektima.<\/p>\n<p>Izradite dokument ili vodi\u010d koji sa\u017eima va\u0161e teku\u0107e obveze kako bi va\u0161 tim mogao pokriti va\u0161e odgovornosti bez ometanja postoje\u0107ih tijekova rada.<\/p>\n<p><em>Priprema dokumenata za kolege dio je dobre kulture poslovanja. Saznajte \u0161to je<\/em><strong><em><a href=\"https:\/\/zaposlise.hr\/blog\/korporativna-kultura\/\">korporativna kultura<\/a>.\u00a0<\/em><\/strong><\/p>\n<h3><span class=\"ez-toc-section\" id=\"Pricajte_s_kolegama_iz_ljudskih_resursa\"><\/span>Pri\u010dajte s kolegama iz ljudskih resursa<span class=\"ez-toc-section-end\"><\/span><\/h3>\n<p>Ako je mogu\u0107e, zaka\u017eite sastanak s odjelom za ljudske resurse kako biste razgovarali o tome \u0161to se doga\u0111a nakon va\u0161eg otkaza.<\/p>\n<p>Na primjer, koliko dugo \u0107ete imati zdravstveno osiguranje, kako upravljati svojim mirovinskim planom i \u0161to mo\u017eete o\u010dekivati \u200b\u200bu smislu otpremnine ili podr\u0161ke pri zapo\u0161ljavanju.<\/p>\n<div id=\"attachment_14503\" style=\"width: 1210px\" class=\"wp-caption aligncenter\"><img loading=\"lazy\" decoding=\"async\" aria-describedby=\"caption-attachment-14503\" class=\"size-full wp-image-14503\" src=\"https:\/\/zaposlise.hr\/blog\/wp-content\/uploads\/2025\/06\/Otpremnina-otkaz-euro-euri.jpg\" alt=\"Otpremnina, otkaz, euro, euri\" width=\"1200\" height=\"675\" srcset=\"https:\/\/zaposlise.hr\/blog\/wp-content\/uploads\/2025\/06\/Otpremnina-otkaz-euro-euri.jpg 1200w, https:\/\/zaposlise.hr\/blog\/wp-content\/uploads\/2025\/06\/Otpremnina-otkaz-euro-euri-300x169.jpg 300w, https:\/\/zaposlise.hr\/blog\/wp-content\/uploads\/2025\/06\/Otpremnina-otkaz-euro-euri-1024x576.jpg 1024w, https:\/\/zaposlise.hr\/blog\/wp-content\/uploads\/2025\/06\/Otpremnina-otkaz-euro-euri-768x432.jpg 768w, https:\/\/zaposlise.hr\/blog\/wp-content\/uploads\/2025\/06\/Otpremnina-otkaz-euro-euri-444x250.jpg 444w\" sizes=\"(max-width: 1200px) 100vw, 1200px\" \/><p id=\"caption-attachment-14503\" class=\"wp-caption-text\"><span style=\"font-size: 8pt\">Otpremnina, otkaz, euro, euri; Izvor: Unsplash.com<\/span><\/p><\/div>\n<p>Pitajte kada \u0107ete primiti svoju posljednju pla\u0107u i navedite kamo je treba poslati kako biste bili sigurni da ste primjereno kompenzirani.<\/p>\n<p><strong><em>Nakon otkaza pogledajte malo koji su iznosi pla\u0107e po industrijama u Hrvatskoj. U sljede\u0107em \u010dlanku mo\u017eete saznati kolika je <a href=\"https:\/\/zaposlise.hr\/blog\/neto-placa-u-hrvatskoj-2025\/\">neto pla\u0107a<\/a> u Hrvatskoj.\u00a0<\/em><\/strong><\/p>\n<h3><span class=\"ez-toc-section\" id=\"Prikupite_kontakte_suradnika_i_kolega\"><\/span>Prikupite kontakte suradnika i kolega<span class=\"ez-toc-section-end\"><\/span><\/h3>\n<p>Prikupite e-mail adrese i brojeve telefona svojih kolega kako biste mogli ostati u kontaktu nakon \u0161to odete.<\/p>\n<p>Oni vam mogu pomo\u0107i da se pove\u017eete s novim profesionalnim prilikama ili vas upoznati s korisnim kontaktima u industriji kada zapo\u010dnete potragu za poslom.<\/p>\n<h3><span class=\"ez-toc-section\" id=\"Zatrazite_preporuke\"><\/span>Zatra\u017eite preporuke<span class=\"ez-toc-section-end\"><\/span><\/h3>\n<p>U dobrim ste odnosima sa svojim nadre\u0111enim? Zatra\u017eite preporuku!<\/p>\n<p>Ako vam va\u0161 nadre\u0111eni napi\u0161e preporuku dok ste jo\u0161 u njihovom timu, lak\u0161e \u0107e im se prisjetiti va\u0161ih klju\u010dnih doprinosa i pozitivnih karakteristika na radnom mjestu.<\/p>\n<p><em>Trebate jo\u0161 ideja kako zatra\u017eiti preporuku? Saznati mo\u017eete vi\u0161e u \u010dlanku. Tamo mo\u017eete preuzeti predlo\u017eak za<\/em><strong><em><a href=\"https:\/\/zaposlise.hr\/blog\/preporuka-kako-doci-do-nje-ukljucen-predlozak\/\">tra\u017eenje preporuke<\/a>.\u00a0<\/em><\/strong><\/p>\n","protected":false},"excerpt":{"rendered":"<p>&#8220;Tra\u017eim posao u struci!&#8221; Koliko puta ste nai\u0161li na takav status na dru\u0161tvenim mre\u017eama? Ili su vas bli\u017enji i daljnji [&hellip;]<\/p>\n","protected":false},"author":4,"featured_media":14490,"comment_status":"closed","ping_status":"closed","sticky":false,"template":"","format":"standard","meta":{"inline_featured_image":false,"footnotes":""},"categories":[26],"tags":[487,494,230,197,346,226],"yoast_head":"<!-- This site is optimized with the Yoast SEO plugin v21.6 - https:\/\/yoast.com\/wordpress\/plugins\/seo\/ -->\n<title>Tra\u017eim posao: \u0161to kada ostanemo bez posla - Zaposlise.hr<\/title>\n<meta name=\"description\" content=\"&quot;Tra\u017eim posao u struci!&quot; Koliko puta ste nai\u0161li na takav status na dru\u0161tvenim mre\u017eama? Pro\u010ditajte vi\u0161e o ovakvim \u017eivotnim situacijama.\" \/>\n<meta name=\"robots\" content=\"index, follow, max-snippet:-1, max-image-preview:large, max-video-preview:-1\" \/>\n<link rel=\"canonical\" href=\"https:\/\/zaposlise.hr\/blog\/trazim-posao\/\" \/>\n<meta property=\"og:locale\" content=\"hr_HR\" \/>\n<meta property=\"og:type\" content=\"article\" \/>\n<meta property=\"og:title\" content=\"Tra\u017eim posao: \u0161to kada ostanemo bez posla - Zaposlise.hr\" \/>\n<meta property=\"og:description\" content=\"&quot;Tra\u017eim posao u struci!&quot; Koliko puta ste nai\u0161li na takav status na dru\u0161tvenim mre\u017eama? Pro\u010ditajte vi\u0161e o ovakvim \u017eivotnim situacijama.\" \/>\n<meta property=\"og:url\" content=\"https:\/\/zaposlise.hr\/blog\/trazim-posao\/\" \/>\n<meta property=\"og:site_name\" content=\"Zaposlise.hr\" \/>\n<meta property=\"article:published_time\" content=\"2025-06-05T07:39:53+00:00\" \/>\n<meta property=\"article:modified_time\" content=\"2025-06-15T20:59:01+00:00\" \/>\n<meta property=\"og:image\" content=\"https:\/\/zaposlise.hr\/blog\/wp-content\/uploads\/2025\/06\/Trazim-posao-otkaz-znas-za-posao.png\" \/>\n\t<meta property=\"og:image:width\" content=\"1200\" \/>\n\t<meta property=\"og:image:height\" content=\"675\" \/>\n\t<meta property=\"og:image:type\" content=\"image\/png\" \/>\n<meta name=\"author\" content=\"Maja Cvetkovic\" \/>\n<meta name=\"twitter:card\" content=\"summary_large_image\" \/>\n<meta name=\"twitter:label1\" content=\"Napisao\/la\" \/>\n\t<meta name=\"twitter:data1\" content=\"Maja Cvetkovic\" \/>\n\t<meta name=\"twitter:label2\" content=\"Procijenjeno vrijeme \u010ditanja\" \/>\n\t<meta name=\"twitter:data2\" content=\"8 minuta\" \/>\n<script type=\"application\/ld+json\" class=\"yoast-schema-graph\">{\"@context\":\"https:\/\/schema.org\",\"@graph\":[{\"@type\":\"Article\",\"@id\":\"https:\/\/zaposlise.hr\/blog\/trazim-posao\/#article\",\"isPartOf\":{\"@id\":\"https:\/\/zaposlise.hr\/blog\/trazim-posao\/\"},\"author\":{\"name\":\"Maja Cvetkovic\",\"@id\":\"https:\/\/zaposlise.hr\/blog\/#\/schema\/person\/11d6327b8569a9e940673e6acbfa396a\"},\"headline\":\"Tra\u017eim posao: \u0161to kada ostanemo bez posla\",\"datePublished\":\"2025-06-05T07:39:53+00:00\",\"dateModified\":\"2025-06-15T20:59:01+00:00\",\"mainEntityOfPage\":{\"@id\":\"https:\/\/zaposlise.hr\/blog\/trazim-posao\/\"},\"wordCount\":1289,\"publisher\":{\"@id\":\"https:\/\/zaposlise.hr\/blog\/#organization\"},\"keywords\":[\"HZZ\",\"korporativna kultura\",\"novi posao\",\"pla\u0107a\",\"preporuka\",\"tra\u017eenje posla\"],\"articleSection\":[\"Iskustva i savjeti\"],\"inLanguage\":\"hr\"},{\"@type\":\"WebPage\",\"@id\":\"https:\/\/zaposlise.hr\/blog\/trazim-posao\/\",\"url\":\"https:\/\/zaposlise.hr\/blog\/trazim-posao\/\",\"name\":\"Tra\u017eim posao: \u0161to kada ostanemo bez posla - Zaposlise.hr\",\"isPartOf\":{\"@id\":\"https:\/\/zaposlise.hr\/blog\/#website\"},\"datePublished\":\"2025-06-05T07:39:53+00:00\",\"dateModified\":\"2025-06-15T20:59:01+00:00\",\"description\":\"\\\"Tra\u017eim posao u struci!\\\" Koliko puta ste nai\u0161li na takav status na dru\u0161tvenim mre\u017eama? Pro\u010ditajte vi\u0161e o ovakvim \u017eivotnim situacijama.\",\"breadcrumb\":{\"@id\":\"https:\/\/zaposlise.hr\/blog\/trazim-posao\/#breadcrumb\"},\"inLanguage\":\"hr\",\"potentialAction\":[{\"@type\":\"ReadAction\",\"target\":[\"https:\/\/zaposlise.hr\/blog\/trazim-posao\/\"]}]},{\"@type\":\"BreadcrumbList\",\"@id\":\"https:\/\/zaposlise.hr\/blog\/trazim-posao\/#breadcrumb\",\"itemListElement\":[{\"@type\":\"ListItem\",\"position\":1,\"name\":\"Po\u010detna stranica\",\"item\":\"https:\/\/zaposlise.hr\/blog\/\"},{\"@type\":\"ListItem\",\"position\":2,\"name\":\"Tra\u017eim posao: \u0161to kada ostanemo bez posla\"}]},{\"@type\":\"WebSite\",\"@id\":\"https:\/\/zaposlise.hr\/blog\/#website\",\"url\":\"https:\/\/zaposlise.hr\/blog\/\",\"name\":\"Zaposlise.hr\",\"description\":\"Posao za tebe\",\"publisher\":{\"@id\":\"https:\/\/zaposlise.hr\/blog\/#organization\"},\"potentialAction\":[{\"@type\":\"SearchAction\",\"target\":{\"@type\":\"EntryPoint\",\"urlTemplate\":\"https:\/\/zaposlise.hr\/blog\/?s={search_term_string}\"},\"query-input\":\"required name=search_term_string\"}],\"inLanguage\":\"hr\"},{\"@type\":\"Organization\",\"@id\":\"https:\/\/zaposlise.hr\/blog\/#organization\",\"name\":\"Zaposlise.hr\",\"url\":\"https:\/\/zaposlise.hr\/blog\/\",\"logo\":{\"@type\":\"ImageObject\",\"inLanguage\":\"hr\",\"@id\":\"https:\/\/zaposlise.hr\/blog\/#\/schema\/logo\/image\/\",\"url\":\"https:\/\/zaposlise.hr\/blog\/wp-content\/uploads\/2024\/06\/Screenshot-2024-06-05-at-09.05.43.png\",\"contentUrl\":\"https:\/\/zaposlise.hr\/blog\/wp-content\/uploads\/2024\/06\/Screenshot-2024-06-05-at-09.05.43.png\",\"width\":2088,\"height\":592,\"caption\":\"Zaposlise.hr\"},\"image\":{\"@id\":\"https:\/\/zaposlise.hr\/blog\/#\/schema\/logo\/image\/\"}},{\"@type\":\"Person\",\"@id\":\"https:\/\/zaposlise.hr\/blog\/#\/schema\/person\/11d6327b8569a9e940673e6acbfa396a\",\"name\":\"Maja Cvetkovic\",\"image\":{\"@type\":\"ImageObject\",\"inLanguage\":\"hr\",\"@id\":\"https:\/\/zaposlise.hr\/blog\/#\/schema\/person\/image\/\",\"url\":\"https:\/\/secure.gravatar.com\/avatar\/e8d7da4f01ab43b5b98fc69bf899cf57?s=96&d=mm&r=g\",\"contentUrl\":\"https:\/\/secure.gravatar.com\/avatar\/e8d7da4f01ab43b5b98fc69bf899cf57?s=96&d=mm&r=g\",\"caption\":\"Maja Cvetkovic\"},\"url\":\"https:\/\/zaposlise.hr\/blog\/author\/mayacvetkovic\/\"}]}<\/script>\n<!-- \/ Yoast SEO plugin. -->","yoast_head_json":{"title":"Tra\u017eim posao: \u0161to kada ostanemo bez posla - Zaposlise.hr","description":"\"Tra\u017eim posao u struci!\" Koliko puta ste nai\u0161li na takav status na dru\u0161tvenim mre\u017eama? Pro\u010ditajte vi\u0161e o ovakvim \u017eivotnim situacijama.","robots":{"index":"index","follow":"follow","max-snippet":"max-snippet:-1","max-image-preview":"max-image-preview:large","max-video-preview":"max-video-preview:-1"},"canonical":"https:\/\/zaposlise.hr\/blog\/trazim-posao\/","og_locale":"hr_HR","og_type":"article","og_title":"Tra\u017eim posao: \u0161to kada ostanemo bez posla - Zaposlise.hr","og_description":"\"Tra\u017eim posao u struci!\" Koliko puta ste nai\u0161li na takav status na dru\u0161tvenim mre\u017eama? Pro\u010ditajte vi\u0161e o ovakvim \u017eivotnim situacijama.","og_url":"https:\/\/zaposlise.hr\/blog\/trazim-posao\/","og_site_name":"Zaposlise.hr","article_published_time":"2025-06-05T07:39:53+00:00","article_modified_time":"2025-06-15T20:59:01+00:00","og_image":[{"width":1200,"height":675,"url":"https:\/\/zaposlise.hr\/blog\/wp-content\/uploads\/2025\/06\/Trazim-posao-otkaz-znas-za-posao.png","type":"image\/png"}],"author":"Maja Cvetkovic","twitter_card":"summary_large_image","twitter_misc":{"Napisao\/la":"Maja Cvetkovic","Procijenjeno vrijeme \u010ditanja":"8 minuta"},"schema":{"@context":"https:\/\/schema.org","@graph":[{"@type":"Article","@id":"https:\/\/zaposlise.hr\/blog\/trazim-posao\/#article","isPartOf":{"@id":"https:\/\/zaposlise.hr\/blog\/trazim-posao\/"},"author":{"name":"Maja Cvetkovic","@id":"https:\/\/zaposlise.hr\/blog\/#\/schema\/person\/11d6327b8569a9e940673e6acbfa396a"},"headline":"Tra\u017eim posao: \u0161to kada ostanemo bez posla","datePublished":"2025-06-05T07:39:53+00:00","dateModified":"2025-06-15T20:59:01+00:00","mainEntityOfPage":{"@id":"https:\/\/zaposlise.hr\/blog\/trazim-posao\/"},"wordCount":1289,"publisher":{"@id":"https:\/\/zaposlise.hr\/blog\/#organization"},"keywords":["HZZ","korporativna kultura","novi posao","pla\u0107a","preporuka","tra\u017eenje posla"],"articleSection":["Iskustva i savjeti"],"inLanguage":"hr"},{"@type":"WebPage","@id":"https:\/\/zaposlise.hr\/blog\/trazim-posao\/","url":"https:\/\/zaposlise.hr\/blog\/trazim-posao\/","name":"Tra\u017eim posao: \u0161to kada ostanemo bez posla - Zaposlise.hr","isPartOf":{"@id":"https:\/\/zaposlise.hr\/blog\/#website"},"datePublished":"2025-06-05T07:39:53+00:00","dateModified":"2025-06-15T20:59:01+00:00","description":"\"Tra\u017eim posao u struci!\" Koliko puta ste nai\u0161li na takav status na dru\u0161tvenim mre\u017eama? Pro\u010ditajte vi\u0161e o ovakvim \u017eivotnim situacijama.","breadcrumb":{"@id":"https:\/\/zaposlise.hr\/blog\/trazim-posao\/#breadcrumb"},"inLanguage":"hr","potentialAction":[{"@type":"ReadAction","target":["https:\/\/zaposlise.hr\/blog\/trazim-posao\/"]}]},{"@type":"BreadcrumbList","@id":"https:\/\/zaposlise.hr\/blog\/trazim-posao\/#breadcrumb","itemListElement":[{"@type":"ListItem","position":1,"name":"Po\u010detna stranica","item":"https:\/\/zaposlise.hr\/blog\/"},{"@type":"ListItem","position":2,"name":"Tra\u017eim posao: \u0161to kada ostanemo bez posla"}]},{"@type":"WebSite","@id":"https:\/\/zaposlise.hr\/blog\/#website","url":"https:\/\/zaposlise.hr\/blog\/","name":"Zaposlise.hr","description":"Posao za tebe","publisher":{"@id":"https:\/\/zaposlise.hr\/blog\/#organization"},"potentialAction":[{"@type":"SearchAction","target":{"@type":"EntryPoint","urlTemplate":"https:\/\/zaposlise.hr\/blog\/?s={search_term_string}"},"query-input":"required name=search_term_string"}],"inLanguage":"hr"},{"@type":"Organization","@id":"https:\/\/zaposlise.hr\/blog\/#organization","name":"Zaposlise.hr","url":"https:\/\/zaposlise.hr\/blog\/","logo":{"@type":"ImageObject","inLanguage":"hr","@id":"https:\/\/zaposlise.hr\/blog\/#\/schema\/logo\/image\/","url":"https:\/\/zaposlise.hr\/blog\/wp-content\/uploads\/2024\/06\/Screenshot-2024-06-05-at-09.05.43.png","contentUrl":"https:\/\/zaposlise.hr\/blog\/wp-content\/uploads\/2024\/06\/Screenshot-2024-06-05-at-09.05.43.png","width":2088,"height":592,"caption":"Zaposlise.hr"},"image":{"@id":"https:\/\/zaposlise.hr\/blog\/#\/schema\/logo\/image\/"}},{"@type":"Person","@id":"https:\/\/zaposlise.hr\/blog\/#\/schema\/person\/11d6327b8569a9e940673e6acbfa396a","name":"Maja Cvetkovic","image":{"@type":"ImageObject","inLanguage":"hr","@id":"https:\/\/zaposlise.hr\/blog\/#\/schema\/person\/image\/","url":"https:\/\/secure.gravatar.com\/avatar\/e8d7da4f01ab43b5b98fc69bf899cf57?s=96&d=mm&r=g","contentUrl":"https:\/\/secure.gravatar.com\/avatar\/e8d7da4f01ab43b5b98fc69bf899cf57?s=96&d=mm&r=g","caption":"Maja Cvetkovic"},"url":"https:\/\/zaposlise.hr\/blog\/author\/mayacvetkovic\/"}]}},"_links":{"self":[{"href":"https:\/\/zaposlise.hr\/blog\/wp-json\/wp\/v2\/posts\/14479"}],"collection":[{"href":"https:\/\/zaposlise.hr\/blog\/wp-json\/wp\/v2\/posts"}],"about":[{"href":"https:\/\/zaposlise.hr\/blog\/wp-json\/wp\/v2\/types\/post"}],"author":[{"embeddable":true,"href":"https:\/\/zaposlise.hr\/blog\/wp-json\/wp\/v2\/users\/4"}],"replies":[{"embeddable":true,"href":"https:\/\/zaposlise.hr\/blog\/wp-json\/wp\/v2\/comments?post=14479"}],"version-history":[{"count":19,"href":"https:\/\/zaposlise.hr\/blog\/wp-json\/wp\/v2\/posts\/14479\/revisions"}],"predecessor-version":[{"id":14710,"href":"https:\/\/zaposlise.hr\/blog\/wp-json\/wp\/v2\/posts\/14479\/revisions\/14710"}],"wp:featuredmedia":[{"embeddable":true,"href":"https:\/\/zaposlise.hr\/blog\/wp-json\/wp\/v2\/media\/14490"}],"wp:attachment":[{"href":"https:\/\/zaposlise.hr\/blog\/wp-json\/wp\/v2\/media?parent=14479"}],"wp:term":[{"taxonomy":"category","embeddable":true,"href":"https:\/\/zaposlise.hr\/blog\/wp-json\/wp\/v2\/categories?post=14479"},{"taxonomy":"post_tag","embeddable":true,"href":"https:\/\/zaposlise.hr\/blog\/wp-json\/wp\/v2\/tags?post=14479"}],"curies":[{"name":"wp","href":"https:\/\/api.w.org\/{rel}","templated":true}]}}