{"id":14537,"date":"2025-06-09T23:09:17","date_gmt":"2025-06-09T21:09:17","guid":{"rendered":"https:\/\/zaposlise.hr\/blog\/?p=14537"},"modified":"2025-06-15T16:21:02","modified_gmt":"2025-06-15T14:21:02","slug":"zaposljavanje-zatvorenika","status":"publish","type":"post","link":"https:\/\/zaposlise.hr\/blog\/zaposljavanje-zatvorenika\/","title":{"rendered":"Zapo\u0161ljavanje zatvorenika"},"content":{"rendered":"<span class=\"rt-reading-time\" style=\"display: block;\"><span class=\"rt-label rt-prefix\">Reading Time: <\/span> <span class=\"rt-time\">5<\/span> <span class=\"rt-label rt-postfix\">minute<\/span><\/span><p>Zapo\u0161ljavanje zatvorenika ima vrlo va\u017enu ulogu za socijalnu integraciju zatvorenica i zatvorenika. Bez posla zatvorenici se ne mogu nikako ponovno uklju\u010diti u dru\u0161tvo.<\/p>\n<p>Moraju posao prona\u0107i, ali ga i zadr\u017eati. Posao poma\u017ee zatvorenicima da se uklju\u010de u dru\u0161tvo, steknu radno iskustvo, naviknu na odgovornost prema poslu.<\/p>\n<p>Sve zajedno vodi prema samo-priznavanju i afirmaciji osoba kao\u00a0punopravnih \u010dlanova dru\u0161tva.<\/p>\n<div id=\"ez-toc-container\" class=\"ez-toc-v2_0_64 counter-hierarchy ez-toc-counter ez-toc-white ez-toc-container-direction\">\n<div class=\"ez-toc-title-container\">\n<p class=\"ez-toc-title \" >Sadr\u017eaj<\/p>\n<span class=\"ez-toc-title-toggle\"><\/span><\/div>\n<nav><ul class='ez-toc-list ez-toc-list-level-1 ' ><li class='ez-toc-page-1 ez-toc-heading-level-2'><a class=\"ez-toc-link ez-toc-heading-1\" href=\"https:\/\/zaposlise.hr\/blog\/zaposljavanje-zatvorenika\/#Zaposljavanje_radi_socijalne_integracije\" title=\"Zapo\u0161ljavanje radi socijalne integracije\">Zapo\u0161ljavanje radi socijalne integracije<\/a><\/li><li class='ez-toc-page-1 ez-toc-heading-level-2'><a class=\"ez-toc-link ez-toc-heading-2\" href=\"https:\/\/zaposlise.hr\/blog\/zaposljavanje-zatvorenika\/#Odgovor_na_%E2%80%93_Odakle_krenuti\" title=\"Odgovor na &#8211; Odakle krenuti?\">Odgovor na &#8211; Odakle krenuti?<\/a><\/li><li class='ez-toc-page-1 ez-toc-heading-level-2'><a class=\"ez-toc-link ez-toc-heading-3\" href=\"https:\/\/zaposlise.hr\/blog\/zaposljavanje-zatvorenika\/#Europske_politike_i_zaposljavanje_zatvorenika\" title=\"Europske politike i zapo\u0161ljavanje zatvorenika\">Europske politike i zapo\u0161ljavanje zatvorenika<\/a><\/li><li class='ez-toc-page-1 ez-toc-heading-level-2'><a class=\"ez-toc-link ez-toc-heading-4\" href=\"https:\/\/zaposlise.hr\/blog\/zaposljavanje-zatvorenika\/#Rad_za_opce_dobro_umjesto_zatvora\" title=\"Rad za op\u0107e dobro umjesto zatvora\">Rad za op\u0107e dobro umjesto zatvora<\/a><\/li><\/ul><\/nav><\/div>\n<h2><span class=\"ez-toc-section\" id=\"Zaposljavanje_radi_socijalne_integracije\"><\/span>Zapo\u0161ljavanje radi socijalne integracije<span class=\"ez-toc-section-end\"><\/span><\/h2>\n<p>Podatke za ovaj \u010dlanak smo prikupili s portala <a href=\"http:\/\/roda.hr\" target=\"_blank\" rel=\"noopener\">Roda<\/a>, <a href=\"http:\/\/kakodalje.hr\" target=\"_blank\" rel=\"noopener\">Kakodalje<\/a> i <a href=\"http:\/\/mpudt.gov.hr\" target=\"_blank\" rel=\"noopener\">Ministarstva pravosu\u0111a<\/a>.<\/p>\n<p>Svi se mo\u017eemo slo\u017eiti kako je izdr\u017eavanje zatvorske kazne izuzetno specifi\u010dno iskustvo, time nemjerljivo s ikojim drugim. Osoba se nalazi u potpuno druga\u010dijem okru\u017eenju od \u017eivota na slobodi.<\/p>\n<div id=\"attachment_14555\" style=\"width: 1210px\" class=\"wp-caption aligncenter\"><img loading=\"lazy\" decoding=\"async\" aria-describedby=\"caption-attachment-14555\" class=\"size-full wp-image-14555\" src=\"https:\/\/zaposlise.hr\/blog\/wp-content\/uploads\/2025\/06\/Socijalna-integracija.jpg\" alt=\"Socijalna integracija\" width=\"1200\" height=\"675\" srcset=\"https:\/\/zaposlise.hr\/blog\/wp-content\/uploads\/2025\/06\/Socijalna-integracija.jpg 1200w, https:\/\/zaposlise.hr\/blog\/wp-content\/uploads\/2025\/06\/Socijalna-integracija-300x169.jpg 300w, https:\/\/zaposlise.hr\/blog\/wp-content\/uploads\/2025\/06\/Socijalna-integracija-1024x576.jpg 1024w, https:\/\/zaposlise.hr\/blog\/wp-content\/uploads\/2025\/06\/Socijalna-integracija-768x432.jpg 768w, https:\/\/zaposlise.hr\/blog\/wp-content\/uploads\/2025\/06\/Socijalna-integracija-444x250.jpg 444w\" sizes=\"(max-width: 1200px) 100vw, 1200px\" \/><p id=\"caption-attachment-14555\" class=\"wp-caption-text\"><span style=\"font-size: 8pt\">Socijalna integracija, sloboda, novi po\u010detak, novi posao; Izvor: Unsplash.com<\/span><\/p><\/div>\n<p>Nakon zavr\u0161etka zatvorske kazne dolazi do velikog \u0161oka za biv\u0161eg zatvorenika. Naime, \u010deka ga novi po\u010detak i velike obveze i odgovornosti.<\/p>\n<blockquote><p><span style=\"font-size: 14pt\">Povratak zna\u010di <strong><a href=\"https:\/\/kakodalje.eu\/kako-do-posla\/zaposljavanje-nakon-zatvora-%E2%80%93-5-vaznih-pitanja-i-odgovora.html\" target=\"_blank\" rel=\"noopener\">preuzimanje odgovornosti<\/a><\/strong> izme\u0111u ostaloga i za vlastite financije.<\/span><\/p><\/blockquote>\n<p>I sada kre\u0107e najve\u0107i izazov ovog razdoblja &#8211; tra\u017eenje odgovaraju\u0107eg posla.<\/p>\n<p><em><strong><a href=\"https:\/\/zaposlise.hr\/blog\/trazenje-posla-kako-i-gdje-zapoceti\/\">Tra\u017eenje posla<\/a> <\/strong>je izazovno u svakoj situaciji, ne samo ovako rubnoj. Pro\u010ditajte vi\u0161e o ovoj temi, jer \u0161to vi\u0161e znate, utoliko \u0107e vam biti lak\u0161e do\u0107i do posla. \u010clanak se nalazi na linku.\u00a0<\/em><\/p>\n<p>Naravno da iska\u010du mnoga pitanja i nedoumice. Glavno pitanje je &#8211; <span style=\"font-size: 14pt;font-family: tahoma, arial, helvetica, sans-serif\">Odakle krenuti? Kome se javiti?<\/span><\/p>\n<p>Posebno je te\u0161ko popuniti rupu u \u017eivotopisu koja je nastala za vrijeme izdr\u017eavanja kazne u zatvoru.<\/p>\n<p><em>Mi smo se susreli s problemom koji se zove <strong><a href=\"https:\/\/zaposlise.hr\/blog\/rupa-u-zivotopisu\/\">rupa u \u017eivotopisu<\/a>.<\/strong> Dodu\u0161e, nije nastala radi boravka u zatvoru, ve\u0107 radi zlo\u0107udne bolesti. Pro\u010ditajte intervju s divnom Mateom Pehar!<\/em><\/p>\n<p>U <strong><a href=\"https:\/\/zaposlise.hr\/blog\/natjecaj-za-posao-transparentnost-placa\/\">natje\u010dajima za posao<\/a><\/strong> za dr\u017eavne i javne slu\u017ebe va\u017ena je potvrda o neka\u017enjavanju. Mnogo je tu izazova i prepreka.<\/p>\n<div id=\"attachment_14557\" style=\"width: 1210px\" class=\"wp-caption aligncenter\"><img loading=\"lazy\" decoding=\"async\" aria-describedby=\"caption-attachment-14557\" class=\"size-full wp-image-14557\" src=\"https:\/\/zaposlise.hr\/blog\/wp-content\/uploads\/2025\/06\/Potvrda-o-nekaznjavanju.jpg\" alt=\"Potvrda o neka\u017enjavanju\" width=\"1200\" height=\"675\" srcset=\"https:\/\/zaposlise.hr\/blog\/wp-content\/uploads\/2025\/06\/Potvrda-o-nekaznjavanju.jpg 1200w, https:\/\/zaposlise.hr\/blog\/wp-content\/uploads\/2025\/06\/Potvrda-o-nekaznjavanju-300x169.jpg 300w, https:\/\/zaposlise.hr\/blog\/wp-content\/uploads\/2025\/06\/Potvrda-o-nekaznjavanju-1024x576.jpg 1024w, https:\/\/zaposlise.hr\/blog\/wp-content\/uploads\/2025\/06\/Potvrda-o-nekaznjavanju-768x432.jpg 768w, https:\/\/zaposlise.hr\/blog\/wp-content\/uploads\/2025\/06\/Potvrda-o-nekaznjavanju-444x250.jpg 444w\" sizes=\"(max-width: 1200px) 100vw, 1200px\" \/><p id=\"caption-attachment-14557\" class=\"wp-caption-text\"><span style=\"font-size: 8pt\">Potvrda o neka\u017enjavanju; Izvor: Gov.hr<\/span><\/p><\/div>\n<p>No, sve se mo\u017ee, kad se ho\u0107e. Osoba treba biti realna, znati \u0161to \u017eeli, \u0161to o\u010dekuje od sebe i dr\u017eati se svjesno vlastitih \u017eivotnih izbora. Pro\u010ditajte nastavak teksta kako biste saznali vi\u0161e!<\/p>\n<h2><span class=\"ez-toc-section\" id=\"Odgovor_na_%E2%80%93_Odakle_krenuti\"><\/span>Odgovor na &#8211; Odakle krenuti?<span class=\"ez-toc-section-end\"><\/span><\/h2>\n<p>Za po\u010detak, potrebno je detaljno istra\u017eiti sve mogu\u0107nosti koje se pojavljuju na tr\u017ei\u0161tu rada. Ako osoba ima \u010dlana obitelji koji se mo\u017ee dodatni anga\u017eirati u pretrazi, to bi bio dodatni plus.<\/p>\n<blockquote><p><span style=\"font-size: 14pt\">Pozitivna radna atmosfera mo\u017ee dovesti do boljeg ishoda u vidu socijalne samokontrole.<\/span><\/p><\/blockquote>\n<p>No, ovaj element je diskutabilan. Naime, ovisi kolika je duga bila kazna. U slu\u010daju izdr\u017eavanja du\u017ee kazne, potrebno je dobro istra\u017eiti promjene na tr\u017ei\u0161tu rada. Mogu\u0107e da se dosta toga izmijenilo.<\/p>\n<p><em>Istra\u017eite tr\u017ei\u0161te rada. Uz to, nau\u010dite nove vje\u0161tine koje bi mogle biti potrebne za novonastalu situaciju. <\/em><\/p>\n<p><em>U na\u0161em \u010dlanku mo\u017eete saznati vi\u0161e o vje\u0161tinama potrebnim za promjene na <strong><a href=\"https:\/\/zaposlise.hr\/blog\/razvijanje-vjestina-koje-su-najtrazenije-na-trzistu-rada\/\">tr\u017ei\u0161tu rada<\/a>.\u00a0<\/strong><\/em><\/p>\n<div id=\"attachment_9263\" style=\"width: 1210px\" class=\"wp-caption aligncenter\"><img loading=\"lazy\" decoding=\"async\" aria-describedby=\"caption-attachment-9263\" class=\"size-full wp-image-9263\" src=\"https:\/\/zaposlise.hr\/blog\/wp-content\/uploads\/2024\/10\/Istrazivanje-trzista-placa.jpg\" alt=\"Istra\u017eivanje tr\u017ei\u0161ta, pla\u0107a\" width=\"1200\" height=\"675\" srcset=\"https:\/\/zaposlise.hr\/blog\/wp-content\/uploads\/2024\/10\/Istrazivanje-trzista-placa.jpg 1200w, https:\/\/zaposlise.hr\/blog\/wp-content\/uploads\/2024\/10\/Istrazivanje-trzista-placa-300x169.jpg 300w, https:\/\/zaposlise.hr\/blog\/wp-content\/uploads\/2024\/10\/Istrazivanje-trzista-placa-1024x576.jpg 1024w, https:\/\/zaposlise.hr\/blog\/wp-content\/uploads\/2024\/10\/Istrazivanje-trzista-placa-768x432.jpg 768w, https:\/\/zaposlise.hr\/blog\/wp-content\/uploads\/2024\/10\/Istrazivanje-trzista-placa-444x250.jpg 444w\" sizes=\"(max-width: 1200px) 100vw, 1200px\" \/><p id=\"caption-attachment-9263\" class=\"wp-caption-text\"><span style=\"font-size: 8pt\">Istra\u017eivanje tr\u017ei\u0161ta, pla\u0107a, tr\u017ei\u0161te rada; Izvor: Unsplash.com<\/span><\/p><\/div>\n<p>Prijave na natje\u010daje za posao su tako\u0111er podlo\u017ene promjene s vremena na vrijeme. Istra\u017eite koji su poslovi najtra\u017eeniji i na koje se natje\u010daje najvi\u0161e isplati prijaviti.<\/p>\n<p>Kod nas na <a href=\"http:\/\/zaposlise.hr\">Zaposlise.hr<\/a> mo\u017eete prona\u0107i veliki izbor oglasa za posao i korisne savjete vezane uz prijave, pisanje molbi za posao i \u017eivotopisa.<\/p>\n<p><em>Ako trebate ideje oko <strong><a href=\"https:\/\/zaposlise.hr\/blog\/kako-napisati-zivotopis-savjeti-primjeri-i-predlozak\/\">pisanja \u017eivotopisa<\/a><\/strong>, pro\u010ditajte \u010dlanak na linku. Mo\u017eete prona\u0107i savjete za pisanje, primjer \u017eivotopisa i predlo\u017eak za pisanje.\u00a0<\/em><\/p>\n<p>Mnogo natje\u010daja za posao na jednom mjestu mo\u017eete prona\u0107i na <strong><a href=\"https:\/\/zaposlise.hr\/blog\/natjecaj-za-posao-dodite-na-sajam-poslova\/\">sajmu poslova<\/a><\/strong>.<\/p>\n<p>Pro\u010ditajte popis\u00a0korisnih internetskih stranica koje bi bilo dobro redovito provjeravati po kategorijama \u017eeljenih poslova.<\/p>\n<p><strong>Korisne adrese za tra\u017eenje posla:<\/strong><\/p>\n<p><a href=\"http:\/\/www.hzz.hr\/\">http:\/\/www.hzz.hr\/<\/a><\/p>\n<p><a href=\"https:\/\/zaposlise.hr\/\">https:\/\/zaposlise.hr<\/a><\/p>\n<p><a href=\"https:\/\/e-usmjeravanje.hzz.hr\/\">https:\/\/e-usmjeravanje.hzz.hr\/<\/a><\/p>\n<div id=\"attachment_14560\" style=\"width: 1210px\" class=\"wp-caption aligncenter\"><img loading=\"lazy\" decoding=\"async\" aria-describedby=\"caption-attachment-14560\" class=\"size-full wp-image-14560\" src=\"https:\/\/zaposlise.hr\/blog\/wp-content\/uploads\/2025\/06\/Osobine-koje-traze-poslodavci.jpg\" alt=\"Osobine koje tra\u017ee poslodavci\" width=\"1200\" height=\"675\" srcset=\"https:\/\/zaposlise.hr\/blog\/wp-content\/uploads\/2025\/06\/Osobine-koje-traze-poslodavci.jpg 1200w, https:\/\/zaposlise.hr\/blog\/wp-content\/uploads\/2025\/06\/Osobine-koje-traze-poslodavci-300x169.jpg 300w, https:\/\/zaposlise.hr\/blog\/wp-content\/uploads\/2025\/06\/Osobine-koje-traze-poslodavci-1024x576.jpg 1024w, https:\/\/zaposlise.hr\/blog\/wp-content\/uploads\/2025\/06\/Osobine-koje-traze-poslodavci-768x432.jpg 768w, https:\/\/zaposlise.hr\/blog\/wp-content\/uploads\/2025\/06\/Osobine-koje-traze-poslodavci-444x250.jpg 444w\" sizes=\"(max-width: 1200px) 100vw, 1200px\" \/><p id=\"caption-attachment-14560\" class=\"wp-caption-text\"><span style=\"font-size: 8pt\">Osobine koje tra\u017ee poslodavci; Izvor: Hzz.hr<\/span><\/p><\/div>\n<p><a href=\"https:\/\/www.bika.net\/poslovi\">https:\/\/www.bika.net\/poslovi<\/a>\u00a0(dobar izvor informacija o sezonskim poslovima)<\/p>\n<p><a href=\"https:\/\/www.agroklub.com\/\">https:\/\/www.agroklub.com\/<\/a>\u00a0(poslovi u poljoprivredi)<\/p>\n<p><a href=\"https:\/\/ec.europa.eu\/eures\/public\/hr\/homepage\">https:\/\/ec.europa.eu\/eures\/public\/hr\/homepage<\/a><\/p>\n<h2><span class=\"ez-toc-section\" id=\"Europske_politike_i_zaposljavanje_zatvorenika\"><\/span>Europske politike i zapo\u0161ljavanje zatvorenika<span class=\"ez-toc-section-end\"><\/span><\/h2>\n<p>Europska unija donijela je <a href=\"http:\/\/chrome-extension:\/\/efaidnbmnnnibpcajpcglclefindmkaj\/https:\/\/rm.coe.int\/168047e017\" target=\"_blank\" rel=\"noopener\">Europsku socijalnu povelju<\/a> kojoj se isti\u010de pravo na rad, stru\u010dno osposobljavanje i pravo na profesionalno osposobljavanje.<\/p>\n<p>Nakon \u0161to se 1990. godine UN usvojio\u00a0\u00a0\u201c<a href=\"https:\/\/narodne-novine.nn.hr\/clanci\/sluzbeni\/full\/2021_11_123_2109.html\" target=\"_blank\" rel=\"noopener\">Osnovne principe tretiranja zatvorenika<\/a>\u2019\u2019, po\u010dela se nagla\u0161avati va\u017eno i potreba tretiranja zatvorenika s po\u0161tovanjem te prepoznavanjem njihovih prava i sloboda.<\/p>\n<p>Navedeni principi su uklju\u010deni i u &#8220;Op\u0107u deklaraciju o ljudskim pravima&#8221;. Time je po\u010dela edukacija u zatvoru i osposobljavanje za rad. Zatvoreniku se pru\u017ea mogu\u0107nost za pobolj\u0161anjem vje\u0161tina.<\/p>\n<p><em><strong><a href=\"https:\/\/zaposlise.hr\/blog\/upravljanje-vremenom\/\">Upravljanje vremenom<\/a> <\/strong>je va\u017ena vje\u0161tina, potrebna na ve\u0107ini radnih mjesta. Vjerujemo da bi trebala biti dio edukativnog programa u zatvorima. <\/em><\/p>\n<p><em>Pro\u010ditajte vi\u0161e o toj vje\u0161tini u \u010dlanku na linku.\u00a0<\/em><\/p>\n<div id=\"attachment_7388\" style=\"width: 1210px\" class=\"wp-caption aligncenter\"><img loading=\"lazy\" decoding=\"async\" aria-describedby=\"caption-attachment-7388\" class=\"size-full wp-image-7388\" src=\"https:\/\/zaposlise.hr\/blog\/wp-content\/uploads\/2024\/08\/vrijeme.jpg\" alt=\"Upravljanje vremenom, rad od ku\u0107e\" width=\"1200\" height=\"735\" srcset=\"https:\/\/zaposlise.hr\/blog\/wp-content\/uploads\/2024\/08\/vrijeme.jpg 1200w, https:\/\/zaposlise.hr\/blog\/wp-content\/uploads\/2024\/08\/vrijeme-300x184.jpg 300w, https:\/\/zaposlise.hr\/blog\/wp-content\/uploads\/2024\/08\/vrijeme-1024x627.jpg 1024w, https:\/\/zaposlise.hr\/blog\/wp-content\/uploads\/2024\/08\/vrijeme-768x470.jpg 768w, https:\/\/zaposlise.hr\/blog\/wp-content\/uploads\/2024\/08\/vrijeme-408x250.jpg 408w\" sizes=\"(max-width: 1200px) 100vw, 1200px\" \/><p id=\"caption-attachment-7388\" class=\"wp-caption-text\"><span style=\"font-size: 8pt\">Upravljanje vremenom, vje\u0161tine, zapo\u0161ljavanje nakon zatvora; Izvor: Unsplash.con<\/span><\/p><\/div>\n<blockquote><p><span style=\"font-size: 14pt\">Obrazovanje u zatvoru je \u0161ansa za pobolj\u0161anjem vje\u0161tina, ali i\u00a0sredstvo za olak\u0161avanje i nastavak u\u010denja onih zatvorenika s vi\u0161om razinom vje\u0161tina.<\/span><\/p><\/blockquote>\n<p>Zatvorenici imaju pravo na odabir zapo\u0161ljavanja u kojem \u017eele sudjelovati (unutar granica dostupnosti) kao i na pravilan odabir struke.<\/p>\n<p>Organizacija i metode posla u institucijama trebaju nalikovati \u0161to je vi\u0161e mogu\u0107e radu u zajednici kako bi pripremili zatvorenike i zatvorenice na normalne \u017eivotne uvjete pri izlasku.<\/p>\n<h2><span class=\"ez-toc-section\" id=\"Rad_za_opce_dobro_umjesto_zatvora\"><\/span>Rad za op\u0107e dobro umjesto zatvora<span class=\"ez-toc-section-end\"><\/span><\/h2>\n<p>Radi se o jednom specifi\u010dnom primjeru rada.<\/p>\n<blockquote><p><span style=\"font-size: 14pt\"><a href=\"https:\/\/vijesti.hrt.hr\/hrvatska\/dva-sata-rada-umjesto-jednog-dana-zatvora-je-li-pravda-zadovoljena--11307291\" target=\"_blank\" rel=\"noopener\">Umjesto zatvora<\/a> &#8211; u Hrvatskoj trenuta\u010dno &#8216;za op\u0107e dobro&#8217; radi malo manje od 1700 ljudi.<\/span><\/p><\/blockquote>\n<p>Radi se mogu\u0107nosti koja u Hrvatskoj mogu\u0107a ve\u0107 28 godina. Odra\u0111eno je 4 i pol milijuna sati, donosi portal <a href=\"http:\/\/hrt.hr\" target=\"_blank\" rel=\"noopener\">HRT<\/a>-a. Na istom portalu nalaze se primjeri rada za op\u0107e dobro, koje \u0107emo prenijeti.<\/p>\n<p>Zbog sudjelovanja u prometnoj nesre\u0107i sa smrtnom posljedicom, \u010dovjek je osu\u0111en na 11 mjeseci zatvora. No, umjesto iza re\u0161etaka, kaznu odra\u0111uje rade\u0107i za op\u0107e dobro u jednoj odgojnoj instituciji.<\/p>\n<div id=\"attachment_14563\" style=\"width: 1210px\" class=\"wp-caption aligncenter\"><img loading=\"lazy\" decoding=\"async\" aria-describedby=\"caption-attachment-14563\" class=\"size-full wp-image-14563\" src=\"https:\/\/zaposlise.hr\/blog\/wp-content\/uploads\/2025\/06\/Rad-za-opce-dobro.-zatvor.jpg\" alt=\"Rad za op\u0107e dobro. zatvor\" width=\"1200\" height=\"675\" srcset=\"https:\/\/zaposlise.hr\/blog\/wp-content\/uploads\/2025\/06\/Rad-za-opce-dobro.-zatvor.jpg 1200w, https:\/\/zaposlise.hr\/blog\/wp-content\/uploads\/2025\/06\/Rad-za-opce-dobro.-zatvor-300x169.jpg 300w, https:\/\/zaposlise.hr\/blog\/wp-content\/uploads\/2025\/06\/Rad-za-opce-dobro.-zatvor-1024x576.jpg 1024w, https:\/\/zaposlise.hr\/blog\/wp-content\/uploads\/2025\/06\/Rad-za-opce-dobro.-zatvor-768x432.jpg 768w, https:\/\/zaposlise.hr\/blog\/wp-content\/uploads\/2025\/06\/Rad-za-opce-dobro.-zatvor-444x250.jpg 444w\" sizes=\"(max-width: 1200px) 100vw, 1200px\" \/><p id=\"caption-attachment-14563\" class=\"wp-caption-text\"><span style=\"font-size: 8pt\">Rad za op\u0107e dobro. zatvor; Izvor: Hrt.hr<\/span><\/p><\/div>\n<p>Gospodin ka\u017ee: &#8220;Tu imam odr\u017eavanje okoli\u0161a, poma\u017eem domaru u popravcima na objektima. \u0160to je potrebno kao domarski posao odraditi &#8211; to odra\u0111ujemo&#8221;.<\/p>\n<div class=\"p-0 mb-12 w-full xl:w-85 text-lg articleText\">\n<p>Sretan je ka\u017ee jer nije morao u zatvor, nije odvojen od obitelji, a sa\u010duvao je i posao.<\/p>\n<\/div>\n<p>Sanja Maroevi\u0107, predsjednica Udruge &#8220;<strong><a href=\"https:\/\/jednizadruge.hr\/\" target=\"_blank\" rel=\"noopener\">Jedni za druge<\/a><\/strong>&#8221; napominje kako u Hrvatskoj trenutno radi 1.670 osoba. Rade za op\u0107e dobro, umjesto da odu u zatvor.<\/p>\n<p>Ova terapijska udruga primila je ve\u0107 75 osoba koje su na ovaj na\u010din odradile svoju kaznu. Iskustva su vi\u0161e nego dobra. Osobe nisu na teret dr\u017eavnom prora\u010dunu, rade korisne stvari i o\u010duvaju si svoj \u017eivot.<\/p>\n<p>Odvjetnik Branko \u0160eri\u0107 je posebno istaknuo kako se radi o odli\u010dno na\u010dinu \u0161tednje novaca poreznih obveznika. Osu\u0111enik ne tro\u0161i novce, ve\u0107 radi za dru\u0161tvo.<\/p>\n<p>Primjer koji je naveo je kako jedan neurokirurg ili kirurg u zapadnoj demokraciji uop\u0107e ne ide u zatvor, nego mu je cijela kazna rad za op\u0107e dobro.<\/p>\n<p>Da radi svoj posao i da ga se za to ne plati, odnosno &#8211; da za to bude pla\u0107en minimalno. To je ve\u0107a kazna nego ga kazniti zatvorom.<\/p>\n<div class=\"p-0 mb-12 w-full xl:w-85 text-lg articleText\">\n<p>Ovaj model funkcionira dobro i ima smisla. Statistike su na njegovoj strani.<\/p>\n<p>Prema istra\u017eivanju zagreba\u010dkog <a href=\"https:\/\/www.pravo.unizg.hr\/\" target=\"_blank\" rel=\"noopener\">Pravnog fakulteta<\/a> manje od 2 posto uklju\u010denih u <strong>rad za op\u0107e<\/strong> dobro je nakon odslu\u017eenja kazne po\u010dinilo neko kazneno djelo.<\/p>\n<p>Mogu\u0107e da osobe koje su prekr\u0161ile odre\u0111eni zakon imaju problema sa stjecanjem povjerenja, posebno nepoznatih ljudi. Radi se o izazovu koji mo\u017ee unazaditi osu\u0111enike.<\/p>\n<p><em>Pro\u010ditajte vi\u0161e o <a href=\"https:\/\/zaposlise.hr\/blog\/povjerenje-posao\/\"><strong>va\u017enosti povjerenja<\/strong><\/a> na radnom mjestu.<\/em><\/p>\n<\/div>\n","protected":false},"excerpt":{"rendered":"<p>Zapo\u0161ljavanje zatvorenika ima vrlo va\u017enu ulogu za socijalnu integraciju zatvorenica i zatvorenika. Bez posla zatvorenici se ne mogu nikako ponovno [&hellip;]<\/p>\n","protected":false},"author":4,"featured_media":14538,"comment_status":"closed","ping_status":"closed","sticky":false,"template":"","format":"standard","meta":{"inline_featured_image":false,"footnotes":""},"categories":[26],"tags":[231,539,420,538],"yoast_head":"<!-- This site is optimized with the Yoast SEO plugin v21.6 - https:\/\/yoast.com\/wordpress\/plugins\/seo\/ -->\n<title>Zapo\u0161ljavanje zatvorenika - Zaposlise.hr<\/title>\n<meta name=\"description\" content=\"Zapo\u0161ljavanje zatvorenika ima vrlo va\u017enu ulogu za socijalnu integraciju zatvorenica i zatvorenika. Pro\u010ditajte vi\u0161e o ovoj problematici.\" \/>\n<meta name=\"robots\" content=\"index, follow, max-snippet:-1, max-image-preview:large, max-video-preview:-1\" \/>\n<link rel=\"canonical\" href=\"https:\/\/zaposlise.hr\/blog\/zaposljavanje-zatvorenika\/\" \/>\n<meta property=\"og:locale\" content=\"hr_HR\" \/>\n<meta property=\"og:type\" content=\"article\" \/>\n<meta property=\"og:title\" content=\"Zapo\u0161ljavanje zatvorenika - Zaposlise.hr\" \/>\n<meta property=\"og:description\" content=\"Zapo\u0161ljavanje zatvorenika ima vrlo va\u017enu ulogu za socijalnu integraciju zatvorenica i zatvorenika. Pro\u010ditajte vi\u0161e o ovoj problematici.\" \/>\n<meta property=\"og:url\" content=\"https:\/\/zaposlise.hr\/blog\/zaposljavanje-zatvorenika\/\" \/>\n<meta property=\"og:site_name\" content=\"Zaposlise.hr\" \/>\n<meta property=\"article:published_time\" content=\"2025-06-09T21:09:17+00:00\" \/>\n<meta property=\"article:modified_time\" content=\"2025-06-15T14:21:02+00:00\" \/>\n<meta property=\"og:image\" content=\"https:\/\/zaposlise.hr\/blog\/wp-content\/uploads\/2025\/06\/Zaposljavanje-zatvorenika-Ministarstvo-pravosuda-zatvor.jpg\" \/>\n\t<meta property=\"og:image:width\" content=\"1200\" \/>\n\t<meta property=\"og:image:height\" content=\"675\" \/>\n\t<meta property=\"og:image:type\" content=\"image\/jpeg\" \/>\n<meta name=\"author\" content=\"Maja Cvetkovic\" \/>\n<meta name=\"twitter:card\" content=\"summary_large_image\" \/>\n<meta name=\"twitter:label1\" content=\"Napisao\/la\" \/>\n\t<meta name=\"twitter:data1\" content=\"Maja Cvetkovic\" \/>\n\t<meta name=\"twitter:label2\" content=\"Procijenjeno vrijeme \u010ditanja\" \/>\n\t<meta name=\"twitter:data2\" content=\"7 minuta\" \/>\n<script type=\"application\/ld+json\" class=\"yoast-schema-graph\">{\"@context\":\"https:\/\/schema.org\",\"@graph\":[{\"@type\":\"Article\",\"@id\":\"https:\/\/zaposlise.hr\/blog\/zaposljavanje-zatvorenika\/#article\",\"isPartOf\":{\"@id\":\"https:\/\/zaposlise.hr\/blog\/zaposljavanje-zatvorenika\/\"},\"author\":{\"name\":\"Maja Cvetkovic\",\"@id\":\"https:\/\/zaposlise.hr\/blog\/#\/schema\/person\/11d6327b8569a9e940673e6acbfa396a\"},\"headline\":\"Zapo\u0161ljavanje zatvorenika\",\"datePublished\":\"2025-06-09T21:09:17+00:00\",\"dateModified\":\"2025-06-15T14:21:02+00:00\",\"mainEntityOfPage\":{\"@id\":\"https:\/\/zaposlise.hr\/blog\/zaposljavanje-zatvorenika\/\"},\"wordCount\":1321,\"publisher\":{\"@id\":\"https:\/\/zaposlise.hr\/blog\/#organization\"},\"keywords\":[\"natje\u010daj za posao\",\"pravo na rad\",\"rupa u \u017eivotopisu\",\"zapo\u0161ljavanje zaposlenika\"],\"articleSection\":[\"Iskustva i savjeti\"],\"inLanguage\":\"hr\"},{\"@type\":\"WebPage\",\"@id\":\"https:\/\/zaposlise.hr\/blog\/zaposljavanje-zatvorenika\/\",\"url\":\"https:\/\/zaposlise.hr\/blog\/zaposljavanje-zatvorenika\/\",\"name\":\"Zapo\u0161ljavanje zatvorenika - Zaposlise.hr\",\"isPartOf\":{\"@id\":\"https:\/\/zaposlise.hr\/blog\/#website\"},\"datePublished\":\"2025-06-09T21:09:17+00:00\",\"dateModified\":\"2025-06-15T14:21:02+00:00\",\"description\":\"Zapo\u0161ljavanje zatvorenika ima vrlo va\u017enu ulogu za socijalnu integraciju zatvorenica i zatvorenika. Pro\u010ditajte vi\u0161e o ovoj problematici.\",\"breadcrumb\":{\"@id\":\"https:\/\/zaposlise.hr\/blog\/zaposljavanje-zatvorenika\/#breadcrumb\"},\"inLanguage\":\"hr\",\"potentialAction\":[{\"@type\":\"ReadAction\",\"target\":[\"https:\/\/zaposlise.hr\/blog\/zaposljavanje-zatvorenika\/\"]}]},{\"@type\":\"BreadcrumbList\",\"@id\":\"https:\/\/zaposlise.hr\/blog\/zaposljavanje-zatvorenika\/#breadcrumb\",\"itemListElement\":[{\"@type\":\"ListItem\",\"position\":1,\"name\":\"Po\u010detna stranica\",\"item\":\"https:\/\/zaposlise.hr\/blog\/\"},{\"@type\":\"ListItem\",\"position\":2,\"name\":\"Zapo\u0161ljavanje zatvorenika\"}]},{\"@type\":\"WebSite\",\"@id\":\"https:\/\/zaposlise.hr\/blog\/#website\",\"url\":\"https:\/\/zaposlise.hr\/blog\/\",\"name\":\"Zaposlise.hr\",\"description\":\"Posao za tebe\",\"publisher\":{\"@id\":\"https:\/\/zaposlise.hr\/blog\/#organization\"},\"potentialAction\":[{\"@type\":\"SearchAction\",\"target\":{\"@type\":\"EntryPoint\",\"urlTemplate\":\"https:\/\/zaposlise.hr\/blog\/?s={search_term_string}\"},\"query-input\":\"required name=search_term_string\"}],\"inLanguage\":\"hr\"},{\"@type\":\"Organization\",\"@id\":\"https:\/\/zaposlise.hr\/blog\/#organization\",\"name\":\"Zaposlise.hr\",\"url\":\"https:\/\/zaposlise.hr\/blog\/\",\"logo\":{\"@type\":\"ImageObject\",\"inLanguage\":\"hr\",\"@id\":\"https:\/\/zaposlise.hr\/blog\/#\/schema\/logo\/image\/\",\"url\":\"https:\/\/zaposlise.hr\/blog\/wp-content\/uploads\/2024\/06\/Screenshot-2024-06-05-at-09.05.43.png\",\"contentUrl\":\"https:\/\/zaposlise.hr\/blog\/wp-content\/uploads\/2024\/06\/Screenshot-2024-06-05-at-09.05.43.png\",\"width\":2088,\"height\":592,\"caption\":\"Zaposlise.hr\"},\"image\":{\"@id\":\"https:\/\/zaposlise.hr\/blog\/#\/schema\/logo\/image\/\"}},{\"@type\":\"Person\",\"@id\":\"https:\/\/zaposlise.hr\/blog\/#\/schema\/person\/11d6327b8569a9e940673e6acbfa396a\",\"name\":\"Maja Cvetkovic\",\"image\":{\"@type\":\"ImageObject\",\"inLanguage\":\"hr\",\"@id\":\"https:\/\/zaposlise.hr\/blog\/#\/schema\/person\/image\/\",\"url\":\"https:\/\/secure.gravatar.com\/avatar\/e8d7da4f01ab43b5b98fc69bf899cf57?s=96&d=mm&r=g\",\"contentUrl\":\"https:\/\/secure.gravatar.com\/avatar\/e8d7da4f01ab43b5b98fc69bf899cf57?s=96&d=mm&r=g\",\"caption\":\"Maja Cvetkovic\"},\"url\":\"https:\/\/zaposlise.hr\/blog\/author\/mayacvetkovic\/\"}]}<\/script>\n<!-- \/ Yoast SEO plugin. -->","yoast_head_json":{"title":"Zapo\u0161ljavanje zatvorenika - Zaposlise.hr","description":"Zapo\u0161ljavanje zatvorenika ima vrlo va\u017enu ulogu za socijalnu integraciju zatvorenica i zatvorenika. Pro\u010ditajte vi\u0161e o ovoj problematici.","robots":{"index":"index","follow":"follow","max-snippet":"max-snippet:-1","max-image-preview":"max-image-preview:large","max-video-preview":"max-video-preview:-1"},"canonical":"https:\/\/zaposlise.hr\/blog\/zaposljavanje-zatvorenika\/","og_locale":"hr_HR","og_type":"article","og_title":"Zapo\u0161ljavanje zatvorenika - Zaposlise.hr","og_description":"Zapo\u0161ljavanje zatvorenika ima vrlo va\u017enu ulogu za socijalnu integraciju zatvorenica i zatvorenika. Pro\u010ditajte vi\u0161e o ovoj problematici.","og_url":"https:\/\/zaposlise.hr\/blog\/zaposljavanje-zatvorenika\/","og_site_name":"Zaposlise.hr","article_published_time":"2025-06-09T21:09:17+00:00","article_modified_time":"2025-06-15T14:21:02+00:00","og_image":[{"width":1200,"height":675,"url":"https:\/\/zaposlise.hr\/blog\/wp-content\/uploads\/2025\/06\/Zaposljavanje-zatvorenika-Ministarstvo-pravosuda-zatvor.jpg","type":"image\/jpeg"}],"author":"Maja Cvetkovic","twitter_card":"summary_large_image","twitter_misc":{"Napisao\/la":"Maja Cvetkovic","Procijenjeno vrijeme \u010ditanja":"7 minuta"},"schema":{"@context":"https:\/\/schema.org","@graph":[{"@type":"Article","@id":"https:\/\/zaposlise.hr\/blog\/zaposljavanje-zatvorenika\/#article","isPartOf":{"@id":"https:\/\/zaposlise.hr\/blog\/zaposljavanje-zatvorenika\/"},"author":{"name":"Maja Cvetkovic","@id":"https:\/\/zaposlise.hr\/blog\/#\/schema\/person\/11d6327b8569a9e940673e6acbfa396a"},"headline":"Zapo\u0161ljavanje zatvorenika","datePublished":"2025-06-09T21:09:17+00:00","dateModified":"2025-06-15T14:21:02+00:00","mainEntityOfPage":{"@id":"https:\/\/zaposlise.hr\/blog\/zaposljavanje-zatvorenika\/"},"wordCount":1321,"publisher":{"@id":"https:\/\/zaposlise.hr\/blog\/#organization"},"keywords":["natje\u010daj za posao","pravo na rad","rupa u \u017eivotopisu","zapo\u0161ljavanje zaposlenika"],"articleSection":["Iskustva i savjeti"],"inLanguage":"hr"},{"@type":"WebPage","@id":"https:\/\/zaposlise.hr\/blog\/zaposljavanje-zatvorenika\/","url":"https:\/\/zaposlise.hr\/blog\/zaposljavanje-zatvorenika\/","name":"Zapo\u0161ljavanje zatvorenika - Zaposlise.hr","isPartOf":{"@id":"https:\/\/zaposlise.hr\/blog\/#website"},"datePublished":"2025-06-09T21:09:17+00:00","dateModified":"2025-06-15T14:21:02+00:00","description":"Zapo\u0161ljavanje zatvorenika ima vrlo va\u017enu ulogu za socijalnu integraciju zatvorenica i zatvorenika. Pro\u010ditajte vi\u0161e o ovoj problematici.","breadcrumb":{"@id":"https:\/\/zaposlise.hr\/blog\/zaposljavanje-zatvorenika\/#breadcrumb"},"inLanguage":"hr","potentialAction":[{"@type":"ReadAction","target":["https:\/\/zaposlise.hr\/blog\/zaposljavanje-zatvorenika\/"]}]},{"@type":"BreadcrumbList","@id":"https:\/\/zaposlise.hr\/blog\/zaposljavanje-zatvorenika\/#breadcrumb","itemListElement":[{"@type":"ListItem","position":1,"name":"Po\u010detna stranica","item":"https:\/\/zaposlise.hr\/blog\/"},{"@type":"ListItem","position":2,"name":"Zapo\u0161ljavanje zatvorenika"}]},{"@type":"WebSite","@id":"https:\/\/zaposlise.hr\/blog\/#website","url":"https:\/\/zaposlise.hr\/blog\/","name":"Zaposlise.hr","description":"Posao za tebe","publisher":{"@id":"https:\/\/zaposlise.hr\/blog\/#organization"},"potentialAction":[{"@type":"SearchAction","target":{"@type":"EntryPoint","urlTemplate":"https:\/\/zaposlise.hr\/blog\/?s={search_term_string}"},"query-input":"required name=search_term_string"}],"inLanguage":"hr"},{"@type":"Organization","@id":"https:\/\/zaposlise.hr\/blog\/#organization","name":"Zaposlise.hr","url":"https:\/\/zaposlise.hr\/blog\/","logo":{"@type":"ImageObject","inLanguage":"hr","@id":"https:\/\/zaposlise.hr\/blog\/#\/schema\/logo\/image\/","url":"https:\/\/zaposlise.hr\/blog\/wp-content\/uploads\/2024\/06\/Screenshot-2024-06-05-at-09.05.43.png","contentUrl":"https:\/\/zaposlise.hr\/blog\/wp-content\/uploads\/2024\/06\/Screenshot-2024-06-05-at-09.05.43.png","width":2088,"height":592,"caption":"Zaposlise.hr"},"image":{"@id":"https:\/\/zaposlise.hr\/blog\/#\/schema\/logo\/image\/"}},{"@type":"Person","@id":"https:\/\/zaposlise.hr\/blog\/#\/schema\/person\/11d6327b8569a9e940673e6acbfa396a","name":"Maja Cvetkovic","image":{"@type":"ImageObject","inLanguage":"hr","@id":"https:\/\/zaposlise.hr\/blog\/#\/schema\/person\/image\/","url":"https:\/\/secure.gravatar.com\/avatar\/e8d7da4f01ab43b5b98fc69bf899cf57?s=96&d=mm&r=g","contentUrl":"https:\/\/secure.gravatar.com\/avatar\/e8d7da4f01ab43b5b98fc69bf899cf57?s=96&d=mm&r=g","caption":"Maja Cvetkovic"},"url":"https:\/\/zaposlise.hr\/blog\/author\/mayacvetkovic\/"}]}},"_links":{"self":[{"href":"https:\/\/zaposlise.hr\/blog\/wp-json\/wp\/v2\/posts\/14537"}],"collection":[{"href":"https:\/\/zaposlise.hr\/blog\/wp-json\/wp\/v2\/posts"}],"about":[{"href":"https:\/\/zaposlise.hr\/blog\/wp-json\/wp\/v2\/types\/post"}],"author":[{"embeddable":true,"href":"https:\/\/zaposlise.hr\/blog\/wp-json\/wp\/v2\/users\/4"}],"replies":[{"embeddable":true,"href":"https:\/\/zaposlise.hr\/blog\/wp-json\/wp\/v2\/comments?post=14537"}],"version-history":[{"count":23,"href":"https:\/\/zaposlise.hr\/blog\/wp-json\/wp\/v2\/posts\/14537\/revisions"}],"predecessor-version":[{"id":14706,"href":"https:\/\/zaposlise.hr\/blog\/wp-json\/wp\/v2\/posts\/14537\/revisions\/14706"}],"wp:featuredmedia":[{"embeddable":true,"href":"https:\/\/zaposlise.hr\/blog\/wp-json\/wp\/v2\/media\/14538"}],"wp:attachment":[{"href":"https:\/\/zaposlise.hr\/blog\/wp-json\/wp\/v2\/media?parent=14537"}],"wp:term":[{"taxonomy":"category","embeddable":true,"href":"https:\/\/zaposlise.hr\/blog\/wp-json\/wp\/v2\/categories?post=14537"},{"taxonomy":"post_tag","embeddable":true,"href":"https:\/\/zaposlise.hr\/blog\/wp-json\/wp\/v2\/tags?post=14537"}],"curies":[{"name":"wp","href":"https:\/\/api.w.org\/{rel}","templated":true}]}}