{"id":15755,"date":"2025-07-24T16:13:03","date_gmt":"2025-07-24T14:13:03","guid":{"rendered":"https:\/\/zaposlise.hr\/blog\/?p=15755"},"modified":"2025-07-24T16:13:53","modified_gmt":"2025-07-24T14:13:53","slug":"beneficirani-radni-staz","status":"publish","type":"post","link":"https:\/\/zaposlise.hr\/blog\/beneficirani-radni-staz\/","title":{"rendered":"Beneficirani radni sta\u017e: kako se odre\u0111uje?"},"content":{"rendered":"<span class=\"rt-reading-time\" style=\"display: block;\"><span class=\"rt-label rt-prefix\">Reading Time: <\/span> <span class=\"rt-time\">6<\/span> <span class=\"rt-label rt-postfix\">minute<\/span><\/span><p>U Hrvatskoj postoji odre\u0111eni broj zanimanja koja zbog svoje posebne te\u017eine, opasnosti ili \u0161tetnosti imaju pravo na tzv. beneficirani radni sta\u017e.<\/p>\n<p>Ova mjera omogu\u0107uje da se odre\u0111eni period rada obra\u010duna kao dulji od stvarnog trajanja. Time se mo\u017ee ubrzati ostvarivanje prava na mirovinu.<\/p>\n<p>Ovaj sta\u017e osiguranja s pove\u0107anim trajanjem definira se posebnim <a href=\"https:\/\/www.zakon.hr\/z\/704\/zakon-o-stazu-osiguranja-s-povecanim-trajanjem\" target=\"_blank\" rel=\"noopener\">Zakonom o sta\u017eu osiguranja s pove\u0107anim trajanjem<\/a>.<\/p>\n<p>Prema tom zakonu su definirana to\u010dna radna mjesta i zanimanja na kojima osiguranici mogu ostvariti sni\u017eenje dobne granice za priznavanje prava na starosnu mirovinu.<\/p>\n<p>Na taj na\u010din mogu ostvariti starosnu mirovinu ranije u odnosu na redovne uvjete propisane <a href=\"https:\/\/www.zakon.hr\/z\/91\/zakon-o-mirovinskom-osiguranju\" target=\"_blank\" rel=\"noopener\">Zakonom o mirovinskom osiguranju<\/a>.<\/p>\n<p>U nastavku saznajte vi\u0161e o samom sta\u017eu, tko na njega ima pravo i kako se obra\u010dunava.<\/p>\n<div id=\"attachment_15769\" style=\"width: 1210px\" class=\"wp-caption aligncenter\"><img loading=\"lazy\" decoding=\"async\" aria-describedby=\"caption-attachment-15769\" class=\"size-full wp-image-15769\" src=\"https:\/\/zaposlise.hr\/blog\/wp-content\/uploads\/2025\/07\/Opasan-posao-dvojica-radnica-sjeku-sa-sjekirom-u-teskim-uvjetima.jpg\" alt=\"Opasan posao, dvojica radnica sijeku sa sjekirom u te\u0161kim uvjetima\" width=\"1200\" height=\"675\" srcset=\"https:\/\/zaposlise.hr\/blog\/wp-content\/uploads\/2025\/07\/Opasan-posao-dvojica-radnica-sjeku-sa-sjekirom-u-teskim-uvjetima.jpg 1200w, https:\/\/zaposlise.hr\/blog\/wp-content\/uploads\/2025\/07\/Opasan-posao-dvojica-radnica-sjeku-sa-sjekirom-u-teskim-uvjetima-300x169.jpg 300w, https:\/\/zaposlise.hr\/blog\/wp-content\/uploads\/2025\/07\/Opasan-posao-dvojica-radnica-sjeku-sa-sjekirom-u-teskim-uvjetima-1024x576.jpg 1024w, https:\/\/zaposlise.hr\/blog\/wp-content\/uploads\/2025\/07\/Opasan-posao-dvojica-radnica-sjeku-sa-sjekirom-u-teskim-uvjetima-768x432.jpg 768w, https:\/\/zaposlise.hr\/blog\/wp-content\/uploads\/2025\/07\/Opasan-posao-dvojica-radnica-sjeku-sa-sjekirom-u-teskim-uvjetima-444x250.jpg 444w\" sizes=\"(max-width: 1200px) 100vw, 1200px\" \/><p id=\"caption-attachment-15769\" class=\"wp-caption-text\"><span style=\"font-size: 8pt\">Opasan posao, dvojica radnica sijeku sa sjekirom u te\u0161kim uvjetima; Izvor: Unsplash.com<\/span><\/p><\/div>\n<div id=\"ez-toc-container\" class=\"ez-toc-v2_0_64 counter-hierarchy ez-toc-counter ez-toc-white ez-toc-container-direction\">\n<div class=\"ez-toc-title-container\">\n<p class=\"ez-toc-title \" >Sadr\u017eaj<\/p>\n<span class=\"ez-toc-title-toggle\"><\/span><\/div>\n<nav><ul class='ez-toc-list ez-toc-list-level-1 ' ><li class='ez-toc-page-1 ez-toc-heading-level-2'><a class=\"ez-toc-link ez-toc-heading-1\" href=\"https:\/\/zaposlise.hr\/blog\/beneficirani-radni-staz\/#Sto_je_beneficirani_radni_staz\" title=\"\u0160to je beneficirani radni sta\u017e?\">\u0160to je beneficirani radni sta\u017e?<\/a><\/li><li class='ez-toc-page-1 ez-toc-heading-level-2'><a class=\"ez-toc-link ez-toc-heading-2\" href=\"https:\/\/zaposlise.hr\/blog\/beneficirani-radni-staz\/#Tko_ima_pravo_na_beneficirani_radni_staz\" title=\"Tko ima pravo na beneficirani radni sta\u017e?\">Tko ima pravo na beneficirani radni sta\u017e?<\/a><ul class='ez-toc-list-level-3' ><li class='ez-toc-heading-level-3'><a class=\"ez-toc-link ez-toc-heading-3\" href=\"https:\/\/zaposlise.hr\/blog\/beneficirani-radni-staz\/#_Neka_od_zanimanja_s_beneficiranim_stazem\" title=\"\u00a0Neka od zanimanja s beneficiranim sta\u017eem:\">\u00a0Neka od zanimanja s beneficiranim sta\u017eem:<\/a><\/li><\/ul><\/li><li class='ez-toc-page-1 ez-toc-heading-level-2'><a class=\"ez-toc-link ez-toc-heading-4\" href=\"https:\/\/zaposlise.hr\/blog\/beneficirani-radni-staz\/#Kako_se_obracunava_beneficirani_staz\" title=\"Kako se obra\u010dunava beneficirani sta\u017e?\">Kako se obra\u010dunava beneficirani sta\u017e?<\/a><\/li><li class='ez-toc-page-1 ez-toc-heading-level-2'><a class=\"ez-toc-link ez-toc-heading-5\" href=\"https:\/\/zaposlise.hr\/blog\/beneficirani-radni-staz\/#Koliko_radnika_u_Hrvatskoj_koristi\" title=\"Koliko radnika u Hrvatskoj koristi?\">Koliko radnika u Hrvatskoj koristi?<\/a><\/li><li class='ez-toc-page-1 ez-toc-heading-level-2'><a class=\"ez-toc-link ez-toc-heading-6\" href=\"https:\/\/zaposlise.hr\/blog\/beneficirani-radni-staz\/#Prednosti_beneficiranog_radnog_staza\" title=\"Prednosti beneficiranog radnog sta\u017ea\">Prednosti beneficiranog radnog sta\u017ea<\/a><ul class='ez-toc-list-level-3' ><li class='ez-toc-heading-level-3'><a class=\"ez-toc-link ez-toc-heading-7\" href=\"https:\/\/zaposlise.hr\/blog\/beneficirani-radni-staz\/#Raniji_odlazak_u_mirovinu_bez_penalizacije\" title=\"Raniji odlazak u mirovinu, bez penalizacije\">Raniji odlazak u mirovinu, bez penalizacije<\/a><\/li><li class='ez-toc-page-1 ez-toc-heading-level-3'><a class=\"ez-toc-link ez-toc-heading-8\" href=\"https:\/\/zaposlise.hr\/blog\/beneficirani-radni-staz\/#Visa_mirovina_zahvaljujuci_vecem_broju_godina_staza\" title=\"Vi\u0161a mirovina zahvaljuju\u0107i ve\u0107em broju godina sta\u017ea\">Vi\u0161a mirovina zahvaljuju\u0107i ve\u0107em broju godina sta\u017ea<\/a><\/li><li class='ez-toc-page-1 ez-toc-heading-level-3'><a class=\"ez-toc-link ez-toc-heading-9\" href=\"https:\/\/zaposlise.hr\/blog\/beneficirani-radni-staz\/#Bolji_status_u_sustavu_osiguranja\" title=\"Bolji status u sustavu osiguranja\">Bolji status u sustavu osiguranja<\/a><\/li><li class='ez-toc-page-1 ez-toc-heading-level-3'><a class=\"ez-toc-link ez-toc-heading-10\" href=\"https:\/\/zaposlise.hr\/blog\/beneficirani-radni-staz\/#Zastita_radnika_u_teskim_i_opasnim_zanimanjima\" title=\"Za\u0161tita radnika u te\u0161kim i opasnim zanimanjima\">Za\u0161tita radnika u te\u0161kim i opasnim zanimanjima<\/a><\/li><\/ul><\/li><li class='ez-toc-page-1 ez-toc-heading-level-2'><a class=\"ez-toc-link ez-toc-heading-11\" href=\"https:\/\/zaposlise.hr\/blog\/beneficirani-radni-staz\/#Na_sto_treba_obratiti_paznju\" title=\"Na \u0161to treba obratiti pa\u017enju?\">Na \u0161to treba obratiti pa\u017enju?<\/a><ul class='ez-toc-list-level-3' ><li class='ez-toc-heading-level-3'><a class=\"ez-toc-link ez-toc-heading-12\" href=\"https:\/\/zaposlise.hr\/blog\/beneficirani-radni-staz\/#Ne_odnosi_se_na_cijelu_struku_vec_na_konkretne_uvjete\" title=\"Ne odnosi se na cijelu struku, ve\u0107 na konkretne uvjete\">Ne odnosi se na cijelu struku, ve\u0107 na konkretne uvjete<\/a><\/li><li class='ez-toc-page-1 ez-toc-heading-level-3'><a class=\"ez-toc-link ez-toc-heading-13\" href=\"https:\/\/zaposlise.hr\/blog\/beneficirani-radni-staz\/#Staz_se_priznaje_samo_za_zakonom_prepoznate_poslove\" title=\"Sta\u017e se priznaje samo za zakonom prepoznate poslove\">Sta\u017e se priznaje samo za zakonom prepoznate poslove<\/a><\/li><li class='ez-toc-page-1 ez-toc-heading-level-3'><a class=\"ez-toc-link ez-toc-heading-14\" href=\"https:\/\/zaposlise.hr\/blog\/beneficirani-radni-staz\/#Pravilna_dokumentacija_i_prijava_su_kljucni\" title=\"Pravilna dokumentacija i prijava su klju\u010dni\">Pravilna dokumentacija i prijava su klju\u010dni<\/a><\/li><\/ul><\/li><li class='ez-toc-page-1 ez-toc-heading-level-2'><a class=\"ez-toc-link ez-toc-heading-15\" href=\"https:\/\/zaposlise.hr\/blog\/beneficirani-radni-staz\/#Planiraj_sigurniju_buducnost\" title=\"Planiraj sigurniju budu\u0107nost\">Planiraj sigurniju budu\u0107nost<\/a><\/li><\/ul><\/nav><\/div>\n<h2><span class=\"ez-toc-section\" id=\"Sto_je_beneficirani_radni_staz\"><\/span>\u0160to je beneficirani radni sta\u017e?<span class=\"ez-toc-section-end\"><\/span><\/h2>\n<p>Beneficirani radni sta\u017e je zakonski mehanizam koji omogu\u0107uje da se odre\u0111eni poslovi ra\u010dunaju kao da su trajali du\u017ee nego \u0161to stvarno jesu.<\/p>\n<p>Iz tog razloga se sta\u017e osiguranja obra\u010dunava u pove\u0107anom trajanju za radna mjesta koja se smatraju fizi\u010dki zahtjevnima, opasnima ili \u0161tetnima za zdravlje.<\/p>\n<p>Na primjer, ako za svaki mjesec rada ostvaruje\u0161 dodatnih 6 dana sta\u017ea, tada ti se 12 mjeseci rada priznaje kao oko 14,5 mjeseci mirovinskog sta\u017ea.<\/p>\n<div id=\"attachment_15579\" style=\"width: 1210px\" class=\"wp-caption aligncenter\"><img loading=\"lazy\" decoding=\"async\" aria-describedby=\"caption-attachment-15579\" class=\"size-full wp-image-15579\" src=\"https:\/\/zaposlise.hr\/blog\/wp-content\/uploads\/2025\/07\/Umirovljenici-niska-mirovina-gospoda-i-gospodin-secu-vrtom-drze-se-za-ruke.jpg\" alt=\"Umirovljenici, niska mirovina, gospo\u0111a i gospodin \u0161e\u0107u vrtom, dr\u017ee se za ruke\" width=\"1200\" height=\"675\" srcset=\"https:\/\/zaposlise.hr\/blog\/wp-content\/uploads\/2025\/07\/Umirovljenici-niska-mirovina-gospoda-i-gospodin-secu-vrtom-drze-se-za-ruke.jpg 1200w, https:\/\/zaposlise.hr\/blog\/wp-content\/uploads\/2025\/07\/Umirovljenici-niska-mirovina-gospoda-i-gospodin-secu-vrtom-drze-se-za-ruke-300x169.jpg 300w, https:\/\/zaposlise.hr\/blog\/wp-content\/uploads\/2025\/07\/Umirovljenici-niska-mirovina-gospoda-i-gospodin-secu-vrtom-drze-se-za-ruke-1024x576.jpg 1024w, https:\/\/zaposlise.hr\/blog\/wp-content\/uploads\/2025\/07\/Umirovljenici-niska-mirovina-gospoda-i-gospodin-secu-vrtom-drze-se-za-ruke-768x432.jpg 768w, https:\/\/zaposlise.hr\/blog\/wp-content\/uploads\/2025\/07\/Umirovljenici-niska-mirovina-gospoda-i-gospodin-secu-vrtom-drze-se-za-ruke-444x250.jpg 444w\" sizes=\"(max-width: 1200px) 100vw, 1200px\" \/><p id=\"caption-attachment-15579\" class=\"wp-caption-text\"><span style=\"font-size: 8pt\">Umirovljenici, niska mirovina, gospo\u0111a i gospodin \u0161e\u0107u vrtom, dr\u017ee se za ruke; Izvor: Unsplash.com<\/span><\/p><\/div>\n<p>Taj dodatni sta\u017e se sabire i mo\u017ee znatno ubrzati odlazak u mirovinu, bez smanjenja iznosa koji \u0107e\u0161 primati.<\/p>\n<p>Ova mjera postoji kao kompenzacija za pove\u0107ani fizi\u010dki i psihi\u010dki napor kojem su neki radnici svakodnevno izlo\u017eeni.<\/p>\n<p><a href=\"https:\/\/zaposlise.hr\/blog\/zastita-na-radu-preventa\/\">Za\u0161tita na radu<\/a> je neizostavan element svakog poslovanja. Pro\u010ditajte intervju s tvrtkom <a href=\"http:\/\/preventa.hr\" target=\"_blank\" rel=\"noopener\">Preventa<\/a>.<\/p>\n<p>Tako\u0111er, koristi se kod zanimanja u kojima postoji ve\u0107i rizik za zdravlje, sigurnost i dugoro\u010dnu radnu sposobnost.<\/p>\n<p>Beneficirani sta\u017e posebno je va\u017ean u sektorima poput vatrogastva, policije, rudarstva, \u0161umarstva i industrijske proizvodnje.<\/p>\n<p>Rad u takvim uvjetima ne mo\u017ee se usporediti s uredskim poslovima. Iz tog razloga je zakonodavac omogu\u0107io dodatnu za\u0161titu radnika kroz br\u017ee stjecanje prava na mirovinu.<\/p>\n<h2><span class=\"ez-toc-section\" id=\"Tko_ima_pravo_na_beneficirani_radni_staz\"><\/span>Tko ima pravo na beneficirani radni sta\u017e?<span class=\"ez-toc-section-end\"><\/span><\/h2>\n<p>Pravo na beneficirani sta\u017e odnosi se na poslove i zanimanja koja uklju\u010duju:<\/p>\n<div id=\"attachment_15772\" style=\"width: 1210px\" class=\"wp-caption aligncenter\"><img loading=\"lazy\" decoding=\"async\" aria-describedby=\"caption-attachment-15772\" class=\"size-full wp-image-15772\" src=\"https:\/\/zaposlise.hr\/blog\/wp-content\/uploads\/2025\/07\/Rad-na-visini-dvojica-radnika-peru-prozore-na-neboderu-peraci-prozora-opasan-posao.jpg\" alt=\"Rad na visini, dvojica radnika peru prozore na neboderu, pera\u010di prozora, opasan posao\" width=\"1200\" height=\"675\" srcset=\"https:\/\/zaposlise.hr\/blog\/wp-content\/uploads\/2025\/07\/Rad-na-visini-dvojica-radnika-peru-prozore-na-neboderu-peraci-prozora-opasan-posao.jpg 1200w, https:\/\/zaposlise.hr\/blog\/wp-content\/uploads\/2025\/07\/Rad-na-visini-dvojica-radnika-peru-prozore-na-neboderu-peraci-prozora-opasan-posao-300x169.jpg 300w, https:\/\/zaposlise.hr\/blog\/wp-content\/uploads\/2025\/07\/Rad-na-visini-dvojica-radnika-peru-prozore-na-neboderu-peraci-prozora-opasan-posao-1024x576.jpg 1024w, https:\/\/zaposlise.hr\/blog\/wp-content\/uploads\/2025\/07\/Rad-na-visini-dvojica-radnika-peru-prozore-na-neboderu-peraci-prozora-opasan-posao-768x432.jpg 768w, https:\/\/zaposlise.hr\/blog\/wp-content\/uploads\/2025\/07\/Rad-na-visini-dvojica-radnika-peru-prozore-na-neboderu-peraci-prozora-opasan-posao-444x250.jpg 444w\" sizes=\"(max-width: 1200px) 100vw, 1200px\" \/><p id=\"caption-attachment-15772\" class=\"wp-caption-text\"><span style=\"font-size: 8pt\">Rad na visini, dvojica radnika peru prozore na neboderu, pera\u010di prozora, opasan posao; Izvor: Unsplash.com<\/span><\/p><\/div>\n<ul>\n<li>Posebne uvjete rada (npr. ekstremne temperature, izlo\u017eenost opasnim tvarima, buka)<\/li>\n<li>Pove\u0107an rizik za zdravlje<\/li>\n<li>Rad koji iziskuje posebnu tjelesnu ili psihi\u010dku izdr\u017eljivost<\/li>\n<\/ul>\n<p><em>\u010cuvajte svoje <a href=\"https:\/\/zaposlise.hr\/blog\/mentalno-zdravlje\/\">mentalno zdravlje<\/a> na poslu i u privatno vrijeme. Pro\u010ditajte za\u0161to je va\u017eno prevenirati.\u00a0<\/em><\/p>\n<h3><span class=\"ez-toc-section\" id=\"_Neka_od_zanimanja_s_beneficiranim_stazem\"><\/span>\u00a0Neka od zanimanja s beneficiranim sta\u017eem:<span class=\"ez-toc-section-end\"><\/span><\/h3>\n<ul>\n<li>Policijski slu\u017ebenici i vojnici<\/li>\n<li>Profesionalni vatrogasci<\/li>\n<li>Rudari i djelatnici u rudarskoj industriji<\/li>\n<li>Pomorci i zrakoplovno osoblje<\/li>\n<li>Radnici u metalnoj i kemijskoj industriji (npr. zavariva\u010di, livci)<\/li>\n<\/ul>\n<div id=\"attachment_15774\" style=\"width: 1210px\" class=\"wp-caption aligncenter\"><img loading=\"lazy\" decoding=\"async\" aria-describedby=\"caption-attachment-15774\" class=\"size-full wp-image-15774\" src=\"https:\/\/zaposlise.hr\/blog\/wp-content\/uploads\/2025\/07\/Zavarivaci-metalna-industrija-beneficirani-radni-staz.jpg\" alt=\"Zavariva\u010di, metalna industrija, beneficirani radni sta\u017e\" width=\"1200\" height=\"675\" srcset=\"https:\/\/zaposlise.hr\/blog\/wp-content\/uploads\/2025\/07\/Zavarivaci-metalna-industrija-beneficirani-radni-staz.jpg 1200w, https:\/\/zaposlise.hr\/blog\/wp-content\/uploads\/2025\/07\/Zavarivaci-metalna-industrija-beneficirani-radni-staz-300x169.jpg 300w, https:\/\/zaposlise.hr\/blog\/wp-content\/uploads\/2025\/07\/Zavarivaci-metalna-industrija-beneficirani-radni-staz-1024x576.jpg 1024w, https:\/\/zaposlise.hr\/blog\/wp-content\/uploads\/2025\/07\/Zavarivaci-metalna-industrija-beneficirani-radni-staz-768x432.jpg 768w, https:\/\/zaposlise.hr\/blog\/wp-content\/uploads\/2025\/07\/Zavarivaci-metalna-industrija-beneficirani-radni-staz-444x250.jpg 444w\" sizes=\"(max-width: 1200px) 100vw, 1200px\" \/><p id=\"caption-attachment-15774\" class=\"wp-caption-text\"><span style=\"font-size: 8pt\">Zavariva\u010di, metalna industrija, beneficirani radni sta\u017e; Izvor: Unsplash.com<\/span><\/p><\/div>\n<ul>\n<li>Zaposleni u zatvorskom sustavu<\/li>\n<li>Zdravstveni radnici izlo\u017eeni zra\u010denju ili opasnim tvarima<\/li>\n<li>\u0160umari i radnici u \u0161umarstvu (ovisno o specifi\u010dnim uvjetima rada)<\/li>\n<\/ul>\n<p><em>Zanima vas kako postati <a href=\"https:\/\/zaposlise.hr\/karijera\/sumar\">\u0161umar<\/a> i gdje prona\u0107i posao? Pro\u010ditajte \u010dlanak i saznajte vi\u0161e o ovom zanimanju.\u00a0<\/em><\/p>\n<h2><span class=\"ez-toc-section\" id=\"Kako_se_obracunava_beneficirani_staz\"><\/span>Kako se obra\u010dunava beneficirani sta\u017e?<span class=\"ez-toc-section-end\"><\/span><\/h2>\n<p>Radnicima se za svaki mjesec rada priznaje dodatni sta\u017e, naj\u010de\u0161\u0107e u omjeru 12\/14, 12\/15 ili 12\/18, ovisno o procijenjenom stupnju optere\u0107enja i rizika.<\/p>\n<p>Odnosno, za 12 mjeseci stvarnog rada mo\u017ee priznati 14, 15 ili \u010dak 18 mjeseci sta\u017ea.<\/p>\n<p><em>Primjer:<\/em><\/p>\n<p><em><span style=\"font-size: 14pt\">Ako netko radi 20 godina u uvjetima sa sta\u017eem 12\/15, za mirovinu mu se priznaje 25 godina sta\u017ea.<\/span><\/em><\/p>\n<p>Va\u017eno je napomenuti da se beneficirani sta\u017e ne primjenjuje automatski.<\/p>\n<div id=\"attachment_14927\" style=\"width: 1210px\" class=\"wp-caption aligncenter\"><img loading=\"lazy\" decoding=\"async\" aria-describedby=\"caption-attachment-14927\" class=\"size-full wp-image-14927\" src=\"https:\/\/zaposlise.hr\/blog\/wp-content\/uploads\/2025\/06\/Placa-mirovina-euri-euro.jpg\" alt=\"Pla\u0107a, mirovina, euri, euro\" width=\"1200\" height=\"675\" srcset=\"https:\/\/zaposlise.hr\/blog\/wp-content\/uploads\/2025\/06\/Placa-mirovina-euri-euro.jpg 1200w, https:\/\/zaposlise.hr\/blog\/wp-content\/uploads\/2025\/06\/Placa-mirovina-euri-euro-300x169.jpg 300w, https:\/\/zaposlise.hr\/blog\/wp-content\/uploads\/2025\/06\/Placa-mirovina-euri-euro-1024x576.jpg 1024w, https:\/\/zaposlise.hr\/blog\/wp-content\/uploads\/2025\/06\/Placa-mirovina-euri-euro-768x432.jpg 768w, https:\/\/zaposlise.hr\/blog\/wp-content\/uploads\/2025\/06\/Placa-mirovina-euri-euro-444x250.jpg 444w\" sizes=\"(max-width: 1200px) 100vw, 1200px\" \/><p id=\"caption-attachment-14927\" class=\"wp-caption-text\"><span style=\"font-size: 8pt\">Pla\u0107a, mirovina, euri, euro; Izvor: Unsplash.com<\/span><\/p><\/div>\n<p>Poslodavac mora prijaviti i dokazati da je radnik radio u uvjetima koji to omogu\u0107uju, a <a href=\"https:\/\/www.mirovinsko.hr\/\" target=\"_blank\" rel=\"noopener\">HZMO<\/a> odobrava na temelju propisa i inspekcijskog nadzora.<\/p>\n<h2><span class=\"ez-toc-section\" id=\"Koliko_radnika_u_Hrvatskoj_koristi\"><\/span>Koliko radnika u Hrvatskoj koristi?<span class=\"ez-toc-section-end\"><\/span><\/h2>\n<p>U Hrvatskoj trenutno oko 35.000 zaposlenika koristi pravo na beneficirani radni sta\u017e.<\/p>\n<p>To su radnici koji rade u uvjetima pove\u0107anog fizi\u010dkog i psihi\u010dkog optere\u0107enja, ve\u0107eg rizika za zdravlje ili sigurnost.<\/p>\n<p>Tako\u0111er, rade poslove koji zahtijevaju posebne napore ili izlo\u017eenost \u0161tetnim utjecajima.<\/p>\n<h2><span class=\"ez-toc-section\" id=\"Prednosti_beneficiranog_radnog_staza\"><\/span>Prednosti beneficiranog radnog sta\u017ea<span class=\"ez-toc-section-end\"><\/span><\/h2>\n<p>Uvo\u0111enje beneficiranog radnog sta\u017ea ima za cilj za\u0161titu radnika koji svakodnevno obavljaju poslove u uvjetima koji su fizi\u010dki zahtjevniji, opasniji za zdravlje ili \u0161tetniji na du\u017ee staze.<\/p>\n<p>Ovo su glavne prednosti koje beneficirani sta\u017e donosi zaposlenicima:<\/p>\n<h3><span class=\"ez-toc-section\" id=\"Raniji_odlazak_u_mirovinu_bez_penalizacije\"><\/span>Raniji odlazak u mirovinu, bez penalizacije<span class=\"ez-toc-section-end\"><\/span><\/h3>\n<p>Najva\u017enija prednost beneficiranog sta\u017ea jest mogu\u0107nost ranijeg umirovljenja bez umanjenja mirovine.<\/p>\n<div id=\"attachment_14929\" style=\"width: 1210px\" class=\"wp-caption aligncenter\"><img loading=\"lazy\" decoding=\"async\" aria-describedby=\"caption-attachment-14929\" class=\"size-full wp-image-14929\" src=\"https:\/\/zaposlise.hr\/blog\/wp-content\/uploads\/2025\/06\/Zaposljavanje-umirovljenika-starac-rad-mirovina-penzija-gradevina.jpg\" alt=\"Zapo\u0161ljavanje umirovljenika, starac, rad, mirovina, penzija, gra\u0111evina\" width=\"1200\" height=\"675\" srcset=\"https:\/\/zaposlise.hr\/blog\/wp-content\/uploads\/2025\/06\/Zaposljavanje-umirovljenika-starac-rad-mirovina-penzija-gradevina.jpg 1200w, https:\/\/zaposlise.hr\/blog\/wp-content\/uploads\/2025\/06\/Zaposljavanje-umirovljenika-starac-rad-mirovina-penzija-gradevina-300x169.jpg 300w, https:\/\/zaposlise.hr\/blog\/wp-content\/uploads\/2025\/06\/Zaposljavanje-umirovljenika-starac-rad-mirovina-penzija-gradevina-1024x576.jpg 1024w, https:\/\/zaposlise.hr\/blog\/wp-content\/uploads\/2025\/06\/Zaposljavanje-umirovljenika-starac-rad-mirovina-penzija-gradevina-768x432.jpg 768w, https:\/\/zaposlise.hr\/blog\/wp-content\/uploads\/2025\/06\/Zaposljavanje-umirovljenika-starac-rad-mirovina-penzija-gradevina-444x250.jpg 444w\" sizes=\"(max-width: 1200px) 100vw, 1200px\" \/><p id=\"caption-attachment-14929\" class=\"wp-caption-text\"><span style=\"font-size: 8pt\">Zapo\u0161ljavanje umirovljenika, starac, rad, mirovina, penzija, gra\u0111evina; Izvor: Unsplash.com<\/span><\/p><\/div>\n<p>Radnicima koji rade u posebno te\u0161kim uvjetima omogu\u0107uje se da u mirovinu odu i nekoliko godina ranije od zakonom propisane dobi.<\/p>\n<p>Za razliku od klasi\u010dne prijevremene mirovine, ovdje nema trajne financijske kazne (tzv. penalizacije) jer je dulji sta\u017e formalno priznat.<\/p>\n<h3><span class=\"ez-toc-section\" id=\"Visa_mirovina_zahvaljujuci_vecem_broju_godina_staza\"><\/span>Vi\u0161a mirovina zahvaljuju\u0107i ve\u0107em broju godina sta\u017ea<span class=\"ez-toc-section-end\"><\/span><\/h3>\n<p>Beneficirani radni sta\u017e se ra\u010duna u pove\u0107anom trajanju (npr. 12 mjeseci rada mo\u017ee zna\u010diti 15 ili vi\u0161e mjeseci sta\u017ea).<\/p>\n<p>Iz tog razloga osiguranik u kra\u0107em vremenskom razdoblju prikuplja vi\u0161e godina radnog sta\u017ea.<\/p>\n<p>Ovdje imamo izravni utjecaj na vi\u0161i iznos budu\u0107e mirovine, jer je broj godina osiguranja jedan od glavnih faktora u izra\u010dunu.<\/p>\n<p><em>Kre\u0107e <a href=\"https:\/\/zaposlise.hr\/blog\/povisica-mirovine-2025\/\">povi\u0161ica mirovine<\/a> za 2025. godinu. Pro\u010ditajte vi\u0161e u \u010dlanku na linku.<\/em><\/p>\n<h3><span class=\"ez-toc-section\" id=\"Bolji_status_u_sustavu_osiguranja\"><\/span>Bolji status u sustavu osiguranja<span class=\"ez-toc-section-end\"><\/span><\/h3>\n<p>Radnici s beneficiranim sta\u017eem imaju povoljniji polo\u017eaj u sustavu mirovinskog osiguranja.<\/p>\n<div id=\"attachment_14904\" style=\"width: 1210px\" class=\"wp-caption aligncenter\"><img loading=\"lazy\" decoding=\"async\" aria-describedby=\"caption-attachment-14904\" class=\"size-full wp-image-14904\" src=\"https:\/\/zaposlise.hr\/blog\/wp-content\/uploads\/2025\/06\/Mirovinsko-osiguranje-novi-zakon-2025-zakon-o-mirovinskom-osiguranju-mirovina.png\" alt=\"Mirovinsko osiguranje, novi zakon, 2025, zakon o mirovinskom osiguranju, mirovina\" width=\"1200\" height=\"675\" srcset=\"https:\/\/zaposlise.hr\/blog\/wp-content\/uploads\/2025\/06\/Mirovinsko-osiguranje-novi-zakon-2025-zakon-o-mirovinskom-osiguranju-mirovina.png 1200w, https:\/\/zaposlise.hr\/blog\/wp-content\/uploads\/2025\/06\/Mirovinsko-osiguranje-novi-zakon-2025-zakon-o-mirovinskom-osiguranju-mirovina-300x169.png 300w, https:\/\/zaposlise.hr\/blog\/wp-content\/uploads\/2025\/06\/Mirovinsko-osiguranje-novi-zakon-2025-zakon-o-mirovinskom-osiguranju-mirovina-1024x576.png 1024w, https:\/\/zaposlise.hr\/blog\/wp-content\/uploads\/2025\/06\/Mirovinsko-osiguranje-novi-zakon-2025-zakon-o-mirovinskom-osiguranju-mirovina-768x432.png 768w, https:\/\/zaposlise.hr\/blog\/wp-content\/uploads\/2025\/06\/Mirovinsko-osiguranje-novi-zakon-2025-zakon-o-mirovinskom-osiguranju-mirovina-444x250.png 444w\" sizes=\"(max-width: 1200px) 100vw, 1200px\" \/><p id=\"caption-attachment-14904\" class=\"wp-caption-text\"><span style=\"font-size: 8pt\">Mirovinsko osiguranje, novi zakon, 2025, zakon o mirovinskom osiguranju, mirovina<\/span><\/p><\/div>\n<p>Tako lak\u0161e ostvaruju i druga prava, poput invalidske mirovine, prava na profesionalnu rehabilitaciju, bolovanja i drugih socijalnih benefita.<\/p>\n<p>Odnosno, radi se o benefitima koji se temelje na duljini sta\u017ea ili ranjivosti zanimanja.<\/p>\n<p><em>Svaki poslodavac mora osigurati <a href=\"https:\/\/zaposlise.hr\/blog\/benefiti-za-zaposlenike-savjeti-za-poslodavce\/\">benefite<\/a> svojim zaposlenicima. Pro\u010ditajte vi\u0161e!<\/em><\/p>\n<h3><span class=\"ez-toc-section\" id=\"Zastita_radnika_u_teskim_i_opasnim_zanimanjima\"><\/span>Za\u0161tita radnika u te\u0161kim i opasnim zanimanjima<span class=\"ez-toc-section-end\"><\/span><\/h3>\n<p>Beneficirani sta\u017e postoji kao oblik socijalne i zdravstvene za\u0161tite.<\/p>\n<p>Njegova svrha je kompenzirati pove\u0107ani fizi\u010dki i psihi\u010dki napor, kao i \u0161tetne uvjete koji dugoro\u010dno mogu utjecati na radnu sposobnost, zdravlje ili \u017eivotni vijek.<\/p>\n<p>Time dr\u017eava priznaje da nisu svi poslovi jednako zahtjevni i osigurava dodatne mjere za o\u010duvanje dostojanstva i prava onih koji rade u najte\u017eim uvjetima.<\/p>\n<h2><span class=\"ez-toc-section\" id=\"Na_sto_treba_obratiti_paznju\"><\/span>Na \u0161to treba obratiti pa\u017enju?<span class=\"ez-toc-section-end\"><\/span><\/h2>\n<p>Beneficirani radni sta\u017e predstavlja va\u017enu mjeru za\u0161tite radnika. No, va\u017eno je razumjeti da pravo na njega ne vrijedi automatski za cijelu profesiju.<\/p>\n<div id=\"attachment_15779\" style=\"width: 1210px\" class=\"wp-caption aligncenter\"><img loading=\"lazy\" decoding=\"async\" aria-describedby=\"caption-attachment-15779\" class=\"size-full wp-image-15779\" src=\"https:\/\/zaposlise.hr\/blog\/wp-content\/uploads\/2025\/07\/Rad-na-tracnicama-dva-radnika-popravljaju-kvar-opasan-posao.jpg\" alt=\"Rad na tra\u010dnicama, dva radnika popravljaju kvar, opasan posao\" width=\"1200\" height=\"675\" srcset=\"https:\/\/zaposlise.hr\/blog\/wp-content\/uploads\/2025\/07\/Rad-na-tracnicama-dva-radnika-popravljaju-kvar-opasan-posao.jpg 1200w, https:\/\/zaposlise.hr\/blog\/wp-content\/uploads\/2025\/07\/Rad-na-tracnicama-dva-radnika-popravljaju-kvar-opasan-posao-300x169.jpg 300w, https:\/\/zaposlise.hr\/blog\/wp-content\/uploads\/2025\/07\/Rad-na-tracnicama-dva-radnika-popravljaju-kvar-opasan-posao-1024x576.jpg 1024w, https:\/\/zaposlise.hr\/blog\/wp-content\/uploads\/2025\/07\/Rad-na-tracnicama-dva-radnika-popravljaju-kvar-opasan-posao-768x432.jpg 768w, https:\/\/zaposlise.hr\/blog\/wp-content\/uploads\/2025\/07\/Rad-na-tracnicama-dva-radnika-popravljaju-kvar-opasan-posao-444x250.jpg 444w\" sizes=\"(max-width: 1200px) 100vw, 1200px\" \/><p id=\"caption-attachment-15779\" class=\"wp-caption-text\"><span style=\"font-size: 8pt\">Rad na tra\u010dnicama, dva radnika popravljaju kvar, opasan posao; Izvor: Unsplash.com<\/span><\/p><\/div>\n<p>Vrijedi isklju\u010divo za konkretne poslove i radna mjesta koja ispunjavaju zakonom propisane uvjete.<\/p>\n<h3><span class=\"ez-toc-section\" id=\"Ne_odnosi_se_na_cijelu_struku_vec_na_konkretne_uvjete\"><\/span>Ne odnosi se na cijelu struku, ve\u0107 na konkretne uvjete<span class=\"ez-toc-section-end\"><\/span><\/h3>\n<p>Npr. dvoje zaposlenika iste struke ne mora imati isto pravo na beneficirani sta\u017e.<\/p>\n<p>Na primjer, tehni\u010dar koji radi u uredu ne\u0107e imati ista prava kao tehni\u010dar koji svakodnevno radi u terenskim uvjetima, izlo\u017een opasnostima, buci ili ekstremnim vremenskim uvjetima.<\/p>\n<p>Presudnu ulogu imaju stvarni radni uvjeti, a ne samo naziv radnog mjesta.<\/p>\n<p><em>Dobri radni uvjeti uvijek su tra\u017eeni dio zaposlenja. Je li <a href=\"https:\/\/zaposlise.hr\/blog\/cetverodnevni-radni-tjedan-benefit-ili-dodatan-stres\/\">\u010detverodnevni radni tjedan<\/a> dobar uvjet ili problem? Saznajte iz \u010dlanka!<\/em><\/p>\n<h3><span class=\"ez-toc-section\" id=\"Staz_se_priznaje_samo_za_zakonom_prepoznate_poslove\"><\/span>Sta\u017e se priznaje samo za zakonom prepoznate poslove<span class=\"ez-toc-section-end\"><\/span><\/h3>\n<p>Radno mjesto mora biti slu\u017ebeno klasificirano kao beneficirano prema va\u017ee\u0107em pravilniku i upisano u odgovaraju\u0107u evidenciju.<\/p>\n<p>Pravo se priznaje samo za vrijeme provedeno na takvom radnom mjestu, ne za ukupni sta\u017e u poduze\u0107u.<\/p>\n<div id=\"attachment_15781\" style=\"width: 1210px\" class=\"wp-caption aligncenter\"><img loading=\"lazy\" decoding=\"async\" aria-describedby=\"caption-attachment-15781\" class=\"size-full wp-image-15781\" src=\"https:\/\/zaposlise.hr\/blog\/wp-content\/uploads\/2025\/07\/Rad-na-vrlo-niskim-temperaturama-snijeg-hladnoca.jpg\" alt=\"Rad na vrlo niskim temperaturama, snijeg, hladno\u0107a\" width=\"1200\" height=\"675\" srcset=\"https:\/\/zaposlise.hr\/blog\/wp-content\/uploads\/2025\/07\/Rad-na-vrlo-niskim-temperaturama-snijeg-hladnoca.jpg 1200w, https:\/\/zaposlise.hr\/blog\/wp-content\/uploads\/2025\/07\/Rad-na-vrlo-niskim-temperaturama-snijeg-hladnoca-300x169.jpg 300w, https:\/\/zaposlise.hr\/blog\/wp-content\/uploads\/2025\/07\/Rad-na-vrlo-niskim-temperaturama-snijeg-hladnoca-1024x576.jpg 1024w, https:\/\/zaposlise.hr\/blog\/wp-content\/uploads\/2025\/07\/Rad-na-vrlo-niskim-temperaturama-snijeg-hladnoca-768x432.jpg 768w, https:\/\/zaposlise.hr\/blog\/wp-content\/uploads\/2025\/07\/Rad-na-vrlo-niskim-temperaturama-snijeg-hladnoca-444x250.jpg 444w\" sizes=\"(max-width: 1200px) 100vw, 1200px\" \/><p id=\"caption-attachment-15781\" class=\"wp-caption-text\"><span style=\"font-size: 8pt\">Rad na vrlo niskim temperaturama, snijeg, hladno\u0107a; Izvor: Unsplash.com<\/span><\/p><\/div>\n<p>Zato je va\u017eno redovito provjeravati popise priznatih zanimanja i uvjeta koje objavljuju nadle\u017ena tijela (npr. HZMO).<\/p>\n<h3><span class=\"ez-toc-section\" id=\"Pravilna_dokumentacija_i_prijava_su_kljucni\"><\/span>Pravilna dokumentacija i prijava su klju\u010dni<span class=\"ez-toc-section-end\"><\/span><\/h3>\n<p>Bez formalne prijave od strane poslodavca, radniku se beneficirani sta\u017e ne\u0107e automatski priznati, \u010dak i ako radi u ote\u017eanim uvjetima.<\/p>\n<p>Poslodavac mora voditi preciznu evidenciju o vrsti poslova, radnim uvjetima i radnom vremenu te to prijaviti Hrvatskom zavodu za mirovinsko osiguranje (HZMO).<\/p>\n<p>U slu\u010daju spora, radnik treba imati dokumentaciju kojom mo\u017ee dokazati da je radio u uvjetima koji opravdavaju beneficirani sta\u017e.<\/p>\n<p>Dokazi uklju\u010duju\u0107i ugovore, rje\u0161enja, naloge za rad i svjedo\u010denja ako je potrebno.<\/p>\n<div id=\"attachment_15783\" style=\"width: 1210px\" class=\"wp-caption aligncenter\"><img loading=\"lazy\" decoding=\"async\" aria-describedby=\"caption-attachment-15783\" class=\"size-full wp-image-15783\" src=\"https:\/\/zaposlise.hr\/blog\/wp-content\/uploads\/2025\/07\/Dokumentacija-na-stolu-euri-na-stolu-formular.jpg\" alt=\"Dokumentacija na stolu, euri na stolu, formular\" width=\"1200\" height=\"675\" srcset=\"https:\/\/zaposlise.hr\/blog\/wp-content\/uploads\/2025\/07\/Dokumentacija-na-stolu-euri-na-stolu-formular.jpg 1200w, https:\/\/zaposlise.hr\/blog\/wp-content\/uploads\/2025\/07\/Dokumentacija-na-stolu-euri-na-stolu-formular-300x169.jpg 300w, https:\/\/zaposlise.hr\/blog\/wp-content\/uploads\/2025\/07\/Dokumentacija-na-stolu-euri-na-stolu-formular-1024x576.jpg 1024w, https:\/\/zaposlise.hr\/blog\/wp-content\/uploads\/2025\/07\/Dokumentacija-na-stolu-euri-na-stolu-formular-768x432.jpg 768w, https:\/\/zaposlise.hr\/blog\/wp-content\/uploads\/2025\/07\/Dokumentacija-na-stolu-euri-na-stolu-formular-444x250.jpg 444w\" sizes=\"(max-width: 1200px) 100vw, 1200px\" \/><p id=\"caption-attachment-15783\" class=\"wp-caption-text\"><span style=\"font-size: 8pt\">Dokumentacija na stolu, euri na stolu, formular; Izvor: Unsplash.com<\/span><\/p><\/div>\n<h2><span class=\"ez-toc-section\" id=\"Planiraj_sigurniju_buducnost\"><\/span>Planiraj sigurniju budu\u0107nost<span class=\"ez-toc-section-end\"><\/span><\/h2>\n<p>Beneficirani radni sta\u017e va\u017ean je mehanizam socijalne pravde i za\u0161tite radnika koji obavljaju poslove u posebnim, ote\u017eanim ili opasnim uvjetima.<\/p>\n<p>Ako ve\u0107 radi\u0161 ili planira\u0161 karijeru u profesiji koja uklju\u010duje takve uvjete, va\u017eno je da se na vrijeme informira\u0161 o svojim pravima i obvezama.<\/p>\n<p>Pravilno evidentiran i obra\u010dunat sta\u017e mo\u017ee ti znatno skratiti radni vijek i osigurati raniji odlazak u mirovinu bez penalizacije.<\/p>\n<p>Provjeri zakonske uvjete i konzultiraj se s poslodavcem ili Hrvatskim zavodom za mirovinsko osiguranje (<a href=\"http:\/\/mirovnisko.hr\" target=\"_blank\" rel=\"noopener\">HZMO<\/a>) kako bi bio siguran da ostvaruje\u0161 sve \u0161to ti pripada.<\/p>\n<p>Na <a href=\"http:\/\/zaposlise.hr\">ZaposliSe.hr<\/a> redovito objavljujemo <a href=\"http:\/\/zaposlise.hr\/posao\">oglase za poslove<\/a> u sektorima poput javne sigurnosti, zdravstva, \u0161umarstva, vatrogastva i industrije.<\/p>\n<p>Prona\u0111i posao koji uz sigurnost i stabilna primanja nudi i beneficirani radni sta\u017e i planiraj svoju karijeru dugoro\u010dno, uz za\u0161titu koju zaslu\u017euje\u0161.<\/p>\n","protected":false},"excerpt":{"rendered":"<p>U Hrvatskoj postoji odre\u0111eni broj zanimanja koja zbog svoje posebne te\u017eine, opasnosti ili \u0161tetnosti imaju pravo na tzv. beneficirani radni [&hellip;]<\/p>\n","protected":false},"author":4,"featured_media":15767,"comment_status":"closed","ping_status":"closed","sticky":false,"template":"","format":"standard","meta":{"inline_featured_image":false,"footnotes":""},"categories":[26],"tags":[596,584,597,599,598],"yoast_head":"<!-- This site is optimized with the Yoast SEO plugin v21.6 - https:\/\/yoast.com\/wordpress\/plugins\/seo\/ -->\n<title>Beneficirani radni sta\u017e: kako se odre\u0111uje? - Zaposlise.hr<\/title>\n<meta name=\"description\" content=\"Beneficirani sta\u017e omogu\u0107uje br\u017ee ostvarivanje prava na mirovinu. Provjeri uvjete, zanimanja i na\u010din obra\u010duna.\" \/>\n<meta name=\"robots\" content=\"index, follow, max-snippet:-1, max-image-preview:large, max-video-preview:-1\" \/>\n<link rel=\"canonical\" href=\"https:\/\/zaposlise.hr\/blog\/beneficirani-radni-staz\/\" \/>\n<meta property=\"og:locale\" content=\"hr_HR\" \/>\n<meta property=\"og:type\" content=\"article\" \/>\n<meta property=\"og:title\" content=\"Beneficirani radni sta\u017e: kako se odre\u0111uje? - Zaposlise.hr\" \/>\n<meta property=\"og:description\" content=\"Beneficirani sta\u017e omogu\u0107uje br\u017ee ostvarivanje prava na mirovinu. Provjeri uvjete, zanimanja i na\u010din obra\u010duna.\" \/>\n<meta property=\"og:url\" content=\"https:\/\/zaposlise.hr\/blog\/beneficirani-radni-staz\/\" \/>\n<meta property=\"og:site_name\" content=\"Zaposlise.hr\" \/>\n<meta property=\"article:published_time\" content=\"2025-07-24T14:13:03+00:00\" \/>\n<meta property=\"article:modified_time\" content=\"2025-07-24T14:13:53+00:00\" \/>\n<meta property=\"og:image\" content=\"https:\/\/zaposlise.hr\/blog\/wp-content\/uploads\/2025\/07\/Beneficirani-radni-staz-vatrogasac-opasno-zanimanje.png\" \/>\n\t<meta property=\"og:image:width\" content=\"1200\" \/>\n\t<meta property=\"og:image:height\" content=\"675\" \/>\n\t<meta property=\"og:image:type\" content=\"image\/png\" \/>\n<meta name=\"author\" content=\"Maja Cvetkovic\" \/>\n<meta name=\"twitter:card\" content=\"summary_large_image\" \/>\n<meta name=\"twitter:label1\" content=\"Napisao\/la\" \/>\n\t<meta name=\"twitter:data1\" content=\"Maja Cvetkovic\" \/>\n\t<meta name=\"twitter:label2\" content=\"Procijenjeno vrijeme \u010ditanja\" \/>\n\t<meta name=\"twitter:data2\" content=\"10 minuta\" \/>\n<script type=\"application\/ld+json\" class=\"yoast-schema-graph\">{\"@context\":\"https:\/\/schema.org\",\"@graph\":[{\"@type\":\"Article\",\"@id\":\"https:\/\/zaposlise.hr\/blog\/beneficirani-radni-staz\/#article\",\"isPartOf\":{\"@id\":\"https:\/\/zaposlise.hr\/blog\/beneficirani-radni-staz\/\"},\"author\":{\"name\":\"Maja Cvetkovic\",\"@id\":\"https:\/\/zaposlise.hr\/blog\/#\/schema\/person\/11d6327b8569a9e940673e6acbfa396a\"},\"headline\":\"Beneficirani radni sta\u017e: kako se odre\u0111uje?\",\"datePublished\":\"2025-07-24T14:13:03+00:00\",\"dateModified\":\"2025-07-24T14:13:53+00:00\",\"mainEntityOfPage\":{\"@id\":\"https:\/\/zaposlise.hr\/blog\/beneficirani-radni-staz\/\"},\"wordCount\":1582,\"publisher\":{\"@id\":\"https:\/\/zaposlise.hr\/blog\/#organization\"},\"keywords\":[\"beneficirani radni sta\u017e\",\"povi\u0161ica mirovine\",\"sigurnost na radu\",\"\u0161umari\",\"vatrogasci\"],\"articleSection\":[\"Iskustva i savjeti\"],\"inLanguage\":\"hr\"},{\"@type\":\"WebPage\",\"@id\":\"https:\/\/zaposlise.hr\/blog\/beneficirani-radni-staz\/\",\"url\":\"https:\/\/zaposlise.hr\/blog\/beneficirani-radni-staz\/\",\"name\":\"Beneficirani radni sta\u017e: kako se odre\u0111uje? - Zaposlise.hr\",\"isPartOf\":{\"@id\":\"https:\/\/zaposlise.hr\/blog\/#website\"},\"datePublished\":\"2025-07-24T14:13:03+00:00\",\"dateModified\":\"2025-07-24T14:13:53+00:00\",\"description\":\"Beneficirani sta\u017e omogu\u0107uje br\u017ee ostvarivanje prava na mirovinu. Provjeri uvjete, zanimanja i na\u010din obra\u010duna.\",\"breadcrumb\":{\"@id\":\"https:\/\/zaposlise.hr\/blog\/beneficirani-radni-staz\/#breadcrumb\"},\"inLanguage\":\"hr\",\"potentialAction\":[{\"@type\":\"ReadAction\",\"target\":[\"https:\/\/zaposlise.hr\/blog\/beneficirani-radni-staz\/\"]}]},{\"@type\":\"BreadcrumbList\",\"@id\":\"https:\/\/zaposlise.hr\/blog\/beneficirani-radni-staz\/#breadcrumb\",\"itemListElement\":[{\"@type\":\"ListItem\",\"position\":1,\"name\":\"Po\u010detna stranica\",\"item\":\"https:\/\/zaposlise.hr\/blog\/\"},{\"@type\":\"ListItem\",\"position\":2,\"name\":\"Beneficirani radni sta\u017e: kako se odre\u0111uje?\"}]},{\"@type\":\"WebSite\",\"@id\":\"https:\/\/zaposlise.hr\/blog\/#website\",\"url\":\"https:\/\/zaposlise.hr\/blog\/\",\"name\":\"Zaposlise.hr\",\"description\":\"Posao za tebe\",\"publisher\":{\"@id\":\"https:\/\/zaposlise.hr\/blog\/#organization\"},\"potentialAction\":[{\"@type\":\"SearchAction\",\"target\":{\"@type\":\"EntryPoint\",\"urlTemplate\":\"https:\/\/zaposlise.hr\/blog\/?s={search_term_string}\"},\"query-input\":\"required name=search_term_string\"}],\"inLanguage\":\"hr\"},{\"@type\":\"Organization\",\"@id\":\"https:\/\/zaposlise.hr\/blog\/#organization\",\"name\":\"Zaposlise.hr\",\"url\":\"https:\/\/zaposlise.hr\/blog\/\",\"logo\":{\"@type\":\"ImageObject\",\"inLanguage\":\"hr\",\"@id\":\"https:\/\/zaposlise.hr\/blog\/#\/schema\/logo\/image\/\",\"url\":\"https:\/\/zaposlise.hr\/blog\/wp-content\/uploads\/2024\/06\/Screenshot-2024-06-05-at-09.05.43.png\",\"contentUrl\":\"https:\/\/zaposlise.hr\/blog\/wp-content\/uploads\/2024\/06\/Screenshot-2024-06-05-at-09.05.43.png\",\"width\":2088,\"height\":592,\"caption\":\"Zaposlise.hr\"},\"image\":{\"@id\":\"https:\/\/zaposlise.hr\/blog\/#\/schema\/logo\/image\/\"}},{\"@type\":\"Person\",\"@id\":\"https:\/\/zaposlise.hr\/blog\/#\/schema\/person\/11d6327b8569a9e940673e6acbfa396a\",\"name\":\"Maja Cvetkovic\",\"image\":{\"@type\":\"ImageObject\",\"inLanguage\":\"hr\",\"@id\":\"https:\/\/zaposlise.hr\/blog\/#\/schema\/person\/image\/\",\"url\":\"https:\/\/secure.gravatar.com\/avatar\/e8d7da4f01ab43b5b98fc69bf899cf57?s=96&d=mm&r=g\",\"contentUrl\":\"https:\/\/secure.gravatar.com\/avatar\/e8d7da4f01ab43b5b98fc69bf899cf57?s=96&d=mm&r=g\",\"caption\":\"Maja Cvetkovic\"},\"url\":\"https:\/\/zaposlise.hr\/blog\/author\/mayacvetkovic\/\"}]}<\/script>\n<!-- \/ Yoast SEO plugin. -->","yoast_head_json":{"title":"Beneficirani radni sta\u017e: kako se odre\u0111uje? - Zaposlise.hr","description":"Beneficirani sta\u017e omogu\u0107uje br\u017ee ostvarivanje prava na mirovinu. Provjeri uvjete, zanimanja i na\u010din obra\u010duna.","robots":{"index":"index","follow":"follow","max-snippet":"max-snippet:-1","max-image-preview":"max-image-preview:large","max-video-preview":"max-video-preview:-1"},"canonical":"https:\/\/zaposlise.hr\/blog\/beneficirani-radni-staz\/","og_locale":"hr_HR","og_type":"article","og_title":"Beneficirani radni sta\u017e: kako se odre\u0111uje? - Zaposlise.hr","og_description":"Beneficirani sta\u017e omogu\u0107uje br\u017ee ostvarivanje prava na mirovinu. Provjeri uvjete, zanimanja i na\u010din obra\u010duna.","og_url":"https:\/\/zaposlise.hr\/blog\/beneficirani-radni-staz\/","og_site_name":"Zaposlise.hr","article_published_time":"2025-07-24T14:13:03+00:00","article_modified_time":"2025-07-24T14:13:53+00:00","og_image":[{"width":1200,"height":675,"url":"https:\/\/zaposlise.hr\/blog\/wp-content\/uploads\/2025\/07\/Beneficirani-radni-staz-vatrogasac-opasno-zanimanje.png","type":"image\/png"}],"author":"Maja Cvetkovic","twitter_card":"summary_large_image","twitter_misc":{"Napisao\/la":"Maja Cvetkovic","Procijenjeno vrijeme \u010ditanja":"10 minuta"},"schema":{"@context":"https:\/\/schema.org","@graph":[{"@type":"Article","@id":"https:\/\/zaposlise.hr\/blog\/beneficirani-radni-staz\/#article","isPartOf":{"@id":"https:\/\/zaposlise.hr\/blog\/beneficirani-radni-staz\/"},"author":{"name":"Maja Cvetkovic","@id":"https:\/\/zaposlise.hr\/blog\/#\/schema\/person\/11d6327b8569a9e940673e6acbfa396a"},"headline":"Beneficirani radni sta\u017e: kako se odre\u0111uje?","datePublished":"2025-07-24T14:13:03+00:00","dateModified":"2025-07-24T14:13:53+00:00","mainEntityOfPage":{"@id":"https:\/\/zaposlise.hr\/blog\/beneficirani-radni-staz\/"},"wordCount":1582,"publisher":{"@id":"https:\/\/zaposlise.hr\/blog\/#organization"},"keywords":["beneficirani radni sta\u017e","povi\u0161ica mirovine","sigurnost na radu","\u0161umari","vatrogasci"],"articleSection":["Iskustva i savjeti"],"inLanguage":"hr"},{"@type":"WebPage","@id":"https:\/\/zaposlise.hr\/blog\/beneficirani-radni-staz\/","url":"https:\/\/zaposlise.hr\/blog\/beneficirani-radni-staz\/","name":"Beneficirani radni sta\u017e: kako se odre\u0111uje? - Zaposlise.hr","isPartOf":{"@id":"https:\/\/zaposlise.hr\/blog\/#website"},"datePublished":"2025-07-24T14:13:03+00:00","dateModified":"2025-07-24T14:13:53+00:00","description":"Beneficirani sta\u017e omogu\u0107uje br\u017ee ostvarivanje prava na mirovinu. Provjeri uvjete, zanimanja i na\u010din obra\u010duna.","breadcrumb":{"@id":"https:\/\/zaposlise.hr\/blog\/beneficirani-radni-staz\/#breadcrumb"},"inLanguage":"hr","potentialAction":[{"@type":"ReadAction","target":["https:\/\/zaposlise.hr\/blog\/beneficirani-radni-staz\/"]}]},{"@type":"BreadcrumbList","@id":"https:\/\/zaposlise.hr\/blog\/beneficirani-radni-staz\/#breadcrumb","itemListElement":[{"@type":"ListItem","position":1,"name":"Po\u010detna stranica","item":"https:\/\/zaposlise.hr\/blog\/"},{"@type":"ListItem","position":2,"name":"Beneficirani radni sta\u017e: kako se odre\u0111uje?"}]},{"@type":"WebSite","@id":"https:\/\/zaposlise.hr\/blog\/#website","url":"https:\/\/zaposlise.hr\/blog\/","name":"Zaposlise.hr","description":"Posao za tebe","publisher":{"@id":"https:\/\/zaposlise.hr\/blog\/#organization"},"potentialAction":[{"@type":"SearchAction","target":{"@type":"EntryPoint","urlTemplate":"https:\/\/zaposlise.hr\/blog\/?s={search_term_string}"},"query-input":"required name=search_term_string"}],"inLanguage":"hr"},{"@type":"Organization","@id":"https:\/\/zaposlise.hr\/blog\/#organization","name":"Zaposlise.hr","url":"https:\/\/zaposlise.hr\/blog\/","logo":{"@type":"ImageObject","inLanguage":"hr","@id":"https:\/\/zaposlise.hr\/blog\/#\/schema\/logo\/image\/","url":"https:\/\/zaposlise.hr\/blog\/wp-content\/uploads\/2024\/06\/Screenshot-2024-06-05-at-09.05.43.png","contentUrl":"https:\/\/zaposlise.hr\/blog\/wp-content\/uploads\/2024\/06\/Screenshot-2024-06-05-at-09.05.43.png","width":2088,"height":592,"caption":"Zaposlise.hr"},"image":{"@id":"https:\/\/zaposlise.hr\/blog\/#\/schema\/logo\/image\/"}},{"@type":"Person","@id":"https:\/\/zaposlise.hr\/blog\/#\/schema\/person\/11d6327b8569a9e940673e6acbfa396a","name":"Maja Cvetkovic","image":{"@type":"ImageObject","inLanguage":"hr","@id":"https:\/\/zaposlise.hr\/blog\/#\/schema\/person\/image\/","url":"https:\/\/secure.gravatar.com\/avatar\/e8d7da4f01ab43b5b98fc69bf899cf57?s=96&d=mm&r=g","contentUrl":"https:\/\/secure.gravatar.com\/avatar\/e8d7da4f01ab43b5b98fc69bf899cf57?s=96&d=mm&r=g","caption":"Maja Cvetkovic"},"url":"https:\/\/zaposlise.hr\/blog\/author\/mayacvetkovic\/"}]}},"_links":{"self":[{"href":"https:\/\/zaposlise.hr\/blog\/wp-json\/wp\/v2\/posts\/15755"}],"collection":[{"href":"https:\/\/zaposlise.hr\/blog\/wp-json\/wp\/v2\/posts"}],"about":[{"href":"https:\/\/zaposlise.hr\/blog\/wp-json\/wp\/v2\/types\/post"}],"author":[{"embeddable":true,"href":"https:\/\/zaposlise.hr\/blog\/wp-json\/wp\/v2\/users\/4"}],"replies":[{"embeddable":true,"href":"https:\/\/zaposlise.hr\/blog\/wp-json\/wp\/v2\/comments?post=15755"}],"version-history":[{"count":23,"href":"https:\/\/zaposlise.hr\/blog\/wp-json\/wp\/v2\/posts\/15755\/revisions"}],"predecessor-version":[{"id":15785,"href":"https:\/\/zaposlise.hr\/blog\/wp-json\/wp\/v2\/posts\/15755\/revisions\/15785"}],"wp:featuredmedia":[{"embeddable":true,"href":"https:\/\/zaposlise.hr\/blog\/wp-json\/wp\/v2\/media\/15767"}],"wp:attachment":[{"href":"https:\/\/zaposlise.hr\/blog\/wp-json\/wp\/v2\/media?parent=15755"}],"wp:term":[{"taxonomy":"category","embeddable":true,"href":"https:\/\/zaposlise.hr\/blog\/wp-json\/wp\/v2\/categories?post=15755"},{"taxonomy":"post_tag","embeddable":true,"href":"https:\/\/zaposlise.hr\/blog\/wp-json\/wp\/v2\/tags?post=15755"}],"curies":[{"name":"wp","href":"https:\/\/api.w.org\/{rel}","templated":true}]}}