{"id":15889,"date":"2025-07-30T16:10:31","date_gmt":"2025-07-30T14:10:31","guid":{"rendered":"https:\/\/zaposlise.hr\/blog\/?p=15889"},"modified":"2025-07-30T16:11:03","modified_gmt":"2025-07-30T14:11:03","slug":"rad-invaliditet","status":"publish","type":"post","link":"https:\/\/zaposlise.hr\/blog\/rad-invaliditet\/","title":{"rendered":"Rad s kolegom koji ima invaliditet"},"content":{"rendered":"<span class=\"rt-reading-time\" style=\"display: block;\"><span class=\"rt-label rt-prefix\">Reading Time: <\/span> <span class=\"rt-time\">6<\/span> <span class=\"rt-label rt-postfix\">minute<\/span><\/span><p>Rad u podr\u017eavaju\u0107em okru\u017eenju poti\u010de suradnju, ja\u010da timski duh i omogu\u0107uje svakom zaposleniku da ostvari svoj puni potencijal.<\/p>\n<p>Radno okru\u017eenje trebalo bi biti mjesto gdje se svaki zaposlenik osje\u0107a prihva\u0107eno, sigurno i podr\u017eano. Apsolutno bez obzira na razlike.<\/p>\n<p>Inkluzivna kultura na radnom mjestu ne odnosi se na posebni tretman. Radi se o stvaranju prostora u kojem svi zaposlenici mogu dati svoj maksimum i osje\u0107ati se jednako vrijednima.<\/p>\n<p>Ako radite s kolegom koji ima invaliditet, va\u017eno je pristupiti s po\u0161tovanjem i razumijevanjem. Invaliditet nije ono \u0161to definira osobu, ve\u0107 samo jedan dio njezinog identiteta.<\/p>\n<p>Osim \u0161to time gradite zdraviju radnu atmosferu, doprinosite i boljem poslovnom uspjehu tvrtke. Naime, dokazano je da raznolikost i inkluzivnost poti\u010du kreativnost i inovativnost.<\/p>\n<div id=\"attachment_15900\" style=\"width: 1210px\" class=\"wp-caption aligncenter\"><img loading=\"lazy\" decoding=\"async\" aria-describedby=\"caption-attachment-15900\" class=\"size-full wp-image-15900\" src=\"https:\/\/zaposlise.hr\/blog\/wp-content\/uploads\/2025\/07\/sdsd.jpg\" alt=\"Raznolikost i inkluzivnost poti\u010du kreativnost i inovativnost\" width=\"1200\" height=\"675\" srcset=\"https:\/\/zaposlise.hr\/blog\/wp-content\/uploads\/2025\/07\/sdsd.jpg 1200w, https:\/\/zaposlise.hr\/blog\/wp-content\/uploads\/2025\/07\/sdsd-300x169.jpg 300w, https:\/\/zaposlise.hr\/blog\/wp-content\/uploads\/2025\/07\/sdsd-1024x576.jpg 1024w, https:\/\/zaposlise.hr\/blog\/wp-content\/uploads\/2025\/07\/sdsd-768x432.jpg 768w, https:\/\/zaposlise.hr\/blog\/wp-content\/uploads\/2025\/07\/sdsd-444x250.jpg 444w\" sizes=\"(max-width: 1200px) 100vw, 1200px\" \/><p id=\"caption-attachment-15900\" class=\"wp-caption-text\"><span style=\"font-size: 8pt\">Raznolikost i inkluzivnost poti\u010du kreativnost i inovativnost<\/span><\/p><\/div>\n<div id=\"ez-toc-container\" class=\"ez-toc-v2_0_64 counter-hierarchy ez-toc-counter ez-toc-white ez-toc-container-direction\">\n<div class=\"ez-toc-title-container\">\n<p class=\"ez-toc-title \" >Sadr\u017eaj<\/p>\n<span class=\"ez-toc-title-toggle\"><\/span><\/div>\n<nav><ul class='ez-toc-list ez-toc-list-level-1 ' ><li class='ez-toc-page-1 ez-toc-heading-level-2'><a class=\"ez-toc-link ez-toc-heading-1\" href=\"https:\/\/zaposlise.hr\/blog\/rad-invaliditet\/#Postujte_osobu_ne_invaliditet\" title=\"Po\u0161tujte osobu, ne invaliditet\">Po\u0161tujte osobu, ne invaliditet<\/a><\/li><li class='ez-toc-page-1 ez-toc-heading-level-2'><a class=\"ez-toc-link ez-toc-heading-2\" href=\"https:\/\/zaposlise.hr\/blog\/rad-invaliditet\/#Komunikacija_je_kljuc_inkluzije\" title=\"Komunikacija je klju\u010d inkluzije\">Komunikacija je klju\u010d inkluzije<\/a><\/li><li class='ez-toc-page-1 ez-toc-heading-level-2'><a class=\"ez-toc-link ez-toc-heading-3\" href=\"https:\/\/zaposlise.hr\/blog\/rad-invaliditet\/#Prilagodite_radno_okruzenje_kada_je_potrebno\" title=\"Prilagodite radno okru\u017eenje kada je potrebno\">Prilagodite radno okru\u017eenje kada je potrebno<\/a><\/li><li class='ez-toc-page-1 ez-toc-heading-level-2'><a class=\"ez-toc-link ez-toc-heading-4\" href=\"https:\/\/zaposlise.hr\/blog\/rad-invaliditet\/#Postujte_u_komunikaciji\" title=\"Po\u0161tujte u komunikaciji\">Po\u0161tujte u komunikaciji<\/a><\/li><li class='ez-toc-page-1 ez-toc-heading-level-2'><a class=\"ez-toc-link ez-toc-heading-5\" href=\"https:\/\/zaposlise.hr\/blog\/rad-invaliditet\/#Timske_aktivnosti\" title=\"Timske aktivnosti\">Timske aktivnosti<\/a><\/li><li class='ez-toc-page-1 ez-toc-heading-level-2'><a class=\"ez-toc-link ez-toc-heading-6\" href=\"https:\/\/zaposlise.hr\/blog\/rad-invaliditet\/#Pristup_poslovnim_zgradama_i_radnim_mjestima\" title=\"Pristup poslovnim zgradama i radnim mjestima\">Pristup poslovnim zgradama i radnim mjestima<\/a><\/li><li class='ez-toc-page-1 ez-toc-heading-level-2'><a class=\"ez-toc-link ez-toc-heading-7\" href=\"https:\/\/zaposlise.hr\/blog\/rad-invaliditet\/#Rad_u_zdravom_okruzenju\" title=\"Rad u zdravom okru\u017eenju\">Rad u zdravom okru\u017eenju<\/a><\/li><li class='ez-toc-page-1 ez-toc-heading-level-2'><a class=\"ez-toc-link ez-toc-heading-8\" href=\"https:\/\/zaposlise.hr\/blog\/rad-invaliditet\/#Postuju_li_poslodavci_osobe_s_invaliditetom\" title=\"Po\u0161tuju li poslodavci osobe s invaliditetom?\">Po\u0161tuju li poslodavci osobe s invaliditetom?<\/a><\/li><li class='ez-toc-page-1 ez-toc-heading-level-2'><a class=\"ez-toc-link ez-toc-heading-9\" href=\"https:\/\/zaposlise.hr\/blog\/rad-invaliditet\/#Sto_poslodavci_jos_mogu_poboljsati\" title=\"\u0160to poslodavci jo\u0161 mogu pobolj\u0161ati?\">\u0160to poslodavci jo\u0161 mogu pobolj\u0161ati?<\/a><\/li><li class='ez-toc-page-1 ez-toc-heading-level-2'><a class=\"ez-toc-link ez-toc-heading-10\" href=\"https:\/\/zaposlise.hr\/blog\/rad-invaliditet\/#Hrvatska_napreduje_ali_ima_jos_puno_posla\" title=\"Hrvatska napreduje, ali ima jo\u0161 puno posla\">Hrvatska napreduje, ali ima jo\u0161 puno posla<\/a><\/li><li class='ez-toc-page-1 ez-toc-heading-level-2'><a class=\"ez-toc-link ez-toc-heading-11\" href=\"https:\/\/zaposlise.hr\/blog\/rad-invaliditet\/#Zelis_raditi_u_tvrtki_koja_cijeni_razlicitosti\" title=\"\u017deli\u0161 raditi u tvrtki koja cijeni razli\u010ditosti?\">\u017deli\u0161 raditi u tvrtki koja cijeni razli\u010ditosti?<\/a><\/li><\/ul><\/nav><\/div>\n<h2><span class=\"ez-toc-section\" id=\"Postujte_osobu_ne_invaliditet\"><\/span>Po\u0161tujte osobu, ne invaliditet<span class=\"ez-toc-section-end\"><\/span><\/h2>\n<p>Prvi i najva\u017eniji korak je razumjeti da je kolega prije svega osoba sa svojim znanjima, vje\u0161tinama, iskustvom i osobno\u0161\u0107u. Invaliditet ga ne definira, ve\u0107 je samo dio njegovog \u017eivota.<\/p>\n<p>Nemojte ga do\u017eivljavati kroz ograni\u010denja ili pretpostavljati \u0161to mo\u017ee, a \u0161to ne mo\u017ee u\u010diniti.<\/p>\n<p>Ako vam je ne\u0161to nejasno ili niste sigurni u vezi odre\u0111enih zadataka, najbolje je jednostavno pitati. Time pokazujete da cijenite osobu i njezine kompetencije.<\/p>\n<p>Na primjer, umjesto da automatski nudite pomo\u0107, recite: &#8220;\u017deli\u0161 li da ti pomognem s ovim zadatkom?&#8221;. To daje va\u0161em kolegi priliku da odlu\u010di sam \u017eeli li i treba li va\u0161u podr\u0161ku.<\/p>\n<div id=\"attachment_15902\" style=\"width: 1210px\" class=\"wp-caption aligncenter\"><img loading=\"lazy\" decoding=\"async\" aria-describedby=\"caption-attachment-15902\" class=\"size-full wp-image-15902\" src=\"https:\/\/zaposlise.hr\/blog\/wp-content\/uploads\/2025\/07\/Potpora-kolegicama-i-kolegama-s-invaliditetom.jpg\" alt=\"Potpora kolegicama i kolegama s invaliditetom\" width=\"1200\" height=\"675\" srcset=\"https:\/\/zaposlise.hr\/blog\/wp-content\/uploads\/2025\/07\/Potpora-kolegicama-i-kolegama-s-invaliditetom.jpg 1200w, https:\/\/zaposlise.hr\/blog\/wp-content\/uploads\/2025\/07\/Potpora-kolegicama-i-kolegama-s-invaliditetom-300x169.jpg 300w, https:\/\/zaposlise.hr\/blog\/wp-content\/uploads\/2025\/07\/Potpora-kolegicama-i-kolegama-s-invaliditetom-1024x576.jpg 1024w, https:\/\/zaposlise.hr\/blog\/wp-content\/uploads\/2025\/07\/Potpora-kolegicama-i-kolegama-s-invaliditetom-768x432.jpg 768w, https:\/\/zaposlise.hr\/blog\/wp-content\/uploads\/2025\/07\/Potpora-kolegicama-i-kolegama-s-invaliditetom-444x250.jpg 444w\" sizes=\"(max-width: 1200px) 100vw, 1200px\" \/><p id=\"caption-attachment-15902\" class=\"wp-caption-text\"><span style=\"font-size: 8pt\">Potpora kolegicama i kolegama s invaliditetom<\/span><\/p><\/div>\n<p><span style=\"font-size: 12pt\">Rad s kolegama razli\u010ditih sposobnosti oboga\u0107uje tim, poti\u010de razmjenu ideja i stvara sna\u017enije radno okru\u017eenje.<\/span><\/p>\n<blockquote><p><span style=\"font-size: 14pt\">U Hrvatskoj je 6020 nezaposlenih osoba s invaliditetom razlicitih profesija. Ve\u0107ina ih \u017eeli raditi, ali za to ne dobivaju priliku. <\/span><\/p>\n<p><span style=\"font-size: 14pt\">Zapo\u0161ljavanje osoba s invaliditetom je 60% <a href=\"https:\/\/centarvrijednost.com.hr\/en\/zasto-zaposliti-osobu-sa-invaliditetom\/\" target=\"_blank\" rel=\"noopener\">financijski isplativije<\/a> od zapo\u0161ljavanja osoba bez invaliditeta.<\/span><\/p><\/blockquote>\n<h2><span class=\"ez-toc-section\" id=\"Komunikacija_je_kljuc_inkluzije\"><\/span>Komunikacija je klju\u010d inkluzije<span class=\"ez-toc-section-end\"><\/span><\/h2>\n<p>Otvorena i jasna komunikacija klju\u010dna je za svaki tim, a posebno u situacijama kada sura\u0111ujete s kolegom koji ima invaliditet. Ne pretpostavljajte da znate \u0161to mu treba.<\/p>\n<p>Jednostavno pitajte. Pitanje poput: &#8220;Kako ti mogu olak\u0161ati rad?&#8221; pokazuje po\u0161tovanje i daje osobi mogu\u0107nost da izrazi svoje potrebe.<\/p>\n<p>Va\u017eno je izbjegavati pretjerano za\u0161titni\u010dki ton ili nametanje pomo\u0107i. Takav pristup mo\u017ee u\u010diniti da se kolega osje\u0107a podcijenjeno ili manje sposobno.<\/p>\n<div id=\"attachment_15904\" style=\"width: 1210px\" class=\"wp-caption aligncenter\"><img loading=\"lazy\" decoding=\"async\" aria-describedby=\"caption-attachment-15904\" class=\"size-full wp-image-15904\" src=\"https:\/\/zaposlise.hr\/blog\/wp-content\/uploads\/2025\/07\/Gospoda-u-invalidskim-kolicima-radi-na-laptopu-i-drzi-casu-s-kavom.jpg\" alt=\"Gospo\u0111a u invalidskim kolicima, radi na laptopu i dr\u017ei \u010da\u0161u s kavom\" width=\"1200\" height=\"675\" srcset=\"https:\/\/zaposlise.hr\/blog\/wp-content\/uploads\/2025\/07\/Gospoda-u-invalidskim-kolicima-radi-na-laptopu-i-drzi-casu-s-kavom.jpg 1200w, https:\/\/zaposlise.hr\/blog\/wp-content\/uploads\/2025\/07\/Gospoda-u-invalidskim-kolicima-radi-na-laptopu-i-drzi-casu-s-kavom-300x169.jpg 300w, https:\/\/zaposlise.hr\/blog\/wp-content\/uploads\/2025\/07\/Gospoda-u-invalidskim-kolicima-radi-na-laptopu-i-drzi-casu-s-kavom-1024x576.jpg 1024w, https:\/\/zaposlise.hr\/blog\/wp-content\/uploads\/2025\/07\/Gospoda-u-invalidskim-kolicima-radi-na-laptopu-i-drzi-casu-s-kavom-768x432.jpg 768w, https:\/\/zaposlise.hr\/blog\/wp-content\/uploads\/2025\/07\/Gospoda-u-invalidskim-kolicima-radi-na-laptopu-i-drzi-casu-s-kavom-444x250.jpg 444w\" sizes=\"(max-width: 1200px) 100vw, 1200px\" \/><p id=\"caption-attachment-15904\" class=\"wp-caption-text\">Gospo\u0111a u invalidskim kolicima, radi na laptopu i dr\u017ei \u010da\u0161u s kavom; Izvor: Unsplash.com<\/p><\/div>\n<p>Umjesto toga, gradite odnos na temelju me\u0111usobnog povjerenja i partnerstva.<\/p>\n<h2><span class=\"ez-toc-section\" id=\"Prilagodite_radno_okruzenje_kada_je_potrebno\"><\/span>Prilagodite radno okru\u017eenje kada je potrebno<span class=\"ez-toc-section-end\"><\/span><\/h2>\n<p>Razumna prilagodba radnog mjesta mo\u017ee napraviti veliku razliku u svakodnevnom \u017eivotu osobe s invaliditetom.<\/p>\n<p>Poslodavci su zakonski obvezni osigurati uvjete koji \u0107e svima omogu\u0107iti ravnopravno sudjelovanje, ali i kolege mogu igrati va\u017enu ulogu.<\/p>\n<p>Primjeri prilagodbi uklju\u010duju rampu za invalidska kolica, prilagodbu visine radnog stola, kori\u0161tenje asistivne tehnologije (npr. softvera za slabovidne) ili fleksibilnije radno vrijeme.<\/p>\n<p>Va\u017eno je naglasiti da ove promjene \u010desto koriste i drugim zaposlenicima.<\/p>\n<p>Na primjer, fleksibilno radno vrijeme mo\u017ee pobolj\u0161ati ravnote\u017eu izme\u0111u privatnog i poslovnog \u017eivota za sve \u010dlanove tima.<\/p>\n<p>Ako primijetite da bi neka mala promjena olak\u0161ala kolegi posao, predlo\u017eite je nadre\u0111enima. To pokazuje va\u0161u spremnost da gradite inkluzivno okru\u017eenje.<\/p>\n<div id=\"attachment_15906\" style=\"width: 1210px\" class=\"wp-caption aligncenter\"><img loading=\"lazy\" decoding=\"async\" aria-describedby=\"caption-attachment-15906\" class=\"size-full wp-image-15906\" src=\"https:\/\/zaposlise.hr\/blog\/wp-content\/uploads\/2025\/07\/Slijepac-sa-stapom-hoda-po-ulici-i-na-uzici-drzi-psa-vodica.jpg\" alt=\"Slijepac sa \u0161tapom hoda po ulici i na uzici dr\u017ei psa vodi\u010da\" width=\"1200\" height=\"675\" srcset=\"https:\/\/zaposlise.hr\/blog\/wp-content\/uploads\/2025\/07\/Slijepac-sa-stapom-hoda-po-ulici-i-na-uzici-drzi-psa-vodica.jpg 1200w, https:\/\/zaposlise.hr\/blog\/wp-content\/uploads\/2025\/07\/Slijepac-sa-stapom-hoda-po-ulici-i-na-uzici-drzi-psa-vodica-300x169.jpg 300w, https:\/\/zaposlise.hr\/blog\/wp-content\/uploads\/2025\/07\/Slijepac-sa-stapom-hoda-po-ulici-i-na-uzici-drzi-psa-vodica-1024x576.jpg 1024w, https:\/\/zaposlise.hr\/blog\/wp-content\/uploads\/2025\/07\/Slijepac-sa-stapom-hoda-po-ulici-i-na-uzici-drzi-psa-vodica-768x432.jpg 768w, https:\/\/zaposlise.hr\/blog\/wp-content\/uploads\/2025\/07\/Slijepac-sa-stapom-hoda-po-ulici-i-na-uzici-drzi-psa-vodica-444x250.jpg 444w\" sizes=\"(max-width: 1200px) 100vw, 1200px\" \/><p id=\"caption-attachment-15906\" class=\"wp-caption-text\"><span style=\"font-size: 8pt\">Slijepac sa \u0161tapom hoda po ulici i na uzici dr\u017ei psa vodi\u010da; Izvor: Unsplash.com<\/span><\/p><\/div>\n<blockquote><p><span style=\"font-size: 14pt\">Poslodavci koji ne ispune kvotu niti <a href=\"https:\/\/gov.hr\/hr\/poticaji-pri-zaposljavanju-osoba-s-invaliditetom\/1390?lang=en\" target=\"_blank\" rel=\"noopener\">zapo\u0161ljavanjem osoba s invaliditetom<\/a> niti na zamjenski na\u010din, u obvezi su pla\u0107ati nov\u010danu naknadu. <\/span><\/p>\n<p><span style=\"font-size: 14pt\">Nov\u010dana naknada iznosi 20 posto minimalne pla\u0107e, mjese\u010dno, za svaku osobu s invaliditetom koju je poslodavac bio du\u017ean zaposliti.<\/span><\/p><\/blockquote>\n<h2><span class=\"ez-toc-section\" id=\"Postujte_u_komunikaciji\"><\/span>Po\u0161tujte u komunikaciji<span class=\"ez-toc-section-end\"><\/span><\/h2>\n<p>Jezik oblikuje na\u010din na koji do\u017eivljavamo ljude oko sebe. Kada govorite o osobi s invaliditetom, koristite izraze koji stavljaju osobu na prvo mjesto.<\/p>\n<p>Umjesto da ka\u017eete &#8220;invalid&#8221;, recite &#8220;osoba s invaliditetom&#8221;. Time pokazujete da invaliditet ne definira osobu u potpunosti.<\/p>\n<p>Izbjegavajte i fraze koje mogu zvu\u010dati sa\u017ealjivo ili omalova\u017eavaju\u0107e. Uvijek se vodite jednostavnim pravilom: koristite isti ton i rije\u010di koje biste koristili prema bilo kojem drugom kolegi.<\/p>\n<h2><span class=\"ez-toc-section\" id=\"Timske_aktivnosti\"><\/span>Timske aktivnosti<span class=\"ez-toc-section-end\"><\/span><\/h2>\n<p>Kolegama s invaliditetom \u010desto je najve\u0107i izazov osje\u0107aj izoliranosti.<\/p>\n<p>Zbog arhitektonskih barijera ili nesvjesnih navika drugih, mogu se osje\u0107ati izostavljeno iz dru\u017eenja i neformalnih razgovora.<\/p>\n<div id=\"attachment_15908\" style=\"width: 1210px\" class=\"wp-caption aligncenter\"><img loading=\"lazy\" decoding=\"async\" aria-describedby=\"caption-attachment-15908\" class=\"size-full wp-image-15908\" src=\"https:\/\/zaposlise.hr\/blog\/wp-content\/uploads\/2025\/07\/Slijepi-muskarac-kuha-kavu-u-uredskoj-kuhinji.jpg\" alt=\"Slijepi mu\u0161karac kuha kavu u uredskoj kuhinji\" width=\"1200\" height=\"675\" srcset=\"https:\/\/zaposlise.hr\/blog\/wp-content\/uploads\/2025\/07\/Slijepi-muskarac-kuha-kavu-u-uredskoj-kuhinji.jpg 1200w, https:\/\/zaposlise.hr\/blog\/wp-content\/uploads\/2025\/07\/Slijepi-muskarac-kuha-kavu-u-uredskoj-kuhinji-300x169.jpg 300w, https:\/\/zaposlise.hr\/blog\/wp-content\/uploads\/2025\/07\/Slijepi-muskarac-kuha-kavu-u-uredskoj-kuhinji-1024x576.jpg 1024w, https:\/\/zaposlise.hr\/blog\/wp-content\/uploads\/2025\/07\/Slijepi-muskarac-kuha-kavu-u-uredskoj-kuhinji-768x432.jpg 768w, https:\/\/zaposlise.hr\/blog\/wp-content\/uploads\/2025\/07\/Slijepi-muskarac-kuha-kavu-u-uredskoj-kuhinji-444x250.jpg 444w\" sizes=\"(max-width: 1200px) 100vw, 1200px\" \/><p id=\"caption-attachment-15908\" class=\"wp-caption-text\"><span style=\"font-size: 8pt\">Slijepi mu\u0161karac kuha kavu u uredskoj kuhinji; Izvor: Unsplash.com<\/span><\/p><\/div>\n<p>Va\u017eno je da aktivno radite na tome da ih uklju\u010dite u timske aktivnosti i zajedni\u010dke projekte.<\/p>\n<p>Pozovite ih na kavu, ru\u010dak ili neformalno dru\u017eenje, ba\u0161 kao i druge kolege.<\/p>\n<p>Na projektima, obratite pa\u017enju da svi \u010dlanovi tima imaju priliku ravnopravno sudjelovati i izraziti svoje mi\u0161ljenje. Male geste mogu napraviti veliku razliku u osje\u0107aju pripadnosti.<\/p>\n<h2><span class=\"ez-toc-section\" id=\"Pristup_poslovnim_zgradama_i_radnim_mjestima\"><\/span>Pristup poslovnim zgradama i radnim mjestima<span class=\"ez-toc-section-end\"><\/span><\/h2>\n<p>\u0160to se ti\u010de fizi\u010dke pristupa\u010dnosti, situacija je raznolika.<\/p>\n<p>U ve\u0107im gradovima poput Zagreba, Splita i Rijeke, sve vi\u0161e novih poslovnih zgrada i javnih ustanova izgra\u0111eno je ili rekonstruirano tako da budu u potpunosti pristupa\u010dne.<\/p>\n<p>Napravljene su rampe, dizala i prilago\u0111ene sanitarne \u010dvorove.<\/p>\n<p>Me\u0111utim, starije zgrade jo\u0161 uvijek predstavljaju veliki izazov.<\/p>\n<p>Prema podacima udruga osoba s invaliditetom, vi\u0161e od 40 % poslovnih zgrada u Hrvatskoj nema potpunu pristupa\u010dnost, osobito u manjim gradovima i ruralnim podru\u010djima.<\/p>\n<div id=\"attachment_15910\" style=\"width: 1210px\" class=\"wp-caption aligncenter\"><img loading=\"lazy\" decoding=\"async\" aria-describedby=\"caption-attachment-15910\" class=\"size-full wp-image-15910\" src=\"https:\/\/zaposlise.hr\/blog\/wp-content\/uploads\/2025\/07\/Prilaz-zgradi-stepenice-bez-mogucnosti-pristupa-invalidskim-kolicima.jpg\" alt=\"Prilaz zgradi, stepenice, bez mogu\u0107nosti pristupa invalidskim kolicima\" width=\"1200\" height=\"675\" srcset=\"https:\/\/zaposlise.hr\/blog\/wp-content\/uploads\/2025\/07\/Prilaz-zgradi-stepenice-bez-mogucnosti-pristupa-invalidskim-kolicima.jpg 1200w, https:\/\/zaposlise.hr\/blog\/wp-content\/uploads\/2025\/07\/Prilaz-zgradi-stepenice-bez-mogucnosti-pristupa-invalidskim-kolicima-300x169.jpg 300w, https:\/\/zaposlise.hr\/blog\/wp-content\/uploads\/2025\/07\/Prilaz-zgradi-stepenice-bez-mogucnosti-pristupa-invalidskim-kolicima-1024x576.jpg 1024w, https:\/\/zaposlise.hr\/blog\/wp-content\/uploads\/2025\/07\/Prilaz-zgradi-stepenice-bez-mogucnosti-pristupa-invalidskim-kolicima-768x432.jpg 768w, https:\/\/zaposlise.hr\/blog\/wp-content\/uploads\/2025\/07\/Prilaz-zgradi-stepenice-bez-mogucnosti-pristupa-invalidskim-kolicima-444x250.jpg 444w\" sizes=\"(max-width: 1200px) 100vw, 1200px\" \/><p id=\"caption-attachment-15910\" class=\"wp-caption-text\"><span style=\"font-size: 8pt\">Prilaz zgradi, stepenice, bez mogu\u0107nosti pristupa invalidskim kolicima; Izvor: Unsplash.com<\/span><\/p><\/div>\n<p>\u010cesto nedostaju rampe, dizala ili su sanitarni \u010dvorovi neprilago\u0111eni korisnicima invalidskih kolica.<\/p>\n<h2><span class=\"ez-toc-section\" id=\"Rad_u_zdravom_okruzenju\"><\/span>Rad u zdravom okru\u017eenju<span class=\"ez-toc-section-end\"><\/span><\/h2>\n<p>Uklju\u010divost na radnom mjestu nije samo moralna obveza. Donosi koristi cijeloj tvrtki. Razli\u010dita iskustva i perspektive poti\u010du inovativnost, ja\u010daju timski duh i pove\u0107avaju produktivnost.<\/p>\n<p>Studije pokazuju da inkluzivna radna mjesta imaju 35 % ve\u0107e \u0161anse za bolje poslovne rezultate od onih koja ne njeguju raznolikost i jednakost.<\/p>\n<p>Kada se svi zaposlenici osje\u0107aju prihva\u0107eno i podr\u017eano, stvara se pozitivna radna atmosfera u kojoj ljudi \u017eele davati svoj maksimum.<\/p>\n<h2><span class=\"ez-toc-section\" id=\"Postuju_li_poslodavci_osobe_s_invaliditetom\"><\/span>Po\u0161tuju li poslodavci osobe s invaliditetom?<span class=\"ez-toc-section-end\"><\/span><\/h2>\n<p>U Hrvatskoj se svijest o va\u017enosti inkluzije osoba s invaliditetom na tr\u017ei\u0161tu rada polako, ali vidljivo pove\u0107ava.<\/p>\n<p><a href=\"https:\/\/www.zakon.hr\/z\/493\/zakon-o-profesionalnoj-rehabilitaciji-i-zaposljavanju-osoba-s-invaliditetom\" target=\"_blank\" rel=\"noopener\">Zakon o profesionalnoj rehabilitaciji i zapo\u0161ljavanju osoba s invaliditetom<\/a> ka\u017ee da na vi\u0161e od 20 zaposlenih moraju raditi osobe s invaliditetom u kvoti od 3 % ukupnog broja zaposlenih.<\/p>\n<div id=\"attachment_15912\" style=\"width: 1210px\" class=\"wp-caption aligncenter\"><img loading=\"lazy\" decoding=\"async\" aria-describedby=\"caption-attachment-15912\" class=\"size-full wp-image-15912\" src=\"https:\/\/zaposlise.hr\/blog\/wp-content\/uploads\/2025\/07\/Kolegica-u-invalidskim-kolicima-sjedi-za-racunalom-i-blok-ispred-nje.jpg\" alt=\"Kolegica u invalidskim kolicima, sjedi za ra\u010dunalom i blok ispred nje\" width=\"1200\" height=\"675\" srcset=\"https:\/\/zaposlise.hr\/blog\/wp-content\/uploads\/2025\/07\/Kolegica-u-invalidskim-kolicima-sjedi-za-racunalom-i-blok-ispred-nje.jpg 1200w, https:\/\/zaposlise.hr\/blog\/wp-content\/uploads\/2025\/07\/Kolegica-u-invalidskim-kolicima-sjedi-za-racunalom-i-blok-ispred-nje-300x169.jpg 300w, https:\/\/zaposlise.hr\/blog\/wp-content\/uploads\/2025\/07\/Kolegica-u-invalidskim-kolicima-sjedi-za-racunalom-i-blok-ispred-nje-1024x576.jpg 1024w, https:\/\/zaposlise.hr\/blog\/wp-content\/uploads\/2025\/07\/Kolegica-u-invalidskim-kolicima-sjedi-za-racunalom-i-blok-ispred-nje-768x432.jpg 768w, https:\/\/zaposlise.hr\/blog\/wp-content\/uploads\/2025\/07\/Kolegica-u-invalidskim-kolicima-sjedi-za-racunalom-i-blok-ispred-nje-444x250.jpg 444w\" sizes=\"(max-width: 1200px) 100vw, 1200px\" \/><p id=\"caption-attachment-15912\" class=\"wp-caption-text\"><span style=\"font-size: 8pt\">Kolegica u invalidskim kolicima, sjedi za ra\u010dunalom i blok ispred nje; Izvor: Unsplash.com<\/span><\/p><\/div>\n<p>Poslodavci koji to ne po\u0161tuju du\u017eni su pla\u0107ati naknadu (tzv. kvotnu naknadu) u <a href=\"https:\/\/zosi.hr\/\" target=\"_blank\" rel=\"noopener\">Fond za profesionalnu rehabilitaciju<\/a>.<\/p>\n<p>Prema podacima <a href=\"http:\/\/hzz.hr\" target=\"_blank\" rel=\"noopener\">Hrvatskog zavoda za zapo\u0161ljavanje<\/a>, u 2023. godini bilo je zaposleno vi\u0161e od 16.000 osoba s invaliditetom, \u0161to je rast u odnosu na prethodne godine.<\/p>\n<p>Ipak, stopa zaposlenosti osoba s invaliditetom jo\u0161 uvijek je niska \u2013 tek oko 38 % u radnoj dobi, \u0161to pokazuje da postoji prostor za napredak.<\/p>\n<h2><span class=\"ez-toc-section\" id=\"Sto_poslodavci_jos_mogu_poboljsati\"><\/span>\u0160to poslodavci jo\u0161 mogu pobolj\u0161ati?<span class=\"ez-toc-section-end\"><\/span><\/h2>\n<p>Iako zakoni poti\u010du zapo\u0161ljavanje i osiguravanje pristupa\u010dnosti, klju\u010dno je raditi i na promjeni kulture unutar organizacija.<\/p>\n<p>Mnogi poslodavci jo\u0161 uvijek zapo\u0161ljavaju osobe s invaliditetom isklju\u010divo radi ispunjavanja zakonskih kvota, umjesto da prepoznaju njihove vje\u0161tine i doprinos.<\/p>\n<p>Dodatno, va\u017eno je ulagati u edukaciju kolega i menad\u017eera kako bi se stvorilo inkluzivno okru\u017eenje.<\/p>\n<div id=\"attachment_15914\" style=\"width: 1210px\" class=\"wp-caption aligncenter\"><img loading=\"lazy\" decoding=\"async\" aria-describedby=\"caption-attachment-15914\" class=\"size-full wp-image-15914\" src=\"https:\/\/zaposlise.hr\/blog\/wp-content\/uploads\/2025\/07\/Edukacija-razlicitost-ukljucivost-bez-predrasuda.jpg\" alt=\"Edukacija, razli\u010ditost, uklju\u010divost, bez predrasuda\" width=\"1200\" height=\"675\" srcset=\"https:\/\/zaposlise.hr\/blog\/wp-content\/uploads\/2025\/07\/Edukacija-razlicitost-ukljucivost-bez-predrasuda.jpg 1200w, https:\/\/zaposlise.hr\/blog\/wp-content\/uploads\/2025\/07\/Edukacija-razlicitost-ukljucivost-bez-predrasuda-300x169.jpg 300w, https:\/\/zaposlise.hr\/blog\/wp-content\/uploads\/2025\/07\/Edukacija-razlicitost-ukljucivost-bez-predrasuda-1024x576.jpg 1024w, https:\/\/zaposlise.hr\/blog\/wp-content\/uploads\/2025\/07\/Edukacija-razlicitost-ukljucivost-bez-predrasuda-768x432.jpg 768w, https:\/\/zaposlise.hr\/blog\/wp-content\/uploads\/2025\/07\/Edukacija-razlicitost-ukljucivost-bez-predrasuda-444x250.jpg 444w\" sizes=\"(max-width: 1200px) 100vw, 1200px\" \/><p id=\"caption-attachment-15914\" class=\"wp-caption-text\"><span style=\"font-size: 8pt\">Edukacija, razli\u010ditost, uklju\u010divost, bez predrasuda; Izvor: Unsplash.com<\/span><\/p><\/div>\n<p>Po\u010dev\u0161i od komunikacije i fleksibilnog radnog vremena do prilagodbe radnih zadataka prema potrebama zaposlenika s invaliditetom.<\/p>\n<h2><span class=\"ez-toc-section\" id=\"Hrvatska_napreduje_ali_ima_jos_puno_posla\"><\/span>Hrvatska napreduje, ali ima jo\u0161 puno posla<span class=\"ez-toc-section-end\"><\/span><\/h2>\n<p>Hrvatska je u posljednjih nekoliko godina napravila zna\u010dajne korake prema ve\u0107oj inkluziji osoba s invaliditetom, no prepreke i dalje postoje.<\/p>\n<p>Fizi\u010dka nepristupa\u010dnost starijih zgrada i jo\u0161 uvijek niska stopa zaposlenosti glavni su izazovi.<\/p>\n<h2><span class=\"ez-toc-section\" id=\"Zelis_raditi_u_tvrtki_koja_cijeni_razlicitosti\"><\/span>\u017deli\u0161 raditi u tvrtki koja cijeni razli\u010ditosti?<span class=\"ez-toc-section-end\"><\/span><\/h2>\n<p>Na <a href=\"http:\/\/zaposlise.hr\">ZaposliSe.hr<\/a> svakodnevno objavljujemo oglase poslodavaca koji njeguju zdravo, inkluzivno i poticajno radno okru\u017eenje.<\/p>\n<p>Bez obzira tra\u017ei\u0161 li posao u administraciji, IT-u, proizvodnji, marketingu ili bilo kojem drugom sektoru, kod nas \u0107e\u0161 prona\u0107i prilike u kojima \u0107e\u0161 se osje\u0107ati dobrodo\u0161lo i cijenjeno.<\/p>\n<p><strong>Pogledaj aktualne oglase i <a href=\"http:\/\/zaposlise.hr\/posao\">prona\u0111i posao<\/a> u kojem \u0107e\u0161 se osje\u0107ati dobro!<\/strong><\/p>\n","protected":false},"excerpt":{"rendered":"<p>Rad u podr\u017eavaju\u0107em okru\u017eenju poti\u010de suradnju, ja\u010da timski duh i omogu\u0107uje svakom zaposleniku da ostvari svoj puni potencijal. Radno okru\u017eenje [&hellip;]<\/p>\n","protected":false},"author":4,"featured_media":15898,"comment_status":"closed","ping_status":"closed","sticky":false,"template":"","format":"standard","meta":{"inline_featured_image":false,"footnotes":""},"categories":[26],"tags":[605,604,194,603],"yoast_head":"<!-- This site is optimized with the Yoast SEO plugin v21.6 - https:\/\/yoast.com\/wordpress\/plugins\/seo\/ -->\n<title>Rad s kolegom koji ima invaliditet - Zaposlise.hr<\/title>\n<meta name=\"description\" content=\"Rad s kolegom koji ima invaliditet zahtijeva razumijevanje, po\u0161tovanje i otvorenost. Saznaj kako stvoriti inkluzivno radno okru\u017eenje!\" \/>\n<meta name=\"robots\" content=\"index, follow, max-snippet:-1, max-image-preview:large, max-video-preview:-1\" \/>\n<link rel=\"canonical\" href=\"https:\/\/zaposlise.hr\/blog\/rad-invaliditet\/\" \/>\n<meta property=\"og:locale\" content=\"hr_HR\" \/>\n<meta property=\"og:type\" content=\"article\" \/>\n<meta property=\"og:title\" content=\"Rad s kolegom koji ima invaliditet - Zaposlise.hr\" \/>\n<meta property=\"og:description\" content=\"Rad s kolegom koji ima invaliditet zahtijeva razumijevanje, po\u0161tovanje i otvorenost. Saznaj kako stvoriti inkluzivno radno okru\u017eenje!\" \/>\n<meta property=\"og:url\" content=\"https:\/\/zaposlise.hr\/blog\/rad-invaliditet\/\" \/>\n<meta property=\"og:site_name\" content=\"Zaposlise.hr\" \/>\n<meta property=\"article:published_time\" content=\"2025-07-30T14:10:31+00:00\" \/>\n<meta property=\"article:modified_time\" content=\"2025-07-30T14:11:03+00:00\" \/>\n<meta property=\"og:image\" content=\"https:\/\/zaposlise.hr\/blog\/wp-content\/uploads\/2025\/07\/Rad-zaposljavanje-invaliditet.png\" \/>\n\t<meta property=\"og:image:width\" content=\"1200\" \/>\n\t<meta property=\"og:image:height\" content=\"675\" \/>\n\t<meta property=\"og:image:type\" content=\"image\/png\" \/>\n<meta name=\"author\" content=\"Maja Cvetkovic\" \/>\n<meta name=\"twitter:card\" content=\"summary_large_image\" \/>\n<meta name=\"twitter:label1\" content=\"Napisao\/la\" \/>\n\t<meta name=\"twitter:data1\" content=\"Maja Cvetkovic\" \/>\n\t<meta name=\"twitter:label2\" content=\"Procijenjeno vrijeme \u010ditanja\" \/>\n\t<meta name=\"twitter:data2\" content=\"8 minuta\" \/>\n<script type=\"application\/ld+json\" class=\"yoast-schema-graph\">{\"@context\":\"https:\/\/schema.org\",\"@graph\":[{\"@type\":\"Article\",\"@id\":\"https:\/\/zaposlise.hr\/blog\/rad-invaliditet\/#article\",\"isPartOf\":{\"@id\":\"https:\/\/zaposlise.hr\/blog\/rad-invaliditet\/\"},\"author\":{\"name\":\"Maja Cvetkovic\",\"@id\":\"https:\/\/zaposlise.hr\/blog\/#\/schema\/person\/11d6327b8569a9e940673e6acbfa396a\"},\"headline\":\"Rad s kolegom koji ima invaliditet\",\"datePublished\":\"2025-07-30T14:10:31+00:00\",\"dateModified\":\"2025-07-30T14:11:03+00:00\",\"mainEntityOfPage\":{\"@id\":\"https:\/\/zaposlise.hr\/blog\/rad-invaliditet\/\"},\"wordCount\":1405,\"publisher\":{\"@id\":\"https:\/\/zaposlise.hr\/blog\/#organization\"},\"keywords\":[\"inkluzija\",\"invaliditet\",\"komunikacija\",\"rad\"],\"articleSection\":[\"Iskustva i savjeti\"],\"inLanguage\":\"hr\"},{\"@type\":\"WebPage\",\"@id\":\"https:\/\/zaposlise.hr\/blog\/rad-invaliditet\/\",\"url\":\"https:\/\/zaposlise.hr\/blog\/rad-invaliditet\/\",\"name\":\"Rad s kolegom koji ima invaliditet - Zaposlise.hr\",\"isPartOf\":{\"@id\":\"https:\/\/zaposlise.hr\/blog\/#website\"},\"datePublished\":\"2025-07-30T14:10:31+00:00\",\"dateModified\":\"2025-07-30T14:11:03+00:00\",\"description\":\"Rad s kolegom koji ima invaliditet zahtijeva razumijevanje, po\u0161tovanje i otvorenost. Saznaj kako stvoriti inkluzivno radno okru\u017eenje!\",\"breadcrumb\":{\"@id\":\"https:\/\/zaposlise.hr\/blog\/rad-invaliditet\/#breadcrumb\"},\"inLanguage\":\"hr\",\"potentialAction\":[{\"@type\":\"ReadAction\",\"target\":[\"https:\/\/zaposlise.hr\/blog\/rad-invaliditet\/\"]}]},{\"@type\":\"BreadcrumbList\",\"@id\":\"https:\/\/zaposlise.hr\/blog\/rad-invaliditet\/#breadcrumb\",\"itemListElement\":[{\"@type\":\"ListItem\",\"position\":1,\"name\":\"Po\u010detna stranica\",\"item\":\"https:\/\/zaposlise.hr\/blog\/\"},{\"@type\":\"ListItem\",\"position\":2,\"name\":\"Rad s kolegom koji ima invaliditet\"}]},{\"@type\":\"WebSite\",\"@id\":\"https:\/\/zaposlise.hr\/blog\/#website\",\"url\":\"https:\/\/zaposlise.hr\/blog\/\",\"name\":\"Zaposlise.hr\",\"description\":\"Posao za tebe\",\"publisher\":{\"@id\":\"https:\/\/zaposlise.hr\/blog\/#organization\"},\"potentialAction\":[{\"@type\":\"SearchAction\",\"target\":{\"@type\":\"EntryPoint\",\"urlTemplate\":\"https:\/\/zaposlise.hr\/blog\/?s={search_term_string}\"},\"query-input\":\"required name=search_term_string\"}],\"inLanguage\":\"hr\"},{\"@type\":\"Organization\",\"@id\":\"https:\/\/zaposlise.hr\/blog\/#organization\",\"name\":\"Zaposlise.hr\",\"url\":\"https:\/\/zaposlise.hr\/blog\/\",\"logo\":{\"@type\":\"ImageObject\",\"inLanguage\":\"hr\",\"@id\":\"https:\/\/zaposlise.hr\/blog\/#\/schema\/logo\/image\/\",\"url\":\"https:\/\/zaposlise.hr\/blog\/wp-content\/uploads\/2024\/06\/Screenshot-2024-06-05-at-09.05.43.png\",\"contentUrl\":\"https:\/\/zaposlise.hr\/blog\/wp-content\/uploads\/2024\/06\/Screenshot-2024-06-05-at-09.05.43.png\",\"width\":2088,\"height\":592,\"caption\":\"Zaposlise.hr\"},\"image\":{\"@id\":\"https:\/\/zaposlise.hr\/blog\/#\/schema\/logo\/image\/\"}},{\"@type\":\"Person\",\"@id\":\"https:\/\/zaposlise.hr\/blog\/#\/schema\/person\/11d6327b8569a9e940673e6acbfa396a\",\"name\":\"Maja Cvetkovic\",\"image\":{\"@type\":\"ImageObject\",\"inLanguage\":\"hr\",\"@id\":\"https:\/\/zaposlise.hr\/blog\/#\/schema\/person\/image\/\",\"url\":\"https:\/\/secure.gravatar.com\/avatar\/e8d7da4f01ab43b5b98fc69bf899cf57?s=96&d=mm&r=g\",\"contentUrl\":\"https:\/\/secure.gravatar.com\/avatar\/e8d7da4f01ab43b5b98fc69bf899cf57?s=96&d=mm&r=g\",\"caption\":\"Maja Cvetkovic\"},\"url\":\"https:\/\/zaposlise.hr\/blog\/author\/mayacvetkovic\/\"}]}<\/script>\n<!-- \/ Yoast SEO plugin. -->","yoast_head_json":{"title":"Rad s kolegom koji ima invaliditet - Zaposlise.hr","description":"Rad s kolegom koji ima invaliditet zahtijeva razumijevanje, po\u0161tovanje i otvorenost. Saznaj kako stvoriti inkluzivno radno okru\u017eenje!","robots":{"index":"index","follow":"follow","max-snippet":"max-snippet:-1","max-image-preview":"max-image-preview:large","max-video-preview":"max-video-preview:-1"},"canonical":"https:\/\/zaposlise.hr\/blog\/rad-invaliditet\/","og_locale":"hr_HR","og_type":"article","og_title":"Rad s kolegom koji ima invaliditet - Zaposlise.hr","og_description":"Rad s kolegom koji ima invaliditet zahtijeva razumijevanje, po\u0161tovanje i otvorenost. Saznaj kako stvoriti inkluzivno radno okru\u017eenje!","og_url":"https:\/\/zaposlise.hr\/blog\/rad-invaliditet\/","og_site_name":"Zaposlise.hr","article_published_time":"2025-07-30T14:10:31+00:00","article_modified_time":"2025-07-30T14:11:03+00:00","og_image":[{"width":1200,"height":675,"url":"https:\/\/zaposlise.hr\/blog\/wp-content\/uploads\/2025\/07\/Rad-zaposljavanje-invaliditet.png","type":"image\/png"}],"author":"Maja Cvetkovic","twitter_card":"summary_large_image","twitter_misc":{"Napisao\/la":"Maja Cvetkovic","Procijenjeno vrijeme \u010ditanja":"8 minuta"},"schema":{"@context":"https:\/\/schema.org","@graph":[{"@type":"Article","@id":"https:\/\/zaposlise.hr\/blog\/rad-invaliditet\/#article","isPartOf":{"@id":"https:\/\/zaposlise.hr\/blog\/rad-invaliditet\/"},"author":{"name":"Maja Cvetkovic","@id":"https:\/\/zaposlise.hr\/blog\/#\/schema\/person\/11d6327b8569a9e940673e6acbfa396a"},"headline":"Rad s kolegom koji ima invaliditet","datePublished":"2025-07-30T14:10:31+00:00","dateModified":"2025-07-30T14:11:03+00:00","mainEntityOfPage":{"@id":"https:\/\/zaposlise.hr\/blog\/rad-invaliditet\/"},"wordCount":1405,"publisher":{"@id":"https:\/\/zaposlise.hr\/blog\/#organization"},"keywords":["inkluzija","invaliditet","komunikacija","rad"],"articleSection":["Iskustva i savjeti"],"inLanguage":"hr"},{"@type":"WebPage","@id":"https:\/\/zaposlise.hr\/blog\/rad-invaliditet\/","url":"https:\/\/zaposlise.hr\/blog\/rad-invaliditet\/","name":"Rad s kolegom koji ima invaliditet - Zaposlise.hr","isPartOf":{"@id":"https:\/\/zaposlise.hr\/blog\/#website"},"datePublished":"2025-07-30T14:10:31+00:00","dateModified":"2025-07-30T14:11:03+00:00","description":"Rad s kolegom koji ima invaliditet zahtijeva razumijevanje, po\u0161tovanje i otvorenost. Saznaj kako stvoriti inkluzivno radno okru\u017eenje!","breadcrumb":{"@id":"https:\/\/zaposlise.hr\/blog\/rad-invaliditet\/#breadcrumb"},"inLanguage":"hr","potentialAction":[{"@type":"ReadAction","target":["https:\/\/zaposlise.hr\/blog\/rad-invaliditet\/"]}]},{"@type":"BreadcrumbList","@id":"https:\/\/zaposlise.hr\/blog\/rad-invaliditet\/#breadcrumb","itemListElement":[{"@type":"ListItem","position":1,"name":"Po\u010detna stranica","item":"https:\/\/zaposlise.hr\/blog\/"},{"@type":"ListItem","position":2,"name":"Rad s kolegom koji ima invaliditet"}]},{"@type":"WebSite","@id":"https:\/\/zaposlise.hr\/blog\/#website","url":"https:\/\/zaposlise.hr\/blog\/","name":"Zaposlise.hr","description":"Posao za tebe","publisher":{"@id":"https:\/\/zaposlise.hr\/blog\/#organization"},"potentialAction":[{"@type":"SearchAction","target":{"@type":"EntryPoint","urlTemplate":"https:\/\/zaposlise.hr\/blog\/?s={search_term_string}"},"query-input":"required name=search_term_string"}],"inLanguage":"hr"},{"@type":"Organization","@id":"https:\/\/zaposlise.hr\/blog\/#organization","name":"Zaposlise.hr","url":"https:\/\/zaposlise.hr\/blog\/","logo":{"@type":"ImageObject","inLanguage":"hr","@id":"https:\/\/zaposlise.hr\/blog\/#\/schema\/logo\/image\/","url":"https:\/\/zaposlise.hr\/blog\/wp-content\/uploads\/2024\/06\/Screenshot-2024-06-05-at-09.05.43.png","contentUrl":"https:\/\/zaposlise.hr\/blog\/wp-content\/uploads\/2024\/06\/Screenshot-2024-06-05-at-09.05.43.png","width":2088,"height":592,"caption":"Zaposlise.hr"},"image":{"@id":"https:\/\/zaposlise.hr\/blog\/#\/schema\/logo\/image\/"}},{"@type":"Person","@id":"https:\/\/zaposlise.hr\/blog\/#\/schema\/person\/11d6327b8569a9e940673e6acbfa396a","name":"Maja Cvetkovic","image":{"@type":"ImageObject","inLanguage":"hr","@id":"https:\/\/zaposlise.hr\/blog\/#\/schema\/person\/image\/","url":"https:\/\/secure.gravatar.com\/avatar\/e8d7da4f01ab43b5b98fc69bf899cf57?s=96&d=mm&r=g","contentUrl":"https:\/\/secure.gravatar.com\/avatar\/e8d7da4f01ab43b5b98fc69bf899cf57?s=96&d=mm&r=g","caption":"Maja Cvetkovic"},"url":"https:\/\/zaposlise.hr\/blog\/author\/mayacvetkovic\/"}]}},"_links":{"self":[{"href":"https:\/\/zaposlise.hr\/blog\/wp-json\/wp\/v2\/posts\/15889"}],"collection":[{"href":"https:\/\/zaposlise.hr\/blog\/wp-json\/wp\/v2\/posts"}],"about":[{"href":"https:\/\/zaposlise.hr\/blog\/wp-json\/wp\/v2\/types\/post"}],"author":[{"embeddable":true,"href":"https:\/\/zaposlise.hr\/blog\/wp-json\/wp\/v2\/users\/4"}],"replies":[{"embeddable":true,"href":"https:\/\/zaposlise.hr\/blog\/wp-json\/wp\/v2\/comments?post=15889"}],"version-history":[{"count":17,"href":"https:\/\/zaposlise.hr\/blog\/wp-json\/wp\/v2\/posts\/15889\/revisions"}],"predecessor-version":[{"id":15915,"href":"https:\/\/zaposlise.hr\/blog\/wp-json\/wp\/v2\/posts\/15889\/revisions\/15915"}],"wp:featuredmedia":[{"embeddable":true,"href":"https:\/\/zaposlise.hr\/blog\/wp-json\/wp\/v2\/media\/15898"}],"wp:attachment":[{"href":"https:\/\/zaposlise.hr\/blog\/wp-json\/wp\/v2\/media?parent=15889"}],"wp:term":[{"taxonomy":"category","embeddable":true,"href":"https:\/\/zaposlise.hr\/blog\/wp-json\/wp\/v2\/categories?post=15889"},{"taxonomy":"post_tag","embeddable":true,"href":"https:\/\/zaposlise.hr\/blog\/wp-json\/wp\/v2\/tags?post=15889"}],"curies":[{"name":"wp","href":"https:\/\/api.w.org\/{rel}","templated":true}]}}