{"id":17096,"date":"2025-09-16T12:03:28","date_gmt":"2025-09-16T10:03:28","guid":{"rendered":"https:\/\/zaposlise.hr\/blog\/?p=17096"},"modified":"2025-09-16T12:03:28","modified_gmt":"2025-09-16T10:03:28","slug":"probni-rok-vazna-faza-zaposljavanja","status":"publish","type":"post","link":"https:\/\/zaposlise.hr\/blog\/probni-rok-vazna-faza-zaposljavanja\/","title":{"rendered":"Probni rok: va\u017ena faza zapo\u0161ljavanja"},"content":{"rendered":"<span class=\"rt-reading-time\" style=\"display: block;\"><span class=\"rt-label rt-prefix\">Reading Time: <\/span> <span class=\"rt-time\">5<\/span> <span class=\"rt-label rt-postfix\">minute<\/span><\/span><p>Probni rok jedan je od naj\u010de\u0161\u0107ih elemenata ugovora o radu u Hrvatskoj i va\u017ena faza u svakom novom zaposlenju. Njegova je svrha dvostruka.<\/p>\n<p>S jedne strane poslodavcu daje priliku da procijeni kako se novi radnik snalazi u praksi. No, s druge strane radniku omogu\u0107uje da u stvarnim uvjetima vidi odgovara li mu posao, tim i radna kultura.<\/p>\n<p>Radi se obostranom tijeku suradnje.\u00a0Naj\u010de\u0161\u0107e traje od nekoliko tjedana do tri mjeseca, a u slo\u017eenijim poslovima i dulje.<\/p>\n<p>Tijekom tog razdoblja radnik ima sva prava kao i ostali zaposlenici. Ovdje mislimo na\u00a0redovnu pla\u0107u, mogu\u0107nost bolovanja, obra\u010dun godi\u0161njeg odmora.<\/p>\n<p>No, zaposlenici imaju i posebnu odgovornost da poka\u017ee profesionalnost, radi\u0161nost i prilagodljivost.<\/p>\n<p>Za poslodavca je to vrijeme u kojem provjerava ne samo stru\u010dnost, nego i osobine koje su va\u017ene za dugoro\u010dni uspjeh.<\/p>\n<p>Svako radno mjesto je specifi\u010dno, ali ako generaliziramo, te osobine bi bile <a href=\"https:\/\/zaposlise.hr\/blog\/zivotopis-i-komunikacijske-vjestine\/\">vje\u0161tina komunikacije<\/a>, timski rad i spremnost na u\u010denje.<\/p>\n<div id=\"attachment_17116\" style=\"width: 1210px\" class=\"wp-caption aligncenter\"><img loading=\"lazy\" decoding=\"async\" aria-describedby=\"caption-attachment-17116\" class=\"size-full wp-image-17116\" src=\"https:\/\/zaposlise.hr\/blog\/wp-content\/uploads\/2025\/09\/Zdrava-komunikacija-radno-mjesto.jpg\" alt=\"Zdrava komunikacija, radno mjesto\" width=\"1200\" height=\"675\" srcset=\"https:\/\/zaposlise.hr\/blog\/wp-content\/uploads\/2025\/09\/Zdrava-komunikacija-radno-mjesto.jpg 1200w, https:\/\/zaposlise.hr\/blog\/wp-content\/uploads\/2025\/09\/Zdrava-komunikacija-radno-mjesto-300x169.jpg 300w, https:\/\/zaposlise.hr\/blog\/wp-content\/uploads\/2025\/09\/Zdrava-komunikacija-radno-mjesto-1024x576.jpg 1024w, https:\/\/zaposlise.hr\/blog\/wp-content\/uploads\/2025\/09\/Zdrava-komunikacija-radno-mjesto-768x432.jpg 768w, https:\/\/zaposlise.hr\/blog\/wp-content\/uploads\/2025\/09\/Zdrava-komunikacija-radno-mjesto-444x250.jpg 444w\" sizes=\"(max-width: 1200px) 100vw, 1200px\" \/><p id=\"caption-attachment-17116\" class=\"wp-caption-text\"><span style=\"font-size: 8pt\">Zdrava komunikacija, radno mjesto<\/span><\/p><\/div>\n<p>Probnim rokom poslodavac si smanjuje \u0161ansu za rizikom. Pro\u010ditajte vi\u0161e detalja u nastavku teksta!<\/p>\n<div id=\"ez-toc-container\" class=\"ez-toc-v2_0_64 counter-hierarchy ez-toc-counter ez-toc-white ez-toc-container-direction\">\n<div class=\"ez-toc-title-container\">\n<p class=\"ez-toc-title \" >Sadr\u017eaj<\/p>\n<span class=\"ez-toc-title-toggle\"><\/span><\/div>\n<nav><ul class='ez-toc-list ez-toc-list-level-1 ' ><li class='ez-toc-page-1 ez-toc-heading-level-2'><a class=\"ez-toc-link ez-toc-heading-1\" href=\"https:\/\/zaposlise.hr\/blog\/probni-rok-vazna-faza-zaposljavanja\/#Trajanje_probnog_roka\" title=\"Trajanje probnog roka\">Trajanje probnog roka<\/a><\/li><li class='ez-toc-page-1 ez-toc-heading-level-2'><a class=\"ez-toc-link ez-toc-heading-2\" href=\"https:\/\/zaposlise.hr\/blog\/probni-rok-vazna-faza-zaposljavanja\/#Prava_i_obveze_tijekom_probnog_roka\" title=\"Prava i obveze tijekom probnog roka\">Prava i obveze tijekom probnog roka<\/a><\/li><li class='ez-toc-page-1 ez-toc-heading-level-2'><a class=\"ez-toc-link ez-toc-heading-3\" href=\"https:\/\/zaposlise.hr\/blog\/probni-rok-vazna-faza-zaposljavanja\/#Otkaz_tijekom_probnog_roka\" title=\"Otkaz tijekom probnog roka\">Otkaz tijekom probnog roka<\/a><\/li><li class='ez-toc-page-1 ez-toc-heading-level-2'><a class=\"ez-toc-link ez-toc-heading-4\" href=\"https:\/\/zaposlise.hr\/blog\/probni-rok-vazna-faza-zaposljavanja\/#Prednosti_probnog_roka_za_poslodavca\" title=\"Prednosti probnog roka za poslodavca\">Prednosti probnog roka za poslodavca<\/a><\/li><li class='ez-toc-page-1 ez-toc-heading-level-2'><a class=\"ez-toc-link ez-toc-heading-5\" href=\"https:\/\/zaposlise.hr\/blog\/probni-rok-vazna-faza-zaposljavanja\/#Prednosti_probnog_roka_za_radnika\" title=\"Prednosti probnog roka za radnika\">Prednosti probnog roka za radnika<\/a><\/li><li class='ez-toc-page-1 ez-toc-heading-level-2'><a class=\"ez-toc-link ez-toc-heading-6\" href=\"https:\/\/zaposlise.hr\/blog\/probni-rok-vazna-faza-zaposljavanja\/#Probni_rok_u_praksi_u_Hrvatskoj\" title=\"Probni rok u praksi u Hrvatskoj\">Probni rok u praksi u Hrvatskoj<\/a><\/li><li class='ez-toc-page-1 ez-toc-heading-level-2'><a class=\"ez-toc-link ez-toc-heading-7\" href=\"https:\/\/zaposlise.hr\/blog\/probni-rok-vazna-faza-zaposljavanja\/#Probni_rok_u_Europi\" title=\"Probni rok u Europi\">Probni rok u Europi<\/a><\/li><li class='ez-toc-page-1 ez-toc-heading-level-2'><a class=\"ez-toc-link ez-toc-heading-8\" href=\"https:\/\/zaposlise.hr\/blog\/probni-rok-vazna-faza-zaposljavanja\/#Kako_uspjesno_proci_probni_rok\" title=\"Kako uspje\u0161no pro\u0107i probni rok?\">Kako uspje\u0161no pro\u0107i probni rok?<\/a><\/li><li class='ez-toc-page-1 ez-toc-heading-level-2'><a class=\"ez-toc-link ez-toc-heading-9\" href=\"https:\/\/zaposlise.hr\/blog\/probni-rok-vazna-faza-zaposljavanja\/#Potrazite_svoj_novi_posao\" title=\"Potra\u017eite svoj\u00a0 novi posao\">Potra\u017eite svoj\u00a0 novi posao<\/a><\/li><\/ul><\/nav><\/div>\n<h2><span class=\"ez-toc-section\" id=\"Trajanje_probnog_roka\"><\/span>Trajanje probnog roka<span class=\"ez-toc-section-end\"><\/span><\/h2>\n<p>Probni rok u Hrvatskoj ne mo\u017ee trajati dulje od \u0161est mjeseci. U praksi, poslodavci \u010desto ugovaraju probni rok u trajanju od tri mjeseca, a ponekad i kra\u0107e, ovisno o vrsti posla i slo\u017eenosti radnih zadataka.<\/p>\n<p>Probni rok mo\u017ee biti produ\u017een samo u slu\u010daju kada radnik nije mogao obavljati posao zbog opravdanih razloga, primjerice bolovanja.<\/p>\n<p>U takvim slu\u010dajevima, probni rok se produ\u017euje za onoliko dana koliko je radnik bio odsutan.<\/p>\n<blockquote><p><span style=\"font-size: 14pt\">Ho\u0107e li <a href=\"https:\/\/www.psod.hr\/objave\/probni-rad--ugovaranje-trajanje-i-otkaz-ugovora-o-\" target=\"_blank\" rel=\"noopener\">ugovaranje probnog rada<\/a> uvijek biti opravdano? Odgovor na ovo pitanje je \u2013 ne\u0107e.<\/span><\/p><\/blockquote>\n<div id=\"attachment_17118\" style=\"width: 1210px\" class=\"wp-caption aligncenter\"><img loading=\"lazy\" decoding=\"async\" aria-describedby=\"caption-attachment-17118\" class=\"size-full wp-image-17118\" src=\"https:\/\/zaposlise.hr\/blog\/wp-content\/uploads\/2025\/09\/Sastanak-prezentacija-ured-mlada-radnica.jpg\" alt=\"Sastanak, prezentacija, ured, mlada radnica\" width=\"1200\" height=\"675\" srcset=\"https:\/\/zaposlise.hr\/blog\/wp-content\/uploads\/2025\/09\/Sastanak-prezentacija-ured-mlada-radnica.jpg 1200w, https:\/\/zaposlise.hr\/blog\/wp-content\/uploads\/2025\/09\/Sastanak-prezentacija-ured-mlada-radnica-300x169.jpg 300w, https:\/\/zaposlise.hr\/blog\/wp-content\/uploads\/2025\/09\/Sastanak-prezentacija-ured-mlada-radnica-1024x576.jpg 1024w, https:\/\/zaposlise.hr\/blog\/wp-content\/uploads\/2025\/09\/Sastanak-prezentacija-ured-mlada-radnica-768x432.jpg 768w, https:\/\/zaposlise.hr\/blog\/wp-content\/uploads\/2025\/09\/Sastanak-prezentacija-ured-mlada-radnica-444x250.jpg 444w\" sizes=\"(max-width: 1200px) 100vw, 1200px\" \/><p id=\"caption-attachment-17118\" class=\"wp-caption-text\"><span style=\"font-size: 8pt\">Sastanak, prezentacija, ured, mlada radnica; Izvor: Pexels.com<\/span><\/p><\/div>\n<p>Za\u0161to? Naime, ako su radnik i poslodavac ve\u0107 ranije imali ugovor o radu za isto radno mjesto, novi ugovor ne mo\u017ee ponovno sadr\u017eavati probni rok.<\/p>\n<p>Razlog je jednostavan. Svrha probnog roka ve\u0107 je ispunjena. Tijekom prvog ugovora poslodavac je imao dovoljno vremena da procijeni radnikove sposobnosti, znanja i vje\u0161tine potrebne ba\u0161 za to radno mjesto.<\/p>\n<p>Zato nema smisla ponovno ugovarati probni rad za istu poziciju.<\/p>\n<h2><span class=\"ez-toc-section\" id=\"Prava_i_obveze_tijekom_probnog_roka\"><\/span>Prava i obveze tijekom probnog roka<span class=\"ez-toc-section-end\"><\/span><\/h2>\n<p>Radnik za vrijeme probnog roka ima ista prava i obveze kao i svi drugi zaposlenici.<\/p>\n<p>Poslodavac, s druge strane, mora osigurati uvjete rada, upute i nadzor kako bi se radnik mogao dokazati u obavljanju svojih zadataka.<\/p>\n<p>Probni rok nije vrijeme besplatnog testiranja, nego punopravni radni odnos s dodatnim elementom evaluacije.<\/p>\n<blockquote><p><span style=\"font-size: 14pt\">Ovaj maksimalan period od \u0161est mjeseci propisan <a href=\"https:\/\/www.zakon.hr\/z\/307\/zakon-o-radu\" target=\"_blank\" rel=\"noopener\">ZR<\/a>-om predstavlja objektivni period u kojem se mo\u017ee posti\u0107i svrha probnog rada.<\/span><\/p>\n<p><span style=\"font-size: 14pt\"> Zato je svako ugovaranje probnog rada du\u017ee od <a href=\"https:\/\/www.psod.hr\/objave\/probni-rad--ugovaranje-trajanje-i-otkaz-ugovora-o-\" target=\"_blank\" rel=\"noopener\">\u0161est mjeseci<\/a> ni\u0161tetno.<\/span><\/p><\/blockquote>\n<div id=\"attachment_17120\" style=\"width: 1210px\" class=\"wp-caption aligncenter\"><img loading=\"lazy\" decoding=\"async\" aria-describedby=\"caption-attachment-17120\" class=\"size-full wp-image-17120\" src=\"https:\/\/zaposlise.hr\/blog\/wp-content\/uploads\/2025\/09\/Dogovoren-probni-rok-rukovanje-poslodavac-radnik.jpg\" alt=\"Dogovoren probni rok, rukovanje, poslodavac, radnik\" width=\"1200\" height=\"675\" srcset=\"https:\/\/zaposlise.hr\/blog\/wp-content\/uploads\/2025\/09\/Dogovoren-probni-rok-rukovanje-poslodavac-radnik.jpg 1200w, https:\/\/zaposlise.hr\/blog\/wp-content\/uploads\/2025\/09\/Dogovoren-probni-rok-rukovanje-poslodavac-radnik-300x169.jpg 300w, https:\/\/zaposlise.hr\/blog\/wp-content\/uploads\/2025\/09\/Dogovoren-probni-rok-rukovanje-poslodavac-radnik-1024x576.jpg 1024w, https:\/\/zaposlise.hr\/blog\/wp-content\/uploads\/2025\/09\/Dogovoren-probni-rok-rukovanje-poslodavac-radnik-768x432.jpg 768w, https:\/\/zaposlise.hr\/blog\/wp-content\/uploads\/2025\/09\/Dogovoren-probni-rok-rukovanje-poslodavac-radnik-444x250.jpg 444w\" sizes=\"(max-width: 1200px) 100vw, 1200px\" \/><p id=\"caption-attachment-17120\" class=\"wp-caption-text\"><span style=\"font-size: 8pt\">Dogovoren probni rok, rukovanje, poslodavac, radnik; Izvor: Pexels.com<\/span><\/p><\/div>\n<h2><span class=\"ez-toc-section\" id=\"Otkaz_tijekom_probnog_roka\"><\/span>Otkaz tijekom probnog roka<span class=\"ez-toc-section-end\"><\/span><\/h2>\n<p>Posebnost probnog roka jest mogu\u0107nost otkaza s kra\u0107im otkaznim rokom. Ako poslodavac ocijeni da radnik ne zadovoljava, mo\u017ee otkazati ugovor o radu uz otkazni rok od najmanje sedam dana.<\/p>\n<p>Isto pravo ima i radnik. Naime, mo\u017ee napustiti posao u roku od sedam dana, bez obaveze duljeg otkaznog razdoblja koje vrijedi izvan probnog roka.<\/p>\n<p>Otkaz mora biti pisan i obrazlo\u017een.<\/p>\n<p>Naj\u010de\u0161\u0107i razlozi otkaza tijekom probnog roka su nedovoljno zadovoljavanje radnih standarda, nesnala\u017eenje u timu, nepo\u0161tivanje radnih obaveza ili neslaganje s poslovnom kulturom.<\/p>\n<p><em>Poslovna ili <a href=\"https:\/\/zaposlise.hr\/blog\/korporativna-kultura\/\">korporativna kultura<\/a> pokazuje na\u0161 odnos prema poslu, poslodavcu i kolegama. Temelje za dobre odnose postavlja poslodavac. Pro\u010ditajte vi\u0161e u \u010dlanku na linku!<\/em><\/p>\n<h2><span class=\"ez-toc-section\" id=\"Prednosti_probnog_roka_za_poslodavca\"><\/span>Prednosti probnog roka za poslodavca<span class=\"ez-toc-section-end\"><\/span><\/h2>\n<p>Za poslodavce, probni rok je prilika da provjere kompetencije koje nije uvijek mogu\u0107e to\u010dno procijeniti tijekom razgovora za posao.<\/p>\n<div id=\"attachment_17121\" style=\"width: 1210px\" class=\"wp-caption aligncenter\"><img loading=\"lazy\" decoding=\"async\" aria-describedby=\"caption-attachment-17121\" class=\"size-full wp-image-17121\" src=\"https:\/\/zaposlise.hr\/blog\/wp-content\/uploads\/2025\/09\/Probni-rok-probni-rad-novi-posao-zaposljavanje.jpg\" alt=\"Probni rok, probni rad, novi posao, zapo\u0161ljavanje\" width=\"1200\" height=\"675\" srcset=\"https:\/\/zaposlise.hr\/blog\/wp-content\/uploads\/2025\/09\/Probni-rok-probni-rad-novi-posao-zaposljavanje.jpg 1200w, https:\/\/zaposlise.hr\/blog\/wp-content\/uploads\/2025\/09\/Probni-rok-probni-rad-novi-posao-zaposljavanje-300x169.jpg 300w, https:\/\/zaposlise.hr\/blog\/wp-content\/uploads\/2025\/09\/Probni-rok-probni-rad-novi-posao-zaposljavanje-1024x576.jpg 1024w, https:\/\/zaposlise.hr\/blog\/wp-content\/uploads\/2025\/09\/Probni-rok-probni-rad-novi-posao-zaposljavanje-768x432.jpg 768w, https:\/\/zaposlise.hr\/blog\/wp-content\/uploads\/2025\/09\/Probni-rok-probni-rad-novi-posao-zaposljavanje-444x250.jpg 444w\" sizes=\"(max-width: 1200px) 100vw, 1200px\" \/><p id=\"caption-attachment-17121\" class=\"wp-caption-text\"><span style=\"font-size: 8pt\">Probni rok, probni rad, novi posao, zapo\u0161ljavanje; Izvor: Pexels.com<\/span><\/p><\/div>\n<p>Mnogi kandidati imaju dobro napisan \u017eivotopis i uvje\u017eban nastup radi prvog dojma, ali tek kroz rad u timu pokazuje se njihova odgovornost, brzina u\u010denja, komunikacija i prilagodljivost.<\/p>\n<p>Probni rok poslodavcima tako\u0111er omogu\u0107uje smanjenje rizika pogre\u0161nog zapo\u0161ljavanja, \u0161to je posebno va\u017eno u industrijama gdje tro\u0161kovi obuke i zapo\u0161ljavanja novih ljudi mogu biti visoki.<\/p>\n<p><em>Donosimo vam predlo\u017eak kojim mo\u017eete napisati dobar <a href=\"https:\/\/zaposlise.hr\/blog\/zivotopis-predlozak-za-uspjesnu-prijavu-na-oglase-2024\/\">\u017eivotopis<\/a>. Pro\u010ditajte ga!\u00a0<\/em><\/p>\n<h2><span class=\"ez-toc-section\" id=\"Prednosti_probnog_roka_za_radnika\"><\/span>Prednosti probnog roka za radnika<span class=\"ez-toc-section-end\"><\/span><\/h2>\n<p>Radnici \u010desto probni rok do\u017eivljavaju kao ispitivanje, ali on je i prilika da sami procijene odgovara li im posao.<\/p>\n<p><strong>Tijekom tog razdoblja radnik mo\u017ee testirati:<\/strong><\/p>\n<ul>\n<li>atmosferu u timu,<\/li>\n<li>stil vo\u0111enja menad\u017eera,<\/li>\n<li>organizacijsku kulturu,<\/li>\n<li>uskla\u0111enost radnih zadataka s vlastitim o\u010dekivanjima i vje\u0161tinama.<\/li>\n<\/ul>\n<p>Ako radnik shvati da posao nije ono \u0161to je o\u010dekivao, probni rok mu omogu\u0107uje lak\u0161i odlazak i br\u017ee tra\u017eenje nove prilike.<\/p>\n<div id=\"attachment_17124\" style=\"width: 1210px\" class=\"wp-caption aligncenter\"><img loading=\"lazy\" decoding=\"async\" aria-describedby=\"caption-attachment-17124\" class=\"size-full wp-image-17124\" src=\"https:\/\/zaposlise.hr\/blog\/wp-content\/uploads\/2025\/09\/Novi-posao-gradevina-gradevinac-radnik-baustela-Pexels.jpg\" alt=\"Novi posao, gra\u0111evina, gra\u0111evinac, radnik, bau\u0161tela, Pexels\" width=\"1200\" height=\"675\" srcset=\"https:\/\/zaposlise.hr\/blog\/wp-content\/uploads\/2025\/09\/Novi-posao-gradevina-gradevinac-radnik-baustela-Pexels.jpg 1200w, https:\/\/zaposlise.hr\/blog\/wp-content\/uploads\/2025\/09\/Novi-posao-gradevina-gradevinac-radnik-baustela-Pexels-300x169.jpg 300w, https:\/\/zaposlise.hr\/blog\/wp-content\/uploads\/2025\/09\/Novi-posao-gradevina-gradevinac-radnik-baustela-Pexels-1024x576.jpg 1024w, https:\/\/zaposlise.hr\/blog\/wp-content\/uploads\/2025\/09\/Novi-posao-gradevina-gradevinac-radnik-baustela-Pexels-768x432.jpg 768w, https:\/\/zaposlise.hr\/blog\/wp-content\/uploads\/2025\/09\/Novi-posao-gradevina-gradevinac-radnik-baustela-Pexels-444x250.jpg 444w\" sizes=\"(max-width: 1200px) 100vw, 1200px\" \/><p id=\"caption-attachment-17124\" class=\"wp-caption-text\"><span style=\"font-size: 8pt\">Novi posao, gra\u0111evina, gra\u0111evinac, radnik, bau\u0161tela, Izvor: Pexels<\/span><\/p><\/div>\n<p><em>Priliku za<a href=\"http:\/\/zaposlise.hr\/posao\"> novi posao<\/a> mo\u017eete prona\u0107i kod nas. Zato se <a href=\"http:\/\/zaposlise.hr\/posao\">registrirajte<\/a> na portal i neka posao prona\u0111e vas!<\/em><\/p>\n<h2><span class=\"ez-toc-section\" id=\"Probni_rok_u_praksi_u_Hrvatskoj\"><\/span>Probni rok u praksi u Hrvatskoj<span class=\"ez-toc-section-end\"><\/span><\/h2>\n<p>U Hrvatskoj je probni rok naj\u010de\u0161\u0107e ugovoren kod novih zapo\u0161ljavanja, posebno na pozicijama koje zahtijevaju specifi\u010dne vje\u0161tine ili uloge u timu.<\/p>\n<p>U nekim sektorima, poput IT industrije, prodaje ili financija, probni rok se koristi gotovo standardno. U javnom sektoru tako\u0111er se primjenjuje, iako uz jasnije procedure i pravila.<\/p>\n<p>Poslodavci koji ula\u017eu u razvoj zaposlenika \u010desto koriste probni rok i kao vrijeme za mentorstvo i dodatnu obuku, a ne samo evaluaciju.<\/p>\n<p>Na taj se na\u010din stvara pozitivnija percepcija probnog roka me\u0111u zaposlenicima i poti\u010de ve\u0107u lojalnost.<\/p>\n<p><em><a href=\"https:\/\/zaposlise.hr\/blog\/napredovanje-u-karijeri\/\">Napredovanje<\/a> u karijeri va\u017ena je stavka ve\u0107ine radnika. Pro\u010ditajte vi\u0161e o temi!<\/em><\/p>\n<h2><span class=\"ez-toc-section\" id=\"Probni_rok_u_Europi\"><\/span>Probni rok u Europi<span class=\"ez-toc-section-end\"><\/span><\/h2>\n<p>Uspore\u0111uju\u0107i Hrvatsku s drugim europskim zemljama, mo\u017ee se vidjeti da su trajanja probnih rokova sli\u010dna, ali ipak postoje razlike.<\/p>\n<div id=\"attachment_17126\" style=\"width: 1210px\" class=\"wp-caption aligncenter\"><img loading=\"lazy\" decoding=\"async\" aria-describedby=\"caption-attachment-17126\" class=\"size-full wp-image-17126\" src=\"https:\/\/zaposlise.hr\/blog\/wp-content\/uploads\/2025\/09\/Probni-rok-Europa-Europska-unija-rad-u-inozemstvu-radnica-u-radnoj-odjeci-Pexels.jpg\" alt=\"Probni rok, Europa, Europska unija, rad u inozemstvu, radnica u radnoj odje\u0107i, Pexels\" width=\"1200\" height=\"675\" srcset=\"https:\/\/zaposlise.hr\/blog\/wp-content\/uploads\/2025\/09\/Probni-rok-Europa-Europska-unija-rad-u-inozemstvu-radnica-u-radnoj-odjeci-Pexels.jpg 1200w, https:\/\/zaposlise.hr\/blog\/wp-content\/uploads\/2025\/09\/Probni-rok-Europa-Europska-unija-rad-u-inozemstvu-radnica-u-radnoj-odjeci-Pexels-300x169.jpg 300w, https:\/\/zaposlise.hr\/blog\/wp-content\/uploads\/2025\/09\/Probni-rok-Europa-Europska-unija-rad-u-inozemstvu-radnica-u-radnoj-odjeci-Pexels-1024x576.jpg 1024w, https:\/\/zaposlise.hr\/blog\/wp-content\/uploads\/2025\/09\/Probni-rok-Europa-Europska-unija-rad-u-inozemstvu-radnica-u-radnoj-odjeci-Pexels-768x432.jpg 768w, https:\/\/zaposlise.hr\/blog\/wp-content\/uploads\/2025\/09\/Probni-rok-Europa-Europska-unija-rad-u-inozemstvu-radnica-u-radnoj-odjeci-Pexels-444x250.jpg 444w\" sizes=\"(max-width: 1200px) 100vw, 1200px\" \/><p id=\"caption-attachment-17126\" class=\"wp-caption-text\"><span style=\"font-size: 8pt\">Probni rok, Europa, Europska unija, rad u inozemstvu, radnica u radnoj odje\u0107i; Izvor: Pexels<\/span><\/p><\/div>\n<p>Primjerice, u Njema\u010dkoj probni rok naj\u010de\u0161\u0107e traje \u0161est mjeseci, dok je u Francuskoj maksimalno \u010detiri. U nordijskim zemljama \u010desto je kra\u0107i, ali se produ\u017euje ako je potrebno.<\/p>\n<p>Ono \u0161to razlikuje Hrvatsku jest fleksibilnost. Poslodavci i radnici mogu dogovoriti trajanje probnog roka unutar zakonskog maksimuma, \u0161to omogu\u0107uje prilagodbu specifi\u010dnim poslovima i industrijama.<\/p>\n<blockquote><p>Bitno je napomenuti kako poslodavac mo\u017ee radniku otkazati <a href=\"https:\/\/www.psod.hr\/objave\/probni-rad--ugovaranje-trajanje-i-otkaz-ugovora-o-\" target=\"_blank\" rel=\"noopener\">ugovor o radu<\/a> zbog nezadovoljavanja na probnom radu tijekom trajanja istog, a najkasnije zadnjeg dana probnog rada.<\/p><\/blockquote>\n<p><em>Morate pro\u010ditati vlastiti <a href=\"https:\/\/zaposlise.hr\/blog\/ugovor-o-radu-sve-sto-trebate-znati\/\">ugovor o radu<\/a>. Saznajte vi\u0161e o ovoj va\u017enoj temi!<\/em><\/p>\n<h2><span class=\"ez-toc-section\" id=\"Kako_uspjesno_proci_probni_rok\"><\/span>Kako uspje\u0161no pro\u0107i probni rok?<span class=\"ez-toc-section-end\"><\/span><\/h2>\n<p>Za radnike, probni rok je prilika za dokazivanje. Najva\u017enije je pokazati:<\/p>\n<ul>\n<li>inicijativu i spremnost na u\u010denje,<\/li>\n<\/ul>\n<div id=\"attachment_17128\" style=\"width: 1210px\" class=\"wp-caption aligncenter\"><img loading=\"lazy\" decoding=\"async\" aria-describedby=\"caption-attachment-17128\" class=\"size-full wp-image-17128\" src=\"https:\/\/zaposlise.hr\/blog\/wp-content\/uploads\/2025\/09\/Ucenje-edukacija-posao-cjelozivotno-ucenje-Pexels.jpg\" alt=\"U\u010denje, edukacija, posao, cjelo\u017eivotno u\u010denje, Pexels\" width=\"1200\" height=\"675\" srcset=\"https:\/\/zaposlise.hr\/blog\/wp-content\/uploads\/2025\/09\/Ucenje-edukacija-posao-cjelozivotno-ucenje-Pexels.jpg 1200w, https:\/\/zaposlise.hr\/blog\/wp-content\/uploads\/2025\/09\/Ucenje-edukacija-posao-cjelozivotno-ucenje-Pexels-300x169.jpg 300w, https:\/\/zaposlise.hr\/blog\/wp-content\/uploads\/2025\/09\/Ucenje-edukacija-posao-cjelozivotno-ucenje-Pexels-1024x576.jpg 1024w, https:\/\/zaposlise.hr\/blog\/wp-content\/uploads\/2025\/09\/Ucenje-edukacija-posao-cjelozivotno-ucenje-Pexels-768x432.jpg 768w, https:\/\/zaposlise.hr\/blog\/wp-content\/uploads\/2025\/09\/Ucenje-edukacija-posao-cjelozivotno-ucenje-Pexels-444x250.jpg 444w\" sizes=\"(max-width: 1200px) 100vw, 1200px\" \/><p id=\"caption-attachment-17128\" class=\"wp-caption-text\"><span style=\"font-size: 8pt\">U\u010denje, edukacija, posao, cjelo\u017eivotno u\u010denje, Izvor: Pexels<\/span><\/p><\/div>\n<ul>\n<li>prilagodbu novim situacijama i kolegama,<\/li>\n<li>odgovornost, uredno obavljanje zadataka i po\u0161tivanje rokova,<\/li>\n<li>otvorenost prema timu i nadre\u0111enima.<\/li>\n<\/ul>\n<p>Poslodavci cijene radnike koji ve\u0107 u prvim mjesecima pokazuju profesionalnost i \u017eelju za napredovanjem, jer se time stvaraju temelji za dugoro\u010dnu suradnju.<\/p>\n<blockquote><p>Cilj je probnog rada da obje strane ustanove jesu li pri sklapanju ugovora ispravno procijenili sve okolnosti va\u017ene za <a href=\"https:\/\/www.psod.hr\/objave\/probni-rad--ugovaranje-trajanje-i-otkaz-ugovora-o-\" target=\"_blank\" rel=\"noopener\">dono\u0161enje odluke<\/a> o sklapanju ugovora o radu na odre\u0111enom radnom mjestu.<\/p><\/blockquote>\n<h2><span class=\"ez-toc-section\" id=\"Potrazite_svoj_novi_posao\"><\/span>Potra\u017eite svoj\u00a0 novi posao<span class=\"ez-toc-section-end\"><\/span><\/h2>\n<p>Na po\u010detku ste probnog roka kod novog poslodavca? Ili mo\u017eda razmi\u0161ljate o promjeni posla? U svakoj situaciji, pregledajte na\u0161e <a href=\"http:\/\/zaposlise.hr\/posao\">oglase za posao<\/a>!<\/p>\n<p>Prona\u0111ite <a href=\"http:\/\/zaposlise.hr\/posao\">radno mjesto<\/a> koje \u0107ete \u017eeljeti zadr\u017eati i nakon isteka probnog roka!<\/p>\n","protected":false},"excerpt":{"rendered":"<p>Probni rok jedan je od naj\u010de\u0161\u0107ih elemenata ugovora o radu u Hrvatskoj i va\u017ena faza u svakom novom zaposlenju. Njegova [&hellip;]<\/p>\n","protected":false},"author":4,"featured_media":17114,"comment_status":"closed","ping_status":"closed","sticky":false,"template":"","format":"standard","meta":{"inline_featured_image":false,"footnotes":""},"categories":[26],"tags":[494,611,309,648,286,134],"yoast_head":"<!-- This site is optimized with the Yoast SEO plugin v21.6 - https:\/\/yoast.com\/wordpress\/plugins\/seo\/ -->\n<title>Probni rok: va\u017ena faza zapo\u0161ljavanja - Zaposlise.hr<\/title>\n<meta name=\"description\" content=\"Probni rok va\u017ean je alat za poslodavca i radnika. Njime se smanjuje rizik i podi\u017ee \u0161ansa za promi\u0161ljanjem. Pro\u010ditajte vi\u0161e!\" \/>\n<meta name=\"robots\" content=\"index, follow, max-snippet:-1, max-image-preview:large, max-video-preview:-1\" \/>\n<link rel=\"canonical\" href=\"https:\/\/zaposlise.hr\/blog\/probni-rok-vazna-faza-zaposljavanja\/\" \/>\n<meta property=\"og:locale\" content=\"hr_HR\" \/>\n<meta property=\"og:type\" content=\"article\" \/>\n<meta property=\"og:title\" content=\"Probni rok: va\u017ena faza zapo\u0161ljavanja - Zaposlise.hr\" \/>\n<meta property=\"og:description\" content=\"Probni rok va\u017ean je alat za poslodavca i radnika. Njime se smanjuje rizik i podi\u017ee \u0161ansa za promi\u0161ljanjem. Pro\u010ditajte vi\u0161e!\" \/>\n<meta property=\"og:url\" content=\"https:\/\/zaposlise.hr\/blog\/probni-rok-vazna-faza-zaposljavanja\/\" \/>\n<meta property=\"og:site_name\" content=\"Zaposlise.hr\" \/>\n<meta property=\"article:published_time\" content=\"2025-09-16T10:03:28+00:00\" \/>\n<meta property=\"og:image\" content=\"https:\/\/zaposlise.hr\/blog\/wp-content\/uploads\/2025\/09\/Probni-rok.png\" \/>\n\t<meta property=\"og:image:width\" content=\"1200\" \/>\n\t<meta property=\"og:image:height\" content=\"675\" \/>\n\t<meta property=\"og:image:type\" content=\"image\/png\" \/>\n<meta name=\"author\" content=\"Maja Cvetkovic\" \/>\n<meta name=\"twitter:card\" content=\"summary_large_image\" \/>\n<meta name=\"twitter:label1\" content=\"Napisao\/la\" \/>\n\t<meta name=\"twitter:data1\" content=\"Maja Cvetkovic\" \/>\n\t<meta name=\"twitter:label2\" content=\"Procijenjeno vrijeme \u010ditanja\" \/>\n\t<meta name=\"twitter:data2\" content=\"7 minuta\" \/>\n<script type=\"application\/ld+json\" class=\"yoast-schema-graph\">{\"@context\":\"https:\/\/schema.org\",\"@graph\":[{\"@type\":\"Article\",\"@id\":\"https:\/\/zaposlise.hr\/blog\/probni-rok-vazna-faza-zaposljavanja\/#article\",\"isPartOf\":{\"@id\":\"https:\/\/zaposlise.hr\/blog\/probni-rok-vazna-faza-zaposljavanja\/\"},\"author\":{\"name\":\"Maja Cvetkovic\",\"@id\":\"https:\/\/zaposlise.hr\/blog\/#\/schema\/person\/11d6327b8569a9e940673e6acbfa396a\"},\"headline\":\"Probni rok: va\u017ena faza zapo\u0161ljavanja\",\"datePublished\":\"2025-09-16T10:03:28+00:00\",\"dateModified\":\"2025-09-16T10:03:28+00:00\",\"mainEntityOfPage\":{\"@id\":\"https:\/\/zaposlise.hr\/blog\/probni-rok-vazna-faza-zaposljavanja\/\"},\"wordCount\":1272,\"publisher\":{\"@id\":\"https:\/\/zaposlise.hr\/blog\/#organization\"},\"keywords\":[\"korporativna kultura\",\"napredovanje\",\"otkaz\",\"probni rok\",\"ugovor o radu\",\"\u017eivotopis\"],\"articleSection\":[\"Iskustva i savjeti\"],\"inLanguage\":\"hr\"},{\"@type\":\"WebPage\",\"@id\":\"https:\/\/zaposlise.hr\/blog\/probni-rok-vazna-faza-zaposljavanja\/\",\"url\":\"https:\/\/zaposlise.hr\/blog\/probni-rok-vazna-faza-zaposljavanja\/\",\"name\":\"Probni rok: va\u017ena faza zapo\u0161ljavanja - Zaposlise.hr\",\"isPartOf\":{\"@id\":\"https:\/\/zaposlise.hr\/blog\/#website\"},\"datePublished\":\"2025-09-16T10:03:28+00:00\",\"dateModified\":\"2025-09-16T10:03:28+00:00\",\"description\":\"Probni rok va\u017ean je alat za poslodavca i radnika. Njime se smanjuje rizik i podi\u017ee \u0161ansa za promi\u0161ljanjem. Pro\u010ditajte vi\u0161e!\",\"breadcrumb\":{\"@id\":\"https:\/\/zaposlise.hr\/blog\/probni-rok-vazna-faza-zaposljavanja\/#breadcrumb\"},\"inLanguage\":\"hr\",\"potentialAction\":[{\"@type\":\"ReadAction\",\"target\":[\"https:\/\/zaposlise.hr\/blog\/probni-rok-vazna-faza-zaposljavanja\/\"]}]},{\"@type\":\"BreadcrumbList\",\"@id\":\"https:\/\/zaposlise.hr\/blog\/probni-rok-vazna-faza-zaposljavanja\/#breadcrumb\",\"itemListElement\":[{\"@type\":\"ListItem\",\"position\":1,\"name\":\"Po\u010detna stranica\",\"item\":\"https:\/\/zaposlise.hr\/blog\/\"},{\"@type\":\"ListItem\",\"position\":2,\"name\":\"Probni rok: va\u017ena faza zapo\u0161ljavanja\"}]},{\"@type\":\"WebSite\",\"@id\":\"https:\/\/zaposlise.hr\/blog\/#website\",\"url\":\"https:\/\/zaposlise.hr\/blog\/\",\"name\":\"Zaposlise.hr\",\"description\":\"Posao za tebe\",\"publisher\":{\"@id\":\"https:\/\/zaposlise.hr\/blog\/#organization\"},\"potentialAction\":[{\"@type\":\"SearchAction\",\"target\":{\"@type\":\"EntryPoint\",\"urlTemplate\":\"https:\/\/zaposlise.hr\/blog\/?s={search_term_string}\"},\"query-input\":\"required name=search_term_string\"}],\"inLanguage\":\"hr\"},{\"@type\":\"Organization\",\"@id\":\"https:\/\/zaposlise.hr\/blog\/#organization\",\"name\":\"Zaposlise.hr\",\"url\":\"https:\/\/zaposlise.hr\/blog\/\",\"logo\":{\"@type\":\"ImageObject\",\"inLanguage\":\"hr\",\"@id\":\"https:\/\/zaposlise.hr\/blog\/#\/schema\/logo\/image\/\",\"url\":\"https:\/\/zaposlise.hr\/blog\/wp-content\/uploads\/2024\/06\/Screenshot-2024-06-05-at-09.05.43.png\",\"contentUrl\":\"https:\/\/zaposlise.hr\/blog\/wp-content\/uploads\/2024\/06\/Screenshot-2024-06-05-at-09.05.43.png\",\"width\":2088,\"height\":592,\"caption\":\"Zaposlise.hr\"},\"image\":{\"@id\":\"https:\/\/zaposlise.hr\/blog\/#\/schema\/logo\/image\/\"}},{\"@type\":\"Person\",\"@id\":\"https:\/\/zaposlise.hr\/blog\/#\/schema\/person\/11d6327b8569a9e940673e6acbfa396a\",\"name\":\"Maja Cvetkovic\",\"image\":{\"@type\":\"ImageObject\",\"inLanguage\":\"hr\",\"@id\":\"https:\/\/zaposlise.hr\/blog\/#\/schema\/person\/image\/\",\"url\":\"https:\/\/secure.gravatar.com\/avatar\/e8d7da4f01ab43b5b98fc69bf899cf57?s=96&d=mm&r=g\",\"contentUrl\":\"https:\/\/secure.gravatar.com\/avatar\/e8d7da4f01ab43b5b98fc69bf899cf57?s=96&d=mm&r=g\",\"caption\":\"Maja Cvetkovic\"},\"url\":\"https:\/\/zaposlise.hr\/blog\/author\/mayacvetkovic\/\"}]}<\/script>\n<!-- \/ Yoast SEO plugin. -->","yoast_head_json":{"title":"Probni rok: va\u017ena faza zapo\u0161ljavanja - Zaposlise.hr","description":"Probni rok va\u017ean je alat za poslodavca i radnika. Njime se smanjuje rizik i podi\u017ee \u0161ansa za promi\u0161ljanjem. Pro\u010ditajte vi\u0161e!","robots":{"index":"index","follow":"follow","max-snippet":"max-snippet:-1","max-image-preview":"max-image-preview:large","max-video-preview":"max-video-preview:-1"},"canonical":"https:\/\/zaposlise.hr\/blog\/probni-rok-vazna-faza-zaposljavanja\/","og_locale":"hr_HR","og_type":"article","og_title":"Probni rok: va\u017ena faza zapo\u0161ljavanja - Zaposlise.hr","og_description":"Probni rok va\u017ean je alat za poslodavca i radnika. Njime se smanjuje rizik i podi\u017ee \u0161ansa za promi\u0161ljanjem. Pro\u010ditajte vi\u0161e!","og_url":"https:\/\/zaposlise.hr\/blog\/probni-rok-vazna-faza-zaposljavanja\/","og_site_name":"Zaposlise.hr","article_published_time":"2025-09-16T10:03:28+00:00","og_image":[{"width":1200,"height":675,"url":"https:\/\/zaposlise.hr\/blog\/wp-content\/uploads\/2025\/09\/Probni-rok.png","type":"image\/png"}],"author":"Maja Cvetkovic","twitter_card":"summary_large_image","twitter_misc":{"Napisao\/la":"Maja Cvetkovic","Procijenjeno vrijeme \u010ditanja":"7 minuta"},"schema":{"@context":"https:\/\/schema.org","@graph":[{"@type":"Article","@id":"https:\/\/zaposlise.hr\/blog\/probni-rok-vazna-faza-zaposljavanja\/#article","isPartOf":{"@id":"https:\/\/zaposlise.hr\/blog\/probni-rok-vazna-faza-zaposljavanja\/"},"author":{"name":"Maja Cvetkovic","@id":"https:\/\/zaposlise.hr\/blog\/#\/schema\/person\/11d6327b8569a9e940673e6acbfa396a"},"headline":"Probni rok: va\u017ena faza zapo\u0161ljavanja","datePublished":"2025-09-16T10:03:28+00:00","dateModified":"2025-09-16T10:03:28+00:00","mainEntityOfPage":{"@id":"https:\/\/zaposlise.hr\/blog\/probni-rok-vazna-faza-zaposljavanja\/"},"wordCount":1272,"publisher":{"@id":"https:\/\/zaposlise.hr\/blog\/#organization"},"keywords":["korporativna kultura","napredovanje","otkaz","probni rok","ugovor o radu","\u017eivotopis"],"articleSection":["Iskustva i savjeti"],"inLanguage":"hr"},{"@type":"WebPage","@id":"https:\/\/zaposlise.hr\/blog\/probni-rok-vazna-faza-zaposljavanja\/","url":"https:\/\/zaposlise.hr\/blog\/probni-rok-vazna-faza-zaposljavanja\/","name":"Probni rok: va\u017ena faza zapo\u0161ljavanja - Zaposlise.hr","isPartOf":{"@id":"https:\/\/zaposlise.hr\/blog\/#website"},"datePublished":"2025-09-16T10:03:28+00:00","dateModified":"2025-09-16T10:03:28+00:00","description":"Probni rok va\u017ean je alat za poslodavca i radnika. Njime se smanjuje rizik i podi\u017ee \u0161ansa za promi\u0161ljanjem. Pro\u010ditajte vi\u0161e!","breadcrumb":{"@id":"https:\/\/zaposlise.hr\/blog\/probni-rok-vazna-faza-zaposljavanja\/#breadcrumb"},"inLanguage":"hr","potentialAction":[{"@type":"ReadAction","target":["https:\/\/zaposlise.hr\/blog\/probni-rok-vazna-faza-zaposljavanja\/"]}]},{"@type":"BreadcrumbList","@id":"https:\/\/zaposlise.hr\/blog\/probni-rok-vazna-faza-zaposljavanja\/#breadcrumb","itemListElement":[{"@type":"ListItem","position":1,"name":"Po\u010detna stranica","item":"https:\/\/zaposlise.hr\/blog\/"},{"@type":"ListItem","position":2,"name":"Probni rok: va\u017ena faza zapo\u0161ljavanja"}]},{"@type":"WebSite","@id":"https:\/\/zaposlise.hr\/blog\/#website","url":"https:\/\/zaposlise.hr\/blog\/","name":"Zaposlise.hr","description":"Posao za tebe","publisher":{"@id":"https:\/\/zaposlise.hr\/blog\/#organization"},"potentialAction":[{"@type":"SearchAction","target":{"@type":"EntryPoint","urlTemplate":"https:\/\/zaposlise.hr\/blog\/?s={search_term_string}"},"query-input":"required name=search_term_string"}],"inLanguage":"hr"},{"@type":"Organization","@id":"https:\/\/zaposlise.hr\/blog\/#organization","name":"Zaposlise.hr","url":"https:\/\/zaposlise.hr\/blog\/","logo":{"@type":"ImageObject","inLanguage":"hr","@id":"https:\/\/zaposlise.hr\/blog\/#\/schema\/logo\/image\/","url":"https:\/\/zaposlise.hr\/blog\/wp-content\/uploads\/2024\/06\/Screenshot-2024-06-05-at-09.05.43.png","contentUrl":"https:\/\/zaposlise.hr\/blog\/wp-content\/uploads\/2024\/06\/Screenshot-2024-06-05-at-09.05.43.png","width":2088,"height":592,"caption":"Zaposlise.hr"},"image":{"@id":"https:\/\/zaposlise.hr\/blog\/#\/schema\/logo\/image\/"}},{"@type":"Person","@id":"https:\/\/zaposlise.hr\/blog\/#\/schema\/person\/11d6327b8569a9e940673e6acbfa396a","name":"Maja Cvetkovic","image":{"@type":"ImageObject","inLanguage":"hr","@id":"https:\/\/zaposlise.hr\/blog\/#\/schema\/person\/image\/","url":"https:\/\/secure.gravatar.com\/avatar\/e8d7da4f01ab43b5b98fc69bf899cf57?s=96&d=mm&r=g","contentUrl":"https:\/\/secure.gravatar.com\/avatar\/e8d7da4f01ab43b5b98fc69bf899cf57?s=96&d=mm&r=g","caption":"Maja Cvetkovic"},"url":"https:\/\/zaposlise.hr\/blog\/author\/mayacvetkovic\/"}]}},"_links":{"self":[{"href":"https:\/\/zaposlise.hr\/blog\/wp-json\/wp\/v2\/posts\/17096"}],"collection":[{"href":"https:\/\/zaposlise.hr\/blog\/wp-json\/wp\/v2\/posts"}],"about":[{"href":"https:\/\/zaposlise.hr\/blog\/wp-json\/wp\/v2\/types\/post"}],"author":[{"embeddable":true,"href":"https:\/\/zaposlise.hr\/blog\/wp-json\/wp\/v2\/users\/4"}],"replies":[{"embeddable":true,"href":"https:\/\/zaposlise.hr\/blog\/wp-json\/wp\/v2\/comments?post=17096"}],"version-history":[{"count":26,"href":"https:\/\/zaposlise.hr\/blog\/wp-json\/wp\/v2\/posts\/17096\/revisions"}],"predecessor-version":[{"id":17130,"href":"https:\/\/zaposlise.hr\/blog\/wp-json\/wp\/v2\/posts\/17096\/revisions\/17130"}],"wp:featuredmedia":[{"embeddable":true,"href":"https:\/\/zaposlise.hr\/blog\/wp-json\/wp\/v2\/media\/17114"}],"wp:attachment":[{"href":"https:\/\/zaposlise.hr\/blog\/wp-json\/wp\/v2\/media?parent=17096"}],"wp:term":[{"taxonomy":"category","embeddable":true,"href":"https:\/\/zaposlise.hr\/blog\/wp-json\/wp\/v2\/categories?post=17096"},{"taxonomy":"post_tag","embeddable":true,"href":"https:\/\/zaposlise.hr\/blog\/wp-json\/wp\/v2\/tags?post=17096"}],"curies":[{"name":"wp","href":"https:\/\/api.w.org\/{rel}","templated":true}]}}