{"id":19603,"date":"2025-12-15T12:06:59","date_gmt":"2025-12-15T11:06:59","guid":{"rendered":"https:\/\/zaposlise.hr\/blog\/?p=19603"},"modified":"2025-12-15T14:17:35","modified_gmt":"2025-12-15T13:17:35","slug":"prosjecna-placa-kredit","status":"publish","type":"post","link":"https:\/\/zaposlise.hr\/blog\/prosjecna-placa-kredit\/","title":{"rendered":"Prosje\u010dna pla\u0107a ne pokriva ratu kredita"},"content":{"rendered":"<span class=\"rt-reading-time\" style=\"display: block;\"><span class=\"rt-label rt-prefix\">Reading Time: <\/span> <span class=\"rt-time\">6<\/span> <span class=\"rt-label rt-postfix\">minute<\/span><\/span><p>Prosje\u010dna pla\u0107a u Hrvatskoj sve se \u010de\u0161\u0107e isti\u010de kao dokaz rasta \u017eivotnog standarda, pozitivnih ekonomskih pokazatelja i stabilnog tr\u017ei\u0161ta rada. Na papiru, brojke doista djeluju ohrabruju\u0107e.<\/p>\n<p>No u svakodnevnom \u017eivotu velikog broja zaposlenih pojavljuje se jednostavan, ali zabrinjavaju\u0107i problem koji poni\u0161tava statistiku. Naime, prosje\u010dna pla\u0107a ne pokriva ratu kredita.<\/p>\n<p>Sve \u010de\u0161\u0107e postaje pravilo za ku\u0107anstva koja imaju stalna primanja, rade puno radno vrijeme i ispunjavaju sve ono \u0161to se tradicionalno smatra financijskom stabilno\u0161\u0107u.<\/p>\n<p>Unato\u010d redovnim <a href=\"https:\/\/zaposlise.hr\/blog\/minimalna-placa-2025\/\">pla\u0107ama<\/a> i formalnoj sigurnosti, ljudi\u00a0\u00a0\u017eive pod stalnim financijskim pritiskom i bez stvarnog prostora za dugoro\u010dnu sigurnost.<\/p>\n<p>Saznajte vi\u0161e iz nastavka teksta!<\/p>\n<div id=\"ez-toc-container\" class=\"ez-toc-v2_0_64 counter-hierarchy ez-toc-counter ez-toc-white ez-toc-container-direction\">\n<div class=\"ez-toc-title-container\">\n<p class=\"ez-toc-title \" >Sadr\u017eaj<\/p>\n<span class=\"ez-toc-title-toggle\"><\/span><\/div>\n<nav><ul class='ez-toc-list ez-toc-list-level-1 ' ><li class='ez-toc-page-1 ez-toc-heading-level-2'><a class=\"ez-toc-link ez-toc-heading-1\" href=\"https:\/\/zaposlise.hr\/blog\/prosjecna-placa-kredit\/#Sto_nam_statistika_govori\" title=\"\u0160to nam statistika govori\">\u0160to nam statistika govori<\/a><\/li><li class='ez-toc-page-1 ez-toc-heading-level-2'><a class=\"ez-toc-link ez-toc-heading-2\" href=\"https:\/\/zaposlise.hr\/blog\/prosjecna-placa-kredit\/#Kredit_kao_nuznost_a_ne_izbor\" title=\"Kredit kao nu\u017enost, a ne izbor\">Kredit kao nu\u017enost, a ne izbor<\/a><\/li><li class='ez-toc-page-1 ez-toc-heading-level-2'><a class=\"ez-toc-link ez-toc-heading-3\" href=\"https:\/\/zaposlise.hr\/blog\/prosjecna-placa-kredit\/#Ogromni_troskovi_zivota\" title=\"Ogromni tro\u0161kovi \u017eivota\">Ogromni tro\u0161kovi \u017eivota<\/a><\/li><li class='ez-toc-page-1 ez-toc-heading-level-2'><a class=\"ez-toc-link ez-toc-heading-4\" href=\"https:\/\/zaposlise.hr\/blog\/prosjecna-placa-kredit\/#Pricajmo_o_teretu\" title=\"Pri\u010dajmo o teretu\">Pri\u010dajmo o teretu<\/a><ul class='ez-toc-list-level-3' ><li class='ez-toc-heading-level-3'><a class=\"ez-toc-link ez-toc-heading-5\" href=\"https:\/\/zaposlise.hr\/blog\/prosjecna-placa-kredit\/#Mladi_zaposleni\" title=\"Mladi zaposleni\">Mladi zaposleni<\/a><\/li><li class='ez-toc-page-1 ez-toc-heading-level-3'><a class=\"ez-toc-link ez-toc-heading-6\" href=\"https:\/\/zaposlise.hr\/blog\/prosjecna-placa-kredit\/#Obitelji_s_djecom\" title=\"Obitelji s djecom\">Obitelji s djecom<\/a><\/li><li class='ez-toc-page-1 ez-toc-heading-level-3'><a class=\"ez-toc-link ez-toc-heading-7\" href=\"https:\/\/zaposlise.hr\/blog\/prosjecna-placa-kredit\/#Visokoobrazovani_strucnjaci\" title=\"Visokoobrazovani stru\u010dnjaci\">Visokoobrazovani stru\u010dnjaci<\/a><\/li><li class='ez-toc-page-1 ez-toc-heading-level-3'><a class=\"ez-toc-link ez-toc-heading-8\" href=\"https:\/\/zaposlise.hr\/blog\/prosjecna-placa-kredit\/#Psiholoski_teret_koji_se_rijetko_spominje\" title=\"Psiholo\u0161ki teret koji se rijetko spominje\">Psiholo\u0161ki teret koji se rijetko spominje<\/a><\/li><\/ul><\/li><li class='ez-toc-page-1 ez-toc-heading-level-2'><a class=\"ez-toc-link ez-toc-heading-9\" href=\"https:\/\/zaposlise.hr\/blog\/prosjecna-placa-kredit\/#Zasto_stednja_vise_nije_rjesenje\" title=\"Za\u0161to \u0161tednja vi\u0161e nije rje\u0161enje\">Za\u0161to \u0161tednja vi\u0161e nije rje\u0161enje<\/a><\/li><li class='ez-toc-page-1 ez-toc-heading-level-2'><a class=\"ez-toc-link ez-toc-heading-10\" href=\"https:\/\/zaposlise.hr\/blog\/prosjecna-placa-kredit\/#Promjena_posla_kao_racionalna_odluka\" title=\"Promjena posla kao racionalna odluka\">Promjena posla kao racionalna odluka<\/a><\/li><li class='ez-toc-page-1 ez-toc-heading-level-2'><a class=\"ez-toc-link ez-toc-heading-11\" href=\"https:\/\/zaposlise.hr\/blog\/prosjecna-placa-kredit\/#Vrijeme_je_za_iskren_razgovor_o_placama\" title=\"Vrijeme je za iskren razgovor o pla\u0107ama\">Vrijeme je za iskren razgovor o pla\u0107ama<\/a><\/li><li class='ez-toc-page-1 ez-toc-heading-level-2'><a class=\"ez-toc-link ez-toc-heading-12\" href=\"https:\/\/zaposlise.hr\/blog\/prosjecna-placa-kredit\/#Normalan_zivot_i_normalan_posao\" title=\"Normalan \u017eivot i normalan posao\">Normalan \u017eivot i normalan posao<\/a><\/li><\/ul><\/nav><\/div>\n<h2><span class=\"ez-toc-section\" id=\"Sto_nam_statistika_govori\"><\/span>\u0160to nam statistika govori<span class=\"ez-toc-section-end\"><\/span><\/h2>\n<p>Prosje\u010dna pla\u0107a u \u010desto se isti\u010de kao dokaz ekonomskog napretka i pobolj\u0161anja \u017eivotnog standarda. No, sama ideja prosjeka krije ozbiljan problem.<\/p>\n<div id=\"attachment_19625\" style=\"width: 1210px\" class=\"wp-caption aligncenter\"><img loading=\"lazy\" decoding=\"async\" aria-describedby=\"caption-attachment-19625\" class=\"size-full wp-image-19625\" src=\"https:\/\/zaposlise.hr\/blog\/wp-content\/uploads\/2025\/12\/Prosjecna-placa-lijecnik-cokoladni-novcici-Pexels.jpg\" alt=\"Prosje\u010dna pla\u0107a, lije\u010dnik, \u010dokoladni nov\u010di\u0107i Pexels\" width=\"1200\" height=\"675\" srcset=\"https:\/\/zaposlise.hr\/blog\/wp-content\/uploads\/2025\/12\/Prosjecna-placa-lijecnik-cokoladni-novcici-Pexels.jpg 1200w, https:\/\/zaposlise.hr\/blog\/wp-content\/uploads\/2025\/12\/Prosjecna-placa-lijecnik-cokoladni-novcici-Pexels-300x169.jpg 300w, https:\/\/zaposlise.hr\/blog\/wp-content\/uploads\/2025\/12\/Prosjecna-placa-lijecnik-cokoladni-novcici-Pexels-1024x576.jpg 1024w, https:\/\/zaposlise.hr\/blog\/wp-content\/uploads\/2025\/12\/Prosjecna-placa-lijecnik-cokoladni-novcici-Pexels-768x432.jpg 768w, https:\/\/zaposlise.hr\/blog\/wp-content\/uploads\/2025\/12\/Prosjecna-placa-lijecnik-cokoladni-novcici-Pexels-444x250.jpg 444w\" sizes=\"(max-width: 1200px) 100vw, 1200px\" \/><p id=\"caption-attachment-19625\" class=\"wp-caption-text\"><span style=\"font-size: 8pt\">Prosje\u010dna pla\u0107a, lije\u010dnik, \u010dokoladni nov\u010di\u0107i; Izvor: Pexels<\/span><\/p><\/div>\n<p>Radi se o tome da ne opisuje stvarnost ve\u0107ine zaposlenih. U prosjek ulaze i visoke pla\u0107e manjeg broja ljudi, dok se velik dio radnika nalazi znatno ispod te razine, ali se u javnom prostoru rijetko govori o toj razlici.<\/p>\n<blockquote><p><span style=\"font-size: 14pt;font-family: 'times new roman', times, serif\">Prosje\u010dna mjese\u010dna <a href=\"https:\/\/dzs.gov.hr\/vijesti\/prosjecna-mjesecna-neto-placa-za-rujan-2025-iznosila-1-456-eura\/2394\" target=\"_blank\" rel=\"noopener\">neto pla\u0107a<\/a> za rujan 2025. iznosila 1 456 eura!<\/span><\/p><\/blockquote>\n<p>Zaposlenici ipak ne mjere kvalitetu \u017eivota prema iznosu na platnoj listi, nego prema onome \u0161to im ostaje nakon osnovnih tro\u0161kova. A upravo tu prosje\u010dna pla\u0107a gubi svoju informativnu vrijednost.<\/p>\n<p>Taj iznos ne uzima u obzir cijene stanovanja, kredita, vrti\u0107a, hrane i energije, koje su posljednjih godina rasle br\u017ee od primanja. Zato nije neobi\u010dno da se i ljudi s prosje\u010dnom pla\u0107om osje\u0107aju financijski nesigurno.<\/p>\n<p>Statistika mo\u017ee pokazivati rast, ali ne pokazuje stres. Ne pokazuje ra\u010dune koji dolaze svakog mjeseca, bez obzira na ekonomske trendove. Ne pla\u0107a kredit, ne pla\u0107a vrti\u0107 i ne stoji u redu u trgovini.<\/p>\n<p><em><a href=\"https:\/\/zaposlise.hr\/blog\/racunovodstvo-i-financije\/\">Ra\u010dunovodstvo i financije<\/a> donose nove izazove u karijeri. Pro\u010ditajte o \u010demu se radi!<\/em><\/p>\n<h2><span class=\"ez-toc-section\" id=\"Kredit_kao_nuznost_a_ne_izbor\"><\/span>Kredit kao nu\u017enost, a ne izbor<span class=\"ez-toc-section-end\"><\/span><\/h2>\n<p>Za velik broj gra\u0111ana Hrvatske rje\u0161avanje stambenog pitanja vi\u0161e nije stvar \u017eivotnog napretka, nego osnovne egzistencije.<\/p>\n<div id=\"attachment_19627\" style=\"width: 1210px\" class=\"wp-caption aligncenter\"><img loading=\"lazy\" decoding=\"async\" aria-describedby=\"caption-attachment-19627\" class=\"size-full wp-image-19627\" src=\"https:\/\/zaposlise.hr\/blog\/wp-content\/uploads\/2025\/12\/Dizanje-kredita-stambeni-kredit-hipoteka-Pexels.jpg\" alt=\"Dizanje kredita, stambeni kredit, hipoteka Pexels\" width=\"1200\" height=\"675\" srcset=\"https:\/\/zaposlise.hr\/blog\/wp-content\/uploads\/2025\/12\/Dizanje-kredita-stambeni-kredit-hipoteka-Pexels.jpg 1200w, https:\/\/zaposlise.hr\/blog\/wp-content\/uploads\/2025\/12\/Dizanje-kredita-stambeni-kredit-hipoteka-Pexels-300x169.jpg 300w, https:\/\/zaposlise.hr\/blog\/wp-content\/uploads\/2025\/12\/Dizanje-kredita-stambeni-kredit-hipoteka-Pexels-1024x576.jpg 1024w, https:\/\/zaposlise.hr\/blog\/wp-content\/uploads\/2025\/12\/Dizanje-kredita-stambeni-kredit-hipoteka-Pexels-768x432.jpg 768w, https:\/\/zaposlise.hr\/blog\/wp-content\/uploads\/2025\/12\/Dizanje-kredita-stambeni-kredit-hipoteka-Pexels-444x250.jpg 444w\" sizes=\"(max-width: 1200px) 100vw, 1200px\" \/><p id=\"caption-attachment-19627\" class=\"wp-caption-text\"><span style=\"font-size: 8pt\">Dizanje kredita, stambeni kredit, hipoteka; Izvor: Pexels<\/span><\/p><\/div>\n<p>Cijene nekretnina porasle su znatno br\u017ee od pla\u0107a, dok su najamnine postale nepredvidive i \u010desto gotovo jednako skupe kao kredit.<\/p>\n<p>U takvim okolnostima, zadu\u017eivanje prestaje biti pitanje osobnog izbora i postaje jedina realna opcija za osiguravanje stabilnog doma.<\/p>\n<p><em>Mo\u017eda je va\u0161a budu\u0107a karijera <a href=\"https:\/\/zaposlise.hr\/blog\/karijera-zelite-postati-agent-za-nekretnine\/\">agent za nekretnine<\/a>? Saznajte o kakvom se to\u010dno zanimanju radi.<\/em><\/p>\n<blockquote><p><span style=\"font-size: 14pt;font-family: terminal, monaco, monospace\">Problem nastaje u trenutku kada kredit po\u010dne odre\u0111ivati cijeli \u017eivotni ritam. <\/span><\/p><\/blockquote>\n<p>Kada rata zauzme velik dio mjese\u010dnih primanja, pla\u0107a vi\u0161e ne slu\u017ei za planiranje budu\u0107nosti, nego za pokrivanje pro\u0161lih odluka.<\/p>\n<p>Svaki rast kamatne stope, svaki neo\u010dekivani tro\u0161ak ili privremeni pad prihoda tada postaje ozbiljna prijetnja financijskoj ravnote\u017ei.<\/p>\n<p>Rata kredita danas \u010dini gotovo polovicu, a ponekad i ve\u0107i dio neto pla\u0107e. U takvoj situaciji ne postoji stvarni prostor za \u0161tednju, ulaganje ili sigurnosnu rezervu.<\/p>\n<p>Sve iznad osnovnih tro\u0161kova postaje luksuz.<\/p>\n<h2><span class=\"ez-toc-section\" id=\"Ogromni_troskovi_zivota\"><\/span>Ogromni tro\u0161kovi \u017eivota<span class=\"ez-toc-section-end\"><\/span><\/h2>\n<p>\u010cak i bez kreditnih obveza, svakodnevni tro\u0161kovi \u017eivota postali su ozbiljan financijski teret za velik broj zaposlenih.<\/p>\n<div id=\"attachment_19629\" style=\"width: 1210px\" class=\"wp-caption aligncenter\"><img loading=\"lazy\" decoding=\"async\" aria-describedby=\"caption-attachment-19629\" class=\"size-full wp-image-19629\" src=\"https:\/\/zaposlise.hr\/blog\/wp-content\/uploads\/2025\/12\/Obitelj-skroman-zivot-tenisice-Pexels.jpg\" alt=\"Obitelj, skroman \u017eivot, tenisice Pexels\" width=\"1200\" height=\"675\" srcset=\"https:\/\/zaposlise.hr\/blog\/wp-content\/uploads\/2025\/12\/Obitelj-skroman-zivot-tenisice-Pexels.jpg 1200w, https:\/\/zaposlise.hr\/blog\/wp-content\/uploads\/2025\/12\/Obitelj-skroman-zivot-tenisice-Pexels-300x169.jpg 300w, https:\/\/zaposlise.hr\/blog\/wp-content\/uploads\/2025\/12\/Obitelj-skroman-zivot-tenisice-Pexels-1024x576.jpg 1024w, https:\/\/zaposlise.hr\/blog\/wp-content\/uploads\/2025\/12\/Obitelj-skroman-zivot-tenisice-Pexels-768x432.jpg 768w, https:\/\/zaposlise.hr\/blog\/wp-content\/uploads\/2025\/12\/Obitelj-skroman-zivot-tenisice-Pexels-444x250.jpg 444w\" sizes=\"(max-width: 1200px) 100vw, 1200px\" \/><p id=\"caption-attachment-19629\" class=\"wp-caption-text\"><span style=\"font-size: 8pt\">Obitelj, skroman \u017eivot, tenisice; Izvor: Pexels<\/span><\/p><\/div>\n<p>Iako se povremeno govori o pove\u0107anjima primanja, ona su \u010desto neujedna\u010dena, selektivna i nedovoljna da nadoknade realni rast tro\u0161kova.<\/p>\n<p><em><a href=\"https:\/\/zaposlise.hr\/blog\/povisica-kako-do-nje-i-koliko-traziti\/\">Povi\u0161ica<\/a> rijetko kada dolazi sama od sebe. Za nju se morate izboriti. Posebno u privatnom sektoru. Pro\u010ditajte \u010dlanak!<\/em><\/p>\n<p>Posebno se isti\u010de problem stanovanja. Cijene stanova u ve\u0107im gradovima dosegle su razine koje su za prosje\u010dna primanja te\u0161ko dosti\u017ene, dok su najamnine postale gotovo jednako optere\u0107uju\u0107e kao i kredit.<\/p>\n<p>Stanovanje je tako postalo najve\u0107a pojedina\u010dna stavka ku\u0107nog bud\u017eeta, bez realne alternative ili fleksibilnosti.<\/p>\n<p>Problem nije samo u visini tro\u0161kova, nego u njihovoj stalnosti. Rije\u010d je o izdacima koje nije mogu\u0107e zna\u010dajno smanjiti bez ozbiljnog naru\u0161avanja kvalitete \u017eivota.<\/p>\n<p>Re\u017eije se moraju platiti, hrana kupiti, a stan u kojem se \u017eivi zagrijati i odr\u017eavati.<\/p>\n<p>Kada se svi fiksni tro\u0161kovi zbroje, vrlo \u010desto ne ostaje gotovo ni\u0161ta za \u0161tednju, dodatnu edukaciju, neplanirane situacije ili dugoro\u010dno planiranje.<\/p>\n<p>Financijska stabilnost postaje kratkoro\u010dna, pre\u017eivljavanje iz mjeseca u mjesec.<\/p>\n<div id=\"attachment_19631\" style=\"width: 1210px\" class=\"wp-caption aligncenter\"><img loading=\"lazy\" decoding=\"async\" aria-describedby=\"caption-attachment-19631\" class=\"size-full wp-image-19631\" src=\"https:\/\/zaposlise.hr\/blog\/wp-content\/uploads\/2025\/12\/Financijska-stabilnost-dijete-tata-Pexels.jpg\" alt=\"Financijska stabilnost, dijete, tata Pexels\" width=\"1200\" height=\"675\" srcset=\"https:\/\/zaposlise.hr\/blog\/wp-content\/uploads\/2025\/12\/Financijska-stabilnost-dijete-tata-Pexels.jpg 1200w, https:\/\/zaposlise.hr\/blog\/wp-content\/uploads\/2025\/12\/Financijska-stabilnost-dijete-tata-Pexels-300x169.jpg 300w, https:\/\/zaposlise.hr\/blog\/wp-content\/uploads\/2025\/12\/Financijska-stabilnost-dijete-tata-Pexels-1024x576.jpg 1024w, https:\/\/zaposlise.hr\/blog\/wp-content\/uploads\/2025\/12\/Financijska-stabilnost-dijete-tata-Pexels-768x432.jpg 768w, https:\/\/zaposlise.hr\/blog\/wp-content\/uploads\/2025\/12\/Financijska-stabilnost-dijete-tata-Pexels-444x250.jpg 444w\" sizes=\"(max-width: 1200px) 100vw, 1200px\" \/><p id=\"caption-attachment-19631\" class=\"wp-caption-text\"><span style=\"font-size: 8pt\">Financijska stabilnost, dijete, tata; Izvor: Pexels<\/span><\/p><\/div>\n<p><em>Vezano uz temu, pro\u010ditajte \u010dlanak &#8220;Pla\u0107a i <a href=\"https:\/\/zaposlise.hr\/blog\/placa-i-stambeni-kredit\/\">stambeni kredit<\/a>.&#8221;<\/em><\/p>\n<h2><span class=\"ez-toc-section\" id=\"Pricajmo_o_teretu\"><\/span>Pri\u010dajmo o teretu<span class=\"ez-toc-section-end\"><\/span><\/h2>\n<p>Svatko tko radi kvalitetno i puno, a svejedno nema dovoljno sredstava za pristojan \u017eivot, mora glasno progovarati o temi.<\/p>\n<p>Najvi\u0161e problema imaju sljede\u0107e skupine stanovnika:<\/p>\n<h3><span class=\"ez-toc-section\" id=\"Mladi_zaposleni\"><\/span>Mladi zaposleni<span class=\"ez-toc-section-end\"><\/span><\/h3>\n<p>Mladi ljudi moraju ulaziti u kreditne obveze u ranoj fazi karijere, s pla\u0107ama koje tek trebaju rasti i stabilizirati se.<\/p>\n<p>Istovremeno se suo\u010davaju s rekordno visokim cijenama stanova i najma, zbog \u010dega velik dio prihoda odlazi na osnovno stanovanje.<\/p>\n<p>Umjesto da energiju usmjere na profesionalni razvoj, dodatne <a href=\"https:\/\/zaposlise.hr\/blog\/besplatne-edukacijske-platforme-koje-su-najbolje\/\">edukacije<\/a> ili <a href=\"http:\/\/zaposlise.hr\/posao\">promjenu posla<\/a>, mladi zaposleni velik dio mentalnog i financijskog kapaciteta tro\u0161e na puko pre\u017eivljavanje.<\/p>\n<h3><span class=\"ez-toc-section\" id=\"Obitelji_s_djecom\"><\/span>Obitelji s djecom<span class=\"ez-toc-section-end\"><\/span><\/h3>\n<p>Za obitelji s djecom financijski pritisak dodatno raste. Tro\u0161kovi vrti\u0107a, \u0161kole, prijevoza, prehrane i izvan\u0161kolskih aktivnosti brzo se zbrajaju, dok se istovremeno pove\u0107avaju i tro\u0161kovi stanovanja.<\/p>\n<p>\u010cak i ku\u0107anstva s dva prosje\u010dna primanja sve te\u017ee osje\u0107aju financijsku sigurnost. Svaka nepredvi\u0111ena situacija radi dodatni pritisak.<\/p>\n<div id=\"attachment_19633\" style=\"width: 1210px\" class=\"wp-caption aligncenter\"><img loading=\"lazy\" decoding=\"async\" aria-describedby=\"caption-attachment-19633\" class=\"size-full wp-image-19633\" src=\"https:\/\/zaposlise.hr\/blog\/wp-content\/uploads\/2025\/12\/Kuhanje-dorucak-obitelj-namirnice-troskovi-Pexels.jpg\" alt=\"Kuhanje, doru\u010dak, obitelj, namirnice, tro\u0161kovi Pexels\" width=\"1200\" height=\"675\" srcset=\"https:\/\/zaposlise.hr\/blog\/wp-content\/uploads\/2025\/12\/Kuhanje-dorucak-obitelj-namirnice-troskovi-Pexels.jpg 1200w, https:\/\/zaposlise.hr\/blog\/wp-content\/uploads\/2025\/12\/Kuhanje-dorucak-obitelj-namirnice-troskovi-Pexels-300x169.jpg 300w, https:\/\/zaposlise.hr\/blog\/wp-content\/uploads\/2025\/12\/Kuhanje-dorucak-obitelj-namirnice-troskovi-Pexels-1024x576.jpg 1024w, https:\/\/zaposlise.hr\/blog\/wp-content\/uploads\/2025\/12\/Kuhanje-dorucak-obitelj-namirnice-troskovi-Pexels-768x432.jpg 768w, https:\/\/zaposlise.hr\/blog\/wp-content\/uploads\/2025\/12\/Kuhanje-dorucak-obitelj-namirnice-troskovi-Pexels-444x250.jpg 444w\" sizes=\"(max-width: 1200px) 100vw, 1200px\" \/><p id=\"caption-attachment-19633\" class=\"wp-caption-text\"><span style=\"font-size: 8pt\">Kuhanje, doru\u010dak, obitelj, namirnice, tro\u0161kovi; Izvor: Pexels<\/span><\/p><\/div>\n<p>A budimo realni, automobili se kvare, tro\u0161kovi \u017eivota rastu, kamate su sve ve\u0107e.<\/p>\n<h3><span class=\"ez-toc-section\" id=\"Visokoobrazovani_strucnjaci\"><\/span>Visokoobrazovani stru\u010dnjaci<span class=\"ez-toc-section-end\"><\/span><\/h3>\n<p>Jedan od najve\u0107ih paradoksa suvremenog tr\u017ei\u0161ta rada jest \u010dinjenica da ni visoko obrazovanje vi\u0161e ne jam\u010di financijski mir.<\/p>\n<p>Pla\u0107e visokoobrazovanih stru\u010dnjaka \u010desto izgledaju solidno u usporedbi s prosjekom, ali realni tro\u0161kovi \u017eivota, osobito stanovanja u urbanim sredinama, brzo poni\u0161tavaju tu prednost.<\/p>\n<p>Odgovornost, radno optere\u0107enje i o\u010dekivanja rastu, dok osje\u0107aj sigurnosti ostaje izostao.<\/p>\n<p><em><a href=\"https:\/\/zaposlise.hr\/blog\/sigurnost-mladih\/\">Sigurnost mladih<\/a> na radnim mjestima mora biti poslodavcima prioritet. Pro\u010ditajte detalje u <a href=\"https:\/\/zaposlise.hr\/blog\/sigurnost-mladih\/\">\u010dlanku<\/a>!<\/em><\/p>\n<h3><span class=\"ez-toc-section\" id=\"Psiholoski_teret_koji_se_rijetko_spominje\"><\/span>Psiholo\u0161ki teret koji se rijetko spominje<span class=\"ez-toc-section-end\"><\/span><\/h3>\n<p>Financijska nesigurnost prelijeva se u sve aspekte svakodnevnog \u017eivota. Utje\u010de na odnose, zdravlje i radnu motivaciju. Ljudi su umorni, zabrinuti i \u010desto razo\u010darani jer unato\u010d stalnom radu nemaju osje\u0107aj napretka.<\/p>\n<p>Dugoro\u010dno, takav pritisak vodi do smanjenog zadovoljstva poslom, pove\u0107anog rizika od izgaranja i postupnog gubitka povjerenja u sustav rada i nagra\u0111ivanja.<\/p>\n<div id=\"attachment_19635\" style=\"width: 1210px\" class=\"wp-caption aligncenter\"><img loading=\"lazy\" decoding=\"async\" aria-describedby=\"caption-attachment-19635\" class=\"size-full wp-image-19635\" src=\"https:\/\/zaposlise.hr\/blog\/wp-content\/uploads\/2025\/12\/Umor-iscrpljenost-nesigurnost-Pexels.jpg\" alt=\"Umor, iscrpljenost, nesigurnost Pexels\" width=\"1200\" height=\"675\" srcset=\"https:\/\/zaposlise.hr\/blog\/wp-content\/uploads\/2025\/12\/Umor-iscrpljenost-nesigurnost-Pexels.jpg 1200w, https:\/\/zaposlise.hr\/blog\/wp-content\/uploads\/2025\/12\/Umor-iscrpljenost-nesigurnost-Pexels-300x169.jpg 300w, https:\/\/zaposlise.hr\/blog\/wp-content\/uploads\/2025\/12\/Umor-iscrpljenost-nesigurnost-Pexels-1024x576.jpg 1024w, https:\/\/zaposlise.hr\/blog\/wp-content\/uploads\/2025\/12\/Umor-iscrpljenost-nesigurnost-Pexels-768x432.jpg 768w, https:\/\/zaposlise.hr\/blog\/wp-content\/uploads\/2025\/12\/Umor-iscrpljenost-nesigurnost-Pexels-444x250.jpg 444w\" sizes=\"(max-width: 1200px) 100vw, 1200px\" \/><p id=\"caption-attachment-19635\" class=\"wp-caption-text\"><span style=\"font-size: 8pt\">Umor, iscrpljenost, nesigurnost; Izvor: Pexels<\/span><\/p><\/div>\n<p>Zaposlenje bi trebalo donositi sigurnost i predvidljivost, a ne stalnu napetost i brigu oko svakog sljede\u0107eg mjeseca.<\/p>\n<p><em><a href=\"https:\/\/zaposlise.hr\/blog\/burnout-bolest-ili-promjena\/\">Burnout<\/a> (izgaranje) prava je po\u0161ast modernog doba. Iz \u010dlanka na linku saznajte kako se mo\u017eete za\u0161tititi.\u00a0<\/em><\/p>\n<h2><span class=\"ez-toc-section\" id=\"Zasto_stednja_vise_nije_rjesenje\"><\/span>Za\u0161to \u0161tednja vi\u0161e nije rje\u0161enje<span class=\"ez-toc-section-end\"><\/span><\/h2>\n<p>Savjeti o \u0161tednji \u010desto proma\u0161uju su\u0161tinu problema. Ve\u0107ina ljudi ve\u0107 \u0161tedi koliko mo\u017ee. Problem nije u kavi ili godi\u0161njem odmoru, nego u omjeru prihoda i osnovnih tro\u0161kova.<\/p>\n<p>Kada pla\u0107a jedva pokriva osnovne obveze, nema prostora za bolje upravljanje novcem. Potrebna je strukturna promjena, a ona \u010desto po\u010dinje promjenom posla ili karijernog smjera.<\/p>\n<p><em>Kada je na vidiku <a href=\"http:\/\/zaposlise.hr\/posao\">promjena posla<\/a>, posjetite <a href=\"http:\/\/zaposlise.hr\">ZaposliSe<\/a>!<\/em><\/p>\n<h2><span class=\"ez-toc-section\" id=\"Promjena_posla_kao_racionalna_odluka\"><\/span>Promjena posla kao racionalna odluka<span class=\"ez-toc-section-end\"><\/span><\/h2>\n<p>Vidimo da dobar dio posla ne mijenja posao iz izbora, jer to \u017eeli, nego jer mora.<\/p>\n<p>Tr\u017ei\u0161te rada se mijenja, a odre\u0111ene vje\u0161tine i zanimanja postaju znatno tra\u017eeniji, a time i bolje pla\u0107eni.<\/p>\n<p><strong>Informirani zaposlenici danas:<\/strong><\/p>\n<ul>\n<li>prate kretanja na tr\u017ei\u0161tu rada<\/li>\n<li>uspore\u0111uju pla\u0107e i uvjete<\/li>\n<\/ul>\n<div id=\"attachment_19637\" style=\"width: 1210px\" class=\"wp-caption aligncenter\"><img loading=\"lazy\" decoding=\"async\" aria-describedby=\"caption-attachment-19637\" class=\"size-full wp-image-19637\" src=\"https:\/\/zaposlise.hr\/blog\/wp-content\/uploads\/2025\/12\/Povisica-dodatak-placi-Euro-Pexels.jpg\" alt=\"Povi\u0161ica, dodatak pla\u0107i, Euro Pexels\" width=\"1200\" height=\"675\" srcset=\"https:\/\/zaposlise.hr\/blog\/wp-content\/uploads\/2025\/12\/Povisica-dodatak-placi-Euro-Pexels.jpg 1200w, https:\/\/zaposlise.hr\/blog\/wp-content\/uploads\/2025\/12\/Povisica-dodatak-placi-Euro-Pexels-300x169.jpg 300w, https:\/\/zaposlise.hr\/blog\/wp-content\/uploads\/2025\/12\/Povisica-dodatak-placi-Euro-Pexels-1024x576.jpg 1024w, https:\/\/zaposlise.hr\/blog\/wp-content\/uploads\/2025\/12\/Povisica-dodatak-placi-Euro-Pexels-768x432.jpg 768w, https:\/\/zaposlise.hr\/blog\/wp-content\/uploads\/2025\/12\/Povisica-dodatak-placi-Euro-Pexels-444x250.jpg 444w\" sizes=\"(max-width: 1200px) 100vw, 1200px\" \/><p id=\"caption-attachment-19637\" class=\"wp-caption-text\"><span style=\"font-size: 8pt\">Povi\u0161ica, dodatak pla\u0107i, Euro; Izvor: Pexels<\/span><\/p><\/div>\n<ul>\n<li>razmi\u0161ljaju dugoro\u010dno<\/li>\n<\/ul>\n<p>Pasivnost vi\u0161e nije opcija kada pla\u0107a ne pokriva osnovne \u017eivotne potrebe.<\/p>\n<h2><span class=\"ez-toc-section\" id=\"Vrijeme_je_za_iskren_razgovor_o_placama\"><\/span>Vrijeme je za iskren razgovor o pla\u0107ama<span class=\"ez-toc-section-end\"><\/span><\/h2>\n<p>Niste neuspje\u0161ni ako vam prosje\u010dna pla\u0107a ne pokriva ratu kredita. Radi se o znaku da\u00a0tr\u017ei\u0161te rada i tro\u0161kovi \u017eivota vi\u0161e nisu uskla\u0111eni.<\/p>\n<p>O tome se mora govoriti otvoreno. Bez uljep\u0161avanja. Bez skrivanja iza statistike.<\/p>\n<blockquote><p><span style=\"font-family: tahoma, arial, helvetica, sans-serif;font-size: 14pt\">Rad bi trebao omogu\u0107iti \u017eivot, a ne pre\u017eivljavanje.<\/span><\/p><\/blockquote>\n<h2><span class=\"ez-toc-section\" id=\"Normalan_zivot_i_normalan_posao\"><\/span>Normalan \u017eivot i normalan posao<span class=\"ez-toc-section-end\"><\/span><\/h2>\n<p>Ako vam posao ne pokriva osnovne \u017eivotne tro\u0161kove, razmislite o promjeni!<\/p>\n<p><strong>Potra\u017eite idealan <a href=\"http:\/\/zaposlise,hr\/posao\">posao<\/a>! Kliknite na <a href=\"http:\/\/zaposlise,hr\/posao\">oglase<\/a> ve\u0107 danas!<\/strong><\/p>\n","protected":false},"excerpt":{"rendered":"<p>Prosje\u010dna pla\u0107a u Hrvatskoj sve se \u010de\u0161\u0107e isti\u010de kao dokaz rasta \u017eivotnog standarda, pozitivnih ekonomskih pokazatelja i stabilnog tr\u017ei\u0161ta rada. [&hellip;]<\/p>\n","protected":false},"author":4,"featured_media":19623,"comment_status":"closed","ping_status":"closed","sticky":false,"template":"","format":"standard","meta":{"inline_featured_image":false,"footnotes":""},"categories":[26],"tags":[405,74,32,311,269,693,283],"yoast_head":"<!-- This site is optimized with the Yoast SEO plugin v21.6 - https:\/\/yoast.com\/wordpress\/plugins\/seo\/ -->\n<title>Prosje\u010dna pla\u0107a ne pokriva ratu kredita - Zaposlise.hr<\/title>\n<meta name=\"description\" content=\"Prosje\u010dna pla\u0107a uglavnom ne pokriva ratu kredita. Stabilan posao \u010desto ne donosi i stabilan \u017eivot. Pro\u010ditajte \u010dlanak!\" \/>\n<meta name=\"robots\" content=\"index, follow, max-snippet:-1, max-image-preview:large, max-video-preview:-1\" \/>\n<link rel=\"canonical\" href=\"https:\/\/zaposlise.hr\/blog\/prosjecna-placa-kredit\/\" \/>\n<meta property=\"og:locale\" content=\"hr_HR\" \/>\n<meta property=\"og:type\" content=\"article\" \/>\n<meta property=\"og:title\" content=\"Prosje\u010dna pla\u0107a ne pokriva ratu kredita - Zaposlise.hr\" \/>\n<meta property=\"og:description\" content=\"Prosje\u010dna pla\u0107a uglavnom ne pokriva ratu kredita. Stabilan posao \u010desto ne donosi i stabilan \u017eivot. Pro\u010ditajte \u010dlanak!\" \/>\n<meta property=\"og:url\" content=\"https:\/\/zaposlise.hr\/blog\/prosjecna-placa-kredit\/\" \/>\n<meta property=\"og:site_name\" content=\"Zaposlise.hr\" \/>\n<meta property=\"article:published_time\" content=\"2025-12-15T11:06:59+00:00\" \/>\n<meta property=\"article:modified_time\" content=\"2025-12-15T13:17:35+00:00\" \/>\n<meta property=\"og:image\" content=\"https:\/\/zaposlise.hr\/blog\/wp-content\/uploads\/2025\/12\/Prosjecna-placa-placa-prezivljavanje.png\" \/>\n\t<meta property=\"og:image:width\" content=\"1200\" \/>\n\t<meta property=\"og:image:height\" content=\"675\" \/>\n\t<meta property=\"og:image:type\" content=\"image\/png\" \/>\n<meta name=\"author\" content=\"Maja Cvetkovic\" \/>\n<meta name=\"twitter:card\" content=\"summary_large_image\" \/>\n<meta name=\"twitter:label1\" content=\"Napisao\/la\" \/>\n\t<meta name=\"twitter:data1\" content=\"Maja Cvetkovic\" \/>\n\t<meta name=\"twitter:label2\" content=\"Procijenjeno vrijeme \u010ditanja\" \/>\n\t<meta name=\"twitter:data2\" content=\"8 minuta\" \/>\n<script type=\"application\/ld+json\" class=\"yoast-schema-graph\">{\"@context\":\"https:\/\/schema.org\",\"@graph\":[{\"@type\":\"Article\",\"@id\":\"https:\/\/zaposlise.hr\/blog\/prosjecna-placa-kredit\/#article\",\"isPartOf\":{\"@id\":\"https:\/\/zaposlise.hr\/blog\/prosjecna-placa-kredit\/\"},\"author\":{\"name\":\"Maja Cvetkovic\",\"@id\":\"https:\/\/zaposlise.hr\/blog\/#\/schema\/person\/11d6327b8569a9e940673e6acbfa396a\"},\"headline\":\"Prosje\u010dna pla\u0107a ne pokriva ratu kredita\",\"datePublished\":\"2025-12-15T11:06:59+00:00\",\"dateModified\":\"2025-12-15T13:17:35+00:00\",\"mainEntityOfPage\":{\"@id\":\"https:\/\/zaposlise.hr\/blog\/prosjecna-placa-kredit\/\"},\"wordCount\":1413,\"publisher\":{\"@id\":\"https:\/\/zaposlise.hr\/blog\/#organization\"},\"keywords\":[\"agent za nekretnine\",\"edukacija\",\"Karijera\",\"povi\u0161ica\",\"prosje\u010dna pla\u0107a\",\"Ra\u010dunovodstvo i financije\",\"stambeni kredit\"],\"articleSection\":[\"Iskustva i savjeti\"],\"inLanguage\":\"hr\"},{\"@type\":\"WebPage\",\"@id\":\"https:\/\/zaposlise.hr\/blog\/prosjecna-placa-kredit\/\",\"url\":\"https:\/\/zaposlise.hr\/blog\/prosjecna-placa-kredit\/\",\"name\":\"Prosje\u010dna pla\u0107a ne pokriva ratu kredita - Zaposlise.hr\",\"isPartOf\":{\"@id\":\"https:\/\/zaposlise.hr\/blog\/#website\"},\"datePublished\":\"2025-12-15T11:06:59+00:00\",\"dateModified\":\"2025-12-15T13:17:35+00:00\",\"description\":\"Prosje\u010dna pla\u0107a uglavnom ne pokriva ratu kredita. Stabilan posao \u010desto ne donosi i stabilan \u017eivot. Pro\u010ditajte \u010dlanak!\",\"breadcrumb\":{\"@id\":\"https:\/\/zaposlise.hr\/blog\/prosjecna-placa-kredit\/#breadcrumb\"},\"inLanguage\":\"hr\",\"potentialAction\":[{\"@type\":\"ReadAction\",\"target\":[\"https:\/\/zaposlise.hr\/blog\/prosjecna-placa-kredit\/\"]}]},{\"@type\":\"BreadcrumbList\",\"@id\":\"https:\/\/zaposlise.hr\/blog\/prosjecna-placa-kredit\/#breadcrumb\",\"itemListElement\":[{\"@type\":\"ListItem\",\"position\":1,\"name\":\"Po\u010detna stranica\",\"item\":\"https:\/\/zaposlise.hr\/blog\/\"},{\"@type\":\"ListItem\",\"position\":2,\"name\":\"Prosje\u010dna pla\u0107a ne pokriva ratu kredita\"}]},{\"@type\":\"WebSite\",\"@id\":\"https:\/\/zaposlise.hr\/blog\/#website\",\"url\":\"https:\/\/zaposlise.hr\/blog\/\",\"name\":\"Zaposlise.hr\",\"description\":\"Posao za tebe\",\"publisher\":{\"@id\":\"https:\/\/zaposlise.hr\/blog\/#organization\"},\"potentialAction\":[{\"@type\":\"SearchAction\",\"target\":{\"@type\":\"EntryPoint\",\"urlTemplate\":\"https:\/\/zaposlise.hr\/blog\/?s={search_term_string}\"},\"query-input\":\"required name=search_term_string\"}],\"inLanguage\":\"hr\"},{\"@type\":\"Organization\",\"@id\":\"https:\/\/zaposlise.hr\/blog\/#organization\",\"name\":\"Zaposlise.hr\",\"url\":\"https:\/\/zaposlise.hr\/blog\/\",\"logo\":{\"@type\":\"ImageObject\",\"inLanguage\":\"hr\",\"@id\":\"https:\/\/zaposlise.hr\/blog\/#\/schema\/logo\/image\/\",\"url\":\"https:\/\/zaposlise.hr\/blog\/wp-content\/uploads\/2024\/06\/Screenshot-2024-06-05-at-09.05.43.png\",\"contentUrl\":\"https:\/\/zaposlise.hr\/blog\/wp-content\/uploads\/2024\/06\/Screenshot-2024-06-05-at-09.05.43.png\",\"width\":2088,\"height\":592,\"caption\":\"Zaposlise.hr\"},\"image\":{\"@id\":\"https:\/\/zaposlise.hr\/blog\/#\/schema\/logo\/image\/\"}},{\"@type\":\"Person\",\"@id\":\"https:\/\/zaposlise.hr\/blog\/#\/schema\/person\/11d6327b8569a9e940673e6acbfa396a\",\"name\":\"Maja Cvetkovic\",\"image\":{\"@type\":\"ImageObject\",\"inLanguage\":\"hr\",\"@id\":\"https:\/\/zaposlise.hr\/blog\/#\/schema\/person\/image\/\",\"url\":\"https:\/\/secure.gravatar.com\/avatar\/e8d7da4f01ab43b5b98fc69bf899cf57?s=96&d=mm&r=g\",\"contentUrl\":\"https:\/\/secure.gravatar.com\/avatar\/e8d7da4f01ab43b5b98fc69bf899cf57?s=96&d=mm&r=g\",\"caption\":\"Maja Cvetkovic\"},\"url\":\"https:\/\/zaposlise.hr\/blog\/author\/mayacvetkovic\/\"}]}<\/script>\n<!-- \/ Yoast SEO plugin. -->","yoast_head_json":{"title":"Prosje\u010dna pla\u0107a ne pokriva ratu kredita - Zaposlise.hr","description":"Prosje\u010dna pla\u0107a uglavnom ne pokriva ratu kredita. Stabilan posao \u010desto ne donosi i stabilan \u017eivot. Pro\u010ditajte \u010dlanak!","robots":{"index":"index","follow":"follow","max-snippet":"max-snippet:-1","max-image-preview":"max-image-preview:large","max-video-preview":"max-video-preview:-1"},"canonical":"https:\/\/zaposlise.hr\/blog\/prosjecna-placa-kredit\/","og_locale":"hr_HR","og_type":"article","og_title":"Prosje\u010dna pla\u0107a ne pokriva ratu kredita - Zaposlise.hr","og_description":"Prosje\u010dna pla\u0107a uglavnom ne pokriva ratu kredita. Stabilan posao \u010desto ne donosi i stabilan \u017eivot. Pro\u010ditajte \u010dlanak!","og_url":"https:\/\/zaposlise.hr\/blog\/prosjecna-placa-kredit\/","og_site_name":"Zaposlise.hr","article_published_time":"2025-12-15T11:06:59+00:00","article_modified_time":"2025-12-15T13:17:35+00:00","og_image":[{"width":1200,"height":675,"url":"https:\/\/zaposlise.hr\/blog\/wp-content\/uploads\/2025\/12\/Prosjecna-placa-placa-prezivljavanje.png","type":"image\/png"}],"author":"Maja Cvetkovic","twitter_card":"summary_large_image","twitter_misc":{"Napisao\/la":"Maja Cvetkovic","Procijenjeno vrijeme \u010ditanja":"8 minuta"},"schema":{"@context":"https:\/\/schema.org","@graph":[{"@type":"Article","@id":"https:\/\/zaposlise.hr\/blog\/prosjecna-placa-kredit\/#article","isPartOf":{"@id":"https:\/\/zaposlise.hr\/blog\/prosjecna-placa-kredit\/"},"author":{"name":"Maja Cvetkovic","@id":"https:\/\/zaposlise.hr\/blog\/#\/schema\/person\/11d6327b8569a9e940673e6acbfa396a"},"headline":"Prosje\u010dna pla\u0107a ne pokriva ratu kredita","datePublished":"2025-12-15T11:06:59+00:00","dateModified":"2025-12-15T13:17:35+00:00","mainEntityOfPage":{"@id":"https:\/\/zaposlise.hr\/blog\/prosjecna-placa-kredit\/"},"wordCount":1413,"publisher":{"@id":"https:\/\/zaposlise.hr\/blog\/#organization"},"keywords":["agent za nekretnine","edukacija","Karijera","povi\u0161ica","prosje\u010dna pla\u0107a","Ra\u010dunovodstvo i financije","stambeni kredit"],"articleSection":["Iskustva i savjeti"],"inLanguage":"hr"},{"@type":"WebPage","@id":"https:\/\/zaposlise.hr\/blog\/prosjecna-placa-kredit\/","url":"https:\/\/zaposlise.hr\/blog\/prosjecna-placa-kredit\/","name":"Prosje\u010dna pla\u0107a ne pokriva ratu kredita - Zaposlise.hr","isPartOf":{"@id":"https:\/\/zaposlise.hr\/blog\/#website"},"datePublished":"2025-12-15T11:06:59+00:00","dateModified":"2025-12-15T13:17:35+00:00","description":"Prosje\u010dna pla\u0107a uglavnom ne pokriva ratu kredita. Stabilan posao \u010desto ne donosi i stabilan \u017eivot. Pro\u010ditajte \u010dlanak!","breadcrumb":{"@id":"https:\/\/zaposlise.hr\/blog\/prosjecna-placa-kredit\/#breadcrumb"},"inLanguage":"hr","potentialAction":[{"@type":"ReadAction","target":["https:\/\/zaposlise.hr\/blog\/prosjecna-placa-kredit\/"]}]},{"@type":"BreadcrumbList","@id":"https:\/\/zaposlise.hr\/blog\/prosjecna-placa-kredit\/#breadcrumb","itemListElement":[{"@type":"ListItem","position":1,"name":"Po\u010detna stranica","item":"https:\/\/zaposlise.hr\/blog\/"},{"@type":"ListItem","position":2,"name":"Prosje\u010dna pla\u0107a ne pokriva ratu kredita"}]},{"@type":"WebSite","@id":"https:\/\/zaposlise.hr\/blog\/#website","url":"https:\/\/zaposlise.hr\/blog\/","name":"Zaposlise.hr","description":"Posao za tebe","publisher":{"@id":"https:\/\/zaposlise.hr\/blog\/#organization"},"potentialAction":[{"@type":"SearchAction","target":{"@type":"EntryPoint","urlTemplate":"https:\/\/zaposlise.hr\/blog\/?s={search_term_string}"},"query-input":"required name=search_term_string"}],"inLanguage":"hr"},{"@type":"Organization","@id":"https:\/\/zaposlise.hr\/blog\/#organization","name":"Zaposlise.hr","url":"https:\/\/zaposlise.hr\/blog\/","logo":{"@type":"ImageObject","inLanguage":"hr","@id":"https:\/\/zaposlise.hr\/blog\/#\/schema\/logo\/image\/","url":"https:\/\/zaposlise.hr\/blog\/wp-content\/uploads\/2024\/06\/Screenshot-2024-06-05-at-09.05.43.png","contentUrl":"https:\/\/zaposlise.hr\/blog\/wp-content\/uploads\/2024\/06\/Screenshot-2024-06-05-at-09.05.43.png","width":2088,"height":592,"caption":"Zaposlise.hr"},"image":{"@id":"https:\/\/zaposlise.hr\/blog\/#\/schema\/logo\/image\/"}},{"@type":"Person","@id":"https:\/\/zaposlise.hr\/blog\/#\/schema\/person\/11d6327b8569a9e940673e6acbfa396a","name":"Maja Cvetkovic","image":{"@type":"ImageObject","inLanguage":"hr","@id":"https:\/\/zaposlise.hr\/blog\/#\/schema\/person\/image\/","url":"https:\/\/secure.gravatar.com\/avatar\/e8d7da4f01ab43b5b98fc69bf899cf57?s=96&d=mm&r=g","contentUrl":"https:\/\/secure.gravatar.com\/avatar\/e8d7da4f01ab43b5b98fc69bf899cf57?s=96&d=mm&r=g","caption":"Maja Cvetkovic"},"url":"https:\/\/zaposlise.hr\/blog\/author\/mayacvetkovic\/"}]}},"_links":{"self":[{"href":"https:\/\/zaposlise.hr\/blog\/wp-json\/wp\/v2\/posts\/19603"}],"collection":[{"href":"https:\/\/zaposlise.hr\/blog\/wp-json\/wp\/v2\/posts"}],"about":[{"href":"https:\/\/zaposlise.hr\/blog\/wp-json\/wp\/v2\/types\/post"}],"author":[{"embeddable":true,"href":"https:\/\/zaposlise.hr\/blog\/wp-json\/wp\/v2\/users\/4"}],"replies":[{"embeddable":true,"href":"https:\/\/zaposlise.hr\/blog\/wp-json\/wp\/v2\/comments?post=19603"}],"version-history":[{"count":27,"href":"https:\/\/zaposlise.hr\/blog\/wp-json\/wp\/v2\/posts\/19603\/revisions"}],"predecessor-version":[{"id":19616,"href":"https:\/\/zaposlise.hr\/blog\/wp-json\/wp\/v2\/posts\/19603\/revisions\/19616"}],"wp:featuredmedia":[{"embeddable":true,"href":"https:\/\/zaposlise.hr\/blog\/wp-json\/wp\/v2\/media\/19623"}],"wp:attachment":[{"href":"https:\/\/zaposlise.hr\/blog\/wp-json\/wp\/v2\/media?parent=19603"}],"wp:term":[{"taxonomy":"category","embeddable":true,"href":"https:\/\/zaposlise.hr\/blog\/wp-json\/wp\/v2\/categories?post=19603"},{"taxonomy":"post_tag","embeddable":true,"href":"https:\/\/zaposlise.hr\/blog\/wp-json\/wp\/v2\/tags?post=19603"}],"curies":[{"name":"wp","href":"https:\/\/api.w.org\/{rel}","templated":true}]}}