{"id":19684,"date":"2025-12-17T13:06:01","date_gmt":"2025-12-17T12:06:01","guid":{"rendered":"https:\/\/zaposlise.hr\/blog\/?p=19684"},"modified":"2025-12-17T13:06:01","modified_gmt":"2025-12-17T12:06:01","slug":"neradni-dani","status":"publish","type":"post","link":"https:\/\/zaposlise.hr\/blog\/neradni-dani\/","title":{"rendered":"Neradni dani i dr\u017eavni praznici u 2026. godini: pogledajte na\u0161 vodi\u010d"},"content":{"rendered":"<span class=\"rt-reading-time\" style=\"display: block;\"><span class=\"rt-label rt-prefix\">Reading Time: <\/span> <span class=\"rt-time\">4<\/span> <span class=\"rt-label rt-postfix\">minute<\/span><\/span><p>Neradni dani i <a href=\"https:\/\/neradni-dani.com\/neradni-dani-2026.php\" target=\"_blank\" rel=\"noopener\">dr\u017eavni praznici<\/a> va\u017ean su su dio kvalitetnog \u017eivota, to je op\u0107epoznata stvar. Moramo znati raspored dana radi planiranja svog vremena.<\/p>\n<p>Pisali smo ve\u0107 koliko je ravnote\u017ea izme\u0111u poslovnih obveza i privatnog \u017eivota va\u017ena. Radi toga neradni dani i dr\u017eavni praznici dobivaju dodatnu vrijednost.<\/p>\n<p>Svi se vesele prilici\u00a0za predah, regeneraciju i svjesno <a href=\"https:\/\/zaposlise.hr\/blog\/kako-uspostaviti-ravnotezu-izmedu-posla-i-privatnog-zivota\/\">upravljanje vlastitim vremenom<\/a>.<\/p>\n<p>U ovom vodi\u010du donosimo pregled neradnih dana i dr\u017eavnih praznika u Hrvatskoj u 2026. godini, uz savjete kako ih iskoristiti za odmor, planiranje godi\u0161njeg odmora i brigu o mentalnom zdravlju.<\/p>\n<div id=\"ez-toc-container\" class=\"ez-toc-v2_0_64 counter-hierarchy ez-toc-counter ez-toc-white ez-toc-container-direction\">\n<div class=\"ez-toc-title-container\">\n<p class=\"ez-toc-title \" >Sadr\u017eaj<\/p>\n<span class=\"ez-toc-title-toggle\"><\/span><\/div>\n<nav><ul class='ez-toc-list ez-toc-list-level-1 ' ><li class='ez-toc-page-1 ez-toc-heading-level-2'><a class=\"ez-toc-link ez-toc-heading-1\" href=\"https:\/\/zaposlise.hr\/blog\/neradni-dani\/#Zasto_je_vazno_planirati_neradne_dane\" title=\"Za\u0161to je va\u017eno planirati neradne dane?\">Za\u0161to je va\u017eno planirati neradne dane?<\/a><\/li><li class='ez-toc-page-1 ez-toc-heading-level-2'><a class=\"ez-toc-link ez-toc-heading-2\" href=\"https:\/\/zaposlise.hr\/blog\/neradni-dani\/#Drzavni_praznici_i_neradni_dani\" title=\"Dr\u017eavni praznici i neradni dani\">Dr\u017eavni praznici i neradni dani<\/a><\/li><li class='ez-toc-page-1 ez-toc-heading-level-2'><a class=\"ez-toc-link ez-toc-heading-3\" href=\"https:\/\/zaposlise.hr\/blog\/neradni-dani\/#Sijecanj_Godina_pocinje_s_predahom\" title=\"Sije\u010danj. Godina po\u010dinje s predahom\">Sije\u010danj. Godina po\u010dinje s predahom<\/a><\/li><li class='ez-toc-page-1 ez-toc-heading-level-2'><a class=\"ez-toc-link ez-toc-heading-4\" href=\"https:\/\/zaposlise.hr\/blog\/neradni-dani\/#Proljece_Blagdani_koji_vracaju_ravnotezu\" title=\"Prolje\u0107e. Blagdani koji vra\u0107aju ravnote\u017eu\">Prolje\u0107e. Blagdani koji vra\u0107aju ravnote\u017eu<\/a><\/li><li class='ez-toc-page-1 ez-toc-heading-level-2'><a class=\"ez-toc-link ez-toc-heading-5\" href=\"https:\/\/zaposlise.hr\/blog\/neradni-dani\/#Zajednistvo_Kraj_svibnja_i_lipanj\" title=\"Zajedni\u0161tvo. Kraj svibnja i lipanj\">Zajedni\u0161tvo. Kraj svibnja i lipanj<\/a><\/li><li class='ez-toc-page-1 ez-toc-heading-level-2'><a class=\"ez-toc-link ez-toc-heading-6\" href=\"https:\/\/zaposlise.hr\/blog\/neradni-dani\/#Ljeto_Vise_od_godisnjeg_odmora\" title=\"Ljeto. Vi\u0161e od godi\u0161njeg odmora\">Ljeto. Vi\u0161e od godi\u0161njeg odmora<\/a><\/li><li class='ez-toc-page-1 ez-toc-heading-level-2'><a class=\"ez-toc-link ez-toc-heading-7\" href=\"https:\/\/zaposlise.hr\/blog\/neradni-dani\/#Jesen_Pauza_u_radnoj_rutini\" title=\"Jesen. Pauza u radnoj rutini\">Jesen. Pauza u radnoj rutini<\/a><\/li><li class='ez-toc-page-1 ez-toc-heading-level-2'><a class=\"ez-toc-link ez-toc-heading-8\" href=\"https:\/\/zaposlise.hr\/blog\/neradni-dani\/#Prosinac_Veselje_za_kraj_godine\" title=\"Prosinac. Veselje za kraj godine\">Prosinac. Veselje za kraj godine<\/a><\/li><li class='ez-toc-page-1 ez-toc-heading-level-2'><a class=\"ez-toc-link ez-toc-heading-9\" href=\"https:\/\/zaposlise.hr\/blog\/neradni-dani\/#Produzite_godisnji_odmor\" title=\"Produ\u017eite godi\u0161nji odmor\">Produ\u017eite godi\u0161nji odmor<\/a><\/li><li class='ez-toc-page-1 ez-toc-heading-level-2'><a class=\"ez-toc-link ez-toc-heading-10\" href=\"https:\/\/zaposlise.hr\/blog\/neradni-dani\/#Poruka_poslodavcima\" title=\"Poruka poslodavcima\">Poruka poslodavcima<\/a><\/li><li class='ez-toc-page-1 ez-toc-heading-level-2'><a class=\"ez-toc-link ez-toc-heading-11\" href=\"https:\/\/zaposlise.hr\/blog\/neradni-dani\/#Ulazite_u_kvalitetu_zivota\" title=\"Ula\u017eite u kvalitetu \u017eivota\">Ula\u017eite u kvalitetu \u017eivota<\/a><\/li><\/ul><\/nav><\/div>\n<h2><span class=\"ez-toc-section\" id=\"Zasto_je_vazno_planirati_neradne_dane\"><\/span>Za\u0161to je va\u017eno planirati neradne dane?<span class=\"ez-toc-section-end\"><\/span><\/h2>\n<p>Unaprijed planirani slobodni dani omogu\u0107uju zaposlenicima da bolje rasporede energiju. Izbjegava se <em><a href=\"https:\/\/zaposlise.hr\/blog\/burnout-bolest-ili-promjena\/\">burnout<\/a><\/em>, a poslovni i privatni \u017eivot se mogu kvalitetnije uskladiti.<\/p>\n<p>Kada znamo koji su dani neradni, lak\u0161e planiramo godi\u0161nji odmor, kra\u0107a putovanja ili jednostavno vrijeme za sebe i obitelj.<\/p>\n<p>Za poslodavce, jasno planiranje praznika zna\u010di bolju organizaciju rada, realnije rokove i zadovoljnije zaposlenike.<\/p>\n<p>Upravo zato donosimo kalendar, za pametno upravljanje radnim vremenom.<\/p>\n<blockquote><p><span style=\"font-family: tahoma, arial, helvetica, sans-serif;font-size: 14pt\">Neki praznici padaju na \u010detvrtak i ponedjeljak, \u0161to je idealno za spajanje i vikend bijeg.\u00a0<\/span><\/p><\/blockquote>\n<div id=\"attachment_19686\" style=\"width: 1210px\" class=\"wp-caption aligncenter\"><img loading=\"lazy\" decoding=\"async\" aria-describedby=\"caption-attachment-19686\" class=\"size-full wp-image-19686\" src=\"https:\/\/zaposlise.hr\/blog\/wp-content\/uploads\/2025\/12\/Kalendar.jpg\" alt=\"Kalendar\" width=\"1200\" height=\"675\" srcset=\"https:\/\/zaposlise.hr\/blog\/wp-content\/uploads\/2025\/12\/Kalendar.jpg 1200w, https:\/\/zaposlise.hr\/blog\/wp-content\/uploads\/2025\/12\/Kalendar-300x169.jpg 300w, https:\/\/zaposlise.hr\/blog\/wp-content\/uploads\/2025\/12\/Kalendar-1024x576.jpg 1024w, https:\/\/zaposlise.hr\/blog\/wp-content\/uploads\/2025\/12\/Kalendar-768x432.jpg 768w, https:\/\/zaposlise.hr\/blog\/wp-content\/uploads\/2025\/12\/Kalendar-444x250.jpg 444w\" sizes=\"(max-width: 1200px) 100vw, 1200px\" \/><p id=\"caption-attachment-19686\" class=\"wp-caption-text\"><span style=\"font-size: 8pt\">Kalendar, 2026. godina<\/span><\/p><\/div>\n<h2><span class=\"ez-toc-section\" id=\"Drzavni_praznici_i_neradni_dani\"><\/span>Dr\u017eavni praznici i neradni dani<span class=\"ez-toc-section-end\"><\/span><\/h2>\n<p>Hrvatska u 2026. godini ima niz dr\u017eavnih praznika i blagdana koji su prema zakonu neradni dani.<\/p>\n<p>Neki od njih padaju na radne dane, \u0161to otvara mogu\u0107nost za produ\u017eene vikende, dok drugi nude priliku za kratke, ali vrijedne pauze tijekom godine.<\/p>\n<h2><span class=\"ez-toc-section\" id=\"Sijecanj_Godina_pocinje_s_predahom\"><\/span>Sije\u010danj. Godina po\u010dinje s predahom<span class=\"ez-toc-section-end\"><\/span><\/h2>\n<p>Godina zapo\u010dinje s Novom godinom, 1. sije\u010dnja, a ve\u0107 nekoliko dana kasnije slijedi Sveta tri kralja (Bogojavljenje), 6. sije\u010dnja.<\/p>\n<p>Ova dva neradna dana na samom po\u010detku godine mnogima omogu\u0107uju lagan ulazak u radni ritam i dodatni oporavak nakon blagdana.<\/p>\n<h2><span class=\"ez-toc-section\" id=\"Proljece_Blagdani_koji_vracaju_ravnotezu\"><\/span>Prolje\u0107e. Blagdani koji vra\u0107aju ravnote\u017eu<span class=\"ez-toc-section-end\"><\/span><\/h2>\n<p>Uskrsni ponedjeljak, 6. travnja 2026., donosi prvi ve\u0107i proljetni predah. Prolje\u0107e je razdoblje kada se umor od zime \u010desto najvi\u0161e osjeti, a upravo ovakav neradni dan mo\u017ee biti idealan trenutak za mentalni reset.<\/p>\n<p><a href=\"https:\/\/zaposlise.hr\/blog\/praznik-rada\/\">Praznik rada<\/a>, 1. svibnja, tradicionalno je dan koji podsje\u0107a na va\u017enost radni\u010dkih prava, ali i na pravo na odmor. Bez obzira pada li na radni dan ili vikend, njegova simbolika ostaje sna\u017ena.<\/p>\n<div id=\"attachment_19705\" style=\"width: 1210px\" class=\"wp-caption aligncenter\"><img loading=\"lazy\" decoding=\"async\" aria-describedby=\"caption-attachment-19705\" class=\"size-full wp-image-19705\" src=\"https:\/\/zaposlise.hr\/blog\/wp-content\/uploads\/2025\/12\/Proljece-visibabe-Pexels.jpg\" alt=\"Prolje\u0107e, visibabe Pexels\" width=\"1200\" height=\"675\" srcset=\"https:\/\/zaposlise.hr\/blog\/wp-content\/uploads\/2025\/12\/Proljece-visibabe-Pexels.jpg 1200w, https:\/\/zaposlise.hr\/blog\/wp-content\/uploads\/2025\/12\/Proljece-visibabe-Pexels-300x169.jpg 300w, https:\/\/zaposlise.hr\/blog\/wp-content\/uploads\/2025\/12\/Proljece-visibabe-Pexels-1024x576.jpg 1024w, https:\/\/zaposlise.hr\/blog\/wp-content\/uploads\/2025\/12\/Proljece-visibabe-Pexels-768x432.jpg 768w, https:\/\/zaposlise.hr\/blog\/wp-content\/uploads\/2025\/12\/Proljece-visibabe-Pexels-444x250.jpg 444w\" sizes=\"(max-width: 1200px) 100vw, 1200px\" \/><p id=\"caption-attachment-19705\" class=\"wp-caption-text\"><span style=\"font-size: 8pt\">Prolje\u0107e, visibabe; Izvor: Pexels<\/span><\/p><\/div>\n<p><em>Iskoristite svoje <a href=\"https:\/\/zaposlise.hr\/blog\/pravo-na-godisnji-odmor\/\">pravo na godi\u0161nji odmo<\/a>r. Pro\u010ditajte \u010dlanak!<\/em><\/p>\n<h2><span class=\"ez-toc-section\" id=\"Zajednistvo_Kraj_svibnja_i_lipanj\"><\/span>Zajedni\u0161tvo. Kraj svibnja i lipanj<span class=\"ez-toc-section-end\"><\/span><\/h2>\n<p>Dan dr\u017eavnosti, 30. svibnja, jedan je od va\u017enijih datuma u hrvatskom kalendaru.<\/p>\n<p>Ovaj praznik \u010desto se povezuje s produ\u017eenim vikendima, \u0161to ga \u010dini idealnim za kratka putovanja ili kvalitetan odmor prije ljetne sezone.<\/p>\n<p>U lipnju slijedi Tijelovo, 4. lipnja 2026., pokretni blagdan koji redovito pada na \u010detvrtak i \u010desto se koristi za spajanje s vikendom.<\/p>\n<p>Upravo su ovakvi dani savr\u0161eni za mini-odmore koji dokazano pozitivno utje\u010du na produktivnost i mentalno zdravlje.<\/p>\n<p>Dan antifa\u0161isti\u010dke borbe, 22. lipnja, dodatno upotpunjuje lipanjski raspored neradnih dana.<\/p>\n<blockquote><p><span style=\"font-size: 14pt;font-family: terminal, monaco, monospace\">Neradni dani u Hrvatskoj kombinacija su <a href=\"https:\/\/neradni-dani.com\/neradni-dani-2026.php\" target=\"_blank\" rel=\"noopener\">dr\u017eavnih praznika<\/a> i katoli\u010dkih blagdana.<\/span><\/p><\/blockquote>\n<h2><span class=\"ez-toc-section\" id=\"Ljeto_Vise_od_godisnjeg_odmora\"><\/span>Ljeto. Vi\u0161e od godi\u0161njeg odmora<span class=\"ez-toc-section-end\"><\/span><\/h2>\n<p>Ljetni mjeseci donose i nekoliko va\u017enih praznika. Dan pobjede i domovinske zahvalnosti, 5. kolovoza, \u010desto je dio ljetnog odmora, ali i podsjetnik na kolektivno sje\u0107anje i vrijednosti.<\/p>\n<div id=\"attachment_19707\" style=\"width: 1210px\" class=\"wp-caption aligncenter\"><img loading=\"lazy\" decoding=\"async\" aria-describedby=\"caption-attachment-19707\" class=\"size-full wp-image-19707\" src=\"https:\/\/zaposlise.hr\/blog\/wp-content\/uploads\/2025\/12\/Ljeto-naocale-Pexels.jpg\" alt=\"Ljeto, nao\u010dale Pexels\" width=\"1200\" height=\"675\" srcset=\"https:\/\/zaposlise.hr\/blog\/wp-content\/uploads\/2025\/12\/Ljeto-naocale-Pexels.jpg 1200w, https:\/\/zaposlise.hr\/blog\/wp-content\/uploads\/2025\/12\/Ljeto-naocale-Pexels-300x169.jpg 300w, https:\/\/zaposlise.hr\/blog\/wp-content\/uploads\/2025\/12\/Ljeto-naocale-Pexels-1024x576.jpg 1024w, https:\/\/zaposlise.hr\/blog\/wp-content\/uploads\/2025\/12\/Ljeto-naocale-Pexels-768x432.jpg 768w, https:\/\/zaposlise.hr\/blog\/wp-content\/uploads\/2025\/12\/Ljeto-naocale-Pexels-444x250.jpg 444w\" sizes=\"(max-width: 1200px) 100vw, 1200px\" \/><p id=\"caption-attachment-19707\" class=\"wp-caption-text\"><span style=\"font-size: 8pt\">Ljeto, nao\u010dale; Izvor: Pexels<\/span><\/p><\/div>\n<p>Velika Gospa, 15. kolovoza, jedan je od naj\u010de\u0161\u0107e kori\u0161tenih ljetnih neradnih dana, osobito za obiteljska okupljanja i kra\u0107e izlete.<\/p>\n<p><em><a href=\"https:\/\/zaposlise.hr\/blog\/firma-ili-pausalni-obrt\/\">Firma<\/a> ili pau\u0161alni obrt, pitanje je sad. Pro\u010ditajte koji oblik poslovanja je bolje pokrenuti.\u00a0<\/em><\/p>\n<h2><span class=\"ez-toc-section\" id=\"Jesen_Pauza_u_radnoj_rutini\"><\/span>Jesen. Pauza u radnoj rutini<span class=\"ez-toc-section-end\"><\/span><\/h2>\n<p>Nakon povratka s godi\u0161njih odmora, Dan svih svetih, 1. studenoga, pru\u017ea priliku za kratki predah u jesenskom radnom ritmu.<\/p>\n<p>Slijedi Dan sje\u0107anja na \u017ertve Domovinskog rata, 18. studenoga, koji ima sna\u017enu emotivnu i dru\u0161tvenu dimenziju.<\/p>\n<h2><span class=\"ez-toc-section\" id=\"Prosinac_Veselje_za_kraj_godine\"><\/span>Prosinac. Veselje za kraj godine<span class=\"ez-toc-section-end\"><\/span><\/h2>\n<p>Godina zavr\u0161ava s dva neradna dana koja ve\u0107ina zaposlenika do\u010dekuje s olak\u0161anjem. Bo\u017ei\u0107, 25. prosinca, i Sveti Stjepan, 26. prosinca, omogu\u0107uju du\u017ei odmor i sporiji ulazak u novu godinu.<\/p>\n<p><em>Nova godina donosi nove poslovne prilike. No, potreban je i osvje\u017een <a href=\"https:\/\/zaposlise.hr\/blog\/nova-godina-novi-zivotopis\/\">\u017eivotopis<\/a>. Saznajte kako ga napisati!<\/em><\/p>\n<h2><span class=\"ez-toc-section\" id=\"Produzite_godisnji_odmor\"><\/span>Produ\u017eite godi\u0161nji odmor<span class=\"ez-toc-section-end\"><\/span><\/h2>\n<p>Pametno kori\u0161tenje nekoliko dana godi\u0161njeg odmora uz neradne dane mo\u017ee rezultirati znatno duljim razdobljima odmora.<\/p>\n<div id=\"attachment_17862\" style=\"width: 1210px\" class=\"wp-caption aligncenter\"><img loading=\"lazy\" decoding=\"async\" aria-describedby=\"caption-attachment-17862\" class=\"size-full wp-image-17862\" src=\"https:\/\/zaposlise.hr\/blog\/wp-content\/uploads\/2025\/10\/Menta.jpg\" alt=\"Mentalno zdravlje\" width=\"1200\" height=\"675\" srcset=\"https:\/\/zaposlise.hr\/blog\/wp-content\/uploads\/2025\/10\/Menta.jpg 1200w, https:\/\/zaposlise.hr\/blog\/wp-content\/uploads\/2025\/10\/Menta-300x169.jpg 300w, https:\/\/zaposlise.hr\/blog\/wp-content\/uploads\/2025\/10\/Menta-1024x576.jpg 1024w, https:\/\/zaposlise.hr\/blog\/wp-content\/uploads\/2025\/10\/Menta-768x432.jpg 768w, https:\/\/zaposlise.hr\/blog\/wp-content\/uploads\/2025\/10\/Menta-444x250.jpg 444w\" sizes=\"(max-width: 1200px) 100vw, 1200px\" \/><p id=\"caption-attachment-17862\" class=\"wp-caption-text\"><span style=\"font-size: 8pt\">Mentalno zdravlje<\/span><\/p><\/div>\n<p>Produ\u017eeni vikendi i mostovi izme\u0111u praznika i vikenda nisu samo prakti\u010dni, ve\u0107 i iznimno korisni za mentalno zdravlje.<\/p>\n<p>Kratki, ali redoviti odmori \u010desto su u\u010dinkovitiji od jednog dugog godi\u0161njeg odmora jer omogu\u0107uju kontinuirani oporavak tijekom godine.<\/p>\n<p><em>\u010cuvajte svoje <a href=\"https:\/\/zaposlise.hr\/blog\/mentalno-zdravlje-vaznost\/\">mentalno zdravlje<\/a> i odmorite. Pro\u010ditajte \u010dlanak!<\/em><\/p>\n<p>Brojna istra\u017eivanja pokazuju da redoviti prekidi u radu smanjuju stres, pove\u0107avaju koncentraciju i dugoro\u010dno pobolj\u0161avaju radni u\u010dinak.<\/p>\n<p>Neradni dani pru\u017eaju priliku da se odmaknemo od poslovnih obveza, obnovimo energiju i vratimo poslu s ve\u0107om motivacijom.<\/p>\n<p>Zaposlenici koji koriste slobodne dane bez osje\u0107aja krivnje rje\u0111e do\u017eivljavaju burnout i \u010de\u0161\u0107e osje\u0107aju zadovoljstvo poslom.<\/p>\n<h2><span class=\"ez-toc-section\" id=\"Poruka_poslodavcima\"><\/span>Poruka poslodavcima<span class=\"ez-toc-section-end\"><\/span><\/h2>\n<div id=\"attachment_19711\" style=\"width: 1210px\" class=\"wp-caption aligncenter\"><img loading=\"lazy\" decoding=\"async\" aria-describedby=\"caption-attachment-19711\" class=\"size-full wp-image-19711\" src=\"https:\/\/zaposlise.hr\/blog\/wp-content\/uploads\/2025\/12\/Suma-odmor-razgovor-smijehmentalno-zdravlje-Pexels.jpg\" alt=\"\u0160uma, odmor, razgovor, smijeh,mentalno zdravlje Pexels\" width=\"1200\" height=\"675\" srcset=\"https:\/\/zaposlise.hr\/blog\/wp-content\/uploads\/2025\/12\/Suma-odmor-razgovor-smijehmentalno-zdravlje-Pexels.jpg 1200w, https:\/\/zaposlise.hr\/blog\/wp-content\/uploads\/2025\/12\/Suma-odmor-razgovor-smijehmentalno-zdravlje-Pexels-300x169.jpg 300w, https:\/\/zaposlise.hr\/blog\/wp-content\/uploads\/2025\/12\/Suma-odmor-razgovor-smijehmentalno-zdravlje-Pexels-1024x576.jpg 1024w, https:\/\/zaposlise.hr\/blog\/wp-content\/uploads\/2025\/12\/Suma-odmor-razgovor-smijehmentalno-zdravlje-Pexels-768x432.jpg 768w, https:\/\/zaposlise.hr\/blog\/wp-content\/uploads\/2025\/12\/Suma-odmor-razgovor-smijehmentalno-zdravlje-Pexels-444x250.jpg 444w\" sizes=\"(max-width: 1200px) 100vw, 1200px\" \/><p id=\"caption-attachment-19711\" class=\"wp-caption-text\"><span style=\"font-size: 8pt\">\u0160uma, odmor, razgovor, smijeh, mentalno zdravlje; Izvor: Pexels<\/span><\/p><\/div>\n<p>Poslodavci koji unaprijed planiraju rad oko neradnih dana pokazuju razumijevanje za potrebe zaposlenika.<\/p>\n<p>Fleksibilnost, mogu\u0107nost spajanja slobodnih dana i realna o\u010dekivanja oko produktivnosti u razdobljima praznika stvaraju zdraviju radnu kulturu.<\/p>\n<p>Takav pristup dugoro\u010dno se vra\u0107a kroz ve\u0107u lojalnost i bolju radnu atmosferu.<\/p>\n<p><em><a href=\"https:\/\/zaposlise.hr\/blog\/korporativna-kultura\/\">Korporativna kultura<\/a> va\u017ena je za stvaranje ugodnog radnog mjesta. Pro\u010ditajte \u010dlanak!<\/em><\/p>\n<h2><span class=\"ez-toc-section\" id=\"Ulazite_u_kvalitetu_zivota\"><\/span>Ula\u017eite u kvalitetu \u017eivota<span class=\"ez-toc-section-end\"><\/span><\/h2>\n<p>Neradni dani i dr\u017eavni praznici u 2026. godini nisu samo datumi u kalendaru. Prilika su da zastanemo, odmorimo i svjesno upravljamo vlastitim vremenom.<\/p>\n<p><strong>A nakon odmaranja pogledajte otvorene <a href=\"http:\/\/zaposlise.hr\/posao\">oglase za posao<\/a>!\u00a0<\/strong><\/p>\n","protected":false},"excerpt":{"rendered":"<p>Neradni dani i dr\u017eavni praznici va\u017ean su su dio kvalitetnog \u017eivota, to je op\u0107epoznata stvar. Moramo znati raspored dana radi [&hellip;]<\/p>\n","protected":false},"author":4,"featured_media":19703,"comment_status":"closed","ping_status":"closed","sticky":false,"template":"","format":"standard","meta":{"inline_featured_image":false,"footnotes":""},"categories":[29],"tags":[98,725,715,532,724,716,671,134],"yoast_head":"<!-- This site is optimized with the Yoast SEO plugin v21.6 - https:\/\/yoast.com\/wordpress\/plugins\/seo\/ -->\n<title>Neradni dani i dr\u017eavni praznici u 2026. godini: pogledajte na\u0161 vodi\u010d - Zaposlise.hr<\/title>\n<meta name=\"description\" content=\"Neradni dani i dr\u017eavni praznici u 2026. godini vesele sve. Donosimo popis neradnih dana, da biste se lak\u0161e organizirali.\" \/>\n<meta name=\"robots\" content=\"index, follow, max-snippet:-1, max-image-preview:large, max-video-preview:-1\" \/>\n<link rel=\"canonical\" href=\"https:\/\/zaposlise.hr\/blog\/neradni-dani\/\" \/>\n<meta property=\"og:locale\" content=\"hr_HR\" \/>\n<meta property=\"og:type\" content=\"article\" \/>\n<meta property=\"og:title\" content=\"Neradni dani i dr\u017eavni praznici u 2026. godini: pogledajte na\u0161 vodi\u010d - Zaposlise.hr\" \/>\n<meta property=\"og:description\" content=\"Neradni dani i dr\u017eavni praznici u 2026. godini vesele sve. Donosimo popis neradnih dana, da biste se lak\u0161e organizirali.\" \/>\n<meta property=\"og:url\" content=\"https:\/\/zaposlise.hr\/blog\/neradni-dani\/\" \/>\n<meta property=\"og:site_name\" content=\"Zaposlise.hr\" \/>\n<meta property=\"article:published_time\" content=\"2025-12-17T12:06:01+00:00\" \/>\n<meta property=\"og:image\" content=\"https:\/\/zaposlise.hr\/blog\/wp-content\/uploads\/2025\/12\/Neradni-dani.png\" \/>\n\t<meta property=\"og:image:width\" content=\"1200\" \/>\n\t<meta property=\"og:image:height\" content=\"675\" \/>\n\t<meta property=\"og:image:type\" content=\"image\/png\" \/>\n<meta name=\"author\" content=\"Maja Cvetkovic\" \/>\n<meta name=\"twitter:card\" content=\"summary_large_image\" \/>\n<meta name=\"twitter:label1\" content=\"Napisao\/la\" \/>\n\t<meta name=\"twitter:data1\" content=\"Maja Cvetkovic\" \/>\n\t<meta name=\"twitter:label2\" content=\"Procijenjeno vrijeme \u010ditanja\" \/>\n\t<meta name=\"twitter:data2\" content=\"6 minuta\" \/>\n<script type=\"application\/ld+json\" class=\"yoast-schema-graph\">{\"@context\":\"https:\/\/schema.org\",\"@graph\":[{\"@type\":\"Article\",\"@id\":\"https:\/\/zaposlise.hr\/blog\/neradni-dani\/#article\",\"isPartOf\":{\"@id\":\"https:\/\/zaposlise.hr\/blog\/neradni-dani\/\"},\"author\":{\"name\":\"Maja Cvetkovic\",\"@id\":\"https:\/\/zaposlise.hr\/blog\/#\/schema\/person\/11d6327b8569a9e940673e6acbfa396a\"},\"headline\":\"Neradni dani i dr\u017eavni praznici u 2026. godini: pogledajte na\u0161 vodi\u010d\",\"datePublished\":\"2025-12-17T12:06:01+00:00\",\"dateModified\":\"2025-12-17T12:06:01+00:00\",\"mainEntityOfPage\":{\"@id\":\"https:\/\/zaposlise.hr\/blog\/neradni-dani\/\"},\"wordCount\":953,\"publisher\":{\"@id\":\"https:\/\/zaposlise.hr\/blog\/#organization\"},\"keywords\":[\"burnout\",\"Dr\u017eavni praznici\",\"firma\",\"godi\u0161nji odmor\",\"Neradni dani\",\"pau\u0161alni obrt\",\"ravnote\u017ea\",\"\u017eivotopis\"],\"articleSection\":[\"Novosti\"],\"inLanguage\":\"hr\"},{\"@type\":\"WebPage\",\"@id\":\"https:\/\/zaposlise.hr\/blog\/neradni-dani\/\",\"url\":\"https:\/\/zaposlise.hr\/blog\/neradni-dani\/\",\"name\":\"Neradni dani i dr\u017eavni praznici u 2026. godini: pogledajte na\u0161 vodi\u010d - Zaposlise.hr\",\"isPartOf\":{\"@id\":\"https:\/\/zaposlise.hr\/blog\/#website\"},\"datePublished\":\"2025-12-17T12:06:01+00:00\",\"dateModified\":\"2025-12-17T12:06:01+00:00\",\"description\":\"Neradni dani i dr\u017eavni praznici u 2026. godini vesele sve. Donosimo popis neradnih dana, da biste se lak\u0161e organizirali.\",\"breadcrumb\":{\"@id\":\"https:\/\/zaposlise.hr\/blog\/neradni-dani\/#breadcrumb\"},\"inLanguage\":\"hr\",\"potentialAction\":[{\"@type\":\"ReadAction\",\"target\":[\"https:\/\/zaposlise.hr\/blog\/neradni-dani\/\"]}]},{\"@type\":\"BreadcrumbList\",\"@id\":\"https:\/\/zaposlise.hr\/blog\/neradni-dani\/#breadcrumb\",\"itemListElement\":[{\"@type\":\"ListItem\",\"position\":1,\"name\":\"Po\u010detna stranica\",\"item\":\"https:\/\/zaposlise.hr\/blog\/\"},{\"@type\":\"ListItem\",\"position\":2,\"name\":\"Neradni dani i dr\u017eavni praznici u 2026. godini: pogledajte na\u0161 vodi\u010d\"}]},{\"@type\":\"WebSite\",\"@id\":\"https:\/\/zaposlise.hr\/blog\/#website\",\"url\":\"https:\/\/zaposlise.hr\/blog\/\",\"name\":\"Zaposlise.hr\",\"description\":\"Posao za tebe\",\"publisher\":{\"@id\":\"https:\/\/zaposlise.hr\/blog\/#organization\"},\"potentialAction\":[{\"@type\":\"SearchAction\",\"target\":{\"@type\":\"EntryPoint\",\"urlTemplate\":\"https:\/\/zaposlise.hr\/blog\/?s={search_term_string}\"},\"query-input\":\"required name=search_term_string\"}],\"inLanguage\":\"hr\"},{\"@type\":\"Organization\",\"@id\":\"https:\/\/zaposlise.hr\/blog\/#organization\",\"name\":\"Zaposlise.hr\",\"url\":\"https:\/\/zaposlise.hr\/blog\/\",\"logo\":{\"@type\":\"ImageObject\",\"inLanguage\":\"hr\",\"@id\":\"https:\/\/zaposlise.hr\/blog\/#\/schema\/logo\/image\/\",\"url\":\"https:\/\/zaposlise.hr\/blog\/wp-content\/uploads\/2024\/06\/Screenshot-2024-06-05-at-09.05.43.png\",\"contentUrl\":\"https:\/\/zaposlise.hr\/blog\/wp-content\/uploads\/2024\/06\/Screenshot-2024-06-05-at-09.05.43.png\",\"width\":2088,\"height\":592,\"caption\":\"Zaposlise.hr\"},\"image\":{\"@id\":\"https:\/\/zaposlise.hr\/blog\/#\/schema\/logo\/image\/\"}},{\"@type\":\"Person\",\"@id\":\"https:\/\/zaposlise.hr\/blog\/#\/schema\/person\/11d6327b8569a9e940673e6acbfa396a\",\"name\":\"Maja Cvetkovic\",\"image\":{\"@type\":\"ImageObject\",\"inLanguage\":\"hr\",\"@id\":\"https:\/\/zaposlise.hr\/blog\/#\/schema\/person\/image\/\",\"url\":\"https:\/\/secure.gravatar.com\/avatar\/e8d7da4f01ab43b5b98fc69bf899cf57?s=96&d=mm&r=g\",\"contentUrl\":\"https:\/\/secure.gravatar.com\/avatar\/e8d7da4f01ab43b5b98fc69bf899cf57?s=96&d=mm&r=g\",\"caption\":\"Maja Cvetkovic\"},\"url\":\"https:\/\/zaposlise.hr\/blog\/author\/mayacvetkovic\/\"}]}<\/script>\n<!-- \/ Yoast SEO plugin. -->","yoast_head_json":{"title":"Neradni dani i dr\u017eavni praznici u 2026. godini: pogledajte na\u0161 vodi\u010d - Zaposlise.hr","description":"Neradni dani i dr\u017eavni praznici u 2026. godini vesele sve. Donosimo popis neradnih dana, da biste se lak\u0161e organizirali.","robots":{"index":"index","follow":"follow","max-snippet":"max-snippet:-1","max-image-preview":"max-image-preview:large","max-video-preview":"max-video-preview:-1"},"canonical":"https:\/\/zaposlise.hr\/blog\/neradni-dani\/","og_locale":"hr_HR","og_type":"article","og_title":"Neradni dani i dr\u017eavni praznici u 2026. godini: pogledajte na\u0161 vodi\u010d - Zaposlise.hr","og_description":"Neradni dani i dr\u017eavni praznici u 2026. godini vesele sve. Donosimo popis neradnih dana, da biste se lak\u0161e organizirali.","og_url":"https:\/\/zaposlise.hr\/blog\/neradni-dani\/","og_site_name":"Zaposlise.hr","article_published_time":"2025-12-17T12:06:01+00:00","og_image":[{"width":1200,"height":675,"url":"https:\/\/zaposlise.hr\/blog\/wp-content\/uploads\/2025\/12\/Neradni-dani.png","type":"image\/png"}],"author":"Maja Cvetkovic","twitter_card":"summary_large_image","twitter_misc":{"Napisao\/la":"Maja Cvetkovic","Procijenjeno vrijeme \u010ditanja":"6 minuta"},"schema":{"@context":"https:\/\/schema.org","@graph":[{"@type":"Article","@id":"https:\/\/zaposlise.hr\/blog\/neradni-dani\/#article","isPartOf":{"@id":"https:\/\/zaposlise.hr\/blog\/neradni-dani\/"},"author":{"name":"Maja Cvetkovic","@id":"https:\/\/zaposlise.hr\/blog\/#\/schema\/person\/11d6327b8569a9e940673e6acbfa396a"},"headline":"Neradni dani i dr\u017eavni praznici u 2026. godini: pogledajte na\u0161 vodi\u010d","datePublished":"2025-12-17T12:06:01+00:00","dateModified":"2025-12-17T12:06:01+00:00","mainEntityOfPage":{"@id":"https:\/\/zaposlise.hr\/blog\/neradni-dani\/"},"wordCount":953,"publisher":{"@id":"https:\/\/zaposlise.hr\/blog\/#organization"},"keywords":["burnout","Dr\u017eavni praznici","firma","godi\u0161nji odmor","Neradni dani","pau\u0161alni obrt","ravnote\u017ea","\u017eivotopis"],"articleSection":["Novosti"],"inLanguage":"hr"},{"@type":"WebPage","@id":"https:\/\/zaposlise.hr\/blog\/neradni-dani\/","url":"https:\/\/zaposlise.hr\/blog\/neradni-dani\/","name":"Neradni dani i dr\u017eavni praznici u 2026. godini: pogledajte na\u0161 vodi\u010d - Zaposlise.hr","isPartOf":{"@id":"https:\/\/zaposlise.hr\/blog\/#website"},"datePublished":"2025-12-17T12:06:01+00:00","dateModified":"2025-12-17T12:06:01+00:00","description":"Neradni dani i dr\u017eavni praznici u 2026. godini vesele sve. Donosimo popis neradnih dana, da biste se lak\u0161e organizirali.","breadcrumb":{"@id":"https:\/\/zaposlise.hr\/blog\/neradni-dani\/#breadcrumb"},"inLanguage":"hr","potentialAction":[{"@type":"ReadAction","target":["https:\/\/zaposlise.hr\/blog\/neradni-dani\/"]}]},{"@type":"BreadcrumbList","@id":"https:\/\/zaposlise.hr\/blog\/neradni-dani\/#breadcrumb","itemListElement":[{"@type":"ListItem","position":1,"name":"Po\u010detna stranica","item":"https:\/\/zaposlise.hr\/blog\/"},{"@type":"ListItem","position":2,"name":"Neradni dani i dr\u017eavni praznici u 2026. godini: pogledajte na\u0161 vodi\u010d"}]},{"@type":"WebSite","@id":"https:\/\/zaposlise.hr\/blog\/#website","url":"https:\/\/zaposlise.hr\/blog\/","name":"Zaposlise.hr","description":"Posao za tebe","publisher":{"@id":"https:\/\/zaposlise.hr\/blog\/#organization"},"potentialAction":[{"@type":"SearchAction","target":{"@type":"EntryPoint","urlTemplate":"https:\/\/zaposlise.hr\/blog\/?s={search_term_string}"},"query-input":"required name=search_term_string"}],"inLanguage":"hr"},{"@type":"Organization","@id":"https:\/\/zaposlise.hr\/blog\/#organization","name":"Zaposlise.hr","url":"https:\/\/zaposlise.hr\/blog\/","logo":{"@type":"ImageObject","inLanguage":"hr","@id":"https:\/\/zaposlise.hr\/blog\/#\/schema\/logo\/image\/","url":"https:\/\/zaposlise.hr\/blog\/wp-content\/uploads\/2024\/06\/Screenshot-2024-06-05-at-09.05.43.png","contentUrl":"https:\/\/zaposlise.hr\/blog\/wp-content\/uploads\/2024\/06\/Screenshot-2024-06-05-at-09.05.43.png","width":2088,"height":592,"caption":"Zaposlise.hr"},"image":{"@id":"https:\/\/zaposlise.hr\/blog\/#\/schema\/logo\/image\/"}},{"@type":"Person","@id":"https:\/\/zaposlise.hr\/blog\/#\/schema\/person\/11d6327b8569a9e940673e6acbfa396a","name":"Maja Cvetkovic","image":{"@type":"ImageObject","inLanguage":"hr","@id":"https:\/\/zaposlise.hr\/blog\/#\/schema\/person\/image\/","url":"https:\/\/secure.gravatar.com\/avatar\/e8d7da4f01ab43b5b98fc69bf899cf57?s=96&d=mm&r=g","contentUrl":"https:\/\/secure.gravatar.com\/avatar\/e8d7da4f01ab43b5b98fc69bf899cf57?s=96&d=mm&r=g","caption":"Maja Cvetkovic"},"url":"https:\/\/zaposlise.hr\/blog\/author\/mayacvetkovic\/"}]}},"_links":{"self":[{"href":"https:\/\/zaposlise.hr\/blog\/wp-json\/wp\/v2\/posts\/19684"}],"collection":[{"href":"https:\/\/zaposlise.hr\/blog\/wp-json\/wp\/v2\/posts"}],"about":[{"href":"https:\/\/zaposlise.hr\/blog\/wp-json\/wp\/v2\/types\/post"}],"author":[{"embeddable":true,"href":"https:\/\/zaposlise.hr\/blog\/wp-json\/wp\/v2\/users\/4"}],"replies":[{"embeddable":true,"href":"https:\/\/zaposlise.hr\/blog\/wp-json\/wp\/v2\/comments?post=19684"}],"version-history":[{"count":22,"href":"https:\/\/zaposlise.hr\/blog\/wp-json\/wp\/v2\/posts\/19684\/revisions"}],"predecessor-version":[{"id":19712,"href":"https:\/\/zaposlise.hr\/blog\/wp-json\/wp\/v2\/posts\/19684\/revisions\/19712"}],"wp:featuredmedia":[{"embeddable":true,"href":"https:\/\/zaposlise.hr\/blog\/wp-json\/wp\/v2\/media\/19703"}],"wp:attachment":[{"href":"https:\/\/zaposlise.hr\/blog\/wp-json\/wp\/v2\/media?parent=19684"}],"wp:term":[{"taxonomy":"category","embeddable":true,"href":"https:\/\/zaposlise.hr\/blog\/wp-json\/wp\/v2\/categories?post=19684"},{"taxonomy":"post_tag","embeddable":true,"href":"https:\/\/zaposlise.hr\/blog\/wp-json\/wp\/v2\/tags?post=19684"}],"curies":[{"name":"wp","href":"https:\/\/api.w.org\/{rel}","templated":true}]}}