{"id":20606,"date":"2026-01-26T09:42:16","date_gmt":"2026-01-26T08:42:16","guid":{"rendered":"https:\/\/zaposlise.hr\/blog\/?p=20606"},"modified":"2026-01-26T09:42:16","modified_gmt":"2026-01-26T08:42:16","slug":"prosjecna-placa-u-hrvatskoj-2026","status":"publish","type":"post","link":"https:\/\/zaposlise.hr\/blog\/prosjecna-placa-u-hrvatskoj-2026\/","title":{"rendered":"Prosje\u010dna pla\u0107a u Hrvatskoj: novi podaci"},"content":{"rendered":"<span class=\"rt-reading-time\" style=\"display: block;\"><span class=\"rt-label rt-prefix\">Reading Time: <\/span> <span class=\"rt-time\">5<\/span> <span class=\"rt-label rt-postfix\">minute<\/span><\/span><p>Prosje\u010dna pla\u0107a u Hrvatskoj jedna je od najva\u017enijih statistika za mjerenje kvalitete \u017eivota, snage kupovne mo\u0107i i stanja na tr\u017ei\u0161tu rada. Pove\u0107ava se stabilnim tijekom zadnjih godina.<\/p>\n<p>No, daleko je iza europskog prosjeka. Pro\u010ditajte \u010dlanak i saznajte koliko ona iznosi danas. Donosimo i usporedbe s drugim dr\u017eavama regije i Europske unije.<\/p>\n<div id=\"ez-toc-container\" class=\"ez-toc-v2_0_64 counter-hierarchy ez-toc-counter ez-toc-white ez-toc-container-direction\">\n<div class=\"ez-toc-title-container\">\n<p class=\"ez-toc-title \" >Sadr\u017eaj<\/p>\n<span class=\"ez-toc-title-toggle\"><\/span><\/div>\n<nav><ul class='ez-toc-list ez-toc-list-level-1 ' ><li class='ez-toc-page-1 ez-toc-heading-level-2'><a class=\"ez-toc-link ez-toc-heading-1\" href=\"https:\/\/zaposlise.hr\/blog\/prosjecna-placa-u-hrvatskoj-2026\/#Prosjecna_placa_u_Hrvatskoj_20252026\" title=\"Prosje\u010dna pla\u0107a u Hrvatskoj 2025.\/2026.\">Prosje\u010dna pla\u0107a u Hrvatskoj 2025.\/2026.<\/a><\/li><li class='ez-toc-page-1 ez-toc-heading-level-2'><a class=\"ez-toc-link ez-toc-heading-2\" href=\"https:\/\/zaposlise.hr\/blog\/prosjecna-placa-u-hrvatskoj-2026\/#Usporedba_s_proteklim_godinama\" title=\"Usporedba s proteklim godinama\">Usporedba s proteklim godinama<\/a><\/li><li class='ez-toc-page-1 ez-toc-heading-level-2'><a class=\"ez-toc-link ez-toc-heading-3\" href=\"https:\/\/zaposlise.hr\/blog\/prosjecna-placa-u-hrvatskoj-2026\/#Prosjecna_placa_u_velikim_gradovima\" title=\"Prosje\u010dna pla\u0107a u velikim gradovima\">Prosje\u010dna pla\u0107a u velikim gradovima<\/a><\/li><li class='ez-toc-page-1 ez-toc-heading-level-2'><a class=\"ez-toc-link ez-toc-heading-4\" href=\"https:\/\/zaposlise.hr\/blog\/prosjecna-placa-u-hrvatskoj-2026\/#Drzava_prednjaci_u_rastu_placa\" title=\"Dr\u017eava prednja\u010di u rastu pla\u0107a\">Dr\u017eava prednja\u010di u rastu pla\u0107a<\/a><\/li><li class='ez-toc-page-1 ez-toc-heading-level-2'><a class=\"ez-toc-link ez-toc-heading-5\" href=\"https:\/\/zaposlise.hr\/blog\/prosjecna-placa-u-hrvatskoj-2026\/#Usporedba_s_regijom\" title=\"Usporedba s regijom\">Usporedba s regijom<\/a><\/li><li class='ez-toc-page-1 ez-toc-heading-level-2'><a class=\"ez-toc-link ez-toc-heading-6\" href=\"https:\/\/zaposlise.hr\/blog\/prosjecna-placa-u-hrvatskoj-2026\/#Usporedba_s_Europskom_unijom\" title=\"Usporedba s Europskom unijom\">Usporedba s Europskom unijom<\/a><\/li><li class='ez-toc-page-1 ez-toc-heading-level-2'><a class=\"ez-toc-link ez-toc-heading-7\" href=\"https:\/\/zaposlise.hr\/blog\/prosjecna-placa-u-hrvatskoj-2026\/#Imaju_li_onda_radnici_novaca_na_racunu\" title=\"Imaju li onda radnici novaca na ra\u010dunu?\">Imaju li onda radnici novaca na ra\u010dunu?<\/a><\/li><li class='ez-toc-page-1 ez-toc-heading-level-2'><a class=\"ez-toc-link ez-toc-heading-8\" href=\"https:\/\/zaposlise.hr\/blog\/prosjecna-placa-u-hrvatskoj-2026\/#Trendovi_rasta_placa_i_izazovi\" title=\"Trendovi rasta pla\u0107a i izazovi\">Trendovi rasta pla\u0107a i izazovi<\/a><\/li><li class='ez-toc-page-1 ez-toc-heading-level-2'><a class=\"ez-toc-link ez-toc-heading-9\" href=\"https:\/\/zaposlise.hr\/blog\/prosjecna-placa-u-hrvatskoj-2026\/#Pronadite_posao_po_vlastitoj_mjeri\" title=\"Prona\u0111ite posao po vlastitoj mjeri\">Prona\u0111ite posao po vlastitoj mjeri<\/a><\/li><\/ul><\/nav><\/div>\n<h2><span class=\"ez-toc-section\" id=\"Prosjecna_placa_u_Hrvatskoj_20252026\"><\/span>Prosje\u010dna pla\u0107a u Hrvatskoj 2025.\/2026.<span class=\"ez-toc-section-end\"><\/span><\/h2>\n<p>Prema najnovijim podacima <a href=\"https:\/\/dzs.gov.hr\/\" target=\"_blank\" rel=\"noopener\">Dr\u017eavnog zavoda za statistiku<\/a>, prosje\u010dna mjese\u010dna neto pla\u0107a u Hrvatskoj za 2024. iznosila je oko 1 318 eura.<\/p>\n<p>Uz to je prosje\u010dna bruto pla\u0107a iznosila 1 821 euro.<\/p>\n<div id=\"attachment_20625\" style=\"width: 1210px\" class=\"wp-caption aligncenter\"><img loading=\"lazy\" decoding=\"async\" aria-describedby=\"caption-attachment-20625\" class=\"size-full wp-image-20625\" src=\"https:\/\/zaposlise.hr\/blog\/wp-content\/uploads\/2026\/01\/Obitelj-kupovina-namirnica-Pexels.jpg\" alt=\"Obitelj, kupovina namirnica Pexels\" width=\"1200\" height=\"675\" srcset=\"https:\/\/zaposlise.hr\/blog\/wp-content\/uploads\/2026\/01\/Obitelj-kupovina-namirnica-Pexels.jpg 1200w, https:\/\/zaposlise.hr\/blog\/wp-content\/uploads\/2026\/01\/Obitelj-kupovina-namirnica-Pexels-300x169.jpg 300w, https:\/\/zaposlise.hr\/blog\/wp-content\/uploads\/2026\/01\/Obitelj-kupovina-namirnica-Pexels-1024x576.jpg 1024w, https:\/\/zaposlise.hr\/blog\/wp-content\/uploads\/2026\/01\/Obitelj-kupovina-namirnica-Pexels-768x432.jpg 768w, https:\/\/zaposlise.hr\/blog\/wp-content\/uploads\/2026\/01\/Obitelj-kupovina-namirnica-Pexels-444x250.jpg 444w\" sizes=\"(max-width: 1200px) 100vw, 1200px\" \/><p id=\"caption-attachment-20625\" class=\"wp-caption-text\"><span style=\"font-size: 8pt\">Obitelj, kupovina namirnica; Izvor: Pexels<\/span><\/p><\/div>\n<p>Kad pogledamo podatke za 2025., trend rasta se nastavio. Za studeni 2025. prosje\u010dna neto pla\u0107a iznosi oko 1 498 eura., Prosje\u010dna bruto pla\u0107a oko 2 093 eura prema podacima Dr\u017eavnog zavoda za statistiku.<\/p>\n<p>Ove brojke jasno pokazuju da Hrvatska nastavlja trend rasta pla\u0107a., Va\u017eno imati na umu da prosjek uklju\u010duje sve pla\u0107e, uklju\u010duju\u0107i i najve\u0107e iznosi u sektorima poput IT-a ili zra\u010dnog prijevoza.<\/p>\n<p>Tako se pomi\u010de prosjek prema gore.<\/p>\n<p>Za\u0161to postoji <a href=\"https:\/\/zaposlise.hr\/blog\/porezna-kartica\/\" target=\"_blank\" rel=\"noopener\">porezna kartica<\/a> (PK)? Saznajte iz \u010dlanka.<\/p>\n<h2><span class=\"ez-toc-section\" id=\"Usporedba_s_proteklim_godinama\"><\/span>Usporedba s proteklim godinama<span class=\"ez-toc-section-end\"><\/span><\/h2>\n<p>Pra\u0107enje prosje\u010dnih pla\u0107a kroz nekoliko godina pokazuje stabilan rast:<\/p>\n<ul>\n<li><strong>2023. godina<\/strong>: prosje\u010dna neto pla\u0107a iznosila je oko 1 139 eura.<\/li>\n<li><strong>2024. godina<\/strong>: prosje\u010dna neto pla\u0107a je bila oko 1 318 eura prema DZS-u.<\/li>\n<li><strong>2025. godina<\/strong>: prosje\u010dna neto pla\u0107a se kretala oko 1 44x \u2013 1 49x eura kroz razli\u010dite mjesece i kvartale, s trendom rasta u odnosu na 2024. godinu.<\/li>\n<\/ul>\n<p>Ovaj dugoro\u010dni rast odra\u017eava kombinaciju ekonomskog oporavka, pove\u0107anja minimalnih ugovorenih iznosa, rasta pla\u0107a u sektorima s ve\u0107im dodanim vrijednostima.<\/p>\n<div id=\"attachment_20627\" style=\"width: 1210px\" class=\"wp-caption aligncenter\"><img loading=\"lazy\" decoding=\"async\" aria-describedby=\"caption-attachment-20627\" class=\"size-full wp-image-20627\" src=\"https:\/\/zaposlise.hr\/blog\/wp-content\/uploads\/2026\/01\/Dugorocni-napredak-statistike-rast-place-Pexels.jpg\" alt=\"Dugoro\u010dni napredak, statistike, rast pla\u0107e Pexels\" width=\"1200\" height=\"675\" srcset=\"https:\/\/zaposlise.hr\/blog\/wp-content\/uploads\/2026\/01\/Dugorocni-napredak-statistike-rast-place-Pexels.jpg 1200w, https:\/\/zaposlise.hr\/blog\/wp-content\/uploads\/2026\/01\/Dugorocni-napredak-statistike-rast-place-Pexels-300x169.jpg 300w, https:\/\/zaposlise.hr\/blog\/wp-content\/uploads\/2026\/01\/Dugorocni-napredak-statistike-rast-place-Pexels-1024x576.jpg 1024w, https:\/\/zaposlise.hr\/blog\/wp-content\/uploads\/2026\/01\/Dugorocni-napredak-statistike-rast-place-Pexels-768x432.jpg 768w, https:\/\/zaposlise.hr\/blog\/wp-content\/uploads\/2026\/01\/Dugorocni-napredak-statistike-rast-place-Pexels-444x250.jpg 444w\" sizes=\"(max-width: 1200px) 100vw, 1200px\" \/><p id=\"caption-attachment-20627\" class=\"wp-caption-text\"><span style=\"font-size: 8pt\">Dugoro\u010dni napredak, statistike, rast pla\u0107e; Izvor: Pexels<\/span><\/p><\/div>\n<p>Ali i pritisaka na tr\u017ei\u0161te rada zbog nedostatka radnika.<\/p>\n<p><em><a href=\"http:\/\/Usporedba s proteklim godinama Pra\u0107enje prosje\u010dnih pla\u0107a kroz nekoliko godina pokazuje stabilan rast: 2023. godina: prosje\u010dna neto pla\u0107a iznosila je oko 1 139 eura prema podacima nekih analiza servisa MySalary. 2024. godina: prosje\u010dna neto pla\u0107a je bila oko 1 318 eura prema DZS-u. 2025. godina: prosje\u010dna neto pla\u0107a se kretala oko 1 44x \u2013 1 49x eura kroz razli\u010dite mjesece i kvartale, s trendom rasta u odnosu na 2024. godinu. Ovaj dugoro\u010dni rast odra\u017eava kombinaciju ekonomskog oporavka, pove\u0107anja minimalnih ugovorenih iznosa, rasta pla\u0107a u sektorima s ve\u0107im dodanim vrijednostima i pritisaka na tr\u017ei\u0161te rada zbog nedostatka radnika.\">Umirovljenici<\/a> mogu raditi puno radno vrijeme. Pro\u010ditajte novosti!<\/em><\/p>\n<h2><span class=\"ez-toc-section\" id=\"Prosjecna_placa_u_velikim_gradovima\"><\/span>Prosje\u010dna pla\u0107a u velikim gradovima<span class=\"ez-toc-section-end\"><\/span><\/h2>\n<p>Pla\u0107e se razlikuju i po regijama i gradovima. Iako slu\u017ebeni DZS ne objavljuje stalno a\u017eurirane podatke po gradu, dostupne procjene pokazuju razlike:<\/p>\n<p>Zagreb. Najvi\u0161a prosje\u010dna pla\u0107a u zemlji, \u010desto iznad 1 600\u20131 700 eura godi\u0161nje u nekim procjenama za 2026.<\/p>\n<ul>\n<li><strong>Rijeka<\/strong>. Oko 1 450\u20131 600 eura godi\u0161nje u nekim procjenama.<\/li>\n<li><strong>Split<\/strong>. Oko 1 400\u20131 550 eura.<\/li>\n<li><strong>Osijek, Zadar, Pula<\/strong>. Ne\u0161to ni\u017ee, u rasponima \u010desto izme\u0111u 1 300 i 1 500 eura.<\/li>\n<\/ul>\n<p>Ove razlike odra\u017eavaju koncentraciju poslova s vi\u0161im pla\u0107ama u ve\u0107im urbanim centrima, sna\u017eniju ekonomsku aktivnost u Zagrebu te razlike u tro\u0161kovima \u017eivota i strukturi industrije.<\/p>\n<div id=\"attachment_20629\" style=\"width: 1210px\" class=\"wp-caption aligncenter\"><img loading=\"lazy\" decoding=\"async\" aria-describedby=\"caption-attachment-20629\" class=\"size-full wp-image-20629\" src=\"https:\/\/zaposlise.hr\/blog\/wp-content\/uploads\/2026\/01\/Ulaganje-investiranje-bitcoin-Pexels.jpg\" alt=\"Ulaganje, investiranje, bitcoin Pexels\" width=\"1200\" height=\"675\" srcset=\"https:\/\/zaposlise.hr\/blog\/wp-content\/uploads\/2026\/01\/Ulaganje-investiranje-bitcoin-Pexels.jpg 1200w, https:\/\/zaposlise.hr\/blog\/wp-content\/uploads\/2026\/01\/Ulaganje-investiranje-bitcoin-Pexels-300x169.jpg 300w, https:\/\/zaposlise.hr\/blog\/wp-content\/uploads\/2026\/01\/Ulaganje-investiranje-bitcoin-Pexels-1024x576.jpg 1024w, https:\/\/zaposlise.hr\/blog\/wp-content\/uploads\/2026\/01\/Ulaganje-investiranje-bitcoin-Pexels-768x432.jpg 768w, https:\/\/zaposlise.hr\/blog\/wp-content\/uploads\/2026\/01\/Ulaganje-investiranje-bitcoin-Pexels-444x250.jpg 444w\" sizes=\"(max-width: 1200px) 100vw, 1200px\" \/><p id=\"caption-attachment-20629\" class=\"wp-caption-text\"><span style=\"font-size: 8pt\">Ulaganje, investiranje, bitcoin; Izvor: Pexels<\/span><\/p><\/div>\n<p><em>Krenule su <a href=\"https:\/\/zaposlise.hr\/blog\/potpore-za-samozaposljavanje-2026\/\">potpore za samozapo\u0161ljavanje<\/a> u 2026. godini. Pro\u010ditajte \u010dlanak!<\/em><\/p>\n<h2><span class=\"ez-toc-section\" id=\"Drzava_prednjaci_u_rastu_placa\"><\/span>Dr\u017eava prednja\u010di u rastu pla\u0107a<span class=\"ez-toc-section-end\"><\/span><\/h2>\n<p>Analiza prema vrsti vlasni\u0161tva pokazuje da je najizra\u017eeniji rast pla\u0107a zabilje\u017een u javnom sektoru. U dr\u017eavnoj upravi i lokalnoj samoupravi primanja su porasla za oko 20 posto.<\/p>\n<p>No, u dr\u017eavnim tvrtkama rasla 18 posto u odnosu na prethodnu godinu.<\/p>\n<p>Ipak, unato\u010d sna\u017enom rastu, najvi\u0161e prosje\u010dne pla\u0107e i dalje se ispla\u0107uju u privatnim tvrtkama u prete\u017eno stranom vlasni\u0161tvu, gdje iznose oko 1.686 eura, \u0161to je pribli\u017eno 10 posto iznad nacionalnog prosjeka.<\/p>\n<p>Razlike su vidljive i kada se gleda veli\u010dina poslodavca. U mikro poduze\u0107ima s do deset zaposlenih prosje\u010dna pla\u0107a u 2025. godini iznosila je 1.383 eura, uz godi\u0161nji rast od 14 posto.<\/p>\n<p>U malim i srednjim poduze\u0107ima, koja naj\u010de\u0161\u0107e zapo\u0161ljavaju izme\u0111u 20 i 50 radnika, pla\u0107e se uglavnom kre\u0107u oko nacionalnog prosjeka, bez ve\u0107ih odstupanja.<\/p>\n<div id=\"attachment_20631\" style=\"width: 1210px\" class=\"wp-caption aligncenter\"><img loading=\"lazy\" decoding=\"async\" aria-describedby=\"caption-attachment-20631\" class=\"size-full wp-image-20631\" src=\"https:\/\/zaposlise.hr\/blog\/wp-content\/uploads\/2026\/01\/Malo-poduzece-mala-tvrtka-Pexels.jpg\" alt=\"Malo poduze\u0107e, mala tvrtka Pexels\" width=\"1200\" height=\"675\" srcset=\"https:\/\/zaposlise.hr\/blog\/wp-content\/uploads\/2026\/01\/Malo-poduzece-mala-tvrtka-Pexels.jpg 1200w, https:\/\/zaposlise.hr\/blog\/wp-content\/uploads\/2026\/01\/Malo-poduzece-mala-tvrtka-Pexels-300x169.jpg 300w, https:\/\/zaposlise.hr\/blog\/wp-content\/uploads\/2026\/01\/Malo-poduzece-mala-tvrtka-Pexels-1024x576.jpg 1024w, https:\/\/zaposlise.hr\/blog\/wp-content\/uploads\/2026\/01\/Malo-poduzece-mala-tvrtka-Pexels-768x432.jpg 768w, https:\/\/zaposlise.hr\/blog\/wp-content\/uploads\/2026\/01\/Malo-poduzece-mala-tvrtka-Pexels-444x250.jpg 444w\" sizes=\"(max-width: 1200px) 100vw, 1200px\" \/><p id=\"caption-attachment-20631\" class=\"wp-caption-text\"><span style=\"font-size: 8pt\">Malo poduze\u0107e, mala tvrtka; Izvor: Pexels<\/span><\/p><\/div>\n<p>Najpovoljnija situacija zabilje\u017eena je u velikim tvrtkama s vi\u0161e od 1.000 zaposlenih, gdje su pla\u0107e u prosjeku oko pet posto iznad nacionalnog prosjeka.<\/p>\n<p>U odnosu na godinu ranije porasle su za pribli\u017eno 16 posto. Time se dodatno potvr\u0111uje da veli\u010dina poslodavca i dalje ima zna\u010dajan utjecaj na visinu primanja.<\/p>\n<p><em>Koliko uistinu iznosi <a href=\"https:\/\/zaposlise.hr\/blog\/koliko-uistinu-iznosi-placa-kod-privatnika\/\">pla\u0107a<\/a> kod privatnika? Pro\u010ditajte \u010dlanak!<\/em><\/p>\n<h2><span class=\"ez-toc-section\" id=\"Usporedba_s_regijom\"><\/span>Usporedba s regijom<span class=\"ez-toc-section-end\"><\/span><\/h2>\n<p>U kontekstu zemalja zapadnog Balkana, Hrvatska se \u010desto pozicionira iznad ve\u0107ine svojih susjeda:<\/p>\n<ul>\n<li>Slovenija tradicionalno ima vi\u0161e prosje\u010dne pla\u0107e nego Hrvatska, ali jaz se smanjuje.<\/li>\n<li>Srbija ima prosje\u010dnu neto pla\u0107u znatno ni\u017eu, \u010desto oko 930 eura prema nekim statisti\u010dkim podacima.<\/li>\n<li>Bosna i Hercegovina i Sjeverna Makedonija imaju jo\u0161 ni\u017ee prosje\u010dne iznose, uglavnom ispod 1 000 eura.<\/li>\n<\/ul>\n<div id=\"attachment_20633\" style=\"width: 1210px\" class=\"wp-caption aligncenter\"><img loading=\"lazy\" decoding=\"async\" aria-describedby=\"caption-attachment-20633\" class=\"size-full wp-image-20633\" src=\"https:\/\/zaposlise.hr\/blog\/wp-content\/uploads\/2026\/01\/Euro-novcanice-mala-placa-niska-primanja-Pexels.jpg\" alt=\"Euro, nov\u010danice, mala pla\u0107a, niska primanja Pexels\" width=\"1200\" height=\"675\" srcset=\"https:\/\/zaposlise.hr\/blog\/wp-content\/uploads\/2026\/01\/Euro-novcanice-mala-placa-niska-primanja-Pexels.jpg 1200w, https:\/\/zaposlise.hr\/blog\/wp-content\/uploads\/2026\/01\/Euro-novcanice-mala-placa-niska-primanja-Pexels-300x169.jpg 300w, https:\/\/zaposlise.hr\/blog\/wp-content\/uploads\/2026\/01\/Euro-novcanice-mala-placa-niska-primanja-Pexels-1024x576.jpg 1024w, https:\/\/zaposlise.hr\/blog\/wp-content\/uploads\/2026\/01\/Euro-novcanice-mala-placa-niska-primanja-Pexels-768x432.jpg 768w, https:\/\/zaposlise.hr\/blog\/wp-content\/uploads\/2026\/01\/Euro-novcanice-mala-placa-niska-primanja-Pexels-444x250.jpg 444w\" sizes=\"(max-width: 1200px) 100vw, 1200px\" \/><p id=\"caption-attachment-20633\" class=\"wp-caption-text\"><span style=\"font-size: 8pt\">Euro, nov\u010danice, mala pla\u0107a, niska primanja; Izvor: Pexels<\/span><\/p><\/div>\n<p>Crna Gora tako\u0111er bilje\u017ei prosje\u010dne neto pla\u0107e znatno ni\u017ee od hrvatskih, oko 1 000 eura ili less.<\/p>\n<p>Ovaj regionalni kontekst pokazuje da Hrvatska, iako iznad balkanskog prosjeka, jo\u0161 uvijek nije dosegnula razine pla\u0107a kakve imaju neke razvijenije \u010dlanice EU.<\/p>\n<p><em>Koliko je va\u017eno <a href=\"https:\/\/zaposlise.hr\/blog\/poznavanje-stranih-jezika\/\">poznavanje stranih jezika<\/a> za poslovanje?<\/em><\/p>\n<h2><span class=\"ez-toc-section\" id=\"Usporedba_s_Europskom_unijom\"><\/span>Usporedba s Europskom unijom<span class=\"ez-toc-section-end\"><\/span><\/h2>\n<p>Kada se gleda \u0161ira Europska unija, razlike su jo\u0161 izra\u017eenije:<\/p>\n<ul>\n<li><a href=\"https:\/\/ec.europa.eu\/eurostat\" target=\"_blank\" rel=\"noopener\">Eurostat<\/a> navodi da je prosje\u010dna godi\u0161nja bruto pla\u0107a u EU oko \u20ac39 800, \u0161to zna\u010di oko 3 300 eura neto mjese\u010dno u prosjeku. Vi\u0161e nego dvostruko od hrvatskog prosjeka.<\/li>\n<li>Neke \u010dlanice poput Luksemburga, Danske, Irske i Njema\u010dke imaju znatno vi\u0161e prosje\u010dne pla\u0107e, \u010desto i dvaput vi\u0161e od Hrvatske.<\/li>\n<li>Dr\u017eave isto\u010dne Europe poput Bugarske, Rumunjske ili Ma\u0111arske tako\u0111er imaju ni\u017ee prosje\u010dne pla\u0107e od europskog prosjeka, ali u nekima su i dalje ni\u017ee od Hrvatske.<\/li>\n<\/ul>\n<div id=\"attachment_20635\" style=\"width: 1210px\" class=\"wp-caption aligncenter\"><img loading=\"lazy\" decoding=\"async\" aria-describedby=\"caption-attachment-20635\" class=\"size-full wp-image-20635\" src=\"https:\/\/zaposlise.hr\/blog\/wp-content\/uploads\/2026\/01\/Kalkulator-proracunavanje-stednja-placa-Pexels.jpg\" alt=\"Kalkulator, prora\u010dunavanje, \u0161tednja, pla\u0107a Pexels\" width=\"1200\" height=\"675\" srcset=\"https:\/\/zaposlise.hr\/blog\/wp-content\/uploads\/2026\/01\/Kalkulator-proracunavanje-stednja-placa-Pexels.jpg 1200w, https:\/\/zaposlise.hr\/blog\/wp-content\/uploads\/2026\/01\/Kalkulator-proracunavanje-stednja-placa-Pexels-300x169.jpg 300w, https:\/\/zaposlise.hr\/blog\/wp-content\/uploads\/2026\/01\/Kalkulator-proracunavanje-stednja-placa-Pexels-1024x576.jpg 1024w, https:\/\/zaposlise.hr\/blog\/wp-content\/uploads\/2026\/01\/Kalkulator-proracunavanje-stednja-placa-Pexels-768x432.jpg 768w, https:\/\/zaposlise.hr\/blog\/wp-content\/uploads\/2026\/01\/Kalkulator-proracunavanje-stednja-placa-Pexels-444x250.jpg 444w\" sizes=\"(max-width: 1200px) 100vw, 1200px\" \/><p id=\"caption-attachment-20635\" class=\"wp-caption-text\"><span style=\"font-size: 8pt\">Kalkulator, prora\u010dunavanje, \u0161tednja, pla\u0107a; Izvor: Pexels<\/span><\/p><\/div>\n<p>Ovi brojevi pokazuju da Hrvatska, iako prati trend rasta, i dalje znatno zaostaje za najrazvijenijim dr\u017eavama EU po visini primanja.<\/p>\n<p>Radi se o nizu ekonomskih razlika, produktivnosti rada i razina BDP-a po stanovniku.<\/p>\n<h2><span class=\"ez-toc-section\" id=\"Imaju_li_onda_radnici_novaca_na_racunu\"><\/span>Imaju li onda radnici novaca na ra\u010dunu?<span class=\"ez-toc-section-end\"><\/span><\/h2>\n<p>Va\u017eno je razumjeti da prosje\u010dna pla\u0107a ne odra\u017eava stvarno iskustvo svih radnika. \u010cesto se javlja:<\/p>\n<ul>\n<li><strong>Medijalna pla\u0107a<\/strong> koja pokazuje iznos ispod i iznad kojeg zara\u0111uje polovina radnika. Ina\u010de je ni\u017ea od prosjeka jer velika pla\u0107a u nekim sektorima povla\u010di prosjek gore.<\/li>\n<li><strong>Velike razlike me\u0111u sektorima<\/strong>. IT i zra\u010dni prijevoz, na primjer, imaju znatno vi\u0161e prosje\u010dne iznose nego sektori poput proizvodnje odje\u0107e ili uslu\u017enih djelatnosti.<\/li>\n<li><strong>Razlike me\u0111u regijama<\/strong>. Zagreb uglavnom ima najvi\u0161e, dok neke slavonske \u017eupanije i ruralne sredine imaju znatno ni\u017ee prosje\u010dne pla\u0107e.<\/li>\n<\/ul>\n<p><em>Zanima vas posao za\u0161titara? Saznajte kako mo\u017eete napisati prikladan <a href=\"https:\/\/zaposlise.hr\/blog\/zivotopis-skladistar\/\">\u017eivotopis<\/a>.\u00a0<\/em><\/p>\n<div id=\"attachment_16424\" style=\"width: 1210px\" class=\"wp-caption aligncenter\"><img loading=\"lazy\" decoding=\"async\" aria-describedby=\"caption-attachment-16424\" class=\"size-full wp-image-16424\" src=\"https:\/\/zaposlise.hr\/blog\/wp-content\/uploads\/2025\/08\/Kratki-zivotopis-2.png\" alt=\"Kratki \u017eivotopis\" width=\"1200\" height=\"675\" srcset=\"https:\/\/zaposlise.hr\/blog\/wp-content\/uploads\/2025\/08\/Kratki-zivotopis-2.png 1200w, https:\/\/zaposlise.hr\/blog\/wp-content\/uploads\/2025\/08\/Kratki-zivotopis-2-300x169.png 300w, https:\/\/zaposlise.hr\/blog\/wp-content\/uploads\/2025\/08\/Kratki-zivotopis-2-1024x576.png 1024w, https:\/\/zaposlise.hr\/blog\/wp-content\/uploads\/2025\/08\/Kratki-zivotopis-2-768x432.png 768w, https:\/\/zaposlise.hr\/blog\/wp-content\/uploads\/2025\/08\/Kratki-zivotopis-2-444x250.png 444w\" sizes=\"(max-width: 1200px) 100vw, 1200px\" \/><p id=\"caption-attachment-16424\" class=\"wp-caption-text\"><span style=\"font-size: 8pt\">Kratki \u017eivotopis<\/span><\/p><\/div>\n<h2><span class=\"ez-toc-section\" id=\"Trendovi_rasta_placa_i_izazovi\"><\/span>Trendovi rasta pla\u0107a i izazovi<span class=\"ez-toc-section-end\"><\/span><\/h2>\n<p>Hrvatska bilje\u017ei stabilan rast pla\u0107a posljednjih godina. \u010cesto dvoznamenkastim stopama na godi\u0161njoj razini.<\/p>\n<p>Podaci pokazuju rast neto pla\u0107e u odnosu na prethodne godine, \u0161to je dobar znak tr\u017ei\u0161nih prilika i pritisaka na manjak radne snage.<\/p>\n<p>No, izazovi ostaju. Tro\u0161kovi \u017eivota rastu, posebno tro\u0161kovi stanovanja i hrane, pa realna kupovna mo\u0107 ne prati nominalni rast.<\/p>\n<p>S druge strane, rast pla\u0107a poti\u010de potro\u0161nju i mo\u017ee pozitivno utjecati na doma\u0107u ekonomiju, ali i nosi rizike ako cijene roba i usluga rastu br\u017ee.<\/p>\n<h2><span class=\"ez-toc-section\" id=\"Pronadite_posao_po_vlastitoj_mjeri\"><\/span>Prona\u0111ite posao po vlastitoj mjeri<span class=\"ez-toc-section-end\"><\/span><\/h2>\n<p>Registrirajte se i budite me\u0111u prvima koji saznaju gdje se nude najbolje pla\u0107e i <a href=\"http:\/\/zaposlise.hr\/posao\">stabilni poslovi<\/a>.<\/p>\n<p>Pregledajte aktualne oglase, usporedite uvjete i prona\u0111ite <a href=\"http:\/\/zaposlise.hr\/posao\">posao<\/a> koji odgovara va\u0161im o\u010dekivanjima.<\/p>\n<p><strong><a href=\"http:\/\/zaposlise.hr\/posao\">Sljede\u0107i korak<\/a> u va\u0161oj karijeri mo\u017eda je ve\u0107 otvoren.<\/strong><\/p>\n","protected":false},"excerpt":{"rendered":"<p>Prosje\u010dna pla\u0107a u Hrvatskoj jedna je od najva\u017enijih statistika za mjerenje kvalitete \u017eivota, snage kupovne mo\u0107i i stanja na tr\u017ei\u0161tu [&hellip;]<\/p>\n","protected":false},"author":4,"featured_media":20623,"comment_status":"closed","ping_status":"closed","sticky":false,"template":"","format":"standard","meta":{"inline_featured_image":false,"footnotes":""},"categories":[29],"tags":[748,736,749,299,134],"yoast_head":"<!-- This site is optimized with the Yoast SEO plugin v21.6 - https:\/\/yoast.com\/wordpress\/plugins\/seo\/ -->\n<title>Prosje\u010dna pla\u0107a u Hrvatskoj: novi podaci - Zaposlise.hr<\/title>\n<meta name=\"description\" content=\"Prosje\u010dna pla\u0107a u Hrvatskoj postepeno raste. No, rastu i cijene, tro\u0161kovi su sve ve\u0107i. Pro\u010ditajte \u010dlanak i saznajte vi\u0161e!\" \/>\n<meta name=\"robots\" content=\"index, follow, max-snippet:-1, max-image-preview:large, max-video-preview:-1\" \/>\n<link rel=\"canonical\" href=\"https:\/\/zaposlise.hr\/blog\/prosjecna-placa-u-hrvatskoj-2026\/\" \/>\n<meta property=\"og:locale\" content=\"hr_HR\" \/>\n<meta property=\"og:type\" content=\"article\" \/>\n<meta property=\"og:title\" content=\"Prosje\u010dna pla\u0107a u Hrvatskoj: novi podaci - Zaposlise.hr\" \/>\n<meta property=\"og:description\" content=\"Prosje\u010dna pla\u0107a u Hrvatskoj postepeno raste. No, rastu i cijene, tro\u0161kovi su sve ve\u0107i. Pro\u010ditajte \u010dlanak i saznajte vi\u0161e!\" \/>\n<meta property=\"og:url\" content=\"https:\/\/zaposlise.hr\/blog\/prosjecna-placa-u-hrvatskoj-2026\/\" \/>\n<meta property=\"og:site_name\" content=\"Zaposlise.hr\" \/>\n<meta property=\"article:published_time\" content=\"2026-01-26T08:42:16+00:00\" \/>\n<meta property=\"og:image\" content=\"https:\/\/zaposlise.hr\/blog\/wp-content\/uploads\/2026\/01\/Prosjecna-placa-u-Hrvatskoj.png\" \/>\n\t<meta property=\"og:image:width\" content=\"1200\" \/>\n\t<meta property=\"og:image:height\" content=\"675\" \/>\n\t<meta property=\"og:image:type\" content=\"image\/png\" \/>\n<meta name=\"author\" content=\"Maja Cvetkovic\" \/>\n<meta name=\"twitter:card\" content=\"summary_large_image\" \/>\n<meta name=\"twitter:label1\" content=\"Napisao\/la\" \/>\n\t<meta name=\"twitter:data1\" content=\"Maja Cvetkovic\" \/>\n\t<meta name=\"twitter:label2\" content=\"Procijenjeno vrijeme \u010ditanja\" \/>\n\t<meta name=\"twitter:data2\" content=\"8 minuta\" \/>\n<script type=\"application\/ld+json\" class=\"yoast-schema-graph\">{\"@context\":\"https:\/\/schema.org\",\"@graph\":[{\"@type\":\"Article\",\"@id\":\"https:\/\/zaposlise.hr\/blog\/prosjecna-placa-u-hrvatskoj-2026\/#article\",\"isPartOf\":{\"@id\":\"https:\/\/zaposlise.hr\/blog\/prosjecna-placa-u-hrvatskoj-2026\/\"},\"author\":{\"name\":\"Maja Cvetkovic\",\"@id\":\"https:\/\/zaposlise.hr\/blog\/#\/schema\/person\/11d6327b8569a9e940673e6acbfa396a\"},\"headline\":\"Prosje\u010dna pla\u0107a u Hrvatskoj: novi podaci\",\"datePublished\":\"2026-01-26T08:42:16+00:00\",\"dateModified\":\"2026-01-26T08:42:16+00:00\",\"mainEntityOfPage\":{\"@id\":\"https:\/\/zaposlise.hr\/blog\/prosjecna-placa-u-hrvatskoj-2026\/\"},\"wordCount\":1254,\"publisher\":{\"@id\":\"https:\/\/zaposlise.hr\/blog\/#organization\"},\"keywords\":[\"Porezna kartica\",\"Poznavanje stranih jezika\",\"Prosje\u010dna pla\u0107a u Hrvatskoj\",\"umirovljenici\",\"\u017eivotopis\"],\"articleSection\":[\"Novosti\"],\"inLanguage\":\"hr\"},{\"@type\":\"WebPage\",\"@id\":\"https:\/\/zaposlise.hr\/blog\/prosjecna-placa-u-hrvatskoj-2026\/\",\"url\":\"https:\/\/zaposlise.hr\/blog\/prosjecna-placa-u-hrvatskoj-2026\/\",\"name\":\"Prosje\u010dna pla\u0107a u Hrvatskoj: novi podaci - Zaposlise.hr\",\"isPartOf\":{\"@id\":\"https:\/\/zaposlise.hr\/blog\/#website\"},\"datePublished\":\"2026-01-26T08:42:16+00:00\",\"dateModified\":\"2026-01-26T08:42:16+00:00\",\"description\":\"Prosje\u010dna pla\u0107a u Hrvatskoj postepeno raste. No, rastu i cijene, tro\u0161kovi su sve ve\u0107i. Pro\u010ditajte \u010dlanak i saznajte vi\u0161e!\",\"breadcrumb\":{\"@id\":\"https:\/\/zaposlise.hr\/blog\/prosjecna-placa-u-hrvatskoj-2026\/#breadcrumb\"},\"inLanguage\":\"hr\",\"potentialAction\":[{\"@type\":\"ReadAction\",\"target\":[\"https:\/\/zaposlise.hr\/blog\/prosjecna-placa-u-hrvatskoj-2026\/\"]}]},{\"@type\":\"BreadcrumbList\",\"@id\":\"https:\/\/zaposlise.hr\/blog\/prosjecna-placa-u-hrvatskoj-2026\/#breadcrumb\",\"itemListElement\":[{\"@type\":\"ListItem\",\"position\":1,\"name\":\"Po\u010detna stranica\",\"item\":\"https:\/\/zaposlise.hr\/blog\/\"},{\"@type\":\"ListItem\",\"position\":2,\"name\":\"Prosje\u010dna pla\u0107a u Hrvatskoj: novi podaci\"}]},{\"@type\":\"WebSite\",\"@id\":\"https:\/\/zaposlise.hr\/blog\/#website\",\"url\":\"https:\/\/zaposlise.hr\/blog\/\",\"name\":\"Zaposlise.hr\",\"description\":\"Posao za tebe\",\"publisher\":{\"@id\":\"https:\/\/zaposlise.hr\/blog\/#organization\"},\"potentialAction\":[{\"@type\":\"SearchAction\",\"target\":{\"@type\":\"EntryPoint\",\"urlTemplate\":\"https:\/\/zaposlise.hr\/blog\/?s={search_term_string}\"},\"query-input\":\"required name=search_term_string\"}],\"inLanguage\":\"hr\"},{\"@type\":\"Organization\",\"@id\":\"https:\/\/zaposlise.hr\/blog\/#organization\",\"name\":\"Zaposlise.hr\",\"url\":\"https:\/\/zaposlise.hr\/blog\/\",\"logo\":{\"@type\":\"ImageObject\",\"inLanguage\":\"hr\",\"@id\":\"https:\/\/zaposlise.hr\/blog\/#\/schema\/logo\/image\/\",\"url\":\"https:\/\/zaposlise.hr\/blog\/wp-content\/uploads\/2024\/06\/Screenshot-2024-06-05-at-09.05.43.png\",\"contentUrl\":\"https:\/\/zaposlise.hr\/blog\/wp-content\/uploads\/2024\/06\/Screenshot-2024-06-05-at-09.05.43.png\",\"width\":2088,\"height\":592,\"caption\":\"Zaposlise.hr\"},\"image\":{\"@id\":\"https:\/\/zaposlise.hr\/blog\/#\/schema\/logo\/image\/\"}},{\"@type\":\"Person\",\"@id\":\"https:\/\/zaposlise.hr\/blog\/#\/schema\/person\/11d6327b8569a9e940673e6acbfa396a\",\"name\":\"Maja Cvetkovic\",\"image\":{\"@type\":\"ImageObject\",\"inLanguage\":\"hr\",\"@id\":\"https:\/\/zaposlise.hr\/blog\/#\/schema\/person\/image\/\",\"url\":\"https:\/\/secure.gravatar.com\/avatar\/e8d7da4f01ab43b5b98fc69bf899cf57?s=96&d=mm&r=g\",\"contentUrl\":\"https:\/\/secure.gravatar.com\/avatar\/e8d7da4f01ab43b5b98fc69bf899cf57?s=96&d=mm&r=g\",\"caption\":\"Maja Cvetkovic\"},\"url\":\"https:\/\/zaposlise.hr\/blog\/author\/mayacvetkovic\/\"}]}<\/script>\n<!-- \/ Yoast SEO plugin. -->","yoast_head_json":{"title":"Prosje\u010dna pla\u0107a u Hrvatskoj: novi podaci - Zaposlise.hr","description":"Prosje\u010dna pla\u0107a u Hrvatskoj postepeno raste. No, rastu i cijene, tro\u0161kovi su sve ve\u0107i. Pro\u010ditajte \u010dlanak i saznajte vi\u0161e!","robots":{"index":"index","follow":"follow","max-snippet":"max-snippet:-1","max-image-preview":"max-image-preview:large","max-video-preview":"max-video-preview:-1"},"canonical":"https:\/\/zaposlise.hr\/blog\/prosjecna-placa-u-hrvatskoj-2026\/","og_locale":"hr_HR","og_type":"article","og_title":"Prosje\u010dna pla\u0107a u Hrvatskoj: novi podaci - Zaposlise.hr","og_description":"Prosje\u010dna pla\u0107a u Hrvatskoj postepeno raste. No, rastu i cijene, tro\u0161kovi su sve ve\u0107i. Pro\u010ditajte \u010dlanak i saznajte vi\u0161e!","og_url":"https:\/\/zaposlise.hr\/blog\/prosjecna-placa-u-hrvatskoj-2026\/","og_site_name":"Zaposlise.hr","article_published_time":"2026-01-26T08:42:16+00:00","og_image":[{"width":1200,"height":675,"url":"https:\/\/zaposlise.hr\/blog\/wp-content\/uploads\/2026\/01\/Prosjecna-placa-u-Hrvatskoj.png","type":"image\/png"}],"author":"Maja Cvetkovic","twitter_card":"summary_large_image","twitter_misc":{"Napisao\/la":"Maja Cvetkovic","Procijenjeno vrijeme \u010ditanja":"8 minuta"},"schema":{"@context":"https:\/\/schema.org","@graph":[{"@type":"Article","@id":"https:\/\/zaposlise.hr\/blog\/prosjecna-placa-u-hrvatskoj-2026\/#article","isPartOf":{"@id":"https:\/\/zaposlise.hr\/blog\/prosjecna-placa-u-hrvatskoj-2026\/"},"author":{"name":"Maja Cvetkovic","@id":"https:\/\/zaposlise.hr\/blog\/#\/schema\/person\/11d6327b8569a9e940673e6acbfa396a"},"headline":"Prosje\u010dna pla\u0107a u Hrvatskoj: novi podaci","datePublished":"2026-01-26T08:42:16+00:00","dateModified":"2026-01-26T08:42:16+00:00","mainEntityOfPage":{"@id":"https:\/\/zaposlise.hr\/blog\/prosjecna-placa-u-hrvatskoj-2026\/"},"wordCount":1254,"publisher":{"@id":"https:\/\/zaposlise.hr\/blog\/#organization"},"keywords":["Porezna kartica","Poznavanje stranih jezika","Prosje\u010dna pla\u0107a u Hrvatskoj","umirovljenici","\u017eivotopis"],"articleSection":["Novosti"],"inLanguage":"hr"},{"@type":"WebPage","@id":"https:\/\/zaposlise.hr\/blog\/prosjecna-placa-u-hrvatskoj-2026\/","url":"https:\/\/zaposlise.hr\/blog\/prosjecna-placa-u-hrvatskoj-2026\/","name":"Prosje\u010dna pla\u0107a u Hrvatskoj: novi podaci - Zaposlise.hr","isPartOf":{"@id":"https:\/\/zaposlise.hr\/blog\/#website"},"datePublished":"2026-01-26T08:42:16+00:00","dateModified":"2026-01-26T08:42:16+00:00","description":"Prosje\u010dna pla\u0107a u Hrvatskoj postepeno raste. No, rastu i cijene, tro\u0161kovi su sve ve\u0107i. Pro\u010ditajte \u010dlanak i saznajte vi\u0161e!","breadcrumb":{"@id":"https:\/\/zaposlise.hr\/blog\/prosjecna-placa-u-hrvatskoj-2026\/#breadcrumb"},"inLanguage":"hr","potentialAction":[{"@type":"ReadAction","target":["https:\/\/zaposlise.hr\/blog\/prosjecna-placa-u-hrvatskoj-2026\/"]}]},{"@type":"BreadcrumbList","@id":"https:\/\/zaposlise.hr\/blog\/prosjecna-placa-u-hrvatskoj-2026\/#breadcrumb","itemListElement":[{"@type":"ListItem","position":1,"name":"Po\u010detna stranica","item":"https:\/\/zaposlise.hr\/blog\/"},{"@type":"ListItem","position":2,"name":"Prosje\u010dna pla\u0107a u Hrvatskoj: novi podaci"}]},{"@type":"WebSite","@id":"https:\/\/zaposlise.hr\/blog\/#website","url":"https:\/\/zaposlise.hr\/blog\/","name":"Zaposlise.hr","description":"Posao za tebe","publisher":{"@id":"https:\/\/zaposlise.hr\/blog\/#organization"},"potentialAction":[{"@type":"SearchAction","target":{"@type":"EntryPoint","urlTemplate":"https:\/\/zaposlise.hr\/blog\/?s={search_term_string}"},"query-input":"required name=search_term_string"}],"inLanguage":"hr"},{"@type":"Organization","@id":"https:\/\/zaposlise.hr\/blog\/#organization","name":"Zaposlise.hr","url":"https:\/\/zaposlise.hr\/blog\/","logo":{"@type":"ImageObject","inLanguage":"hr","@id":"https:\/\/zaposlise.hr\/blog\/#\/schema\/logo\/image\/","url":"https:\/\/zaposlise.hr\/blog\/wp-content\/uploads\/2024\/06\/Screenshot-2024-06-05-at-09.05.43.png","contentUrl":"https:\/\/zaposlise.hr\/blog\/wp-content\/uploads\/2024\/06\/Screenshot-2024-06-05-at-09.05.43.png","width":2088,"height":592,"caption":"Zaposlise.hr"},"image":{"@id":"https:\/\/zaposlise.hr\/blog\/#\/schema\/logo\/image\/"}},{"@type":"Person","@id":"https:\/\/zaposlise.hr\/blog\/#\/schema\/person\/11d6327b8569a9e940673e6acbfa396a","name":"Maja Cvetkovic","image":{"@type":"ImageObject","inLanguage":"hr","@id":"https:\/\/zaposlise.hr\/blog\/#\/schema\/person\/image\/","url":"https:\/\/secure.gravatar.com\/avatar\/e8d7da4f01ab43b5b98fc69bf899cf57?s=96&d=mm&r=g","contentUrl":"https:\/\/secure.gravatar.com\/avatar\/e8d7da4f01ab43b5b98fc69bf899cf57?s=96&d=mm&r=g","caption":"Maja Cvetkovic"},"url":"https:\/\/zaposlise.hr\/blog\/author\/mayacvetkovic\/"}]}},"_links":{"self":[{"href":"https:\/\/zaposlise.hr\/blog\/wp-json\/wp\/v2\/posts\/20606"}],"collection":[{"href":"https:\/\/zaposlise.hr\/blog\/wp-json\/wp\/v2\/posts"}],"about":[{"href":"https:\/\/zaposlise.hr\/blog\/wp-json\/wp\/v2\/types\/post"}],"author":[{"embeddable":true,"href":"https:\/\/zaposlise.hr\/blog\/wp-json\/wp\/v2\/users\/4"}],"replies":[{"embeddable":true,"href":"https:\/\/zaposlise.hr\/blog\/wp-json\/wp\/v2\/comments?post=20606"}],"version-history":[{"count":24,"href":"https:\/\/zaposlise.hr\/blog\/wp-json\/wp\/v2\/posts\/20606\/revisions"}],"predecessor-version":[{"id":20637,"href":"https:\/\/zaposlise.hr\/blog\/wp-json\/wp\/v2\/posts\/20606\/revisions\/20637"}],"wp:featuredmedia":[{"embeddable":true,"href":"https:\/\/zaposlise.hr\/blog\/wp-json\/wp\/v2\/media\/20623"}],"wp:attachment":[{"href":"https:\/\/zaposlise.hr\/blog\/wp-json\/wp\/v2\/media?parent=20606"}],"wp:term":[{"taxonomy":"category","embeddable":true,"href":"https:\/\/zaposlise.hr\/blog\/wp-json\/wp\/v2\/categories?post=20606"},{"taxonomy":"post_tag","embeddable":true,"href":"https:\/\/zaposlise.hr\/blog\/wp-json\/wp\/v2\/tags?post=20606"}],"curies":[{"name":"wp","href":"https:\/\/api.w.org\/{rel}","templated":true}]}}