{"id":20672,"date":"2026-01-28T10:47:15","date_gmt":"2026-01-28T09:47:15","guid":{"rendered":"https:\/\/zaposlise.hr\/blog\/?p=20672"},"modified":"2026-01-28T10:47:15","modified_gmt":"2026-01-28T09:47:15","slug":"nacionalna-naknada-za-starije","status":"publish","type":"post","link":"https:\/\/zaposlise.hr\/blog\/nacionalna-naknada-za-starije\/","title":{"rendered":"Nacionalna naknada za starije osobe: sigurnost za osobe bez mirovine"},"content":{"rendered":"<span class=\"rt-reading-time\" style=\"display: block;\"><span class=\"rt-label rt-prefix\">Reading Time: <\/span> <span class=\"rt-time\">5<\/span> <span class=\"rt-label rt-postfix\">minute<\/span><\/span><p>Nacionalna naknada za starije osobe glasna je tema u zadnje vrijeme. Vrlo je va\u017ena socijalna mjera uvedena u posljednjih nekoliko godina.<\/p>\n<p>Namijenjena je\u00a0skupini gra\u0111ana koja je desetlje\u0107ima bila gotovo nevidljiva u sustavu. Radi se o starijim osobama bez mirovine i bez redovitih prihoda.<\/p>\n<p>Iako se \u010desto opisuje kao socijalna mirovina, ova naknada ima znatno \u0161iri dru\u0161tveni zna\u010daj. Njeno postojanje otvara pitanje siroma\u0161tva starijih, nejednakih radnih uvjeta u pro\u0161losti.<\/p>\n<p>Tako\u0111er, pokazuje problem vrlo ograni\u010denih mogu\u0107nosti zapo\u0161ljavanja u starijoj dobi.<\/p>\n<p>Moramo pogledati istini u o\u010di i shvatiti da nam stanovni\u0161tvo ubrzano stari.<\/p>\n<p>Zatim, nacionalnu naknadu trebamo shvatiti kao financijsku pomo\u0107, ali i pokazatelj kako se dr\u017eava odnosi prema ljudima koji su radili povremeno.<\/p>\n<p>Radili su u sivoj ekonomiji,\u00a0na selu, u ku\u0107anstvu ili u okolnostima koje im nikada nisu omogu\u0107ile ostvarivanje pune mirovine.<\/p>\n<p>Saznajte vi\u0161e iz nastavka \u010dlanka!<\/p>\n<div id=\"attachment_20697\" style=\"width: 1210px\" class=\"wp-caption aligncenter\"><img loading=\"lazy\" decoding=\"async\" aria-describedby=\"caption-attachment-20697\" class=\"size-full wp-image-20697\" src=\"https:\/\/zaposlise.hr\/blog\/wp-content\/uploads\/2026\/01\/Mirovina-starija-zena-dnevni-boravak-Pexels.jpg\" alt=\"Mirovina, starija \u017eena, dnevni boravak Pexels\" width=\"1200\" height=\"675\" srcset=\"https:\/\/zaposlise.hr\/blog\/wp-content\/uploads\/2026\/01\/Mirovina-starija-zena-dnevni-boravak-Pexels.jpg 1200w, https:\/\/zaposlise.hr\/blog\/wp-content\/uploads\/2026\/01\/Mirovina-starija-zena-dnevni-boravak-Pexels-300x169.jpg 300w, https:\/\/zaposlise.hr\/blog\/wp-content\/uploads\/2026\/01\/Mirovina-starija-zena-dnevni-boravak-Pexels-1024x576.jpg 1024w, https:\/\/zaposlise.hr\/blog\/wp-content\/uploads\/2026\/01\/Mirovina-starija-zena-dnevni-boravak-Pexels-768x432.jpg 768w, https:\/\/zaposlise.hr\/blog\/wp-content\/uploads\/2026\/01\/Mirovina-starija-zena-dnevni-boravak-Pexels-444x250.jpg 444w\" sizes=\"(max-width: 1200px) 100vw, 1200px\" \/><p id=\"caption-attachment-20697\" class=\"wp-caption-text\"><span style=\"font-size: 8pt\">Mirovina, starija \u017eena, dnevni boravak; Izvor: Shutterstock<\/span><\/p><\/div>\n<div id=\"ez-toc-container\" class=\"ez-toc-v2_0_64 counter-hierarchy ez-toc-counter ez-toc-white ez-toc-container-direction\">\n<div class=\"ez-toc-title-container\">\n<p class=\"ez-toc-title \" >Sadr\u017eaj<\/p>\n<span class=\"ez-toc-title-toggle\"><\/span><\/div>\n<nav><ul class='ez-toc-list ez-toc-list-level-1 ' ><li class='ez-toc-page-1 ez-toc-heading-level-2'><a class=\"ez-toc-link ez-toc-heading-1\" href=\"https:\/\/zaposlise.hr\/blog\/nacionalna-naknada-za-starije\/#Sto_je_nacionalna_naknada_za_starije_osobe\" title=\"\u0160to je nacionalna naknada za starije osobe?\">\u0160to je nacionalna naknada za starije osobe?<\/a><\/li><li class='ez-toc-page-1 ez-toc-heading-level-2'><a class=\"ez-toc-link ez-toc-heading-2\" href=\"https:\/\/zaposlise.hr\/blog\/nacionalna-naknada-za-starije\/#Tko_ima_pravo_na_nacionalnu_naknadu\" title=\"Tko ima pravo na nacionalnu naknadu?\">Tko ima pravo na nacionalnu naknadu?<\/a><\/li><li class='ez-toc-page-1 ez-toc-heading-level-2'><a class=\"ez-toc-link ez-toc-heading-3\" href=\"https:\/\/zaposlise.hr\/blog\/nacionalna-naknada-za-starije\/#Moze_li_se_od_naknade_zivjeti\" title=\"Mo\u017ee li se od naknade \u017eivjeti?\">Mo\u017ee li se od naknade \u017eivjeti?<\/a><\/li><li class='ez-toc-page-1 ez-toc-heading-level-2'><a class=\"ez-toc-link ez-toc-heading-4\" href=\"https:\/\/zaposlise.hr\/blog\/nacionalna-naknada-za-starije\/#Mnogi_stariji_nemaju_mirovinu\" title=\"Mnogi stariji nemaju mirovinu\">Mnogi stariji nemaju mirovinu<\/a><\/li><li class='ez-toc-page-1 ez-toc-heading-level-2'><a class=\"ez-toc-link ez-toc-heading-5\" href=\"https:\/\/zaposlise.hr\/blog\/nacionalna-naknada-za-starije\/#Zaposljavamo_li_nase_starije\" title=\"Zapo\u0161ljavamo li na\u0161e starije?\">Zapo\u0161ljavamo li na\u0161e starije?<\/a><\/li><li class='ez-toc-page-1 ez-toc-heading-level-2'><a class=\"ez-toc-link ez-toc-heading-6\" href=\"https:\/\/zaposlise.hr\/blog\/nacionalna-naknada-za-starije\/#Nacionalna_naknada_je_pravo_rjesenje\" title=\"Nacionalna naknada je pravo rje\u0161enje?\">Nacionalna naknada je pravo rje\u0161enje?<\/a><\/li><li class='ez-toc-page-1 ez-toc-heading-level-2'><a class=\"ez-toc-link ez-toc-heading-7\" href=\"https:\/\/zaposlise.hr\/blog\/nacionalna-naknada-za-starije\/#Novi_poslovi_su_dostupni\" title=\"Novi poslovi su dostupni\">Novi poslovi su dostupni<\/a><\/li><\/ul><\/nav><\/div>\n<h2><span class=\"ez-toc-section\" id=\"Sto_je_nacionalna_naknada_za_starije_osobe\"><\/span>\u0160to je nacionalna naknada za starije osobe?<span class=\"ez-toc-section-end\"><\/span><\/h2>\n<p>Nacionalna naknada za starije osobe nov\u010dana je pomo\u0107 koju dr\u017eava ispla\u0107uje osobama starijima od 65 godina. Primaju je osobe koje nemaju pravo na <a href=\"https:\/\/zaposlise.hr\/blog\/europska-mirovina\/\">mirovinu<\/a> ili imaju iznimno niska primanja.<\/p>\n<p>Cilj ove mjere je sprije\u010diti ekstremno siroma\u0161tvo u starijoj \u017eivotnoj dobi i osigurati barem minimalnu financijsku sigurnost osobama koje su iz razli\u010ditih razloga ostale izvan mirovinskog sustava.<\/p>\n<blockquote><p><span style=\"font-size: 14pt\"><a href=\"https:\/\/zgpd.hr\/2018\/11\/21\/kako-siromastvo-utjece-na-nase-kognitivne-kapacitete\/\" target=\"_blank\" rel=\"noopener\">Neima\u0161tina<\/a> bilo koje vrste dovodi do ve\u0107e sklonosti za posu\u0111ivanjem, s nedovoljno pa\u017enje usmjerene na to nadilaze li dobici gubitke.<\/span><\/p><\/blockquote>\n<p>Za razliku od mirovine, nacionalna naknada ne temelji se na upla\u0107enim doprinosima tijekom radnog vijeka. Predstavlja socijalno pravo, a ne rezultat radnog sta\u017ea.<\/p>\n<div id=\"attachment_20699\" style=\"width: 1210px\" class=\"wp-caption aligncenter\"><img loading=\"lazy\" decoding=\"async\" aria-describedby=\"caption-attachment-20699\" class=\"size-full wp-image-20699\" src=\"https:\/\/zaposlise.hr\/blog\/wp-content\/uploads\/2026\/01\/Rad-na-polju-poljoprivreda-Pexels.jpg\" alt=\"Rad na polju, poljoprivreda Pexels\" width=\"1200\" height=\"675\" srcset=\"https:\/\/zaposlise.hr\/blog\/wp-content\/uploads\/2026\/01\/Rad-na-polju-poljoprivreda-Pexels.jpg 1200w, https:\/\/zaposlise.hr\/blog\/wp-content\/uploads\/2026\/01\/Rad-na-polju-poljoprivreda-Pexels-300x169.jpg 300w, https:\/\/zaposlise.hr\/blog\/wp-content\/uploads\/2026\/01\/Rad-na-polju-poljoprivreda-Pexels-1024x576.jpg 1024w, https:\/\/zaposlise.hr\/blog\/wp-content\/uploads\/2026\/01\/Rad-na-polju-poljoprivreda-Pexels-768x432.jpg 768w, https:\/\/zaposlise.hr\/blog\/wp-content\/uploads\/2026\/01\/Rad-na-polju-poljoprivreda-Pexels-444x250.jpg 444w\" sizes=\"(max-width: 1200px) 100vw, 1200px\" \/><p id=\"caption-attachment-20699\" class=\"wp-caption-text\"><span style=\"font-size: 8pt\">Rad na polju, poljoprivreda; Izvor: Pexels<\/span><\/p><\/div>\n<p>Ba\u0161 iz tog razloga je posebna va\u017ena za osobe koje su radile neprijavljeno, bile dugotrajno nezaposlene, brinule se o obitelji ili \u017eivjele u ruralnim podru\u010djima bez formalnih radnih odnosa.<\/p>\n<p><em><a href=\"https:\/\/zaposlise.hr\/blog\/nezaposlenost\/\">Nezaposlenost<\/a> nije samo brojka. Pokazatelj je vi\u0161e \u010dimbenika. Iz \u010dlanka saznajte o kojima se radi.\u00a0<\/em><\/p>\n<h2><span class=\"ez-toc-section\" id=\"Tko_ima_pravo_na_nacionalnu_naknadu\"><\/span>Tko ima pravo na nacionalnu naknadu?<span class=\"ez-toc-section-end\"><\/span><\/h2>\n<p>Pravo na nacionalnu naknadu za starije osobe imaju osobe koje ispunjavaju nekoliko jasno definiranih uvjeta.<\/p>\n<p>Prije svega, osoba mora imati navr\u0161enih 65 godina \u017eivota i mora biti hrvatski dr\u017eavljanin s prebivali\u0161tem u Hrvatskoj u neprekidnom trajanju od najmanje 20 godina.<\/p>\n<p>Jedan od va\u017enih uvjeta je da osoba ne prima mirovinu iz Hrvatske ili inozemstva, niti ima pravo na mirovinu koje nije iskoristila.<\/p>\n<p>Tako\u0111er, naknada je namijenjena onima \u010diji ukupni prihodi ne prelaze propisani prag. Prilikom ostvarivanja prava uzimaju se u obzir svi izvori prihoda.<\/p>\n<p>Naravno, uklju\u010dene su i\u00a0eventualne povremene isplate ili pomo\u0107 \u010dlanova obitelji.<\/p>\n<div id=\"attachment_20701\" style=\"width: 1210px\" class=\"wp-caption aligncenter\"><img loading=\"lazy\" decoding=\"async\" aria-describedby=\"caption-attachment-20701\" class=\"size-full wp-image-20701\" src=\"https:\/\/zaposlise.hr\/blog\/wp-content\/uploads\/2026\/01\/Pomaganje-obitelj-clanovi-obitelji-suosjecanje-Pexels.jpg\" alt=\"Pomaganje, obitelj, \u010dlanovi obitelji, suosje\u0107anje Pexels\" width=\"1200\" height=\"675\" srcset=\"https:\/\/zaposlise.hr\/blog\/wp-content\/uploads\/2026\/01\/Pomaganje-obitelj-clanovi-obitelji-suosjecanje-Pexels.jpg 1200w, https:\/\/zaposlise.hr\/blog\/wp-content\/uploads\/2026\/01\/Pomaganje-obitelj-clanovi-obitelji-suosjecanje-Pexels-300x169.jpg 300w, https:\/\/zaposlise.hr\/blog\/wp-content\/uploads\/2026\/01\/Pomaganje-obitelj-clanovi-obitelji-suosjecanje-Pexels-1024x576.jpg 1024w, https:\/\/zaposlise.hr\/blog\/wp-content\/uploads\/2026\/01\/Pomaganje-obitelj-clanovi-obitelji-suosjecanje-Pexels-768x432.jpg 768w, https:\/\/zaposlise.hr\/blog\/wp-content\/uploads\/2026\/01\/Pomaganje-obitelj-clanovi-obitelji-suosjecanje-Pexels-444x250.jpg 444w\" sizes=\"(max-width: 1200px) 100vw, 1200px\" \/><p id=\"caption-attachment-20701\" class=\"wp-caption-text\"><span style=\"font-size: 8pt\">Pomaganje, obitelj, \u010dlanovi obitelji, suosje\u0107anje; Izvor: Pexels<\/span><\/p><\/div>\n<p>Ovo pravo ne mogu ostvariti osobe koje su smje\u0161tene u domovima za starije na teret dr\u017eave ili koje imaju zna\u010dajnu imovinu koja im osigurava redovita primanja.<\/p>\n<p>Time se nastoji osigurati da naknada do\u0111e upravo do onih kojima je najpotrebnija. Takvih, na\u017ealost, ima i previ\u0161e.<\/p>\n<p><em><a href=\"https:\/\/zaposlise.hr\/blog\/novcana-naknada-baka-djed-servis-u-samoboru\/\">Nov\u010dana naknada<\/a> za baka-djed servis u Samoboru i dalje funkcionira. Pro\u010ditajte o \u010demu se radi.\u00a0<\/em><\/p>\n<h2><span class=\"ez-toc-section\" id=\"Moze_li_se_od_naknade_zivjeti\"><\/span>Mo\u017ee li se od naknade \u017eivjeti?<span class=\"ez-toc-section-end\"><\/span><\/h2>\n<p>Iznos nacionalne naknade za starije osobe iznosi oko 150 eura mjese\u010dno, uz mogu\u0107nost povremenih uskla\u0111ivanja.<\/p>\n<p>Iako taj iznos predstavlja va\u017enu pomo\u0107, realno ne omogu\u0107uje dostojanstven \u017eivot bez dodatnih izvora prihoda ili pomo\u0107i obitelji.<\/p>\n<p>Za mnoge korisnike ova naknada slu\u017ei za pokrivanje osnovnih tro\u0161kova poput re\u017eija, lijekova ili hrane.<\/p>\n<p>Vidimo da ne pokriva sve \u017eivotne potrebe, ali mo\u017ee biti razlika izme\u0111u potpunog siroma\u0161tva i minimalne sigurnosti.<\/p>\n<p>Nacionalna naknada se promatra kao privremeno ili nu\u017eno rje\u0161enje, a ne kao trajna zamjena za mirovinu.<\/p>\n<div id=\"attachment_20703\" style=\"width: 1210px\" class=\"wp-caption aligncenter\"><img loading=\"lazy\" decoding=\"async\" aria-describedby=\"caption-attachment-20703\" class=\"size-full wp-image-20703\" src=\"https:\/\/zaposlise.hr\/blog\/wp-content\/uploads\/2026\/01\/Kupovina-namirnica-umirovljenica-mirovina-Shutterstock.jpg\" alt=\"Kupovina namirnica, umirovljenica, mirovina Shutterstock\" width=\"1200\" height=\"675\" srcset=\"https:\/\/zaposlise.hr\/blog\/wp-content\/uploads\/2026\/01\/Kupovina-namirnica-umirovljenica-mirovina-Shutterstock.jpg 1200w, https:\/\/zaposlise.hr\/blog\/wp-content\/uploads\/2026\/01\/Kupovina-namirnica-umirovljenica-mirovina-Shutterstock-300x169.jpg 300w, https:\/\/zaposlise.hr\/blog\/wp-content\/uploads\/2026\/01\/Kupovina-namirnica-umirovljenica-mirovina-Shutterstock-1024x576.jpg 1024w, https:\/\/zaposlise.hr\/blog\/wp-content\/uploads\/2026\/01\/Kupovina-namirnica-umirovljenica-mirovina-Shutterstock-768x432.jpg 768w, https:\/\/zaposlise.hr\/blog\/wp-content\/uploads\/2026\/01\/Kupovina-namirnica-umirovljenica-mirovina-Shutterstock-444x250.jpg 444w\" sizes=\"(max-width: 1200px) 100vw, 1200px\" \/><p id=\"caption-attachment-20703\" class=\"wp-caption-text\"><span style=\"font-size: 8pt\">Kupovina namirnica, umirovljenica, mirovina; Izvor: Shutterstock<\/span><\/p><\/div>\n<p><em><a href=\"https:\/\/zaposlise.hr\/blog\/financijska-neovisnost-zena\/\">Financijska neovisnost \u017eena<\/a> va\u017ena je za zdravo dru\u0161tvo. Pro\u010ditajte \u010dlanak o ovoj va\u017enoj temi.\u00a0<\/em><\/p>\n<blockquote><p><span style=\"font-size: 14pt\"><a href=\"http:\/\/chrome-extension:\/\/efaidnbmnnnibpcajpcglclefindmkaj\/https:\/\/repozitorij.pravo.unizg.hr\/object\/pravo:4615\/FILE0\" target=\"_blank\" rel=\"noopener\">Siroma\u0161tvo<\/a> predstavlja globalni problem dana\u0161njice.<\/span><\/p><\/blockquote>\n<h2><span class=\"ez-toc-section\" id=\"Mnogi_stariji_nemaju_mirovinu\"><\/span>Mnogi stariji nemaju mirovinu<span class=\"ez-toc-section-end\"><\/span><\/h2>\n<p>Razlozi zbog kojih mnogi stariji gra\u0111ani nemaju pravo na mirovinu duboko su ukorijenjeni u pro\u0161lim desetlje\u0107ima.<\/p>\n<p>Mnogi su radili u razdobljima kada su radni odnosi bili nestabilni, kada se doprinosi nisu redovito upla\u0107ivali.<\/p>\n<p>Ima situacija kada je rad u poljoprivredi, obiteljskim gospodarstvima i ku\u0107anstvima bio nevidljiv u slu\u017ebenim evidencijama.<\/p>\n<p>Posebno su pogo\u0111ene \u017eene koje su ve\u0107i dio \u017eivota provele u nepla\u0107enom radu. Naravno, radi se o\u00a0brizi o djeci, starijim \u010dlanovima obitelji i ku\u0107anstvu.<\/p>\n<p>Njihov doprinos dru\u0161tvu nikada nije bio formalno priznat kroz mirovinski sustav, \u0161to danas rezultira financijskom nesigurno\u0161\u0107u u starosti.<\/p>\n<p><em>Danas <a href=\"https:\/\/zaposlise.hr\/blog\/prosjecna-placa-kredit\/\">prosje\u010dna pla\u0107a<\/a> ne pokriva ratu stambenog kredita. Pro\u010ditajte \u010dlanak!<\/em><\/p>\n<div id=\"attachment_20623\" style=\"width: 1210px\" class=\"wp-caption aligncenter\"><img loading=\"lazy\" decoding=\"async\" aria-describedby=\"caption-attachment-20623\" class=\"size-full wp-image-20623\" src=\"https:\/\/zaposlise.hr\/blog\/wp-content\/uploads\/2026\/01\/Prosjecna-placa-u-Hrvatskoj.png\" alt=\"Prosje\u010dna pla\u0107a u Hrvatskoj\" width=\"1200\" height=\"675\" srcset=\"https:\/\/zaposlise.hr\/blog\/wp-content\/uploads\/2026\/01\/Prosjecna-placa-u-Hrvatskoj.png 1200w, https:\/\/zaposlise.hr\/blog\/wp-content\/uploads\/2026\/01\/Prosjecna-placa-u-Hrvatskoj-300x169.png 300w, https:\/\/zaposlise.hr\/blog\/wp-content\/uploads\/2026\/01\/Prosjecna-placa-u-Hrvatskoj-1024x576.png 1024w, https:\/\/zaposlise.hr\/blog\/wp-content\/uploads\/2026\/01\/Prosjecna-placa-u-Hrvatskoj-768x432.png 768w, https:\/\/zaposlise.hr\/blog\/wp-content\/uploads\/2026\/01\/Prosjecna-placa-u-Hrvatskoj-444x250.png 444w\" sizes=\"(max-width: 1200px) 100vw, 1200px\" \/><p id=\"caption-attachment-20623\" class=\"wp-caption-text\"><span style=\"font-size: 8pt\">Prosje\u010dna pla\u0107a u Hrvatskoj<\/span><\/p><\/div>\n<h2><span class=\"ez-toc-section\" id=\"Zaposljavamo_li_nase_starije\"><\/span>Zapo\u0161ljavamo li na\u0161e starije?<span class=\"ez-toc-section-end\"><\/span><\/h2>\n<p>Zapo\u0161ljavanje starijih osoba i dalje je jedan od najve\u0107ih izazova tr\u017ei\u0161ta rada. Iako se \u010desto govori o nedostatku radne snage, stariji radnici te\u0161ko pronalaze posao, osobito nakon 55. godine \u017eivota.<\/p>\n<p>Razlozi su brojni. Neki imaju predrasude. Mo\u017eda su i tehnolo\u0161ke promjene prevelika prepreka. Jasan problem rade neprilago\u0111ena radna mjesta i nedostatak fleksibilnog modela rada.<\/p>\n<p><em>Svejedno, <a href=\"https:\/\/zaposlise.hr\/blog\/druga-karijera-nakon-55\/\">druga karijera nakon 55<\/a>. godine je mogu\u0107a. Vi\u0161e u \u010dlanku na <a href=\"https:\/\/zaposlise.hr\/blog\/druga-karijera-nakon-55\/\">linku<\/a>!<\/em><\/p>\n<p>Starije osobe koje su ostale bez posla \u010desto se suo\u010davaju s dugotrajnom nezaposleno\u0161\u0107u, a povratak na tr\u017ei\u0161te rada u kasnijoj dobi iznimno je te\u017eak.<\/p>\n<p>\u010cak i kada postoji volja za radom, \u010desto ne postoje <a href=\"https:\/\/zaposlise.hr\/blog\/prekvalifikacija-i-promjene\/\">programi prekvalifikacije<\/a> ili podr\u0161ke koji bi im omogu\u0107ili zapo\u0161ljavanje u skladu s njihovim mogu\u0107nostima i zdravstvenim stanjem.<\/p>\n<p>Uz sve navedeno, mnoge starije osobe nemaju digitalne vje\u0161tine koje su danas gotovo preduvjet za zapo\u0161ljavanje, a prilike za njihovo obrazovanje su ograni\u010dene.<\/p>\n<p>Zdravstveni problemi i smanjena mobilnost tako\u0111er rade svoje.<\/p>\n<div id=\"attachment_20706\" style=\"width: 1210px\" class=\"wp-caption aligncenter\"><img loading=\"lazy\" decoding=\"async\" aria-describedby=\"caption-attachment-20706\" class=\"size-full wp-image-20706\" src=\"https:\/\/zaposlise.hr\/blog\/wp-content\/uploads\/2026\/01\/Zdravlje-zdravstveni-problemi-stariji-muskarac-Pexels.jpg\" alt=\"Zdravlje, zdravstveni problemi, stariji mu\u0161karac Pexels\" width=\"1200\" height=\"675\" srcset=\"https:\/\/zaposlise.hr\/blog\/wp-content\/uploads\/2026\/01\/Zdravlje-zdravstveni-problemi-stariji-muskarac-Pexels.jpg 1200w, https:\/\/zaposlise.hr\/blog\/wp-content\/uploads\/2026\/01\/Zdravlje-zdravstveni-problemi-stariji-muskarac-Pexels-300x169.jpg 300w, https:\/\/zaposlise.hr\/blog\/wp-content\/uploads\/2026\/01\/Zdravlje-zdravstveni-problemi-stariji-muskarac-Pexels-1024x576.jpg 1024w, https:\/\/zaposlise.hr\/blog\/wp-content\/uploads\/2026\/01\/Zdravlje-zdravstveni-problemi-stariji-muskarac-Pexels-768x432.jpg 768w, https:\/\/zaposlise.hr\/blog\/wp-content\/uploads\/2026\/01\/Zdravlje-zdravstveni-problemi-stariji-muskarac-Pexels-444x250.jpg 444w\" sizes=\"(max-width: 1200px) 100vw, 1200px\" \/><p id=\"caption-attachment-20706\" class=\"wp-caption-text\"><span style=\"font-size: 8pt\">Zdravlje, zdravstveni problemi, stariji mu\u0161karac; Izvor: Pexels<\/span><\/p><\/div>\n<p>Tako do situacije u kojoj velik broj starijih osoba prijevremeno izlazi s tr\u017ei\u0161ta rada, bez ikakve financijske sigurnosti.<\/p>\n<p><em>Iako odnedavno <a href=\"https:\/\/zaposlise.hr\/blog\/umirovljenici-puno-radno-vrijeme\/\">umirovljenici<\/a> mogu raditi puno radno vrijeme. Vidjet \u0107emo uskoro kakvi \u0107e biti rezultati takvog rada.\u00a0<\/em><\/p>\n<h2><span class=\"ez-toc-section\" id=\"Nacionalna_naknada_je_pravo_rjesenje\"><\/span>Nacionalna naknada je pravo rje\u0161enje?<span class=\"ez-toc-section-end\"><\/span><\/h2>\n<p>Nacionalna naknada za starije osobe va\u017ena je i potrebna mjera, ali ona ne rje\u0161ava uzrok problema. Samo ubla\u017eava posljedice dugogodi\u0161nje isklju\u010denosti iz mirovinskog i tr\u017ei\u0161ta rada.<\/p>\n<p>Ipak ne mo\u017ee zamijeniti sustavno rje\u0161avanje zapo\u0161ljavanja starijih osoba.<\/p>\n<p>Pravi cilj mora biti dru\u0161tvo u kojem starije osobe imaju izbor. Ve\u0107 smo spomenuli mogu\u0107nost rada, sudjelovanja i dostojanstvenog \u017eivota, a ne samo minimalne pomo\u0107i.<\/p>\n<p>U kontekstu zapo\u0161ljavanja, Hrvatska se nalazi pred velikim izazovom, ali i prilikom.<\/p>\n<p>Aktivno uklju\u010divanje starijih osoba u tr\u017ei\u0161te rada, uz istovremeno o\u010duvanje socijalne sigurnosti, mo\u017ee biti jedno od klju\u010dnih rje\u0161enja za demografske i ekonomske probleme koji dolaze.<\/p>\n<h2><span class=\"ez-toc-section\" id=\"Novi_poslovi_su_dostupni\"><\/span>Novi poslovi su dostupni<span class=\"ez-toc-section-end\"><\/span><\/h2>\n<p>Ako ste starija osoba koja jo\u0161 \u017eeli raditi ili tra\u017eite informacije o pravima i mogu\u0107nostima zapo\u0161ljavanja, pratite aktualne oglase i savjete na <a href=\"http:\/\/zaposlise.hr\">ZaposliSe.hr<\/a>.<\/p>\n<p>Informiranost je prvi korak prema sigurnijoj i aktivnijoj budu\u0107nosti.<\/p>\n<p><strong>Potra\u017eite pravi <a href=\"http:\/\/zaposlise.hr\/posao\">natje\u010daj za posao<\/a> ve\u0107 danas!<\/strong><\/p>\n","protected":false},"excerpt":{"rendered":"<p>Nacionalna naknada za starije osobe glasna je tema u zadnje vrijeme. Vrlo je va\u017ena socijalna mjera uvedena u posljednjih nekoliko [&hellip;]<\/p>\n","protected":false},"author":4,"featured_media":20695,"comment_status":"closed","ping_status":"closed","sticky":false,"template":"","format":"standard","meta":{"inline_featured_image":false,"footnotes":""},"categories":[29],"tags":[418,462,750,416,117],"yoast_head":"<!-- This site is optimized with the Yoast SEO plugin v21.6 - https:\/\/yoast.com\/wordpress\/plugins\/seo\/ -->\n<title>Nacionalna naknada za starije osobe: sigurnost za osobe bez mirovine - Zaposlise.hr<\/title>\n<meta name=\"description\" content=\"Nacionalna naknada za starije osobe primanje je koje Vlada daje osobama bez ure\u0111ene mirovine. Saznajte vi\u0161e!\" \/>\n<meta name=\"robots\" content=\"index, follow, max-snippet:-1, max-image-preview:large, max-video-preview:-1\" \/>\n<link rel=\"canonical\" href=\"https:\/\/zaposlise.hr\/blog\/nacionalna-naknada-za-starije\/\" \/>\n<meta property=\"og:locale\" content=\"hr_HR\" \/>\n<meta property=\"og:type\" content=\"article\" \/>\n<meta property=\"og:title\" content=\"Nacionalna naknada za starije osobe: sigurnost za osobe bez mirovine - Zaposlise.hr\" \/>\n<meta property=\"og:description\" content=\"Nacionalna naknada za starije osobe primanje je koje Vlada daje osobama bez ure\u0111ene mirovine. Saznajte vi\u0161e!\" \/>\n<meta property=\"og:url\" content=\"https:\/\/zaposlise.hr\/blog\/nacionalna-naknada-za-starije\/\" \/>\n<meta property=\"og:site_name\" content=\"Zaposlise.hr\" \/>\n<meta property=\"article:published_time\" content=\"2026-01-28T09:47:15+00:00\" \/>\n<meta property=\"og:image\" content=\"https:\/\/zaposlise.hr\/blog\/wp-content\/uploads\/2026\/01\/Nacionalna-naknada-za-starije-osobe.png\" \/>\n\t<meta property=\"og:image:width\" content=\"1200\" \/>\n\t<meta property=\"og:image:height\" content=\"675\" \/>\n\t<meta property=\"og:image:type\" content=\"image\/png\" \/>\n<meta name=\"author\" content=\"Maja Cvetkovic\" \/>\n<meta name=\"twitter:card\" content=\"summary_large_image\" \/>\n<meta name=\"twitter:label1\" content=\"Napisao\/la\" \/>\n\t<meta name=\"twitter:data1\" content=\"Maja Cvetkovic\" \/>\n\t<meta name=\"twitter:label2\" content=\"Procijenjeno vrijeme \u010ditanja\" \/>\n\t<meta name=\"twitter:data2\" content=\"7 minuta\" \/>\n<script type=\"application\/ld+json\" class=\"yoast-schema-graph\">{\"@context\":\"https:\/\/schema.org\",\"@graph\":[{\"@type\":\"Article\",\"@id\":\"https:\/\/zaposlise.hr\/blog\/nacionalna-naknada-za-starije\/#article\",\"isPartOf\":{\"@id\":\"https:\/\/zaposlise.hr\/blog\/nacionalna-naknada-za-starije\/\"},\"author\":{\"name\":\"Maja Cvetkovic\",\"@id\":\"https:\/\/zaposlise.hr\/blog\/#\/schema\/person\/11d6327b8569a9e940673e6acbfa396a\"},\"headline\":\"Nacionalna naknada za starije osobe: sigurnost za osobe bez mirovine\",\"datePublished\":\"2026-01-28T09:47:15+00:00\",\"dateModified\":\"2026-01-28T09:47:15+00:00\",\"mainEntityOfPage\":{\"@id\":\"https:\/\/zaposlise.hr\/blog\/nacionalna-naknada-za-starije\/\"},\"wordCount\":1217,\"publisher\":{\"@id\":\"https:\/\/zaposlise.hr\/blog\/#organization\"},\"keywords\":[\"baka djed servis\",\"mirovina\",\"Nacionalna naknada za starije osobe\",\"nov\u010dana naknada\",\"prekvalifikacija\"],\"articleSection\":[\"Novosti\"],\"inLanguage\":\"hr\"},{\"@type\":\"WebPage\",\"@id\":\"https:\/\/zaposlise.hr\/blog\/nacionalna-naknada-za-starije\/\",\"url\":\"https:\/\/zaposlise.hr\/blog\/nacionalna-naknada-za-starije\/\",\"name\":\"Nacionalna naknada za starije osobe: sigurnost za osobe bez mirovine - Zaposlise.hr\",\"isPartOf\":{\"@id\":\"https:\/\/zaposlise.hr\/blog\/#website\"},\"datePublished\":\"2026-01-28T09:47:15+00:00\",\"dateModified\":\"2026-01-28T09:47:15+00:00\",\"description\":\"Nacionalna naknada za starije osobe primanje je koje Vlada daje osobama bez ure\u0111ene mirovine. Saznajte vi\u0161e!\",\"breadcrumb\":{\"@id\":\"https:\/\/zaposlise.hr\/blog\/nacionalna-naknada-za-starije\/#breadcrumb\"},\"inLanguage\":\"hr\",\"potentialAction\":[{\"@type\":\"ReadAction\",\"target\":[\"https:\/\/zaposlise.hr\/blog\/nacionalna-naknada-za-starije\/\"]}]},{\"@type\":\"BreadcrumbList\",\"@id\":\"https:\/\/zaposlise.hr\/blog\/nacionalna-naknada-za-starije\/#breadcrumb\",\"itemListElement\":[{\"@type\":\"ListItem\",\"position\":1,\"name\":\"Po\u010detna stranica\",\"item\":\"https:\/\/zaposlise.hr\/blog\/\"},{\"@type\":\"ListItem\",\"position\":2,\"name\":\"Nacionalna naknada za starije osobe: sigurnost za osobe bez mirovine\"}]},{\"@type\":\"WebSite\",\"@id\":\"https:\/\/zaposlise.hr\/blog\/#website\",\"url\":\"https:\/\/zaposlise.hr\/blog\/\",\"name\":\"Zaposlise.hr\",\"description\":\"Posao za tebe\",\"publisher\":{\"@id\":\"https:\/\/zaposlise.hr\/blog\/#organization\"},\"potentialAction\":[{\"@type\":\"SearchAction\",\"target\":{\"@type\":\"EntryPoint\",\"urlTemplate\":\"https:\/\/zaposlise.hr\/blog\/?s={search_term_string}\"},\"query-input\":\"required name=search_term_string\"}],\"inLanguage\":\"hr\"},{\"@type\":\"Organization\",\"@id\":\"https:\/\/zaposlise.hr\/blog\/#organization\",\"name\":\"Zaposlise.hr\",\"url\":\"https:\/\/zaposlise.hr\/blog\/\",\"logo\":{\"@type\":\"ImageObject\",\"inLanguage\":\"hr\",\"@id\":\"https:\/\/zaposlise.hr\/blog\/#\/schema\/logo\/image\/\",\"url\":\"https:\/\/zaposlise.hr\/blog\/wp-content\/uploads\/2024\/06\/Screenshot-2024-06-05-at-09.05.43.png\",\"contentUrl\":\"https:\/\/zaposlise.hr\/blog\/wp-content\/uploads\/2024\/06\/Screenshot-2024-06-05-at-09.05.43.png\",\"width\":2088,\"height\":592,\"caption\":\"Zaposlise.hr\"},\"image\":{\"@id\":\"https:\/\/zaposlise.hr\/blog\/#\/schema\/logo\/image\/\"}},{\"@type\":\"Person\",\"@id\":\"https:\/\/zaposlise.hr\/blog\/#\/schema\/person\/11d6327b8569a9e940673e6acbfa396a\",\"name\":\"Maja Cvetkovic\",\"image\":{\"@type\":\"ImageObject\",\"inLanguage\":\"hr\",\"@id\":\"https:\/\/zaposlise.hr\/blog\/#\/schema\/person\/image\/\",\"url\":\"https:\/\/secure.gravatar.com\/avatar\/e8d7da4f01ab43b5b98fc69bf899cf57?s=96&d=mm&r=g\",\"contentUrl\":\"https:\/\/secure.gravatar.com\/avatar\/e8d7da4f01ab43b5b98fc69bf899cf57?s=96&d=mm&r=g\",\"caption\":\"Maja Cvetkovic\"},\"url\":\"https:\/\/zaposlise.hr\/blog\/author\/mayacvetkovic\/\"}]}<\/script>\n<!-- \/ Yoast SEO plugin. -->","yoast_head_json":{"title":"Nacionalna naknada za starije osobe: sigurnost za osobe bez mirovine - Zaposlise.hr","description":"Nacionalna naknada za starije osobe primanje je koje Vlada daje osobama bez ure\u0111ene mirovine. Saznajte vi\u0161e!","robots":{"index":"index","follow":"follow","max-snippet":"max-snippet:-1","max-image-preview":"max-image-preview:large","max-video-preview":"max-video-preview:-1"},"canonical":"https:\/\/zaposlise.hr\/blog\/nacionalna-naknada-za-starije\/","og_locale":"hr_HR","og_type":"article","og_title":"Nacionalna naknada za starije osobe: sigurnost za osobe bez mirovine - Zaposlise.hr","og_description":"Nacionalna naknada za starije osobe primanje je koje Vlada daje osobama bez ure\u0111ene mirovine. Saznajte vi\u0161e!","og_url":"https:\/\/zaposlise.hr\/blog\/nacionalna-naknada-za-starije\/","og_site_name":"Zaposlise.hr","article_published_time":"2026-01-28T09:47:15+00:00","og_image":[{"width":1200,"height":675,"url":"https:\/\/zaposlise.hr\/blog\/wp-content\/uploads\/2026\/01\/Nacionalna-naknada-za-starije-osobe.png","type":"image\/png"}],"author":"Maja Cvetkovic","twitter_card":"summary_large_image","twitter_misc":{"Napisao\/la":"Maja Cvetkovic","Procijenjeno vrijeme \u010ditanja":"7 minuta"},"schema":{"@context":"https:\/\/schema.org","@graph":[{"@type":"Article","@id":"https:\/\/zaposlise.hr\/blog\/nacionalna-naknada-za-starije\/#article","isPartOf":{"@id":"https:\/\/zaposlise.hr\/blog\/nacionalna-naknada-za-starije\/"},"author":{"name":"Maja Cvetkovic","@id":"https:\/\/zaposlise.hr\/blog\/#\/schema\/person\/11d6327b8569a9e940673e6acbfa396a"},"headline":"Nacionalna naknada za starije osobe: sigurnost za osobe bez mirovine","datePublished":"2026-01-28T09:47:15+00:00","dateModified":"2026-01-28T09:47:15+00:00","mainEntityOfPage":{"@id":"https:\/\/zaposlise.hr\/blog\/nacionalna-naknada-za-starije\/"},"wordCount":1217,"publisher":{"@id":"https:\/\/zaposlise.hr\/blog\/#organization"},"keywords":["baka djed servis","mirovina","Nacionalna naknada za starije osobe","nov\u010dana naknada","prekvalifikacija"],"articleSection":["Novosti"],"inLanguage":"hr"},{"@type":"WebPage","@id":"https:\/\/zaposlise.hr\/blog\/nacionalna-naknada-za-starije\/","url":"https:\/\/zaposlise.hr\/blog\/nacionalna-naknada-za-starije\/","name":"Nacionalna naknada za starije osobe: sigurnost za osobe bez mirovine - Zaposlise.hr","isPartOf":{"@id":"https:\/\/zaposlise.hr\/blog\/#website"},"datePublished":"2026-01-28T09:47:15+00:00","dateModified":"2026-01-28T09:47:15+00:00","description":"Nacionalna naknada za starije osobe primanje je koje Vlada daje osobama bez ure\u0111ene mirovine. Saznajte vi\u0161e!","breadcrumb":{"@id":"https:\/\/zaposlise.hr\/blog\/nacionalna-naknada-za-starije\/#breadcrumb"},"inLanguage":"hr","potentialAction":[{"@type":"ReadAction","target":["https:\/\/zaposlise.hr\/blog\/nacionalna-naknada-za-starije\/"]}]},{"@type":"BreadcrumbList","@id":"https:\/\/zaposlise.hr\/blog\/nacionalna-naknada-za-starije\/#breadcrumb","itemListElement":[{"@type":"ListItem","position":1,"name":"Po\u010detna stranica","item":"https:\/\/zaposlise.hr\/blog\/"},{"@type":"ListItem","position":2,"name":"Nacionalna naknada za starije osobe: sigurnost za osobe bez mirovine"}]},{"@type":"WebSite","@id":"https:\/\/zaposlise.hr\/blog\/#website","url":"https:\/\/zaposlise.hr\/blog\/","name":"Zaposlise.hr","description":"Posao za tebe","publisher":{"@id":"https:\/\/zaposlise.hr\/blog\/#organization"},"potentialAction":[{"@type":"SearchAction","target":{"@type":"EntryPoint","urlTemplate":"https:\/\/zaposlise.hr\/blog\/?s={search_term_string}"},"query-input":"required name=search_term_string"}],"inLanguage":"hr"},{"@type":"Organization","@id":"https:\/\/zaposlise.hr\/blog\/#organization","name":"Zaposlise.hr","url":"https:\/\/zaposlise.hr\/blog\/","logo":{"@type":"ImageObject","inLanguage":"hr","@id":"https:\/\/zaposlise.hr\/blog\/#\/schema\/logo\/image\/","url":"https:\/\/zaposlise.hr\/blog\/wp-content\/uploads\/2024\/06\/Screenshot-2024-06-05-at-09.05.43.png","contentUrl":"https:\/\/zaposlise.hr\/blog\/wp-content\/uploads\/2024\/06\/Screenshot-2024-06-05-at-09.05.43.png","width":2088,"height":592,"caption":"Zaposlise.hr"},"image":{"@id":"https:\/\/zaposlise.hr\/blog\/#\/schema\/logo\/image\/"}},{"@type":"Person","@id":"https:\/\/zaposlise.hr\/blog\/#\/schema\/person\/11d6327b8569a9e940673e6acbfa396a","name":"Maja Cvetkovic","image":{"@type":"ImageObject","inLanguage":"hr","@id":"https:\/\/zaposlise.hr\/blog\/#\/schema\/person\/image\/","url":"https:\/\/secure.gravatar.com\/avatar\/e8d7da4f01ab43b5b98fc69bf899cf57?s=96&d=mm&r=g","contentUrl":"https:\/\/secure.gravatar.com\/avatar\/e8d7da4f01ab43b5b98fc69bf899cf57?s=96&d=mm&r=g","caption":"Maja Cvetkovic"},"url":"https:\/\/zaposlise.hr\/blog\/author\/mayacvetkovic\/"}]}},"_links":{"self":[{"href":"https:\/\/zaposlise.hr\/blog\/wp-json\/wp\/v2\/posts\/20672"}],"collection":[{"href":"https:\/\/zaposlise.hr\/blog\/wp-json\/wp\/v2\/posts"}],"about":[{"href":"https:\/\/zaposlise.hr\/blog\/wp-json\/wp\/v2\/types\/post"}],"author":[{"embeddable":true,"href":"https:\/\/zaposlise.hr\/blog\/wp-json\/wp\/v2\/users\/4"}],"replies":[{"embeddable":true,"href":"https:\/\/zaposlise.hr\/blog\/wp-json\/wp\/v2\/comments?post=20672"}],"version-history":[{"count":29,"href":"https:\/\/zaposlise.hr\/blog\/wp-json\/wp\/v2\/posts\/20672\/revisions"}],"predecessor-version":[{"id":20707,"href":"https:\/\/zaposlise.hr\/blog\/wp-json\/wp\/v2\/posts\/20672\/revisions\/20707"}],"wp:featuredmedia":[{"embeddable":true,"href":"https:\/\/zaposlise.hr\/blog\/wp-json\/wp\/v2\/media\/20695"}],"wp:attachment":[{"href":"https:\/\/zaposlise.hr\/blog\/wp-json\/wp\/v2\/media?parent=20672"}],"wp:term":[{"taxonomy":"category","embeddable":true,"href":"https:\/\/zaposlise.hr\/blog\/wp-json\/wp\/v2\/categories?post=20672"},{"taxonomy":"post_tag","embeddable":true,"href":"https:\/\/zaposlise.hr\/blog\/wp-json\/wp\/v2\/tags?post=20672"}],"curies":[{"name":"wp","href":"https:\/\/api.w.org\/{rel}","templated":true}]}}