{"id":22118,"date":"2026-03-17T10:11:22","date_gmt":"2026-03-17T09:11:22","guid":{"rendered":"https:\/\/zaposlise.hr\/blog\/?p=22118"},"modified":"2026-03-17T10:31:48","modified_gmt":"2026-03-17T09:31:48","slug":"otkaz-zbog-izgleda","status":"publish","type":"post","link":"https:\/\/zaposlise.hr\/blog\/otkaz-zbog-izgleda\/","title":{"rendered":"Otkaz zbog izgleda: mo\u017ee li fizi\u010dki izgled odlu\u010diti o poslu?"},"content":{"rendered":"<span class=\"rt-reading-time\" style=\"display: block;\"><span class=\"rt-label rt-prefix\">Reading Time: <\/span> <span class=\"rt-time\">5<\/span> <span class=\"rt-label rt-postfix\">minute<\/span><\/span><p>Otkaz zbog izgleda posljednjih je tjedana ponovno otvorio raspravu o diskriminaciji na tr\u017ei\u0161tu rada.<\/p>\n<p>Povod je pri\u010da 27-godi\u0161nje konobarice koja je izjavila da je dva puta dobila otkaz upravo zbog svog izgleda. Pri\u010du je donio <a href=\"https:\/\/www.index.hr\/magazin\/clanak\/hrvatica-27-koja-radi-kao-konobarica-dva-puta-sam-dobila-otkaz-zbog-izgleda\/2769023.aspx?utm_\" target=\"_blank\" rel=\"noopener\">Index<\/a>.<\/p>\n<p>Takvi slu\u010dajevi nisu izolirani. Iako se o njima rijetko govori otvoreno, izgled zaposlenika mo\u017ee utjecati na zapo\u0161ljavanje ili zadr\u017eavanje posla.<\/p>\n<p>Pitanje je gdje je granica izme\u0111u profesionalnog izgleda koji poslodavci o\u010dekuju i diskriminacije koja nema veze s radnim sposobnostima.<\/p>\n<p>U ovom \u010dlanku analiziramo za\u0161to izgled ponekad igra veliku ulogu u zapo\u0161ljavanju. Zanima nas u kojim sektorima je va\u017enost izgleda istaknuta.<\/p>\n<p>Uz to, kako radnici mogu prona\u0107i ravnote\u017eu izme\u0111u profesionalnih standarda i po\u0161tivanja radni\u010dkih prava.<\/p>\n<div id=\"ez-toc-container\" class=\"ez-toc-v2_0_64 counter-hierarchy ez-toc-counter ez-toc-white ez-toc-container-direction\">\n<div class=\"ez-toc-title-container\">\n<p class=\"ez-toc-title \" >Sadr\u017eaj<\/p>\n<span class=\"ez-toc-title-toggle\"><\/span><\/div>\n<nav><ul class='ez-toc-list ez-toc-list-level-1 ' ><li class='ez-toc-page-1 ez-toc-heading-level-2'><a class=\"ez-toc-link ez-toc-heading-1\" href=\"https:\/\/zaposlise.hr\/blog\/otkaz-zbog-izgleda\/#Konobarica_koja_je_dobila_otkaz_zbog_izgleda\" title=\"Konobarica koja je dobila otkaz zbog izgleda\">Konobarica koja je dobila otkaz zbog izgleda<\/a><\/li><li class='ez-toc-page-1 ez-toc-heading-level-2'><a class=\"ez-toc-link ez-toc-heading-2\" href=\"https:\/\/zaposlise.hr\/blog\/otkaz-zbog-izgleda\/#Diskriminacija_na_temelju_izgleda\" title=\"Diskriminacija na temelju izgleda\">Diskriminacija na temelju izgleda<\/a><\/li><li class='ez-toc-page-1 ez-toc-heading-level-2'><a class=\"ez-toc-link ez-toc-heading-3\" href=\"https:\/\/zaposlise.hr\/blog\/otkaz-zbog-izgleda\/#Gdje_izgled_utjece_na_posao\" title=\"Gdje izgled utje\u010de na posao?\">Gdje izgled utje\u010de na posao?<\/a><ul class='ez-toc-list-level-3' ><li class='ez-toc-heading-level-3'><a class=\"ez-toc-link ez-toc-heading-4\" href=\"https:\/\/zaposlise.hr\/blog\/otkaz-zbog-izgleda\/#1_Ugostiteljstvo_i_turizam\" title=\"1. Ugostiteljstvo i turizam\">1. Ugostiteljstvo i turizam<\/a><\/li><li class='ez-toc-page-1 ez-toc-heading-level-3'><a class=\"ez-toc-link ez-toc-heading-5\" href=\"https:\/\/zaposlise.hr\/blog\/otkaz-zbog-izgleda\/#2_Prodaja_i_marketing\" title=\"2. Prodaja i marketing\">2. Prodaja i marketing<\/a><\/li><li class='ez-toc-page-1 ez-toc-heading-level-3'><a class=\"ez-toc-link ez-toc-heading-6\" href=\"https:\/\/zaposlise.hr\/blog\/otkaz-zbog-izgleda\/#3_Mediji_i_javni_nastupi\" title=\"3. Mediji i javni nastupi\">3. Mediji i javni nastupi<\/a><\/li><\/ul><\/li><li class='ez-toc-page-1 ez-toc-heading-level-2'><a class=\"ez-toc-link ez-toc-heading-7\" href=\"https:\/\/zaposlise.hr\/blog\/otkaz-zbog-izgleda\/#Kada_je_izgled_opravdan_kriterij\" title=\"Kada je izgled opravdan kriterij\">Kada je izgled opravdan kriterij<\/a><\/li><li class='ez-toc-page-1 ez-toc-heading-level-2'><a class=\"ez-toc-link ez-toc-heading-8\" href=\"https:\/\/zaposlise.hr\/blog\/otkaz-zbog-izgleda\/#Kada_izgled_postaje_diskriminacija\" title=\"Kada izgled postaje diskriminacija\">Kada izgled postaje diskriminacija<\/a><\/li><li class='ez-toc-page-1 ez-toc-heading-level-2'><a class=\"ez-toc-link ez-toc-heading-9\" href=\"https:\/\/zaposlise.hr\/blog\/otkaz-zbog-izgleda\/#Poznati_slucajevi_diskriminacije_zbog_izgleda\" title=\"Poznati slu\u010dajevi diskriminacije zbog izgleda\">Poznati slu\u010dajevi diskriminacije zbog izgleda<\/a><\/li><li class='ez-toc-page-1 ez-toc-heading-level-2'><a class=\"ez-toc-link ez-toc-heading-10\" href=\"https:\/\/zaposlise.hr\/blog\/otkaz-zbog-izgleda\/#Kako_zaposlenici_mogu_zastititi_svoja_prava\" title=\"Kako zaposlenici mogu za\u0161tititi svoja prava\">Kako zaposlenici mogu za\u0161tititi svoja prava<\/a><\/li><li class='ez-toc-page-1 ez-toc-heading-level-2'><a class=\"ez-toc-link ez-toc-heading-11\" href=\"https:\/\/zaposlise.hr\/blog\/otkaz-zbog-izgleda\/#Kako_poslodavci_mogu_izbjeci_diskriminaciju\" title=\"Kako poslodavci mogu izbje\u0107i diskriminaciju\">Kako poslodavci mogu izbje\u0107i diskriminaciju<\/a><\/li><\/ul><\/nav><\/div>\n<h2><span class=\"ez-toc-section\" id=\"Konobarica_koja_je_dobila_otkaz_zbog_izgleda\"><\/span>Konobarica koja je dobila otkaz zbog izgleda<span class=\"ez-toc-section-end\"><\/span><\/h2>\n<p>Pri\u010da koja je potaknula raspravu dolazi iz ugostiteljskog sektora. Mlada konobarica iz Hrvatske izjavila je da je u dvije razli\u010dite tvrtke dobila otkaz jer navodno nije izgledala kako poslodavac o\u010dekuje.<\/p>\n<div id=\"attachment_22137\" style=\"width: 1210px\" class=\"wp-caption aligncenter\"><img loading=\"lazy\" decoding=\"async\" aria-describedby=\"caption-attachment-22137\" class=\"size-full wp-image-22137\" src=\"https:\/\/zaposlise.hr\/blog\/wp-content\/uploads\/2026\/03\/Razgovor-za-posao-izgled-Unsplash.jpg\" alt=\"Razgovor za posao, izgled Unsplash\" width=\"1200\" height=\"675\" srcset=\"https:\/\/zaposlise.hr\/blog\/wp-content\/uploads\/2026\/03\/Razgovor-za-posao-izgled-Unsplash.jpg 1200w, https:\/\/zaposlise.hr\/blog\/wp-content\/uploads\/2026\/03\/Razgovor-za-posao-izgled-Unsplash-300x169.jpg 300w, https:\/\/zaposlise.hr\/blog\/wp-content\/uploads\/2026\/03\/Razgovor-za-posao-izgled-Unsplash-1024x576.jpg 1024w, https:\/\/zaposlise.hr\/blog\/wp-content\/uploads\/2026\/03\/Razgovor-za-posao-izgled-Unsplash-768x432.jpg 768w, https:\/\/zaposlise.hr\/blog\/wp-content\/uploads\/2026\/03\/Razgovor-za-posao-izgled-Unsplash-444x250.jpg 444w\" sizes=\"(max-width: 1200px) 100vw, 1200px\" \/><p id=\"caption-attachment-22137\" class=\"wp-caption-text\"><span style=\"font-size: 8pt\">Razgovor za posao, izgled; Izvor: Unsplash<\/span><\/p><\/div>\n<p>Takvi slu\u010dajevi se doga\u0111aju u zanimanjima u kojima zaposlenici imaju izravan kontakt s gostima ili klijentima.<\/p>\n<p>Ugostiteljstvo, turizam, trgovina ili prodaja \u010desto uklju\u010duju o\u010dekivanja vezana uz izgled zaposlenika, poput urednosti, odijevanja ili op\u0107eg dojma koji ostavljaju na goste.<\/p>\n<blockquote><p><span style=\"font-size: 14pt;font-family: tahoma, arial, helvetica, sans-serif\">Me\u0111utim, granica izme\u0111u profesionalnog standarda i diskriminacije ponekad je vrlo tanka. <\/span><\/p><\/blockquote>\n<p>Kada izgled postane glavni kriterij za zadr\u017eavanje posla, postavlja se pitanje jesu li radne sposobnosti uop\u0107e va\u017ean faktor.<\/p>\n<h2><span class=\"ez-toc-section\" id=\"Diskriminacija_na_temelju_izgleda\"><\/span>Diskriminacija na temelju izgleda<span class=\"ez-toc-section-end\"><\/span><\/h2>\n<p>U stru\u010dnoj literaturi diskriminacija na temelju izgleda naziva se \u201elookism\u201c.<\/p>\n<p>Pojam ozna\u010dava situacije u kojima se osobe procjenjuju ili diskriminiraju zbog fizi\u010dkog izgleda, a ne zbog njihovih vje\u0161tina ili rezultata rada.<\/p>\n<p>Istra\u017eivanja pokazuju da izgled mo\u017ee imati stvaran utjecaj na zapo\u0161ljavanje, napredovanje pa \u010dak i visinu pla\u0107e. U nekim slu\u010dajevima atraktivniji kandidati dobivaju vi\u0161e prilika za posao ili br\u017ee napreduju u karijeri.<\/p>\n<div id=\"attachment_22139\" style=\"width: 1210px\" class=\"wp-caption aligncenter\"><img loading=\"lazy\" decoding=\"async\" aria-describedby=\"caption-attachment-22139\" class=\"size-full wp-image-22139\" src=\"https:\/\/zaposlise.hr\/blog\/wp-content\/uploads\/2026\/03\/Krojacice-radnice-Unsplash.jpg\" alt=\"Kroja\u010dice, radnice Unsplash\" width=\"1200\" height=\"675\" srcset=\"https:\/\/zaposlise.hr\/blog\/wp-content\/uploads\/2026\/03\/Krojacice-radnice-Unsplash.jpg 1200w, https:\/\/zaposlise.hr\/blog\/wp-content\/uploads\/2026\/03\/Krojacice-radnice-Unsplash-300x169.jpg 300w, https:\/\/zaposlise.hr\/blog\/wp-content\/uploads\/2026\/03\/Krojacice-radnice-Unsplash-1024x576.jpg 1024w, https:\/\/zaposlise.hr\/blog\/wp-content\/uploads\/2026\/03\/Krojacice-radnice-Unsplash-768x432.jpg 768w, https:\/\/zaposlise.hr\/blog\/wp-content\/uploads\/2026\/03\/Krojacice-radnice-Unsplash-444x250.jpg 444w\" sizes=\"(max-width: 1200px) 100vw, 1200px\" \/><p id=\"caption-attachment-22139\" class=\"wp-caption-text\"><span style=\"font-size: 8pt\">Kroja\u010dice, radnice; Izvor: Unsplash<\/span><\/p><\/div>\n<p>S druge strane, osobe koje odstupaju od odre\u0111enih estetskih standarda mogu se suo\u010diti s predrasudama ili manje povoljnim uvjetima na tr\u017ei\u0161tu rada.<\/p>\n<blockquote><p><span style=\"font-size: 14pt;font-family: terminal, monaco, monospace\"><a href=\"https:\/\/www.prs.hr\/cms\/page\/14\" target=\"_blank\" rel=\"noopener\">Diskriminacija<\/a> je nejednako postupanje prema osobi ili osobama po jednoj ili vi\u0161e osnova.<\/span><\/p><\/blockquote>\n<h2><span class=\"ez-toc-section\" id=\"Gdje_izgled_utjece_na_posao\"><\/span>Gdje izgled utje\u010de na posao?<span class=\"ez-toc-section-end\"><\/span><\/h2>\n<p>Iako se diskriminacija na temelju izgleda mo\u017ee pojaviti u bilo kojem sektoru, neke industrije posebno nagla\u0161avaju va\u017enost vanjskog dojma zaposlenika.<\/p>\n<h3><span class=\"ez-toc-section\" id=\"1_Ugostiteljstvo_i_turizam\"><\/span>1. Ugostiteljstvo i turizam<span class=\"ez-toc-section-end\"><\/span><\/h3>\n<p>U hotelima, restoranima i barovima zaposlenici su \u010desto lice tvrtke. Poslodavci zato o\u010dekuju uredan izgled, uniformu ili odre\u0111eni stil odijevanja.<\/p>\n<p>U takvom okru\u017eenju ponekad dolazi do situacija u kojima se zaposlenike procjenjuje vi\u0161e prema izgledu nego prema kvaliteti rada.<\/p>\n<h3><span class=\"ez-toc-section\" id=\"2_Prodaja_i_marketing\"><\/span>2. Prodaja i marketing<span class=\"ez-toc-section-end\"><\/span><\/h3>\n<p>U prodajnim i promotivnim poslovima izgled zaposlenika \u010desto se povezuje s percepcijom brenda. Tvrtke smatraju da zaposlenici koji izgledaju profesionalno ili privla\u010dno mogu lak\u0161e ostvariti kontakt s kupcima.<\/p>\n<h3><span class=\"ez-toc-section\" id=\"3_Mediji_i_javni_nastupi\"><\/span>3. Mediji i javni nastupi<span class=\"ez-toc-section-end\"><\/span><\/h3>\n<p>Voditelji, novinari i osobe koje rade pred kamerama tako\u0111er su \u010desto pod ve\u0107im pritiskom kada je rije\u010d o izgledu.<\/p>\n<p><em>Zanima vas <a href=\"https:\/\/zaposlise.hr\/blog\/digitalni-marketing\/\">digitalni marketing<\/a>? Pro\u010ditajte na\u0161 vodi\u010d kroz karijeru.\u00a0<\/em><\/p>\n<div id=\"attachment_16069\" style=\"width: 1210px\" class=\"wp-caption aligncenter\"><img loading=\"lazy\" decoding=\"async\" aria-describedby=\"caption-attachment-16069\" class=\"size-full wp-image-16069\" src=\"https:\/\/zaposlise.hr\/blog\/wp-content\/uploads\/2025\/08\/Digitalni-marketing.png\" alt=\"Digitalni marketing\" width=\"1200\" height=\"675\" srcset=\"https:\/\/zaposlise.hr\/blog\/wp-content\/uploads\/2025\/08\/Digitalni-marketing.png 1200w, https:\/\/zaposlise.hr\/blog\/wp-content\/uploads\/2025\/08\/Digitalni-marketing-300x169.png 300w, https:\/\/zaposlise.hr\/blog\/wp-content\/uploads\/2025\/08\/Digitalni-marketing-1024x576.png 1024w, https:\/\/zaposlise.hr\/blog\/wp-content\/uploads\/2025\/08\/Digitalni-marketing-768x432.png 768w, https:\/\/zaposlise.hr\/blog\/wp-content\/uploads\/2025\/08\/Digitalni-marketing-444x250.png 444w\" sizes=\"(max-width: 1200px) 100vw, 1200px\" \/><p id=\"caption-attachment-16069\" class=\"wp-caption-text\"><span style=\"font-size: 8pt\">Digitalni marketing<\/span><\/p><\/div>\n<h2><span class=\"ez-toc-section\" id=\"Kada_je_izgled_opravdan_kriterij\"><\/span>Kada je izgled opravdan kriterij<span class=\"ez-toc-section-end\"><\/span><\/h2>\n<p>Va\u017eno je naglasiti da poslodavci imaju pravo postaviti odre\u0111ene standarde profesionalnog izgleda.<\/p>\n<p><strong>Neki klasi\u010dni standardi su:<\/strong><\/p>\n<ul>\n<li>uredna odje\u0107a<\/li>\n<li>higijena<\/li>\n<li>uniforma ili standardni na\u010din odijevanja (dress code)<\/li>\n<li>zabrana neprimjerenih natpisa ili simbola na odje\u0107i<\/li>\n<\/ul>\n<p>Zahtjevi su opravdani. Povezani su s\u00a0imid\u017eem tvrtke ili sa sigurnosnim pravilima.<\/p>\n<blockquote><p><span style=\"font-size: 14pt;font-family: tahoma, arial, helvetica, sans-serif\">Primjerice, zrakoplovne tvrtke ili hoteli imaju stroga pravila o uniformi i frizuri zaposlenika.<\/span><\/p><\/blockquote>\n<p>Iako izgled mo\u017ee igrati odre\u0111enu ulogu u prvom dojmu, stru\u010dnjaci nagla\u0161avaju da bi kompetencije, iskustvo i radne vje\u0161tine trebale biti klju\u010dni kriterij zapo\u0161ljavanja.<\/p>\n<p>Prvi dojam mo\u017ee otvoriti vrata razgovora za posao, ali dugoro\u010dno ono \u0161to odre\u0111uje uspjeh zaposlenika jesu znanje, rezultati i sposobnost prilagodbe radnom okru\u017eenju.<\/p>\n<div id=\"attachment_17623\" style=\"width: 1210px\" class=\"wp-caption aligncenter\"><img loading=\"lazy\" decoding=\"async\" aria-describedby=\"caption-attachment-17623\" class=\"size-full wp-image-17623\" src=\"https:\/\/zaposlise.hr\/blog\/wp-content\/uploads\/2025\/10\/Nekorektna-pitanja-razgovor-za-posao-intervju-Pexels.jpg\" alt=\"Nekorektna pitanja, razgovor za posao, intervju Pexels\" width=\"1200\" height=\"675\" srcset=\"https:\/\/zaposlise.hr\/blog\/wp-content\/uploads\/2025\/10\/Nekorektna-pitanja-razgovor-za-posao-intervju-Pexels.jpg 1200w, https:\/\/zaposlise.hr\/blog\/wp-content\/uploads\/2025\/10\/Nekorektna-pitanja-razgovor-za-posao-intervju-Pexels-300x169.jpg 300w, https:\/\/zaposlise.hr\/blog\/wp-content\/uploads\/2025\/10\/Nekorektna-pitanja-razgovor-za-posao-intervju-Pexels-1024x576.jpg 1024w, https:\/\/zaposlise.hr\/blog\/wp-content\/uploads\/2025\/10\/Nekorektna-pitanja-razgovor-za-posao-intervju-Pexels-768x432.jpg 768w, https:\/\/zaposlise.hr\/blog\/wp-content\/uploads\/2025\/10\/Nekorektna-pitanja-razgovor-za-posao-intervju-Pexels-444x250.jpg 444w\" sizes=\"(max-width: 1200px) 100vw, 1200px\" \/><p id=\"caption-attachment-17623\" class=\"wp-caption-text\"><span style=\"font-size: 8pt\">Nekorektna pitanja, razgovor za posao, intervju; Izvor: Pexels<\/span><\/p><\/div>\n<p><em><a href=\"https:\/\/zaposlise.hr\/blog\/razgovor-za-posao-nekorektna-pitanja\/\">Razgovor za posao<\/a> mo\u017ee oti\u0107i u krivom smjeru. Pro\u010ditajte kako se mo\u017eete sna\u0107i ako vas zateknu nekorektna pitanja. Pro\u010ditajte <a href=\"https:\/\/zaposlise.hr\/blog\/razgovor-za-posao-nekorektna-pitanja\/\">\u010dlanak<\/a>!<\/em><\/p>\n<p>Radi tog se uvode strukturirani selekcijski procesi. Cilj je smanjiti subjektivnost i fokus stavile na konkretne kompetencije kandidata.<\/p>\n<p>U zanimanjima koja zahtijevaju visoku stru\u010dnost izgled ima znatno manji utjecaj na zapo\u0161ljavanje i visinu <a href=\"https:\/\/zaposlise.hr\/blog\/placa-na-ruke\/\">pla\u0107e<\/a>.<\/p>\n<h2><span class=\"ez-toc-section\" id=\"Kada_izgled_postaje_diskriminacija\"><\/span>Kada izgled postaje diskriminacija<span class=\"ez-toc-section-end\"><\/span><\/h2>\n<p>Problem nastaje kada kriteriji izgleda postanu pretjerani ili nemaju veze s radnim zadacima.<\/p>\n<p><strong>Primjeri takvih situacija:<\/strong><\/p>\n<ul>\n<li>zahtjev da zaposlenik promijeni frizuru ili boju kose bez jasnog razloga<\/li>\n<li>preferiranje kandidata samo zbog fizi\u010dke privla\u010dnosti<\/li>\n<li>otkaz zbog tjelesne gra\u0111e ili stila odijevanja koji ne kr\u0161i pravila<\/li>\n<\/ul>\n<p>Takve situacije mogu predstavljati oblik diskriminacije.<\/p>\n<p><em><a href=\"https:\/\/zaposlise.hr\/blog\/vjencanja\/\">Vjen\u010danja<\/a> su odli\u010dan biznis. Sezona uskoro po\u010dinje. Pro\u010ditajte povezani <a href=\"https:\/\/zaposlise.hr\/blog\/vjencanja\/\">\u010dlanak<\/a>!<\/em><\/p>\n<h2><span class=\"ez-toc-section\" id=\"Poznati_slucajevi_diskriminacije_zbog_izgleda\"><\/span>Poznati slu\u010dajevi diskriminacije zbog izgleda<span class=\"ez-toc-section-end\"><\/span><\/h2>\n<p>Iako na\u017ealost imamo sasvim dovoljno primjera diskriminacije u vlastitom dvori\u0161tu, odlu\u010dili smo istaknuti neke primjere iz drugih dr\u017eava.<\/p>\n<div id=\"attachment_22146\" style=\"width: 1210px\" class=\"wp-caption aligncenter\"><img loading=\"lazy\" decoding=\"async\" aria-describedby=\"caption-attachment-22146\" class=\"size-full wp-image-22146\" src=\"https:\/\/zaposlise.hr\/blog\/wp-content\/uploads\/2026\/03\/Dress-code-kodeks-odijevanja-pravila-odijevanja-Unsplash.jpg\" alt=\"Dress code, kodeks odijevanja, pravila odijevanja Unsplash\" width=\"1200\" height=\"675\" srcset=\"https:\/\/zaposlise.hr\/blog\/wp-content\/uploads\/2026\/03\/Dress-code-kodeks-odijevanja-pravila-odijevanja-Unsplash.jpg 1200w, https:\/\/zaposlise.hr\/blog\/wp-content\/uploads\/2026\/03\/Dress-code-kodeks-odijevanja-pravila-odijevanja-Unsplash-300x169.jpg 300w, https:\/\/zaposlise.hr\/blog\/wp-content\/uploads\/2026\/03\/Dress-code-kodeks-odijevanja-pravila-odijevanja-Unsplash-1024x576.jpg 1024w, https:\/\/zaposlise.hr\/blog\/wp-content\/uploads\/2026\/03\/Dress-code-kodeks-odijevanja-pravila-odijevanja-Unsplash-768x432.jpg 768w, https:\/\/zaposlise.hr\/blog\/wp-content\/uploads\/2026\/03\/Dress-code-kodeks-odijevanja-pravila-odijevanja-Unsplash-444x250.jpg 444w\" sizes=\"(max-width: 1200px) 100vw, 1200px\" \/><p id=\"caption-attachment-22146\" class=\"wp-caption-text\"><span style=\"font-size: 8pt\">Dress code, kodeks odijevanja, pravila odijevanja; Izvor: Unsplash<\/span><\/p><\/div>\n<p>Jedan poznati primjer prikazuje\u00a0radnicu kasina u SAD-u koja je dobila otkaz jer nije htjela nositi obaveznu \u0161minku prema pravilima tvrtke.<\/p>\n<p>Sudski spor trajao je godinama i otvorio raspravu o granici izme\u0111u poslovnog dress codea i osobnih sloboda.<\/p>\n<p>U drugom slu\u010daju modna tvrtka <a href=\"https:\/\/www.abercrombie.com\/shop\/eu\" target=\"_blank\" rel=\"noopener\">Abercrombie &amp; Fitch<\/a> suo\u010dila se s tu\u017ebama zbog politike zapo\u0161ljavanja koja je favorizirala odre\u0111eni izgled zaposlenika.<\/p>\n<p>Takvi slu\u010dajevi pokazali su da diskriminacija na temelju izgleda mo\u017ee imati ozbiljne pravne posljedice za poslodavce.<\/p>\n<blockquote><p><span style=\"font-family: tahoma, arial, helvetica, sans-serif;font-size: 14pt\"><a href=\"https:\/\/www.prs.hr\/cms\/page\/14\" target=\"_blank\" rel=\"noopener\">Poticanje na diskriminaciju<\/a> tako\u0111er se smatra diskriminacijom.<\/span><\/p><\/blockquote>\n<h2><span class=\"ez-toc-section\" id=\"Kako_zaposlenici_mogu_zastititi_svoja_prava\"><\/span>Kako zaposlenici mogu za\u0161tititi svoja prava<span class=\"ez-toc-section-end\"><\/span><\/h2>\n<p>Ako zaposlenik smatra da je diskriminiran zbog izgleda, mo\u017ee poduzeti nekoliko koraka.<\/p>\n<p>Prvo je va\u017eno provjeriti interni pravilnik tvrtke kako bi se vidjelo postoje li slu\u017ebena pravila o izgledu.<\/p>\n<p>Drugo, zaposlenik mo\u017ee potra\u017eiti savjet sindikata ili pravnog stru\u010dnjaka ako smatra da su njegova prava povrije\u0111ena.<\/p>\n<div id=\"attachment_21163\" style=\"width: 1210px\" class=\"wp-caption aligncenter\"><img loading=\"lazy\" decoding=\"async\" aria-describedby=\"caption-attachment-21163\" class=\"size-full wp-image-21163\" src=\"https:\/\/zaposlise.hr\/blog\/wp-content\/uploads\/2026\/02\/Radoholicar-gradevina-gradevinski-djelatnik-djelatnica-arhitektica-Pexels.jpg\" alt=\"Radoholi\u010dar, gra\u0111evina, gra\u0111evinski djelatnik, djelatnica, arhitektica Pexels\" width=\"1200\" height=\"675\" srcset=\"https:\/\/zaposlise.hr\/blog\/wp-content\/uploads\/2026\/02\/Radoholicar-gradevina-gradevinski-djelatnik-djelatnica-arhitektica-Pexels.jpg 1200w, https:\/\/zaposlise.hr\/blog\/wp-content\/uploads\/2026\/02\/Radoholicar-gradevina-gradevinski-djelatnik-djelatnica-arhitektica-Pexels-300x169.jpg 300w, https:\/\/zaposlise.hr\/blog\/wp-content\/uploads\/2026\/02\/Radoholicar-gradevina-gradevinski-djelatnik-djelatnica-arhitektica-Pexels-1024x576.jpg 1024w, https:\/\/zaposlise.hr\/blog\/wp-content\/uploads\/2026\/02\/Radoholicar-gradevina-gradevinski-djelatnik-djelatnica-arhitektica-Pexels-768x432.jpg 768w, https:\/\/zaposlise.hr\/blog\/wp-content\/uploads\/2026\/02\/Radoholicar-gradevina-gradevinski-djelatnik-djelatnica-arhitektica-Pexels-444x250.jpg 444w\" sizes=\"(max-width: 1200px) 100vw, 1200px\" \/><p id=\"caption-attachment-21163\" class=\"wp-caption-text\"><span style=\"font-size: 8pt\">Gra\u0111evina, gra\u0111evinski djelatnik, djelatnica, arhitektica; Izvor: Pexels<\/span><\/p><\/div>\n<p>U nekim slu\u010dajevima mogu\u0107e je pokrenuti i sudski postupak ako se doka\u017ee diskriminacija.<\/p>\n<p><em><a href=\"https:\/\/zaposlise.hr\/blog\/zene-u-gradevinarstvu\/\">\u017dene u gra\u0111evinarstvu<\/a> ru\u0161e dobro ustaljene predrasude. Pro\u010ditajte <a href=\"https:\/\/zaposlise.hr\/blog\/zene-u-gradevinarstvu\/\">\u010dlanak<\/a>!<\/em><\/p>\n<h2><span class=\"ez-toc-section\" id=\"Kako_poslodavci_mogu_izbjeci_diskriminaciju\"><\/span>Kako poslodavci mogu izbje\u0107i diskriminaciju<span class=\"ez-toc-section-end\"><\/span><\/h2>\n<p>Za poslodavce je va\u017eno postaviti jasne i objektivne kriterije zapo\u0161ljavanja.<\/p>\n<p>Umjesto fokusiranja na izgled kandidata, preporu\u010duje se procjena:<\/p>\n<ul>\n<li>radnog iskustva<\/li>\n<li>stru\u010dnih vje\u0161tina<\/li>\n<li>komunikacijskih sposobnosti<\/li>\n<li>motivacije za posao<\/li>\n<\/ul>\n<p>Takav pristup smanjuje rizik od diskriminacije i poma\u017ee tvrtkama da prona\u0111u najbolje zaposlenike.<\/p>\n<p>Poma\u017eemo tvrtkama da prona\u0111u najbolje zaposlenike, kao i zaposlenicima da prona\u0111u <a href=\"http:\/\/zaposlise,hr\/posao\">novi posao<\/a>!<\/p>\n<p><strong>Potra\u017eite svoj <a href=\"http:\/\/zaposlise,hr\/posao\">natje\u010daj za posao<\/a> ve\u0107 danas!<\/strong><\/p>\n","protected":false},"excerpt":{"rendered":"<p>Otkaz zbog izgleda posljednjih je tjedana ponovno otvorio raspravu o diskriminaciji na tr\u017ei\u0161tu rada. Povod je pri\u010da 27-godi\u0161nje konobarice koja [&hellip;]<\/p>\n","protected":false},"author":4,"featured_media":22135,"comment_status":"closed","ping_status":"closed","sticky":false,"template":"","format":"standard","meta":{"inline_featured_image":false,"footnotes":""},"categories":[26],"tags":[294,651,788,179],"yoast_head":"<!-- This site is optimized with the Yoast SEO plugin v21.6 - https:\/\/yoast.com\/wordpress\/plugins\/seo\/ -->\n<title>Otkaz zbog izgleda: mo\u017ee li fizi\u010dki izgled odlu\u010diti o poslu? - Zaposlise.hr<\/title>\n<meta name=\"description\" content=\"Otkaz zbog izgleda\" \/>\n<meta name=\"robots\" content=\"index, follow, max-snippet:-1, max-image-preview:large, max-video-preview:-1\" \/>\n<link rel=\"canonical\" href=\"https:\/\/zaposlise.hr\/blog\/otkaz-zbog-izgleda\/\" \/>\n<meta property=\"og:locale\" content=\"hr_HR\" \/>\n<meta property=\"og:type\" content=\"article\" \/>\n<meta property=\"og:title\" content=\"Otkaz zbog izgleda: mo\u017ee li fizi\u010dki izgled odlu\u010diti o poslu? - Zaposlise.hr\" \/>\n<meta property=\"og:description\" content=\"Otkaz zbog izgleda\" \/>\n<meta property=\"og:url\" content=\"https:\/\/zaposlise.hr\/blog\/otkaz-zbog-izgleda\/\" \/>\n<meta property=\"og:site_name\" content=\"Zaposlise.hr\" \/>\n<meta property=\"article:published_time\" content=\"2026-03-17T09:11:22+00:00\" \/>\n<meta property=\"article:modified_time\" content=\"2026-03-17T09:31:48+00:00\" \/>\n<meta property=\"og:image\" content=\"https:\/\/zaposlise.hr\/blog\/wp-content\/uploads\/2026\/03\/Otkaz-diskriminacija-izgled.png\" \/>\n\t<meta property=\"og:image:width\" content=\"1200\" \/>\n\t<meta property=\"og:image:height\" content=\"675\" \/>\n\t<meta property=\"og:image:type\" content=\"image\/png\" \/>\n<meta name=\"author\" content=\"Maja Cvetkovic\" \/>\n<meta name=\"twitter:card\" content=\"summary_large_image\" \/>\n<meta name=\"twitter:label1\" content=\"Napisao\/la\" \/>\n\t<meta name=\"twitter:data1\" content=\"Maja Cvetkovic\" \/>\n\t<meta name=\"twitter:label2\" content=\"Procijenjeno vrijeme \u010ditanja\" \/>\n\t<meta name=\"twitter:data2\" content=\"7 minuta\" \/>\n<script type=\"application\/ld+json\" class=\"yoast-schema-graph\">{\"@context\":\"https:\/\/schema.org\",\"@graph\":[{\"@type\":\"Article\",\"@id\":\"https:\/\/zaposlise.hr\/blog\/otkaz-zbog-izgleda\/#article\",\"isPartOf\":{\"@id\":\"https:\/\/zaposlise.hr\/blog\/otkaz-zbog-izgleda\/\"},\"author\":{\"name\":\"Maja Cvetkovic\",\"@id\":\"https:\/\/zaposlise.hr\/blog\/#\/schema\/person\/11d6327b8569a9e940673e6acbfa396a\"},\"headline\":\"Otkaz zbog izgleda: mo\u017ee li fizi\u010dki izgled odlu\u010diti o poslu?\",\"datePublished\":\"2026-03-17T09:11:22+00:00\",\"dateModified\":\"2026-03-17T09:31:48+00:00\",\"mainEntityOfPage\":{\"@id\":\"https:\/\/zaposlise.hr\/blog\/otkaz-zbog-izgleda\/\"},\"wordCount\":1145,\"publisher\":{\"@id\":\"https:\/\/zaposlise.hr\/blog\/#organization\"},\"keywords\":[\"digitalni marketing\",\"diskriminacija\",\"Otkaz zbog izgleda\",\"razgovor za posao\"],\"articleSection\":[\"Iskustva i savjeti\"],\"inLanguage\":\"hr\"},{\"@type\":\"WebPage\",\"@id\":\"https:\/\/zaposlise.hr\/blog\/otkaz-zbog-izgleda\/\",\"url\":\"https:\/\/zaposlise.hr\/blog\/otkaz-zbog-izgleda\/\",\"name\":\"Otkaz zbog izgleda: mo\u017ee li fizi\u010dki izgled odlu\u010diti o poslu? - Zaposlise.hr\",\"isPartOf\":{\"@id\":\"https:\/\/zaposlise.hr\/blog\/#website\"},\"datePublished\":\"2026-03-17T09:11:22+00:00\",\"dateModified\":\"2026-03-17T09:31:48+00:00\",\"description\":\"Otkaz zbog izgleda\",\"breadcrumb\":{\"@id\":\"https:\/\/zaposlise.hr\/blog\/otkaz-zbog-izgleda\/#breadcrumb\"},\"inLanguage\":\"hr\",\"potentialAction\":[{\"@type\":\"ReadAction\",\"target\":[\"https:\/\/zaposlise.hr\/blog\/otkaz-zbog-izgleda\/\"]}]},{\"@type\":\"BreadcrumbList\",\"@id\":\"https:\/\/zaposlise.hr\/blog\/otkaz-zbog-izgleda\/#breadcrumb\",\"itemListElement\":[{\"@type\":\"ListItem\",\"position\":1,\"name\":\"Po\u010detna stranica\",\"item\":\"https:\/\/zaposlise.hr\/blog\/\"},{\"@type\":\"ListItem\",\"position\":2,\"name\":\"Otkaz zbog izgleda: mo\u017ee li fizi\u010dki izgled odlu\u010diti o poslu?\"}]},{\"@type\":\"WebSite\",\"@id\":\"https:\/\/zaposlise.hr\/blog\/#website\",\"url\":\"https:\/\/zaposlise.hr\/blog\/\",\"name\":\"Zaposlise.hr\",\"description\":\"Posao za tebe\",\"publisher\":{\"@id\":\"https:\/\/zaposlise.hr\/blog\/#organization\"},\"potentialAction\":[{\"@type\":\"SearchAction\",\"target\":{\"@type\":\"EntryPoint\",\"urlTemplate\":\"https:\/\/zaposlise.hr\/blog\/?s={search_term_string}\"},\"query-input\":\"required name=search_term_string\"}],\"inLanguage\":\"hr\"},{\"@type\":\"Organization\",\"@id\":\"https:\/\/zaposlise.hr\/blog\/#organization\",\"name\":\"Zaposlise.hr\",\"url\":\"https:\/\/zaposlise.hr\/blog\/\",\"logo\":{\"@type\":\"ImageObject\",\"inLanguage\":\"hr\",\"@id\":\"https:\/\/zaposlise.hr\/blog\/#\/schema\/logo\/image\/\",\"url\":\"https:\/\/zaposlise.hr\/blog\/wp-content\/uploads\/2024\/06\/Screenshot-2024-06-05-at-09.05.43.png\",\"contentUrl\":\"https:\/\/zaposlise.hr\/blog\/wp-content\/uploads\/2024\/06\/Screenshot-2024-06-05-at-09.05.43.png\",\"width\":2088,\"height\":592,\"caption\":\"Zaposlise.hr\"},\"image\":{\"@id\":\"https:\/\/zaposlise.hr\/blog\/#\/schema\/logo\/image\/\"}},{\"@type\":\"Person\",\"@id\":\"https:\/\/zaposlise.hr\/blog\/#\/schema\/person\/11d6327b8569a9e940673e6acbfa396a\",\"name\":\"Maja Cvetkovic\",\"image\":{\"@type\":\"ImageObject\",\"inLanguage\":\"hr\",\"@id\":\"https:\/\/zaposlise.hr\/blog\/#\/schema\/person\/image\/\",\"url\":\"https:\/\/secure.gravatar.com\/avatar\/e8d7da4f01ab43b5b98fc69bf899cf57?s=96&d=mm&r=g\",\"contentUrl\":\"https:\/\/secure.gravatar.com\/avatar\/e8d7da4f01ab43b5b98fc69bf899cf57?s=96&d=mm&r=g\",\"caption\":\"Maja Cvetkovic\"},\"url\":\"https:\/\/zaposlise.hr\/blog\/author\/mayacvetkovic\/\"}]}<\/script>\n<!-- \/ Yoast SEO plugin. -->","yoast_head_json":{"title":"Otkaz zbog izgleda: mo\u017ee li fizi\u010dki izgled odlu\u010diti o poslu? - Zaposlise.hr","description":"Otkaz zbog izgleda","robots":{"index":"index","follow":"follow","max-snippet":"max-snippet:-1","max-image-preview":"max-image-preview:large","max-video-preview":"max-video-preview:-1"},"canonical":"https:\/\/zaposlise.hr\/blog\/otkaz-zbog-izgleda\/","og_locale":"hr_HR","og_type":"article","og_title":"Otkaz zbog izgleda: mo\u017ee li fizi\u010dki izgled odlu\u010diti o poslu? - Zaposlise.hr","og_description":"Otkaz zbog izgleda","og_url":"https:\/\/zaposlise.hr\/blog\/otkaz-zbog-izgleda\/","og_site_name":"Zaposlise.hr","article_published_time":"2026-03-17T09:11:22+00:00","article_modified_time":"2026-03-17T09:31:48+00:00","og_image":[{"width":1200,"height":675,"url":"https:\/\/zaposlise.hr\/blog\/wp-content\/uploads\/2026\/03\/Otkaz-diskriminacija-izgled.png","type":"image\/png"}],"author":"Maja Cvetkovic","twitter_card":"summary_large_image","twitter_misc":{"Napisao\/la":"Maja Cvetkovic","Procijenjeno vrijeme \u010ditanja":"7 minuta"},"schema":{"@context":"https:\/\/schema.org","@graph":[{"@type":"Article","@id":"https:\/\/zaposlise.hr\/blog\/otkaz-zbog-izgleda\/#article","isPartOf":{"@id":"https:\/\/zaposlise.hr\/blog\/otkaz-zbog-izgleda\/"},"author":{"name":"Maja Cvetkovic","@id":"https:\/\/zaposlise.hr\/blog\/#\/schema\/person\/11d6327b8569a9e940673e6acbfa396a"},"headline":"Otkaz zbog izgleda: mo\u017ee li fizi\u010dki izgled odlu\u010diti o poslu?","datePublished":"2026-03-17T09:11:22+00:00","dateModified":"2026-03-17T09:31:48+00:00","mainEntityOfPage":{"@id":"https:\/\/zaposlise.hr\/blog\/otkaz-zbog-izgleda\/"},"wordCount":1145,"publisher":{"@id":"https:\/\/zaposlise.hr\/blog\/#organization"},"keywords":["digitalni marketing","diskriminacija","Otkaz zbog izgleda","razgovor za posao"],"articleSection":["Iskustva i savjeti"],"inLanguage":"hr"},{"@type":"WebPage","@id":"https:\/\/zaposlise.hr\/blog\/otkaz-zbog-izgleda\/","url":"https:\/\/zaposlise.hr\/blog\/otkaz-zbog-izgleda\/","name":"Otkaz zbog izgleda: mo\u017ee li fizi\u010dki izgled odlu\u010diti o poslu? - Zaposlise.hr","isPartOf":{"@id":"https:\/\/zaposlise.hr\/blog\/#website"},"datePublished":"2026-03-17T09:11:22+00:00","dateModified":"2026-03-17T09:31:48+00:00","description":"Otkaz zbog izgleda","breadcrumb":{"@id":"https:\/\/zaposlise.hr\/blog\/otkaz-zbog-izgleda\/#breadcrumb"},"inLanguage":"hr","potentialAction":[{"@type":"ReadAction","target":["https:\/\/zaposlise.hr\/blog\/otkaz-zbog-izgleda\/"]}]},{"@type":"BreadcrumbList","@id":"https:\/\/zaposlise.hr\/blog\/otkaz-zbog-izgleda\/#breadcrumb","itemListElement":[{"@type":"ListItem","position":1,"name":"Po\u010detna stranica","item":"https:\/\/zaposlise.hr\/blog\/"},{"@type":"ListItem","position":2,"name":"Otkaz zbog izgleda: mo\u017ee li fizi\u010dki izgled odlu\u010diti o poslu?"}]},{"@type":"WebSite","@id":"https:\/\/zaposlise.hr\/blog\/#website","url":"https:\/\/zaposlise.hr\/blog\/","name":"Zaposlise.hr","description":"Posao za tebe","publisher":{"@id":"https:\/\/zaposlise.hr\/blog\/#organization"},"potentialAction":[{"@type":"SearchAction","target":{"@type":"EntryPoint","urlTemplate":"https:\/\/zaposlise.hr\/blog\/?s={search_term_string}"},"query-input":"required name=search_term_string"}],"inLanguage":"hr"},{"@type":"Organization","@id":"https:\/\/zaposlise.hr\/blog\/#organization","name":"Zaposlise.hr","url":"https:\/\/zaposlise.hr\/blog\/","logo":{"@type":"ImageObject","inLanguage":"hr","@id":"https:\/\/zaposlise.hr\/blog\/#\/schema\/logo\/image\/","url":"https:\/\/zaposlise.hr\/blog\/wp-content\/uploads\/2024\/06\/Screenshot-2024-06-05-at-09.05.43.png","contentUrl":"https:\/\/zaposlise.hr\/blog\/wp-content\/uploads\/2024\/06\/Screenshot-2024-06-05-at-09.05.43.png","width":2088,"height":592,"caption":"Zaposlise.hr"},"image":{"@id":"https:\/\/zaposlise.hr\/blog\/#\/schema\/logo\/image\/"}},{"@type":"Person","@id":"https:\/\/zaposlise.hr\/blog\/#\/schema\/person\/11d6327b8569a9e940673e6acbfa396a","name":"Maja Cvetkovic","image":{"@type":"ImageObject","inLanguage":"hr","@id":"https:\/\/zaposlise.hr\/blog\/#\/schema\/person\/image\/","url":"https:\/\/secure.gravatar.com\/avatar\/e8d7da4f01ab43b5b98fc69bf899cf57?s=96&d=mm&r=g","contentUrl":"https:\/\/secure.gravatar.com\/avatar\/e8d7da4f01ab43b5b98fc69bf899cf57?s=96&d=mm&r=g","caption":"Maja Cvetkovic"},"url":"https:\/\/zaposlise.hr\/blog\/author\/mayacvetkovic\/"}]}},"_links":{"self":[{"href":"https:\/\/zaposlise.hr\/blog\/wp-json\/wp\/v2\/posts\/22118"}],"collection":[{"href":"https:\/\/zaposlise.hr\/blog\/wp-json\/wp\/v2\/posts"}],"about":[{"href":"https:\/\/zaposlise.hr\/blog\/wp-json\/wp\/v2\/types\/post"}],"author":[{"embeddable":true,"href":"https:\/\/zaposlise.hr\/blog\/wp-json\/wp\/v2\/users\/4"}],"replies":[{"embeddable":true,"href":"https:\/\/zaposlise.hr\/blog\/wp-json\/wp\/v2\/comments?post=22118"}],"version-history":[{"count":25,"href":"https:\/\/zaposlise.hr\/blog\/wp-json\/wp\/v2\/posts\/22118\/revisions"}],"predecessor-version":[{"id":22151,"href":"https:\/\/zaposlise.hr\/blog\/wp-json\/wp\/v2\/posts\/22118\/revisions\/22151"}],"wp:featuredmedia":[{"embeddable":true,"href":"https:\/\/zaposlise.hr\/blog\/wp-json\/wp\/v2\/media\/22135"}],"wp:attachment":[{"href":"https:\/\/zaposlise.hr\/blog\/wp-json\/wp\/v2\/media?parent=22118"}],"wp:term":[{"taxonomy":"category","embeddable":true,"href":"https:\/\/zaposlise.hr\/blog\/wp-json\/wp\/v2\/categories?post=22118"},{"taxonomy":"post_tag","embeddable":true,"href":"https:\/\/zaposlise.hr\/blog\/wp-json\/wp\/v2\/tags?post=22118"}],"curies":[{"name":"wp","href":"https:\/\/api.w.org\/{rel}","templated":true}]}}