{"id":22958,"date":"2026-04-24T13:57:53","date_gmt":"2026-04-24T11:57:53","guid":{"rendered":"https:\/\/zaposlise.hr\/blog\/?p=22958"},"modified":"2026-04-24T13:57:53","modified_gmt":"2026-04-24T11:57:53","slug":"nezaposlenost-pala-za-vise-od-16","status":"publish","type":"post","link":"https:\/\/zaposlise.hr\/blog\/nezaposlenost-pala-za-vise-od-16\/","title":{"rendered":"Nezaposlenost pala za vi\u0161e od 16%: Nova faza zapo\u0161ljavanja"},"content":{"rendered":"<span class=\"rt-reading-time\" style=\"display: block;\"><span class=\"rt-label rt-prefix\">Reading Time: <\/span> <span class=\"rt-time\">5<\/span> <span class=\"rt-label rt-postfix\">minute<\/span><\/span><p>Nezaposlenost nastavlja padati.\u00a0 Najnoviji podaci potvr\u0111uju jedan od najsna\u017enijih godi\u0161njih pomaka u posljednje vrijeme.<\/p>\n<p>Krajem o\u017eujka 2026. broj nezaposlenih smanjen je za vi\u0161e od 16% u odnosu na pro\u0161lu godinu. Stopa registrirane nezaposlenosti sada iznosi 4,3 posto.<\/p>\n<p>Istovremeno, ukupan broj zaposlenih dosegao je oko 1,7 milijuna. Brojka pokazuje stabilnost zapo\u0161ljavanja unato\u010d blagim oscilacijama na mjese\u010dnoj razini, prema podacima <a href=\"https:\/\/dzs.gov.hr\/\" target=\"_blank\" rel=\"noopener\">Dr\u017eavnog zavoda za statistiku<\/a>.<\/p>\n<div id=\"ez-toc-container\" class=\"ez-toc-v2_0_64 counter-hierarchy ez-toc-counter ez-toc-white ez-toc-container-direction\">\n<div class=\"ez-toc-title-container\">\n<p class=\"ez-toc-title \" >Sadr\u017eaj<\/p>\n<span class=\"ez-toc-title-toggle\"><\/span><\/div>\n<nav><ul class='ez-toc-list ez-toc-list-level-1 ' ><li class='ez-toc-page-1 ez-toc-heading-level-2'><a class=\"ez-toc-link ez-toc-heading-1\" href=\"https:\/\/zaposlise.hr\/blog\/nezaposlenost-pala-za-vise-od-16\/#Donosimo_aktualne_podatke\" title=\"Donosimo aktualne podatke\">Donosimo aktualne podatke<\/a><\/li><li class='ez-toc-page-1 ez-toc-heading-level-2'><a class=\"ez-toc-link ez-toc-heading-2\" href=\"https:\/\/zaposlise.hr\/blog\/nezaposlenost-pala-za-vise-od-16\/#Nezaposlenost_pada\" title=\"Nezaposlenost pada\">Nezaposlenost pada<\/a><\/li><li class='ez-toc-page-1 ez-toc-heading-level-2'><a class=\"ez-toc-link ez-toc-heading-3\" href=\"https:\/\/zaposlise.hr\/blog\/nezaposlenost-pala-za-vise-od-16\/#Blagi_rast_zaposlenosti\" title=\"Blagi rast zaposlenosti\">Blagi rast zaposlenosti<\/a><\/li><li class='ez-toc-page-1 ez-toc-heading-level-2'><a class=\"ez-toc-link ez-toc-heading-4\" href=\"https:\/\/zaposlise.hr\/blog\/nezaposlenost-pala-za-vise-od-16\/#Zasto_nema_dovoljno_radnika\" title=\"Za\u0161to nema dovoljno radnika?\">Za\u0161to nema dovoljno radnika?<\/a><\/li><li class='ez-toc-page-1 ez-toc-heading-level-2'><a class=\"ez-toc-link ez-toc-heading-5\" href=\"https:\/\/zaposlise.hr\/blog\/nezaposlenost-pala-za-vise-od-16\/#Struktura_zaposlenih_gdje_ljudi_rade\" title=\"Struktura zaposlenih: gdje ljudi rade\">Struktura zaposlenih: gdje ljudi rade<\/a><\/li><li class='ez-toc-page-1 ez-toc-heading-level-2'><a class=\"ez-toc-link ez-toc-heading-6\" href=\"https:\/\/zaposlise.hr\/blog\/nezaposlenost-pala-za-vise-od-16\/#Turizam_generator_zaposljavanja\" title=\"Turizam generator zapo\u0161ljavanja\">Turizam generator zapo\u0161ljavanja<\/a><\/li><li class='ez-toc-page-1 ez-toc-heading-level-2'><a class=\"ez-toc-link ez-toc-heading-7\" href=\"https:\/\/zaposlise.hr\/blog\/nezaposlenost-pala-za-vise-od-16\/#Prodaja_stabilan_i_zahtjevni_sektor\" title=\"Prodaja stabilan i zahtjevni sektor\">Prodaja stabilan i zahtjevni sektor<\/a><\/li><\/ul><\/nav><\/div>\n<h2><span class=\"ez-toc-section\" id=\"Donosimo_aktualne_podatke\"><\/span>Donosimo aktualne podatke<span class=\"ez-toc-section-end\"><\/span><\/h2>\n<p>U o\u017eujku je u Hrvatskoj bilo 1.698.257 zaposlenih. Radi se o pokazatelju da je nezaposlenost pala. Naime, broj zaposlenih je za 0,3 posto vi\u0161e nego u velja\u010di.<\/p>\n<p>Tako\u0111er, za 1,4 posto manji nego u istom razdoblju pro\u0161le godine. Takvi podaci ukazuju na zanimljiv trend.: Dok zaposlenost blago stagnira ili oscilira, nezaposlenost i dalje zna\u010dajno pada.<\/p>\n<p>Takva kombinacija otkriva dublju promjenu u strukturi radne snage i odnosu ponude i potra\u017enje.<\/p>\n<p>Izdavanje <a href=\"https:\/\/zaposlise.hr\/blog\/dozvole-za-rad-rast-usporava-potreba-ostaje\/\">dozvola za rad<\/a> stagnira. Pro\u010ditajte <a href=\"https:\/\/zaposlise.hr\/blog\/dozvole-za-rad-rast-usporava-potreba-ostaje\/\">\u010dlanak<\/a> i saznajte za\u0161to!<\/p>\n<div id=\"attachment_22938\" style=\"width: 1210px\" class=\"wp-caption aligncenter\"><img loading=\"lazy\" decoding=\"async\" aria-describedby=\"caption-attachment-22938\" class=\"size-full wp-image-22938\" src=\"https:\/\/zaposlise.hr\/blog\/wp-content\/uploads\/2026\/04\/radne-dozvole.jpg\" alt=\"radne dozvole\" width=\"1200\" height=\"675\" srcset=\"https:\/\/zaposlise.hr\/blog\/wp-content\/uploads\/2026\/04\/radne-dozvole.jpg 1200w, https:\/\/zaposlise.hr\/blog\/wp-content\/uploads\/2026\/04\/radne-dozvole-300x169.jpg 300w, https:\/\/zaposlise.hr\/blog\/wp-content\/uploads\/2026\/04\/radne-dozvole-1024x576.jpg 1024w, https:\/\/zaposlise.hr\/blog\/wp-content\/uploads\/2026\/04\/radne-dozvole-768x432.jpg 768w, https:\/\/zaposlise.hr\/blog\/wp-content\/uploads\/2026\/04\/radne-dozvole-444x250.jpg 444w\" sizes=\"(max-width: 1200px) 100vw, 1200px\" \/><p id=\"caption-attachment-22938\" class=\"wp-caption-text\"><span style=\"font-size: 8pt;\">radne dozvole, dozvola za rad<\/span><\/p><\/div>\n<h2><span class=\"ez-toc-section\" id=\"Nezaposlenost_pada\"><\/span>Nezaposlenost pada<span class=\"ez-toc-section-end\"><\/span><\/h2>\n<p>Ovaj pad nije rezultat jednog faktora, nego kombinacije nekoliko trendova. Prije svega, tr\u017ei\u0161te rada u Hrvatskoj ve\u0107 dulje vrijeme karakterizira visoka potra\u017enja za radnicima.<\/p>\n<blockquote><p><span style=\"font-size: 14pt; font-family: tahoma, arial, helvetica, sans-serif;\">Istovremeno je otvoreno vi\u0161e od 20.000 radnih mjesta, dok broj nezaposlenih pada ispod razine od 80.000.<\/span><\/p><\/blockquote>\n<p>To zna\u010di da se tr\u017ei\u0161te rada sve vi\u0161e pribli\u017eava tzv. zategnutom stanju. Radi se o situaciji u kojoj ima vi\u0161e posla nego dostupnih radnika. Takvi uvjeti guraju nezaposlenost prema dolje.<\/p>\n<p>Drugi va\u017ean faktor je sezonalnost. Proljetni mjeseci tradicionalno donose rast zapo\u0161ljavanja, posebno u turizmu i gra\u0111evini.<\/p>\n<p>Dokaze vidimo po o\u017eujku 2026., kada je broj nezaposlenih na mjese\u010dnoj razini pao za gotovo 10%.<\/p>\n<p><em><a href=\"https:\/\/zaposlise.hr\/blog\/sezonski-poslovi-2026\/\">Sezonski poslovi<\/a> tra\u017ee svoje radnike. Pro\u010ditajte <a href=\"https:\/\/zaposlise.hr\/blog\/sezonski-poslovi-2026\/\">\u010dlanak<\/a>!<\/em><\/p>\n<h2><span class=\"ez-toc-section\" id=\"Blagi_rast_zaposlenosti\"><\/span>Blagi rast zaposlenosti<span class=\"ez-toc-section-end\"><\/span><\/h2>\n<p>Zanimljivo je da istovremeno dolazi do blagog pada zaposlenosti na mjese\u010dnoj razini, ali bez zna\u010dajnog utjecaja na godi\u0161nje trendove.<\/p>\n<p>Ukupan broj zaposlenih i dalje se kre\u0107e oko 1,7 milijuna, uz blagi godi\u0161nji rast.<\/p>\n<p>Tr\u017ei\u0161te rada nije u fazi eksplozivnog rasta zapo\u0161ljavanja, nego u fazi stabilizacije. Drugim rije\u010dima, zaposlenost stagnira ili blago raste, dok nezaposlenost pada, \u0161to dodatno potvr\u0111uje manjak radne snage.<\/p>\n<p><em>Kako <a href=\"https:\/\/zaposlise.hr\/blog\/bolovanja-na-teret-poslodavaca-do-7-dana\/\">bolovanja<\/a> utje\u010du na rad? Saznajte iz \u010dlanka na <a href=\"https:\/\/zaposlise.hr\/blog\/bolovanja-na-teret-poslodavaca-do-7-dana\/\">linku<\/a>!<\/em><\/p>\n<div id=\"attachment_21612\" style=\"width: 1210px\" class=\"wp-caption aligncenter\"><img loading=\"lazy\" decoding=\"async\" aria-describedby=\"caption-attachment-21612\" class=\"size-full wp-image-21612\" src=\"https:\/\/zaposlise.hr\/blog\/wp-content\/uploads\/2026\/02\/Zaposlenici-gradevinci-radnici-placa-Pexels.jpg\" alt=\"Zaposlenici, gra\u0111evinci, radnici, pla\u0107a Pexels\" width=\"1200\" height=\"675\" srcset=\"https:\/\/zaposlise.hr\/blog\/wp-content\/uploads\/2026\/02\/Zaposlenici-gradevinci-radnici-placa-Pexels.jpg 1200w, https:\/\/zaposlise.hr\/blog\/wp-content\/uploads\/2026\/02\/Zaposlenici-gradevinci-radnici-placa-Pexels-300x169.jpg 300w, https:\/\/zaposlise.hr\/blog\/wp-content\/uploads\/2026\/02\/Zaposlenici-gradevinci-radnici-placa-Pexels-1024x576.jpg 1024w, https:\/\/zaposlise.hr\/blog\/wp-content\/uploads\/2026\/02\/Zaposlenici-gradevinci-radnici-placa-Pexels-768x432.jpg 768w, https:\/\/zaposlise.hr\/blog\/wp-content\/uploads\/2026\/02\/Zaposlenici-gradevinci-radnici-placa-Pexels-444x250.jpg 444w\" sizes=\"(max-width: 1200px) 100vw, 1200px\" \/><p id=\"caption-attachment-21612\" class=\"wp-caption-text\"><span style=\"font-size: 8pt;\">Zaposlenici, gra\u0111evinci, radnici, pla\u0107a; <a href=\"http:\/\/pexels.com\" target=\"_blank\" rel=\"noopener\">Pexels<\/a><\/span><\/p><\/div>\n<h2><span class=\"ez-toc-section\" id=\"Zasto_nema_dovoljno_radnika\"><\/span>Za\u0161to nema dovoljno radnika?<span class=\"ez-toc-section-end\"><\/span><\/h2>\n<p>Hrvatska se suo\u010dava s demografskim padom, starenjem stanovni\u0161tva i iseljavanjem radno aktivnih ljudi.<\/p>\n<p>Broj stanovnika kontinuirano se smanjuje, a posebno se smanjuje udio radno sposobnog stanovni\u0161tva, \u0161to direktno utje\u010de na tr\u017ei\u0161te rada.<\/p>\n<p>Svake godine sve manje ljudi ulazi na tr\u017ei\u0161te rada, dok istovremeno velik broj radnika odlazi u mirovinu ili inozemstvo.<\/p>\n<p>Zbog toga se smanjuje broj ljudi koji uop\u0107e mogu raditi, ali i onih koji su spremni raditi odre\u0111ene poslove.<\/p>\n<p>Istovremeno, gospodarstvo tra\u017ei sve vi\u0161e radne snage, posebno u sektorima poput turizma, gra\u0111evine, logistike i industrije, gdje ve\u0107 godinama postoji kroni\u010dni manjak radnika.<\/p>\n<p>Problem dodatno produbljuje i neuskla\u0111enost obrazovnog sustava s potrebama tr\u017ei\u0161ta, zbog \u010dega nedostaje konkretnih zanimanja.<\/p>\n<p>Zato mo\u017eemo re\u0107i da nezaposlenost pada ne samo zato \u0161to se ljudi zapo\u0161ljavaju, nego i zato \u0161to ih jednostavno nema dovoljno na tr\u017ei\u0161tu.<\/p>\n<p>U takvim uvjetima tr\u017ei\u0161te rada ne funkcionira kao nekad.<\/p>\n<blockquote><p><span style=\"font-family: 'times new roman', times, serif; font-size: 14pt;\">Glavni fokus danas je na tra\u017eenju radnika.<\/span><\/p><\/blockquote>\n<div id=\"attachment_15969\" style=\"width: 1210px\" class=\"wp-caption aligncenter\"><img loading=\"lazy\" decoding=\"async\" aria-describedby=\"caption-attachment-15969\" class=\"size-full wp-image-15969\" src=\"https:\/\/zaposlise.hr\/blog\/wp-content\/uploads\/2025\/07\/Klik-do-poslazaposlise.jpg\" alt=\"Klik do posla, zaposlise\" width=\"1200\" height=\"675\" srcset=\"https:\/\/zaposlise.hr\/blog\/wp-content\/uploads\/2025\/07\/Klik-do-poslazaposlise.jpg 1200w, https:\/\/zaposlise.hr\/blog\/wp-content\/uploads\/2025\/07\/Klik-do-poslazaposlise-300x169.jpg 300w, https:\/\/zaposlise.hr\/blog\/wp-content\/uploads\/2025\/07\/Klik-do-poslazaposlise-1024x576.jpg 1024w, https:\/\/zaposlise.hr\/blog\/wp-content\/uploads\/2025\/07\/Klik-do-poslazaposlise-768x432.jpg 768w, https:\/\/zaposlise.hr\/blog\/wp-content\/uploads\/2025\/07\/Klik-do-poslazaposlise-444x250.jpg 444w\" sizes=\"(max-width: 1200px) 100vw, 1200px\" \/><p id=\"caption-attachment-15969\" class=\"wp-caption-text\"><span style=\"font-size: 8pt;\">Klik do posla, zaposlise<\/span><\/p><\/div>\n<h2><span class=\"ez-toc-section\" id=\"Struktura_zaposlenih_gdje_ljudi_rade\"><\/span>Struktura zaposlenih: gdje ljudi rade<span class=\"ez-toc-section-end\"><\/span><\/h2>\n<p>Podaci iz baze <a href=\"https:\/\/podaci.dzs.hr\/hr\/statistika-u-nizu\/\" target=\"_blank\" rel=\"noopener\">Statistika u nizu<\/a> pokazuju jo\u0161 jednu va\u017enu stvar. Ne pokazuje samo koliko ljudi radi, nego i gdje rade. Najve\u0107i broj zaposlenih u Hrvatskoj koncentriran je u nekoliko klju\u010dnih djelatnosti.<\/p>\n<p>Rade u prera\u0111iva\u010dkoj industriji (oko 16%), trgovini (oko 14\u201315%), zatim gra\u0111evinarstvu, obrazovanju i zdravstvu, dok turizam i ugostiteljstvo \u010dine oko 7% ukupne zaposlenosti.<\/p>\n<p><em><a href=\"https:\/\/zaposlise.hr\/blog\/njemacka-gradevina\/\">Njema\u010dka<\/a> je i dalje centar gra\u0111evine? Saznajte iz \u010dlanka na <a href=\"https:\/\/zaposlise.hr\/blog\/njemacka-gradevina\/\">poveznici<\/a>!<\/em><\/p>\n<p>Ova struktura pokazuje da tr\u017ei\u0161te rada nije jednoli\u010dno. Dok se \u010desto govori o turizmu kao glavnom pokreta\u010du zapo\u0161ljavanja, najve\u0107i broj ljudi zapravo radi u industriji i trgovini.<\/p>\n<p>Radi se o\u00a0sektorima koji su stabilniji, ali i pod ve\u0107im pritiskom produktivnosti i tro\u0161kova.<\/p>\n<p>Istovremeno, upravo turizam i gra\u0111evina stvaraju najve\u0107u dodatnu potra\u017enju za radnicima, \u0161to obja\u0161njava za\u0161to se nedostatak radne snage najvi\u0161e osje\u0107a upravo tamo.<\/p>\n<p>Pad nezaposlenosti ne doga\u0111a se ravnomjerno u svim sektorima. Neki su ve\u0107 popunjeni, dok drugi i dalje kroni\u010dno tra\u017ee radnike, \u0161to dodatno produbljuje neravnote\u017eu na tr\u017ei\u0161tu rada.<\/p>\n<div id=\"attachment_14969\" style=\"width: 1210px\" class=\"wp-caption aligncenter\"><img loading=\"lazy\" decoding=\"async\" aria-describedby=\"caption-attachment-14969\" class=\"size-full wp-image-14969\" src=\"https:\/\/zaposlise.hr\/blog\/wp-content\/uploads\/2025\/06\/Turizam-Hrvatska-hotel-raditi-u-hotelu.png\" alt=\"Turizam, Hrvatska, hotel, raditi u hotelu\" width=\"1200\" height=\"675\" srcset=\"https:\/\/zaposlise.hr\/blog\/wp-content\/uploads\/2025\/06\/Turizam-Hrvatska-hotel-raditi-u-hotelu.png 1200w, https:\/\/zaposlise.hr\/blog\/wp-content\/uploads\/2025\/06\/Turizam-Hrvatska-hotel-raditi-u-hotelu-300x169.png 300w, https:\/\/zaposlise.hr\/blog\/wp-content\/uploads\/2025\/06\/Turizam-Hrvatska-hotel-raditi-u-hotelu-1024x576.png 1024w, https:\/\/zaposlise.hr\/blog\/wp-content\/uploads\/2025\/06\/Turizam-Hrvatska-hotel-raditi-u-hotelu-768x432.png 768w, https:\/\/zaposlise.hr\/blog\/wp-content\/uploads\/2025\/06\/Turizam-Hrvatska-hotel-raditi-u-hotelu-444x250.png 444w\" sizes=\"(max-width: 1200px) 100vw, 1200px\" \/><p id=\"caption-attachment-14969\" class=\"wp-caption-text\"><span style=\"font-size: 8pt;\">Turizam, Hrvatska, hotel, raditi u hotelu<\/span><\/p><\/div>\n<h2><span class=\"ez-toc-section\" id=\"Turizam_generator_zaposljavanja\"><\/span>Turizam generator zapo\u0161ljavanja<span class=\"ez-toc-section-end\"><\/span><\/h2>\n<p>Turizam i dalje ostaje klju\u010dni pokreta\u010d zapo\u0161ljavanja u Hrvatskoj, posebno u proljetnim i ljetnim mjesecima kada se broj oglasa za posao naglo pove\u0107ava.<\/p>\n<p>Svake godine sektor tra\u017ei desetke tisu\u0107a radnika. <a href=\"https:\/\/podaci.dzs.hr\/hr\/statistika-u-nizu\/\" target=\"_blank\" rel=\"noopener\">Procjene<\/a> za 2026. govore o potrebi za vi\u0161e od 60.000 sezonskih radnika, pri \u010demu doma\u0107a radna snaga pokriva tek manji dio tog broja.<\/p>\n<p>Turizam ima izravan utjecaj na pad nezaposlenosti, jer u kratkom vremenu apsorbira velik broj ljudi iz evidencije <a href=\"https:\/\/www.hzz.hr\/\" target=\"_blank\" rel=\"noopener\">HZZ<\/a>-a.<\/p>\n<p>Najtra\u017eenija zanimanja i dalje su kuhari, konobari, sobari i pomo\u0107no osoblje, a sve vi\u0161e se tra\u017ee i specijalizirani kadrovi poput voditelja objekata i stru\u010dnjaka za prodaju i marketing u turizmu.<\/p>\n<p><em>Saznajte kako napisati <a href=\"https:\/\/zaposlise.hr\/blog\/kako-napisati-zivotopis-za-zanimanje-kuhar\/\">\u017eivotopis<\/a> za zanimanje <a href=\"https:\/\/zaposlise.hr\/blog\/kako-napisati-zivotopis-za-zanimanje-kuhar\/\">kuhar<\/a>. Kliknite na poveznicu!<\/em><\/p>\n<p>Uz sve navedeno, turisti\u010dka sezona se posljednjih godina produ\u017euje, \u0161to zna\u010di da zapo\u0161ljavanje vi\u0161e nije ograni\u010deno samo na ljetne mjesece.<\/p>\n<p>Sve vi\u0161e objekata radi gotovo cijelu godinu, \u0161to otvara prostor za dugoro\u010dnije ugovore i stabilnije zaposlenje.<\/p>\n<p>Ipak, izazovi ostaju. Poslodavci se suo\u010davaju s nedostatkom radnika, pa su prisiljeni pove\u0107avati pla\u0107e, nuditi smje\u0161taj i dodatne benefite.<\/p>\n<p>Eto, turizam ipak nije spas za nezaposlenost, nego i sektor koji najjasnije pokazuje koliko ovisimo uvozu radne snage.<\/p>\n<p><em>Tra\u017eite <a href=\"https:\/\/zaposlise.hr\/blog\/natjecaji-za-posao-u-hotelskoj-industriji\/\">natje\u010daj za posao<\/a> u hotelskoj industriji? Pro\u010ditajte \u010dlanak!<\/em><\/p>\n<div id=\"attachment_7849\" style=\"width: 1210px\" class=\"wp-caption aligncenter\"><img loading=\"lazy\" decoding=\"async\" aria-describedby=\"caption-attachment-7849\" class=\"size-full wp-image-7849\" src=\"https:\/\/zaposlise.hr\/blog\/wp-content\/uploads\/2024\/08\/cover-15.png\" alt=\"Natje\u010daj za posao u prodaji\" width=\"1200\" height=\"668\" srcset=\"https:\/\/zaposlise.hr\/blog\/wp-content\/uploads\/2024\/08\/cover-15.png 1200w, https:\/\/zaposlise.hr\/blog\/wp-content\/uploads\/2024\/08\/cover-15-300x167.png 300w, https:\/\/zaposlise.hr\/blog\/wp-content\/uploads\/2024\/08\/cover-15-1024x570.png 1024w, https:\/\/zaposlise.hr\/blog\/wp-content\/uploads\/2024\/08\/cover-15-768x428.png 768w, https:\/\/zaposlise.hr\/blog\/wp-content\/uploads\/2024\/08\/cover-15-449x250.png 449w\" sizes=\"(max-width: 1200px) 100vw, 1200px\" \/><p id=\"caption-attachment-7849\" class=\"wp-caption-text\"><span style=\"font-size: 8pt;\">Natje\u010daj za posao u prodaji<\/span><\/p><\/div>\n<h2><span class=\"ez-toc-section\" id=\"Prodaja_stabilan_i_zahtjevni_sektor\"><\/span>Prodaja stabilan i zahtjevni sektor<span class=\"ez-toc-section-end\"><\/span><\/h2>\n<p>Sektor prodaje i trgovine tradicionalno je jedan od najve\u0107ih poslodavaca u Hrvatskoj i kontinuirano zapo\u0161ljava velik broj radnika, neovisno o sezoni.<\/p>\n<p>Za razliku od turizma, ovdje nema naglih skokova, ali postoji stalna potra\u017enja za zaposlenicima. Najvi\u0161e se tra\u017ee prodava\u010di i blagajnici, kao i voditelji poslovnica i specijalisti za prodaju.<\/p>\n<p><em>Potra\u017eite <a href=\"http:\/\/zaposlise.hr\/posao\">oglas za posao<\/a> u prodaji i prijavite se ve\u0107 danas!<\/em><\/p>\n<p>Trgovina je izravno povezana s potro\u0161njom gra\u0111ana, koja unato\u010d inflaciji ostaje relativno stabilna, \u0161to odr\u017eava potrebu za radnom snagom.<\/p>\n<p>Me\u0111utim, ovaj sektor prolazi kroz zna\u010dajne promjene.<\/p>\n<p>Digitalizacija i rast online prodaje mijenjaju na\u010din poslovanja, pa se sve vi\u0161e tra\u017ee zaposlenici koji osim osnovnih prodajnih vje\u0161tina imaju i digitalna znanja.<\/p>\n<p>Poslodavcima je va\u017eno da razumiju rad s kupcima kroz vi\u0161e kanala i mogu se brzo prilagoditi novim tehnologijama.<\/p>\n<p>Istovremeno, radni uvjeti i visina pla\u0107a i dalje predstavljaju izazov, zbog \u010dega poslodavci \u010desto imaju problema sa zadr\u017eavanjem radnika. U<\/p>\n<p>Iz svih navedenih razloga prodaja ostaje stabilan izvor zaposlenja, ali i sektor u kojem se jasno vidi kako se tr\u017ei\u0161te rada mijenja.<\/p>\n<p>Pretra\u017eite <a href=\"http:\/\/zaposlise.hr\/posao\">oglase<\/a> na <a href=\"http:\/\/zaposlise,hr\">Zaposlise<\/a> i javite se ve\u0107 danas!<\/p>\n","protected":false},"excerpt":{"rendered":"<p>Nezaposlenost nastavlja padati.\u00a0 Najnoviji podaci potvr\u0111uju jedan od najsna\u017enijih godi\u0161njih pomaka u posljednje vrijeme. Krajem o\u017eujka 2026. broj nezaposlenih smanjen [&hellip;]<\/p>\n","protected":false},"author":4,"featured_media":22972,"comment_status":"closed","ping_status":"closed","sticky":false,"template":"","format":"standard","meta":{"inline_featured_image":false,"footnotes":""},"categories":[29],"tags":[806,813,579,228,469,290,134],"yoast_head":"<!-- This site is optimized with the Yoast SEO plugin v21.6 - https:\/\/yoast.com\/wordpress\/plugins\/seo\/ -->\n<title>Nezaposlenost pala za vi\u0161e od 16%: Nova faza zapo\u0161ljavanja - Zaposlise.hr<\/title>\n<meta name=\"description\" content=\"Nezaposlenost u Hrvatskoj pala je za vi\u0161e od 16% u godinu dana. Saznajte \u0161to pokazuju najnoviji podaci i \u0161to stoji iza ovog trenda.\" \/>\n<meta name=\"robots\" content=\"index, follow, max-snippet:-1, max-image-preview:large, max-video-preview:-1\" \/>\n<link rel=\"canonical\" href=\"https:\/\/zaposlise.hr\/blog\/nezaposlenost-pala-za-vise-od-16\/\" \/>\n<meta property=\"og:locale\" content=\"hr_HR\" \/>\n<meta property=\"og:type\" content=\"article\" \/>\n<meta property=\"og:title\" content=\"Nezaposlenost pala za vi\u0161e od 16%: Nova faza zapo\u0161ljavanja - Zaposlise.hr\" \/>\n<meta property=\"og:description\" content=\"Nezaposlenost u Hrvatskoj pala je za vi\u0161e od 16% u godinu dana. Saznajte \u0161to pokazuju najnoviji podaci i \u0161to stoji iza ovog trenda.\" \/>\n<meta property=\"og:url\" content=\"https:\/\/zaposlise.hr\/blog\/nezaposlenost-pala-za-vise-od-16\/\" \/>\n<meta property=\"og:site_name\" content=\"Zaposlise.hr\" \/>\n<meta property=\"article:published_time\" content=\"2026-04-24T11:57:53+00:00\" \/>\n<meta property=\"og:image\" content=\"https:\/\/zaposlise.hr\/blog\/wp-content\/uploads\/2026\/04\/Nezaposlenost-faza-zaposljavanja.png\" \/>\n\t<meta property=\"og:image:width\" content=\"1200\" \/>\n\t<meta property=\"og:image:height\" content=\"675\" \/>\n\t<meta property=\"og:image:type\" content=\"image\/png\" \/>\n<meta name=\"author\" content=\"Maja Cvetkovic\" \/>\n<meta name=\"twitter:card\" content=\"summary_large_image\" \/>\n<meta name=\"twitter:label1\" content=\"Napisao\/la\" \/>\n\t<meta name=\"twitter:data1\" content=\"Maja Cvetkovic\" \/>\n\t<meta name=\"twitter:label2\" content=\"Procijenjeno vrijeme \u010ditanja\" \/>\n\t<meta name=\"twitter:data2\" content=\"7 minuta\" \/>\n<script type=\"application\/ld+json\" class=\"yoast-schema-graph\">{\"@context\":\"https:\/\/schema.org\",\"@graph\":[{\"@type\":\"Article\",\"@id\":\"https:\/\/zaposlise.hr\/blog\/nezaposlenost-pala-za-vise-od-16\/#article\",\"isPartOf\":{\"@id\":\"https:\/\/zaposlise.hr\/blog\/nezaposlenost-pala-za-vise-od-16\/\"},\"author\":{\"name\":\"Maja Cvetkovic\",\"@id\":\"https:\/\/zaposlise.hr\/blog\/#\/schema\/person\/11d6327b8569a9e940673e6acbfa396a\"},\"headline\":\"Nezaposlenost pala za vi\u0161e od 16%: Nova faza zapo\u0161ljavanja\",\"datePublished\":\"2026-04-24T11:57:53+00:00\",\"dateModified\":\"2026-04-24T11:57:53+00:00\",\"mainEntityOfPage\":{\"@id\":\"https:\/\/zaposlise.hr\/blog\/nezaposlenost-pala-za-vise-od-16\/\"},\"wordCount\":1229,\"publisher\":{\"@id\":\"https:\/\/zaposlise.hr\/blog\/#organization\"},\"keywords\":[\"Bolovanja\",\"dozvola za rad\",\"kuhar\",\"nezaposlenost\",\"sezona\",\"turizam\",\"\u017eivotopis\"],\"articleSection\":[\"Novosti\"],\"inLanguage\":\"hr\"},{\"@type\":\"WebPage\",\"@id\":\"https:\/\/zaposlise.hr\/blog\/nezaposlenost-pala-za-vise-od-16\/\",\"url\":\"https:\/\/zaposlise.hr\/blog\/nezaposlenost-pala-za-vise-od-16\/\",\"name\":\"Nezaposlenost pala za vi\u0161e od 16%: Nova faza zapo\u0161ljavanja - Zaposlise.hr\",\"isPartOf\":{\"@id\":\"https:\/\/zaposlise.hr\/blog\/#website\"},\"datePublished\":\"2026-04-24T11:57:53+00:00\",\"dateModified\":\"2026-04-24T11:57:53+00:00\",\"description\":\"Nezaposlenost u Hrvatskoj pala je za vi\u0161e od 16% u godinu dana. Saznajte \u0161to pokazuju najnoviji podaci i \u0161to stoji iza ovog trenda.\",\"breadcrumb\":{\"@id\":\"https:\/\/zaposlise.hr\/blog\/nezaposlenost-pala-za-vise-od-16\/#breadcrumb\"},\"inLanguage\":\"hr\",\"potentialAction\":[{\"@type\":\"ReadAction\",\"target\":[\"https:\/\/zaposlise.hr\/blog\/nezaposlenost-pala-za-vise-od-16\/\"]}]},{\"@type\":\"BreadcrumbList\",\"@id\":\"https:\/\/zaposlise.hr\/blog\/nezaposlenost-pala-za-vise-od-16\/#breadcrumb\",\"itemListElement\":[{\"@type\":\"ListItem\",\"position\":1,\"name\":\"Po\u010detna stranica\",\"item\":\"https:\/\/zaposlise.hr\/blog\/\"},{\"@type\":\"ListItem\",\"position\":2,\"name\":\"Nezaposlenost pala za vi\u0161e od 16%: Nova faza zapo\u0161ljavanja\"}]},{\"@type\":\"WebSite\",\"@id\":\"https:\/\/zaposlise.hr\/blog\/#website\",\"url\":\"https:\/\/zaposlise.hr\/blog\/\",\"name\":\"Zaposlise.hr\",\"description\":\"Posao za tebe\",\"publisher\":{\"@id\":\"https:\/\/zaposlise.hr\/blog\/#organization\"},\"potentialAction\":[{\"@type\":\"SearchAction\",\"target\":{\"@type\":\"EntryPoint\",\"urlTemplate\":\"https:\/\/zaposlise.hr\/blog\/?s={search_term_string}\"},\"query-input\":\"required name=search_term_string\"}],\"inLanguage\":\"hr\"},{\"@type\":\"Organization\",\"@id\":\"https:\/\/zaposlise.hr\/blog\/#organization\",\"name\":\"Zaposlise.hr\",\"url\":\"https:\/\/zaposlise.hr\/blog\/\",\"logo\":{\"@type\":\"ImageObject\",\"inLanguage\":\"hr\",\"@id\":\"https:\/\/zaposlise.hr\/blog\/#\/schema\/logo\/image\/\",\"url\":\"https:\/\/zaposlise.hr\/blog\/wp-content\/uploads\/2024\/06\/Screenshot-2024-06-05-at-09.05.43.png\",\"contentUrl\":\"https:\/\/zaposlise.hr\/blog\/wp-content\/uploads\/2024\/06\/Screenshot-2024-06-05-at-09.05.43.png\",\"width\":2088,\"height\":592,\"caption\":\"Zaposlise.hr\"},\"image\":{\"@id\":\"https:\/\/zaposlise.hr\/blog\/#\/schema\/logo\/image\/\"}},{\"@type\":\"Person\",\"@id\":\"https:\/\/zaposlise.hr\/blog\/#\/schema\/person\/11d6327b8569a9e940673e6acbfa396a\",\"name\":\"Maja Cvetkovic\",\"image\":{\"@type\":\"ImageObject\",\"inLanguage\":\"hr\",\"@id\":\"https:\/\/zaposlise.hr\/blog\/#\/schema\/person\/image\/\",\"url\":\"https:\/\/secure.gravatar.com\/avatar\/e8d7da4f01ab43b5b98fc69bf899cf57?s=96&d=mm&r=g\",\"contentUrl\":\"https:\/\/secure.gravatar.com\/avatar\/e8d7da4f01ab43b5b98fc69bf899cf57?s=96&d=mm&r=g\",\"caption\":\"Maja Cvetkovic\"},\"url\":\"https:\/\/zaposlise.hr\/blog\/author\/mayacvetkovic\/\"}]}<\/script>\n<!-- \/ Yoast SEO plugin. -->","yoast_head_json":{"title":"Nezaposlenost pala za vi\u0161e od 16%: Nova faza zapo\u0161ljavanja - Zaposlise.hr","description":"Nezaposlenost u Hrvatskoj pala je za vi\u0161e od 16% u godinu dana. Saznajte \u0161to pokazuju najnoviji podaci i \u0161to stoji iza ovog trenda.","robots":{"index":"index","follow":"follow","max-snippet":"max-snippet:-1","max-image-preview":"max-image-preview:large","max-video-preview":"max-video-preview:-1"},"canonical":"https:\/\/zaposlise.hr\/blog\/nezaposlenost-pala-za-vise-od-16\/","og_locale":"hr_HR","og_type":"article","og_title":"Nezaposlenost pala za vi\u0161e od 16%: Nova faza zapo\u0161ljavanja - Zaposlise.hr","og_description":"Nezaposlenost u Hrvatskoj pala je za vi\u0161e od 16% u godinu dana. Saznajte \u0161to pokazuju najnoviji podaci i \u0161to stoji iza ovog trenda.","og_url":"https:\/\/zaposlise.hr\/blog\/nezaposlenost-pala-za-vise-od-16\/","og_site_name":"Zaposlise.hr","article_published_time":"2026-04-24T11:57:53+00:00","og_image":[{"width":1200,"height":675,"url":"https:\/\/zaposlise.hr\/blog\/wp-content\/uploads\/2026\/04\/Nezaposlenost-faza-zaposljavanja.png","type":"image\/png"}],"author":"Maja Cvetkovic","twitter_card":"summary_large_image","twitter_misc":{"Napisao\/la":"Maja Cvetkovic","Procijenjeno vrijeme \u010ditanja":"7 minuta"},"schema":{"@context":"https:\/\/schema.org","@graph":[{"@type":"Article","@id":"https:\/\/zaposlise.hr\/blog\/nezaposlenost-pala-za-vise-od-16\/#article","isPartOf":{"@id":"https:\/\/zaposlise.hr\/blog\/nezaposlenost-pala-za-vise-od-16\/"},"author":{"name":"Maja Cvetkovic","@id":"https:\/\/zaposlise.hr\/blog\/#\/schema\/person\/11d6327b8569a9e940673e6acbfa396a"},"headline":"Nezaposlenost pala za vi\u0161e od 16%: Nova faza zapo\u0161ljavanja","datePublished":"2026-04-24T11:57:53+00:00","dateModified":"2026-04-24T11:57:53+00:00","mainEntityOfPage":{"@id":"https:\/\/zaposlise.hr\/blog\/nezaposlenost-pala-za-vise-od-16\/"},"wordCount":1229,"publisher":{"@id":"https:\/\/zaposlise.hr\/blog\/#organization"},"keywords":["Bolovanja","dozvola za rad","kuhar","nezaposlenost","sezona","turizam","\u017eivotopis"],"articleSection":["Novosti"],"inLanguage":"hr"},{"@type":"WebPage","@id":"https:\/\/zaposlise.hr\/blog\/nezaposlenost-pala-za-vise-od-16\/","url":"https:\/\/zaposlise.hr\/blog\/nezaposlenost-pala-za-vise-od-16\/","name":"Nezaposlenost pala za vi\u0161e od 16%: Nova faza zapo\u0161ljavanja - Zaposlise.hr","isPartOf":{"@id":"https:\/\/zaposlise.hr\/blog\/#website"},"datePublished":"2026-04-24T11:57:53+00:00","dateModified":"2026-04-24T11:57:53+00:00","description":"Nezaposlenost u Hrvatskoj pala je za vi\u0161e od 16% u godinu dana. Saznajte \u0161to pokazuju najnoviji podaci i \u0161to stoji iza ovog trenda.","breadcrumb":{"@id":"https:\/\/zaposlise.hr\/blog\/nezaposlenost-pala-za-vise-od-16\/#breadcrumb"},"inLanguage":"hr","potentialAction":[{"@type":"ReadAction","target":["https:\/\/zaposlise.hr\/blog\/nezaposlenost-pala-za-vise-od-16\/"]}]},{"@type":"BreadcrumbList","@id":"https:\/\/zaposlise.hr\/blog\/nezaposlenost-pala-za-vise-od-16\/#breadcrumb","itemListElement":[{"@type":"ListItem","position":1,"name":"Po\u010detna stranica","item":"https:\/\/zaposlise.hr\/blog\/"},{"@type":"ListItem","position":2,"name":"Nezaposlenost pala za vi\u0161e od 16%: Nova faza zapo\u0161ljavanja"}]},{"@type":"WebSite","@id":"https:\/\/zaposlise.hr\/blog\/#website","url":"https:\/\/zaposlise.hr\/blog\/","name":"Zaposlise.hr","description":"Posao za tebe","publisher":{"@id":"https:\/\/zaposlise.hr\/blog\/#organization"},"potentialAction":[{"@type":"SearchAction","target":{"@type":"EntryPoint","urlTemplate":"https:\/\/zaposlise.hr\/blog\/?s={search_term_string}"},"query-input":"required name=search_term_string"}],"inLanguage":"hr"},{"@type":"Organization","@id":"https:\/\/zaposlise.hr\/blog\/#organization","name":"Zaposlise.hr","url":"https:\/\/zaposlise.hr\/blog\/","logo":{"@type":"ImageObject","inLanguage":"hr","@id":"https:\/\/zaposlise.hr\/blog\/#\/schema\/logo\/image\/","url":"https:\/\/zaposlise.hr\/blog\/wp-content\/uploads\/2024\/06\/Screenshot-2024-06-05-at-09.05.43.png","contentUrl":"https:\/\/zaposlise.hr\/blog\/wp-content\/uploads\/2024\/06\/Screenshot-2024-06-05-at-09.05.43.png","width":2088,"height":592,"caption":"Zaposlise.hr"},"image":{"@id":"https:\/\/zaposlise.hr\/blog\/#\/schema\/logo\/image\/"}},{"@type":"Person","@id":"https:\/\/zaposlise.hr\/blog\/#\/schema\/person\/11d6327b8569a9e940673e6acbfa396a","name":"Maja Cvetkovic","image":{"@type":"ImageObject","inLanguage":"hr","@id":"https:\/\/zaposlise.hr\/blog\/#\/schema\/person\/image\/","url":"https:\/\/secure.gravatar.com\/avatar\/e8d7da4f01ab43b5b98fc69bf899cf57?s=96&d=mm&r=g","contentUrl":"https:\/\/secure.gravatar.com\/avatar\/e8d7da4f01ab43b5b98fc69bf899cf57?s=96&d=mm&r=g","caption":"Maja Cvetkovic"},"url":"https:\/\/zaposlise.hr\/blog\/author\/mayacvetkovic\/"}]}},"_links":{"self":[{"href":"https:\/\/zaposlise.hr\/blog\/wp-json\/wp\/v2\/posts\/22958"}],"collection":[{"href":"https:\/\/zaposlise.hr\/blog\/wp-json\/wp\/v2\/posts"}],"about":[{"href":"https:\/\/zaposlise.hr\/blog\/wp-json\/wp\/v2\/types\/post"}],"author":[{"embeddable":true,"href":"https:\/\/zaposlise.hr\/blog\/wp-json\/wp\/v2\/users\/4"}],"replies":[{"embeddable":true,"href":"https:\/\/zaposlise.hr\/blog\/wp-json\/wp\/v2\/comments?post=22958"}],"version-history":[{"count":22,"href":"https:\/\/zaposlise.hr\/blog\/wp-json\/wp\/v2\/posts\/22958\/revisions"}],"predecessor-version":[{"id":22981,"href":"https:\/\/zaposlise.hr\/blog\/wp-json\/wp\/v2\/posts\/22958\/revisions\/22981"}],"wp:featuredmedia":[{"embeddable":true,"href":"https:\/\/zaposlise.hr\/blog\/wp-json\/wp\/v2\/media\/22972"}],"wp:attachment":[{"href":"https:\/\/zaposlise.hr\/blog\/wp-json\/wp\/v2\/media?parent=22958"}],"wp:term":[{"taxonomy":"category","embeddable":true,"href":"https:\/\/zaposlise.hr\/blog\/wp-json\/wp\/v2\/categories?post=22958"},{"taxonomy":"post_tag","embeddable":true,"href":"https:\/\/zaposlise.hr\/blog\/wp-json\/wp\/v2\/tags?post=22958"}],"curies":[{"name":"wp","href":"https:\/\/api.w.org\/{rel}","templated":true}]}}