{"id":23045,"date":"2026-04-28T16:00:59","date_gmt":"2026-04-28T14:00:59","guid":{"rendered":"https:\/\/zaposlise.hr\/blog\/?p=23045"},"modified":"2026-04-29T16:03:14","modified_gmt":"2026-04-29T14:03:14","slug":"svjetski-dan-zastite-na-radu-sigurnost-je-temelj-radnog-mjesta","status":"publish","type":"post","link":"https:\/\/zaposlise.hr\/blog\/svjetski-dan-zastite-na-radu-sigurnost-je-temelj-radnog-mjesta\/","title":{"rendered":"Svjetski dan za\u0161tite na radu: sigurnost je temelj radnog mjesta"},"content":{"rendered":"<span class=\"rt-reading-time\" style=\"display: block;\"><span class=\"rt-label rt-prefix\">Reading Time: <\/span> <span class=\"rt-time\">5<\/span> <span class=\"rt-label rt-postfix\">minute<\/span><\/span><p>Svake godine 28. travnja obilje\u017eava se Svjetski dan za\u0161tite na radu. Aktivno se podsje\u0107amo na\u00a0va\u017enost sigurnih i zdravih radnih uvjeta.<\/p>\n<p>Za\u0161tita na radu nije puka formalnost ili obveza koju name\u0107u propisi. Neophodan je element kvalitetnog radnog okru\u017eenja.<\/p>\n<p>Primje\u0107ujemo da je i jedan od faktora koji sve vi\u0161e utje\u010de na odluke zaposlenika pri odabiru poslodavca.<\/p>\n<p>Zaposlenici sve svjesniji svojih prava i nadam se da da za\u0161tita na radu postaje standardni dio poslovanja.<\/p>\n<div id=\"ez-toc-container\" class=\"ez-toc-v2_0_64 counter-hierarchy ez-toc-counter ez-toc-white ez-toc-container-direction\">\n<div class=\"ez-toc-title-container\">\n<p class=\"ez-toc-title \" >Sadr\u017eaj<\/p>\n<span class=\"ez-toc-title-toggle\"><\/span><\/div>\n<nav><ul class='ez-toc-list ez-toc-list-level-1 ' ><li class='ez-toc-page-1 ez-toc-heading-level-2'><a class=\"ez-toc-link ez-toc-heading-1\" href=\"https:\/\/zaposlise.hr\/blog\/svjetski-dan-zastite-na-radu-sigurnost-je-temelj-radnog-mjesta\/#Kako_je_u_Hrvatskoj\" title=\"Kako je u Hrvatskoj?\">Kako je u Hrvatskoj?<\/a><\/li><li class='ez-toc-page-1 ez-toc-heading-level-2'><a class=\"ez-toc-link ez-toc-heading-2\" href=\"https:\/\/zaposlise.hr\/blog\/svjetski-dan-zastite-na-radu-sigurnost-je-temelj-radnog-mjesta\/#Obiljezite_svjetski_dan_zastite_na_radu\" title=\"Obilje\u017eite svjetski dan za\u0161tite na radu\">Obilje\u017eite svjetski dan za\u0161tite na radu<\/a><\/li><li class='ez-toc-page-1 ez-toc-heading-level-2'><a class=\"ez-toc-link ez-toc-heading-3\" href=\"https:\/\/zaposlise.hr\/blog\/svjetski-dan-zastite-na-radu-sigurnost-je-temelj-radnog-mjesta\/#Sigurno_radno_mjesto_je_obaveza\" title=\"Sigurno radno mjesto je obaveza\">Sigurno radno mjesto je obaveza<\/a><\/li><li class='ez-toc-page-1 ez-toc-heading-level-2'><a class=\"ez-toc-link ez-toc-heading-4\" href=\"https:\/\/zaposlise.hr\/blog\/svjetski-dan-zastite-na-radu-sigurnost-je-temelj-radnog-mjesta\/#Zaposlenici_nisu_promatraci\" title=\"Zaposlenici nisu promatra\u010di\">Zaposlenici nisu promatra\u010di<\/a><\/li><li class='ez-toc-page-1 ez-toc-heading-level-2'><a class=\"ez-toc-link ez-toc-heading-5\" href=\"https:\/\/zaposlise.hr\/blog\/svjetski-dan-zastite-na-radu-sigurnost-je-temelj-radnog-mjesta\/#Trazite_posao\" title=\"Tra\u017eite posao?\">Tra\u017eite posao?<\/a><\/li><li class='ez-toc-page-1 ez-toc-heading-level-2'><a class=\"ez-toc-link ez-toc-heading-6\" href=\"https:\/\/zaposlise.hr\/blog\/svjetski-dan-zastite-na-radu-sigurnost-je-temelj-radnog-mjesta\/#Sigurni_poslovi_za_Zaposlisehr\" title=\"Sigurni poslovi za Zaposlise.hr\">Sigurni poslovi za Zaposlise.hr<\/a><\/li><\/ul><\/nav><\/div>\n<h2><span class=\"ez-toc-section\" id=\"Kako_je_u_Hrvatskoj\"><\/span>Kako je u Hrvatskoj?<span class=\"ez-toc-section-end\"><\/span><\/h2>\n<p>U Hrvatskoj se 28. travnja obilje\u017eava i kao Nacionalni dan za\u0161tite na radu.<\/p>\n<p>Moramo aktivno podizati svijest o\u00a0va\u017enosti sigurnih radnih uvjeta te smanjenja broja ozljeda na radu, profesionalnih bolesti i invaliditeta povezanih s radom.<\/p>\n<p>Ovaj dan nagla\u0161ava potrebu kontinuiranog unapre\u0111enja sustava za\u0161tite na radu kroz edukaciju, prevenciju i primjenu suvremenih standarda sigurnosti.<\/p>\n<p>Poseban naglasak stavlja se na odgovornost svih sudionika. Aktivan rad o\u010dekuje se od institucija, poslodavaca i samih zaposlenija.<\/p>\n<blockquote><p><span style=\"font-size: 14pt; font-family: tahoma, arial, helvetica, sans-serif;\">\u017delimo stvoriti sigurnije radno okru\u017eenje!<\/span><\/p><\/blockquote>\n<div id=\"attachment_16459\" style=\"width: 1210px\" class=\"wp-caption aligncenter\"><img loading=\"lazy\" decoding=\"async\" aria-describedby=\"caption-attachment-16459\" class=\"size-full wp-image-16459\" src=\"https:\/\/zaposlise.hr\/blog\/wp-content\/uploads\/2025\/08\/Stres-kronicni-nezadovoljstvo.jpg\" alt=\"Stres, kroni\u010dni nezadovoljstvo; Pexels.com\" width=\"1200\" height=\"675\" srcset=\"https:\/\/zaposlise.hr\/blog\/wp-content\/uploads\/2025\/08\/Stres-kronicni-nezadovoljstvo.jpg 1200w, https:\/\/zaposlise.hr\/blog\/wp-content\/uploads\/2025\/08\/Stres-kronicni-nezadovoljstvo-300x169.jpg 300w, https:\/\/zaposlise.hr\/blog\/wp-content\/uploads\/2025\/08\/Stres-kronicni-nezadovoljstvo-1024x576.jpg 1024w, https:\/\/zaposlise.hr\/blog\/wp-content\/uploads\/2025\/08\/Stres-kronicni-nezadovoljstvo-768x432.jpg 768w, https:\/\/zaposlise.hr\/blog\/wp-content\/uploads\/2025\/08\/Stres-kronicni-nezadovoljstvo-444x250.jpg 444w\" sizes=\"(max-width: 1200px) 100vw, 1200px\" \/><p id=\"caption-attachment-16459\" class=\"wp-caption-text\"><span style=\"font-size: 8pt;\">Stres, kroni\u010dni nezadovoljstvo; <a href=\"http:\/\/pexels.com\" target=\"_blank\" rel=\"noopener\">Pexels<\/a><\/span><\/p><\/div>\n<p>Posve\u0107ujemo se\u00a0psihosocijalnim izazovima poput s<a href=\"https:\/\/zaposlise.hr\/blog\/stres-na-poslu-20-znakova-da-ste-potplaceni\/\">tresa<\/a>, preoptere\u0107enja i utjecaja digitalnih tehnologija.<\/p>\n<h2><span class=\"ez-toc-section\" id=\"Obiljezite_svjetski_dan_zastite_na_radu\"><\/span>Obilje\u017eite svjetski dan za\u0161tite na radu<span class=\"ez-toc-section-end\"><\/span><\/h2>\n<p>Za\u0161to je za\u0161tita na radu danas va\u017enija nego ikad? Tradicionalno, za\u0161tita na radu povezivala se s industrijskim sektorima, <a href=\"https:\/\/zaposlise.hr\/blog\/zene-u-gradevinarstvu\/\">gradili\u0161tima<\/a>, proizvodnjom ili te\u0161kim fizi\u010dkim poslovima.<\/p>\n<p>Me\u0111utim, dana\u0161nje radno okru\u017eenje donosi nove izazove. Dok se zaposlenik sam ne na\u0111e u nekom okru\u017eenju, ne mo\u017ee ni zamisliti kakvi ga izazovi \u010dekaju.<\/p>\n<p>Iako rad od ku\u0107e zvu\u010di pomalo i romanti\u010dno, definitivno je te\u017eak i kompliciran. Posao se mora napraviti, koncentracija je smanjena.<\/p>\n<p>Tako\u0111er, samo\u0107a mo\u017ee potaknuti i neke probleme povezane s mentalnim zdravljem.<\/p>\n<p><em>\u0160to poslodavac i zaposlenik mogu napraviti kako bi popravili<a href=\"https:\/\/zaposlise.hr\/blog\/mentalno-zdravlje-vaznost\/\"> mentalno zdravlje<\/a>? Saznajte iz \u010dlanka na <a href=\"https:\/\/zaposlise.hr\/blog\/mentalno-zdravlje-vaznost\/\">poveznici<\/a>!<\/em><\/p>\n<p>I ovom novom dobu i (relativno) novim uvjetima rada, otvaramo pitanja koja nisu bila u fokusu:<\/p>\n<ul>\n<li>mentalno zdravlje<\/li>\n<li>ergonomija radnog prostora<\/li>\n<li><a href=\"https:\/\/zaposlise.hr\/blog\/rad-od-kuce-i-granice-privatnog-i-poslovnog-zivota\/\">balans<\/a> izme\u0111u posla i privatnog \u017eivota<\/li>\n<\/ul>\n<p>U tim okolnostima 21. stolje\u0107a, sigurnost na radu nije vi\u0161e samo fizi\u010dka kategorija. Gleda se na psiholo\u0161ku sigurnost i osje\u0107aj stabilnosti. Radni uvjeti bi trebali omogu\u0107iti\u00a0dugoro\u010dnu odr\u017eivost zaposlenika.<\/p>\n<div id=\"attachment_23075\" style=\"width: 1210px\" class=\"wp-caption aligncenter\"><img loading=\"lazy\" decoding=\"async\" aria-describedby=\"caption-attachment-23075\" class=\"size-full wp-image-23075\" src=\"https:\/\/zaposlise.hr\/blog\/wp-content\/uploads\/2026\/04\/Sigurnost-na-radu-kacige-Pexels.jpg\" alt=\"Sigurnost na radu, kacige, Pexels\" width=\"1200\" height=\"675\" srcset=\"https:\/\/zaposlise.hr\/blog\/wp-content\/uploads\/2026\/04\/Sigurnost-na-radu-kacige-Pexels.jpg 1200w, https:\/\/zaposlise.hr\/blog\/wp-content\/uploads\/2026\/04\/Sigurnost-na-radu-kacige-Pexels-300x169.jpg 300w, https:\/\/zaposlise.hr\/blog\/wp-content\/uploads\/2026\/04\/Sigurnost-na-radu-kacige-Pexels-1024x576.jpg 1024w, https:\/\/zaposlise.hr\/blog\/wp-content\/uploads\/2026\/04\/Sigurnost-na-radu-kacige-Pexels-768x432.jpg 768w, https:\/\/zaposlise.hr\/blog\/wp-content\/uploads\/2026\/04\/Sigurnost-na-radu-kacige-Pexels-444x250.jpg 444w\" sizes=\"(max-width: 1200px) 100vw, 1200px\" \/><p id=\"caption-attachment-23075\" class=\"wp-caption-text\"><span style=\"font-size: 8pt;\">Sigurnost na radu, kacige, <a href=\"http:\/\/pexels.com\" target=\"_blank\" rel=\"noopener\">Pexels<\/a><\/span><\/p><\/div>\n<p>Sve ve\u0107i broj zaposlenika suo\u010dava se s kroni\u010dnim stresom i pritiskom, \u0161to dugoro\u010dno mo\u017ee dovesti do ozbiljnih zdravstvenih problema.<\/p>\n<p>Istovremeno, granice izme\u0111u poslovnog i privatnog \u017eivota postaju sve nejasnije. Takva situacija dovodi do iscrpljenosti, letargije.<\/p>\n<p>Tvrtka koja poku\u0161ava raditi u skladu s dana\u0161njim okolnostima, treba ulagati u prevenciju. Svima je u interesu stvaranje radnog okru\u017eenja koje \u0161titi zaposlenike u svim njegovim sferama.<\/p>\n<h2><span class=\"ez-toc-section\" id=\"Sigurno_radno_mjesto_je_obaveza\"><\/span>Sigurno radno mjesto je obaveza<span class=\"ez-toc-section-end\"><\/span><\/h2>\n<p>Sigurno radno mjesto podrazumijeva cijeli sustav:<\/p>\n<ul>\n<li>jasno definirane procedure<\/li>\n<li>edukaciju zaposlenika<\/li>\n<li>prevenciju rizika<\/li>\n<li>otvorenu komunikaciju<\/li>\n<\/ul>\n<p>Zaposlenik mora znati \u0161to raditi u rizi\u010dnoj situaciji. Obavezno se mora osje\u0107ati\u00a0slobodno prijaviti problem bez straha od posljedica.<\/p>\n<p>Takvo okru\u017eenje poti\u010de <a href=\"https:\/\/zaposlise.hr\/blog\/povjerenje-ili-ucinak\/\">povjerenje<\/a> izme\u0111u zaposlenika i poslodavca te smanjuje mogu\u0107nost ozbiljnih incidenata. Dugoro\u010dno, sigurnost na radu postaje dio organizacijske kulture, a ne samo formalna obveza.<\/p>\n<div id=\"attachment_14120\" style=\"width: 1210px\" class=\"wp-caption aligncenter\"><img loading=\"lazy\" decoding=\"async\" aria-describedby=\"caption-attachment-14120\" class=\"size-full wp-image-14120\" src=\"https:\/\/zaposlise.hr\/blog\/wp-content\/uploads\/2025\/05\/Zastita-na-radu-Preventa-Borivoj-Zmegac.png\" alt=\"Za\u0161tita na radu, Preventa, Borivoj \u017dmega\u010d\" width=\"1200\" height=\"675\" srcset=\"https:\/\/zaposlise.hr\/blog\/wp-content\/uploads\/2025\/05\/Zastita-na-radu-Preventa-Borivoj-Zmegac.png 1200w, https:\/\/zaposlise.hr\/blog\/wp-content\/uploads\/2025\/05\/Zastita-na-radu-Preventa-Borivoj-Zmegac-300x169.png 300w, https:\/\/zaposlise.hr\/blog\/wp-content\/uploads\/2025\/05\/Zastita-na-radu-Preventa-Borivoj-Zmegac-1024x576.png 1024w, https:\/\/zaposlise.hr\/blog\/wp-content\/uploads\/2025\/05\/Zastita-na-radu-Preventa-Borivoj-Zmegac-768x432.png 768w, https:\/\/zaposlise.hr\/blog\/wp-content\/uploads\/2025\/05\/Zastita-na-radu-Preventa-Borivoj-Zmegac-444x250.png 444w\" sizes=\"(max-width: 1200px) 100vw, 1200px\" \/><p id=\"caption-attachment-14120\" class=\"wp-caption-text\"><span style=\"font-size: 8pt;\">Za\u0161tita na radu, <a href=\"http:\/\/preventa.hr\" target=\"_blank\" rel=\"noopener\">Preventa<\/a>, Borivoj \u017dmega\u010d<\/span><\/p><\/div>\n<p><em>Pro\u010ditajte <a href=\"https:\/\/zaposlise.hr\/blog\/zastita-na-radu-preventa\/\">intervju<\/a> s voditeljem tvrtke <a href=\"https:\/\/preventa.hr\/zastita-na-radu-upit\/blog\" target=\"_blank\" rel=\"noopener\">Preventa<\/a>. <a href=\"https:\/\/zaposlise.hr\/blog\/zastita-na-radu-preventa\/\">Saznajte vi\u0161e<\/a> o za\u0161titi na radu na terenu!<\/em><\/p>\n<h2><span class=\"ez-toc-section\" id=\"Zaposlenici_nisu_promatraci\"><\/span>Zaposlenici nisu promatra\u010di<span class=\"ez-toc-section-end\"><\/span><\/h2>\n<p>Za\u0161tita<span style=\"font-size: 16px;\">\u00a0na radu nije samo odgovornost poslodavca. I zaposlenici imaju va\u017enu ulogu u stvaranju sigurnog radnog okru\u017eenja.<\/span><\/p>\n<p>Zaposlenici se time moraju pridr\u017eavati pravila, prijavljivati probleme i sudjelovati u edukacijama.<\/p>\n<blockquote><p><span style=\"font-size: 14pt; font-family: terminal, monaco, monospace;\">Sigurnost funkcionira samo ako je zajedni\u010dka odgovornost. <\/span><\/p><\/blockquote>\n<p>Nije dovoljno da poslodavac postavi pravila ako ih se zaposlenici ne pridr\u017eavaju u svakodnevnom radu. Djelatnici prvi uo\u010davaju potencijalne rizike i nepravilnosti, jer su neposredno uklju\u010deni u radne procese.<\/p>\n<p>Njihova spremnost da reagiraju, upozore i predlo\u017ee pobolj\u0161anja mo\u017ee sprije\u010diti ozbiljne incidente.<\/p>\n<p>Tako\u0111er, aktivno sudjelovanje u edukacijama i primjena ste\u010denog znanja u praksi klju\u010dni su za odr\u017eavanje sigurnosnih standarda.<\/p>\n<p>Na kraju, kultura sigurnosti gradi se kroz svakodnevno pona\u0161anje svih zaposlenika, a ne samo kroz formalne procedure.<\/p>\n<div id=\"attachment_20826\" style=\"width: 1210px\" class=\"wp-caption aligncenter\"><img loading=\"lazy\" decoding=\"async\" aria-describedby=\"caption-attachment-20826\" class=\"size-full wp-image-20826\" src=\"https:\/\/zaposlise.hr\/blog\/wp-content\/uploads\/2026\/02\/Razmisljanje-ucenje-edukacija-komuniciranje-psihologija-rad-na-sebi-Shutterstock.jpg\" alt=\"Razmi\u0161ljanje, u\u010denje, edukacija, komuniciranje, psihologija, rad na sebi Shutterstock\" width=\"1200\" height=\"675\" srcset=\"https:\/\/zaposlise.hr\/blog\/wp-content\/uploads\/2026\/02\/Razmisljanje-ucenje-edukacija-komuniciranje-psihologija-rad-na-sebi-Shutterstock.jpg 1200w, https:\/\/zaposlise.hr\/blog\/wp-content\/uploads\/2026\/02\/Razmisljanje-ucenje-edukacija-komuniciranje-psihologija-rad-na-sebi-Shutterstock-300x169.jpg 300w, https:\/\/zaposlise.hr\/blog\/wp-content\/uploads\/2026\/02\/Razmisljanje-ucenje-edukacija-komuniciranje-psihologija-rad-na-sebi-Shutterstock-1024x576.jpg 1024w, https:\/\/zaposlise.hr\/blog\/wp-content\/uploads\/2026\/02\/Razmisljanje-ucenje-edukacija-komuniciranje-psihologija-rad-na-sebi-Shutterstock-768x432.jpg 768w, https:\/\/zaposlise.hr\/blog\/wp-content\/uploads\/2026\/02\/Razmisljanje-ucenje-edukacija-komuniciranje-psihologija-rad-na-sebi-Shutterstock-444x250.jpg 444w\" sizes=\"(max-width: 1200px) 100vw, 1200px\" \/><p id=\"caption-attachment-20826\" class=\"wp-caption-text\"><span style=\"font-size: 8pt;\">Razmi\u0161ljanje, u\u010denje, edukacija, komuniciranje, psihologija, rad na sebi <a href=\"http:\/\/Shutterstock.com\" target=\"_blank\" rel=\"noopener\">Shutterstock<\/a><\/span><\/p><\/div>\n<p><em><a href=\"https:\/\/zaposlise.hr\/blog\/edukacija-top-10-prilika-koje-financira-drzava\/\">Edukacija<\/a> je rast. Kada se prestanemo educirati, prestajemo napredovati. Pro\u010ditajte <a href=\"https:\/\/zaposlise.hr\/blog\/edukacija-top-10-prilika-koje-financira-drzava\/\">\u010dlanak<\/a>!<\/em><\/p>\n<h2><span class=\"ez-toc-section\" id=\"Trazite_posao\"><\/span>Tra\u017eite posao?<span class=\"ez-toc-section-end\"><\/span><\/h2>\n<p>Ako ste trenutno u potrazi za novim poslom, obratite pa\u017enju na sigurnost na radu. Neka vam taj kriterij bude jedan od odlu\u010duju\u0107ih.<\/p>\n<p>Vrlo lako se previdi, jer se mnogi vode uglavnom za <a href=\"https:\/\/zaposlise.hr\/blog\/prosjecna-placa-u-hrvatskoj\/\">pla\u0107om<\/a> i <a href=\"https:\/\/zaposlise.hr\/blog\/benefiti-za-zaposlenike-savjeti-za-poslodavce\/\">benefitima<\/a>.<\/p>\n<p>Kvaliteta radnog okru\u017eenja dugoro\u010dno ima jednako velik, ako ne i ve\u0107i utjecaj na zadovoljstvo i zdravlje zaposlenika.<\/p>\n<p>Prije same prijave, vrijedi obratiti pa\u017enju na na\u010din na koji poslodavac komunicira uvjete rada.<\/p>\n<blockquote><p><span style=\"font-size: 14pt; font-family: verdana, geneva, sans-serif;\">Transparentni oglasi koji jasno navode radno vrijeme, opis posla i o\u010dekivanja pokazuju ozbiljnost poslodavca!<\/span><\/p><\/blockquote>\n<p><em>Takve <a href=\"http:\/\/zaposlise.hr\/posao\">oglase za posao<\/a> mo\u017eete prona\u0107i kod nas! Pregledajte ponudu!<\/em><\/p>\n<p>Tako\u0111er, reputacija poslodavca mo\u017ee puno otkriti. Poslu\u0161ajte iskustva biv\u0161ih i sada\u0161njih zaposlenika.<\/p>\n<p>\u010citajte komentare na dru\u0161tvenim mre\u017eama ili platformama za ocjenjivanje poslodavaca. Tako mo\u017eete vidjeti radnu atmosferu. Skupite sve potrebne informacije.<\/p>\n<div id=\"attachment_23015\" style=\"width: 1210px\" class=\"wp-caption aligncenter\"><img loading=\"lazy\" decoding=\"async\" aria-describedby=\"caption-attachment-23015\" class=\"size-full wp-image-23015\" src=\"https:\/\/zaposlise.hr\/blog\/wp-content\/uploads\/2026\/04\/Nezaposlenost.png\" alt=\"Nezaposlenost\" width=\"1200\" height=\"675\" srcset=\"https:\/\/zaposlise.hr\/blog\/wp-content\/uploads\/2026\/04\/Nezaposlenost.png 1200w, https:\/\/zaposlise.hr\/blog\/wp-content\/uploads\/2026\/04\/Nezaposlenost-300x169.png 300w, https:\/\/zaposlise.hr\/blog\/wp-content\/uploads\/2026\/04\/Nezaposlenost-1024x576.png 1024w, https:\/\/zaposlise.hr\/blog\/wp-content\/uploads\/2026\/04\/Nezaposlenost-768x432.png 768w, https:\/\/zaposlise.hr\/blog\/wp-content\/uploads\/2026\/04\/Nezaposlenost-444x250.png 444w\" sizes=\"(max-width: 1200px) 100vw, 1200px\" \/><p id=\"caption-attachment-23015\" class=\"wp-caption-text\"><span style=\"font-size: 8pt;\">Oglas za posao<\/span><\/p><\/div>\n<p>Va\u017eno je obratiti pozornost i na detalje. Spominje li se edukacija zaposlenika, sigurnosni protokoli ili mogu\u0107nost prilagodbe radnog mjesta.<\/p>\n<p>Ako takve informacije uop\u0107e ne postoje, mo\u017eda za\u0161tita na radu nije prioritet tom poslodavcu.<\/p>\n<p>Tijekom razgovora za posao, kandidati bi se trebali osje\u0107ati slobodno postaviti pitanja o radnim uvjetima, sigurnosti i na\u010dinu rje\u0161avanja potencijalnih problema.<\/p>\n<p>Na\u010din na koji poslodavac odgovara na takva pitanja \u010desto govori vi\u0161e od samog odgovora.<\/p>\n<p>Otvorenost, konkretnost i spremnost na obja\u0161njenje ukazuju na ozbiljan pristup, dok izbjegavanje teme mo\u017ee biti upozorenje.<\/p>\n<p>Na kraju, svi potencijalni kandidati trebaju imati na umu da sigurnost na radu nije luksuz, nego osnovni standard.<\/p>\n<p>Posao koji dugoro\u010dno ugro\u017eava zdravlje, bilo fizi\u010dko ili mentalno, rijetko je vrijedan kompromisa. Obavezno gledajte \u0161iru sliku!<\/p>\n<div id=\"attachment_11322\" style=\"width: 1210px\" class=\"wp-caption aligncenter\"><img loading=\"lazy\" decoding=\"async\" aria-describedby=\"caption-attachment-11322\" class=\"size-full wp-image-11322\" src=\"https:\/\/zaposlise.hr\/blog\/wp-content\/uploads\/2025\/01\/cover-20.png\" alt=\"Novi posao\" width=\"1200\" height=\"675\" srcset=\"https:\/\/zaposlise.hr\/blog\/wp-content\/uploads\/2025\/01\/cover-20.png 1200w, https:\/\/zaposlise.hr\/blog\/wp-content\/uploads\/2025\/01\/cover-20-300x169.png 300w, https:\/\/zaposlise.hr\/blog\/wp-content\/uploads\/2025\/01\/cover-20-1024x576.png 1024w, https:\/\/zaposlise.hr\/blog\/wp-content\/uploads\/2025\/01\/cover-20-768x432.png 768w, https:\/\/zaposlise.hr\/blog\/wp-content\/uploads\/2025\/01\/cover-20-444x250.png 444w\" sizes=\"(max-width: 1200px) 100vw, 1200px\" \/><p id=\"caption-attachment-11322\" class=\"wp-caption-text\"><span style=\"font-size: 8pt;\">Novi posao, tra\u017ei\u0161 posao, tra\u017eim posao<\/span><\/p><\/div>\n<p><em>Tra\u017ei\u0161 <a href=\"https:\/\/zaposlise.hr\/blog\/trazis-novi-posao\/\">novi posao<\/a> ili promjenu? Pro\u010ditajte na\u0161 <a href=\"https:\/\/zaposlise.hr\/blog\/trazis-novi-posao\/\">\u010dlanak<\/a>!<\/em><\/p>\n<h2><span class=\"ez-toc-section\" id=\"Sigurni_poslovi_za_Zaposlisehr\"><\/span>Sigurni poslovi za <a href=\"http:\/\/zaposlise,hr\/posao\">Zaposlise.hr<\/a><span class=\"ez-toc-section-end\"><\/span><\/h2>\n<p>Na <a href=\"http:\/\/zaposlise.hr\/posao\">Zaposlise.hr<\/a> trenuta\u010dno su otvoreni oglasi koji jasno pokazuju koliko sigurnost i jasno definirani uvjeti rada mogu igrati va\u017enu ulogu u razli\u010ditim zanimanjima.<\/p>\n<p>Primjerice, pozicija <a href=\"https:\/\/zaposlise.hr\/oglas-za-posao\/69163\/skladistar-ka\">skladi\u0161tara<\/a> uklju\u010duje rad u kontroliranom okru\u017eenju uz jasno definirane zadatke poput zaprimanja, slaganja robe i deklariranja<\/p>\n<p>Opis upu\u0107uje na strukturiran radni proces i manji prostor za improvizaciju, va\u017ean element sigurnosti u logistici.<\/p>\n<p>S druge strane, <a href=\"https:\/\/zaposlise.hr\/oglas-za-posao\/70019\/monter-namjestaja-stolara-m-z\" target=\"_blank\" rel=\"noopener\">oglas za montera namje\u0161taja<\/a> odnosno stolara podrazumijeva terenski i fizi\u010dki rad, gdje sigurnost dolazi kroz pravilnu organizaciju posla, kori\u0161tenje alata i iskustvo u radu.<\/p>\n<p>Ba\u0161 kod takvih zanimanja poslodavci koji jasno definiraju uvjete i o\u010dekivanja pokazuju ve\u0107u razinu profesionalnosti i brige za zaposlenike.<\/p>\n<p>Kod pozicije <a href=\"https:\/\/zaposlise.hr\/oglas-za-posao\/64618\/agent-u-call-centru-m-z\">agenta u call centru<\/a> sigurnost ima druga\u010diju dimenziju. Stabilni uvjeti rada, jasno definirana primanja i organiziran radni proces stvaraju osje\u0107aj sigurnosti i predvidljivosti, \u0161to je posebno va\u017eno u dinami\u010dnom komunikacijskom okru\u017eenju .<\/p>\n<p>Iako se radi o potpuno razli\u010ditim poslovima, zajedni\u010dko im je da nude jasno strukturirane zadatke i definirane uvjete rada.<\/p>\n<p>Dobri oglasi dolaze od poslodavaca koji razumiju da sigurnost nije samo fizi\u010dka za\u0161tita, nego i stabilnost, transparentnost i organizacija rada.<\/p>\n<p><strong>Prijavite se na odabrani <a href=\"http:\/\/zaposlise.hr\/posao\">natje\u010daj za posao<\/a> ve\u0107 danas!<\/strong><\/p>\n","protected":false},"excerpt":{"rendered":"<p>Svake godine 28. travnja obilje\u017eava se Svjetski dan za\u0161tite na radu. Aktivno se podsje\u0107amo na\u00a0va\u017enost sigurnih i zdravih radnih uvjeta. [&hellip;]<\/p>\n","protected":false},"author":4,"featured_media":23072,"comment_status":"closed","ping_status":"closed","sticky":false,"template":"","format":"standard","meta":{"inline_featured_image":false,"footnotes":""},"categories":[29],"tags":[389,444,174,816,675],"yoast_head":"<!-- This site is optimized with the Yoast SEO plugin v21.6 - https:\/\/yoast.com\/wordpress\/plugins\/seo\/ -->\n<title>Svjetski dan za\u0161tite na radu: sigurnost je temelj radnog mjesta - Zaposlise.hr<\/title>\n<meta name=\"description\" content=\"Svjetski dan za\u0161tite na radu: saznajte za\u0161to sigurnost zaposlenika postaje klju\u010dna tema modernog radnog okru\u017eenja.\" \/>\n<meta name=\"robots\" content=\"index, follow, max-snippet:-1, max-image-preview:large, max-video-preview:-1\" \/>\n<link rel=\"canonical\" href=\"https:\/\/zaposlise.hr\/blog\/svjetski-dan-zastite-na-radu-sigurnost-je-temelj-radnog-mjesta\/\" \/>\n<meta property=\"og:locale\" content=\"hr_HR\" \/>\n<meta property=\"og:type\" content=\"article\" \/>\n<meta property=\"og:title\" content=\"Svjetski dan za\u0161tite na radu: sigurnost je temelj radnog mjesta - Zaposlise.hr\" \/>\n<meta property=\"og:description\" content=\"Svjetski dan za\u0161tite na radu: saznajte za\u0161to sigurnost zaposlenika postaje klju\u010dna tema modernog radnog okru\u017eenja.\" \/>\n<meta property=\"og:url\" content=\"https:\/\/zaposlise.hr\/blog\/svjetski-dan-zastite-na-radu-sigurnost-je-temelj-radnog-mjesta\/\" \/>\n<meta property=\"og:site_name\" content=\"Zaposlise.hr\" \/>\n<meta property=\"article:published_time\" content=\"2026-04-28T14:00:59+00:00\" \/>\n<meta property=\"article:modified_time\" content=\"2026-04-29T14:03:14+00:00\" \/>\n<meta property=\"og:image\" content=\"https:\/\/zaposlise.hr\/blog\/wp-content\/uploads\/2026\/04\/Svjetski-dan-zastite-na-radu.png\" \/>\n\t<meta property=\"og:image:width\" content=\"1200\" \/>\n\t<meta property=\"og:image:height\" content=\"675\" \/>\n\t<meta property=\"og:image:type\" content=\"image\/png\" \/>\n<meta name=\"author\" content=\"Maja Cvetkovic\" \/>\n<meta name=\"twitter:card\" content=\"summary_large_image\" \/>\n<meta name=\"twitter:label1\" content=\"Napisao\/la\" \/>\n\t<meta name=\"twitter:data1\" content=\"Maja Cvetkovic\" \/>\n\t<meta name=\"twitter:label2\" content=\"Procijenjeno vrijeme \u010ditanja\" \/>\n\t<meta name=\"twitter:data2\" content=\"7 minuta\" \/>\n<script type=\"application\/ld+json\" class=\"yoast-schema-graph\">{\"@context\":\"https:\/\/schema.org\",\"@graph\":[{\"@type\":\"Article\",\"@id\":\"https:\/\/zaposlise.hr\/blog\/svjetski-dan-zastite-na-radu-sigurnost-je-temelj-radnog-mjesta\/#article\",\"isPartOf\":{\"@id\":\"https:\/\/zaposlise.hr\/blog\/svjetski-dan-zastite-na-radu-sigurnost-je-temelj-radnog-mjesta\/\"},\"author\":{\"name\":\"Maja Cvetkovic\",\"@id\":\"https:\/\/zaposlise.hr\/blog\/#\/schema\/person\/11d6327b8569a9e940673e6acbfa396a\"},\"headline\":\"Svjetski dan za\u0161tite na radu: sigurnost je temelj radnog mjesta\",\"datePublished\":\"2026-04-28T14:00:59+00:00\",\"dateModified\":\"2026-04-29T14:03:14+00:00\",\"mainEntityOfPage\":{\"@id\":\"https:\/\/zaposlise.hr\/blog\/svjetski-dan-zastite-na-radu-sigurnost-je-temelj-radnog-mjesta\/\"},\"wordCount\":1266,\"publisher\":{\"@id\":\"https:\/\/zaposlise.hr\/blog\/#organization\"},\"keywords\":[\"mentalno zdravlje\",\"povjerenje\",\"stres\",\"Svjetski dan za\u0161tite na radu\",\"\u017dene u gra\u0111evinarstvu\"],\"articleSection\":[\"Novosti\"],\"inLanguage\":\"hr\"},{\"@type\":\"WebPage\",\"@id\":\"https:\/\/zaposlise.hr\/blog\/svjetski-dan-zastite-na-radu-sigurnost-je-temelj-radnog-mjesta\/\",\"url\":\"https:\/\/zaposlise.hr\/blog\/svjetski-dan-zastite-na-radu-sigurnost-je-temelj-radnog-mjesta\/\",\"name\":\"Svjetski dan za\u0161tite na radu: sigurnost je temelj radnog mjesta - Zaposlise.hr\",\"isPartOf\":{\"@id\":\"https:\/\/zaposlise.hr\/blog\/#website\"},\"datePublished\":\"2026-04-28T14:00:59+00:00\",\"dateModified\":\"2026-04-29T14:03:14+00:00\",\"description\":\"Svjetski dan za\u0161tite na radu: saznajte za\u0161to sigurnost zaposlenika postaje klju\u010dna tema modernog radnog okru\u017eenja.\",\"breadcrumb\":{\"@id\":\"https:\/\/zaposlise.hr\/blog\/svjetski-dan-zastite-na-radu-sigurnost-je-temelj-radnog-mjesta\/#breadcrumb\"},\"inLanguage\":\"hr\",\"potentialAction\":[{\"@type\":\"ReadAction\",\"target\":[\"https:\/\/zaposlise.hr\/blog\/svjetski-dan-zastite-na-radu-sigurnost-je-temelj-radnog-mjesta\/\"]}]},{\"@type\":\"BreadcrumbList\",\"@id\":\"https:\/\/zaposlise.hr\/blog\/svjetski-dan-zastite-na-radu-sigurnost-je-temelj-radnog-mjesta\/#breadcrumb\",\"itemListElement\":[{\"@type\":\"ListItem\",\"position\":1,\"name\":\"Po\u010detna stranica\",\"item\":\"https:\/\/zaposlise.hr\/blog\/\"},{\"@type\":\"ListItem\",\"position\":2,\"name\":\"Svjetski dan za\u0161tite na radu: sigurnost je temelj radnog mjesta\"}]},{\"@type\":\"WebSite\",\"@id\":\"https:\/\/zaposlise.hr\/blog\/#website\",\"url\":\"https:\/\/zaposlise.hr\/blog\/\",\"name\":\"Zaposlise.hr\",\"description\":\"Posao za tebe\",\"publisher\":{\"@id\":\"https:\/\/zaposlise.hr\/blog\/#organization\"},\"potentialAction\":[{\"@type\":\"SearchAction\",\"target\":{\"@type\":\"EntryPoint\",\"urlTemplate\":\"https:\/\/zaposlise.hr\/blog\/?s={search_term_string}\"},\"query-input\":\"required name=search_term_string\"}],\"inLanguage\":\"hr\"},{\"@type\":\"Organization\",\"@id\":\"https:\/\/zaposlise.hr\/blog\/#organization\",\"name\":\"Zaposlise.hr\",\"url\":\"https:\/\/zaposlise.hr\/blog\/\",\"logo\":{\"@type\":\"ImageObject\",\"inLanguage\":\"hr\",\"@id\":\"https:\/\/zaposlise.hr\/blog\/#\/schema\/logo\/image\/\",\"url\":\"https:\/\/zaposlise.hr\/blog\/wp-content\/uploads\/2024\/06\/Screenshot-2024-06-05-at-09.05.43.png\",\"contentUrl\":\"https:\/\/zaposlise.hr\/blog\/wp-content\/uploads\/2024\/06\/Screenshot-2024-06-05-at-09.05.43.png\",\"width\":2088,\"height\":592,\"caption\":\"Zaposlise.hr\"},\"image\":{\"@id\":\"https:\/\/zaposlise.hr\/blog\/#\/schema\/logo\/image\/\"}},{\"@type\":\"Person\",\"@id\":\"https:\/\/zaposlise.hr\/blog\/#\/schema\/person\/11d6327b8569a9e940673e6acbfa396a\",\"name\":\"Maja Cvetkovic\",\"image\":{\"@type\":\"ImageObject\",\"inLanguage\":\"hr\",\"@id\":\"https:\/\/zaposlise.hr\/blog\/#\/schema\/person\/image\/\",\"url\":\"https:\/\/secure.gravatar.com\/avatar\/e8d7da4f01ab43b5b98fc69bf899cf57?s=96&d=mm&r=g\",\"contentUrl\":\"https:\/\/secure.gravatar.com\/avatar\/e8d7da4f01ab43b5b98fc69bf899cf57?s=96&d=mm&r=g\",\"caption\":\"Maja Cvetkovic\"},\"url\":\"https:\/\/zaposlise.hr\/blog\/author\/mayacvetkovic\/\"}]}<\/script>\n<!-- \/ Yoast SEO plugin. -->","yoast_head_json":{"title":"Svjetski dan za\u0161tite na radu: sigurnost je temelj radnog mjesta - Zaposlise.hr","description":"Svjetski dan za\u0161tite na radu: saznajte za\u0161to sigurnost zaposlenika postaje klju\u010dna tema modernog radnog okru\u017eenja.","robots":{"index":"index","follow":"follow","max-snippet":"max-snippet:-1","max-image-preview":"max-image-preview:large","max-video-preview":"max-video-preview:-1"},"canonical":"https:\/\/zaposlise.hr\/blog\/svjetski-dan-zastite-na-radu-sigurnost-je-temelj-radnog-mjesta\/","og_locale":"hr_HR","og_type":"article","og_title":"Svjetski dan za\u0161tite na radu: sigurnost je temelj radnog mjesta - Zaposlise.hr","og_description":"Svjetski dan za\u0161tite na radu: saznajte za\u0161to sigurnost zaposlenika postaje klju\u010dna tema modernog radnog okru\u017eenja.","og_url":"https:\/\/zaposlise.hr\/blog\/svjetski-dan-zastite-na-radu-sigurnost-je-temelj-radnog-mjesta\/","og_site_name":"Zaposlise.hr","article_published_time":"2026-04-28T14:00:59+00:00","article_modified_time":"2026-04-29T14:03:14+00:00","og_image":[{"width":1200,"height":675,"url":"https:\/\/zaposlise.hr\/blog\/wp-content\/uploads\/2026\/04\/Svjetski-dan-zastite-na-radu.png","type":"image\/png"}],"author":"Maja Cvetkovic","twitter_card":"summary_large_image","twitter_misc":{"Napisao\/la":"Maja Cvetkovic","Procijenjeno vrijeme \u010ditanja":"7 minuta"},"schema":{"@context":"https:\/\/schema.org","@graph":[{"@type":"Article","@id":"https:\/\/zaposlise.hr\/blog\/svjetski-dan-zastite-na-radu-sigurnost-je-temelj-radnog-mjesta\/#article","isPartOf":{"@id":"https:\/\/zaposlise.hr\/blog\/svjetski-dan-zastite-na-radu-sigurnost-je-temelj-radnog-mjesta\/"},"author":{"name":"Maja Cvetkovic","@id":"https:\/\/zaposlise.hr\/blog\/#\/schema\/person\/11d6327b8569a9e940673e6acbfa396a"},"headline":"Svjetski dan za\u0161tite na radu: sigurnost je temelj radnog mjesta","datePublished":"2026-04-28T14:00:59+00:00","dateModified":"2026-04-29T14:03:14+00:00","mainEntityOfPage":{"@id":"https:\/\/zaposlise.hr\/blog\/svjetski-dan-zastite-na-radu-sigurnost-je-temelj-radnog-mjesta\/"},"wordCount":1266,"publisher":{"@id":"https:\/\/zaposlise.hr\/blog\/#organization"},"keywords":["mentalno zdravlje","povjerenje","stres","Svjetski dan za\u0161tite na radu","\u017dene u gra\u0111evinarstvu"],"articleSection":["Novosti"],"inLanguage":"hr"},{"@type":"WebPage","@id":"https:\/\/zaposlise.hr\/blog\/svjetski-dan-zastite-na-radu-sigurnost-je-temelj-radnog-mjesta\/","url":"https:\/\/zaposlise.hr\/blog\/svjetski-dan-zastite-na-radu-sigurnost-je-temelj-radnog-mjesta\/","name":"Svjetski dan za\u0161tite na radu: sigurnost je temelj radnog mjesta - Zaposlise.hr","isPartOf":{"@id":"https:\/\/zaposlise.hr\/blog\/#website"},"datePublished":"2026-04-28T14:00:59+00:00","dateModified":"2026-04-29T14:03:14+00:00","description":"Svjetski dan za\u0161tite na radu: saznajte za\u0161to sigurnost zaposlenika postaje klju\u010dna tema modernog radnog okru\u017eenja.","breadcrumb":{"@id":"https:\/\/zaposlise.hr\/blog\/svjetski-dan-zastite-na-radu-sigurnost-je-temelj-radnog-mjesta\/#breadcrumb"},"inLanguage":"hr","potentialAction":[{"@type":"ReadAction","target":["https:\/\/zaposlise.hr\/blog\/svjetski-dan-zastite-na-radu-sigurnost-je-temelj-radnog-mjesta\/"]}]},{"@type":"BreadcrumbList","@id":"https:\/\/zaposlise.hr\/blog\/svjetski-dan-zastite-na-radu-sigurnost-je-temelj-radnog-mjesta\/#breadcrumb","itemListElement":[{"@type":"ListItem","position":1,"name":"Po\u010detna stranica","item":"https:\/\/zaposlise.hr\/blog\/"},{"@type":"ListItem","position":2,"name":"Svjetski dan za\u0161tite na radu: sigurnost je temelj radnog mjesta"}]},{"@type":"WebSite","@id":"https:\/\/zaposlise.hr\/blog\/#website","url":"https:\/\/zaposlise.hr\/blog\/","name":"Zaposlise.hr","description":"Posao za tebe","publisher":{"@id":"https:\/\/zaposlise.hr\/blog\/#organization"},"potentialAction":[{"@type":"SearchAction","target":{"@type":"EntryPoint","urlTemplate":"https:\/\/zaposlise.hr\/blog\/?s={search_term_string}"},"query-input":"required name=search_term_string"}],"inLanguage":"hr"},{"@type":"Organization","@id":"https:\/\/zaposlise.hr\/blog\/#organization","name":"Zaposlise.hr","url":"https:\/\/zaposlise.hr\/blog\/","logo":{"@type":"ImageObject","inLanguage":"hr","@id":"https:\/\/zaposlise.hr\/blog\/#\/schema\/logo\/image\/","url":"https:\/\/zaposlise.hr\/blog\/wp-content\/uploads\/2024\/06\/Screenshot-2024-06-05-at-09.05.43.png","contentUrl":"https:\/\/zaposlise.hr\/blog\/wp-content\/uploads\/2024\/06\/Screenshot-2024-06-05-at-09.05.43.png","width":2088,"height":592,"caption":"Zaposlise.hr"},"image":{"@id":"https:\/\/zaposlise.hr\/blog\/#\/schema\/logo\/image\/"}},{"@type":"Person","@id":"https:\/\/zaposlise.hr\/blog\/#\/schema\/person\/11d6327b8569a9e940673e6acbfa396a","name":"Maja Cvetkovic","image":{"@type":"ImageObject","inLanguage":"hr","@id":"https:\/\/zaposlise.hr\/blog\/#\/schema\/person\/image\/","url":"https:\/\/secure.gravatar.com\/avatar\/e8d7da4f01ab43b5b98fc69bf899cf57?s=96&d=mm&r=g","contentUrl":"https:\/\/secure.gravatar.com\/avatar\/e8d7da4f01ab43b5b98fc69bf899cf57?s=96&d=mm&r=g","caption":"Maja Cvetkovic"},"url":"https:\/\/zaposlise.hr\/blog\/author\/mayacvetkovic\/"}]}},"_links":{"self":[{"href":"https:\/\/zaposlise.hr\/blog\/wp-json\/wp\/v2\/posts\/23045"}],"collection":[{"href":"https:\/\/zaposlise.hr\/blog\/wp-json\/wp\/v2\/posts"}],"about":[{"href":"https:\/\/zaposlise.hr\/blog\/wp-json\/wp\/v2\/types\/post"}],"author":[{"embeddable":true,"href":"https:\/\/zaposlise.hr\/blog\/wp-json\/wp\/v2\/users\/4"}],"replies":[{"embeddable":true,"href":"https:\/\/zaposlise.hr\/blog\/wp-json\/wp\/v2\/comments?post=23045"}],"version-history":[{"count":33,"href":"https:\/\/zaposlise.hr\/blog\/wp-json\/wp\/v2\/posts\/23045\/revisions"}],"predecessor-version":[{"id":23080,"href":"https:\/\/zaposlise.hr\/blog\/wp-json\/wp\/v2\/posts\/23045\/revisions\/23080"}],"wp:featuredmedia":[{"embeddable":true,"href":"https:\/\/zaposlise.hr\/blog\/wp-json\/wp\/v2\/media\/23072"}],"wp:attachment":[{"href":"https:\/\/zaposlise.hr\/blog\/wp-json\/wp\/v2\/media?parent=23045"}],"wp:term":[{"taxonomy":"category","embeddable":true,"href":"https:\/\/zaposlise.hr\/blog\/wp-json\/wp\/v2\/categories?post=23045"},{"taxonomy":"post_tag","embeddable":true,"href":"https:\/\/zaposlise.hr\/blog\/wp-json\/wp\/v2\/tags?post=23045"}],"curies":[{"name":"wp","href":"https:\/\/api.w.org\/{rel}","templated":true}]}}