{"id":5803,"date":"2024-06-06T14:05:03","date_gmt":"2024-06-06T12:05:03","guid":{"rendered":"https:\/\/zaposlise.hr\/blog\/?p=5803"},"modified":"2024-11-04T10:23:00","modified_gmt":"2024-11-04T09:23:00","slug":"sto-sve-znamo-i-ne-znamo-o-ucincima-rada-od-kuce","status":"publish","type":"post","link":"https:\/\/zaposlise.hr\/blog\/sto-sve-znamo-i-ne-znamo-o-ucincima-rada-od-kuce\/","title":{"rendered":"\u0160to sve znamo (i ne znamo) o u\u010dincima rada od ku\u0107e"},"content":{"rendered":"<span class=\"rt-reading-time\" style=\"display: block;\"><span class=\"rt-label rt-prefix\">Reading Time: <\/span> <span class=\"rt-time\">5<\/span> <span class=\"rt-label rt-postfix\">minute<\/span><\/span><p>\u010cetiri godine nakon masovnog eksperimenta na radnom mjestu, po\u010dinjemo shva\u0107ati vi\u0161e o tome kako <a href=\"https:\/\/zaposlise.hr\/blog\/rad-od-kuce-u-odnosu-na-rad-u-uredu-sto-je-produktivnije\/\">rad od ku\u0107e<\/a> mijenja \u017eivote radnika, ali i samo gospodarstvo.<\/p>\n<p>Ipak je potrebno neko vrijeme da ekonomisti, psiholozi, sociolozi i drugi znanstvenici prikupe podatke o u\u010dincima rada od ku\u0107e.<\/p>\n<p>Prema Microsoftovoj studiji <a href=\"http:\/\/chrome-extension:\/\/efaidnbmnnnibpcajpcglclefindmkaj\/https:\/\/www.microsoft.com\/en-us\/research\/uploads\/prod\/2022\/04\/Microsoft-New-Future-of-Work-Report-2022.pdf\" target=\"_blank\" rel=\"noopener\">\u201cNova budu\u0107nost rada<\/a>\u201d, 56% ispitanika izjavilo je da su ve\u0107 radili od ku\u0107e u nekom obliku.<\/p>\n<p>Ujedno, 51% hibridno zaposlenika\u00a0 ka\u017eu da bi razmislili o prelasku s punog radnog vremena u uredu na rad od ku\u0107e s manjim brojem radnih sati.<\/p>\n<p>U ovom \u010dlanku \u0107emo navesti \u0161est u\u010dinaka rada od ku\u0107e temeljenih na znanstvenim studijama.\u00a0\u00a0Po\u010det \u0107emo s tri \u0161tetna u\u010dinka, a zatim prije\u0107i na pozitivnije aspekte.<\/p>\n<div id=\"tw-target-text-container\" class=\"tw-ta-container F0azHf tw-nfl\">\n<div id=\"ez-toc-container\" class=\"ez-toc-v2_0_64 counter-hierarchy ez-toc-counter ez-toc-white ez-toc-container-direction\">\n<div class=\"ez-toc-title-container\">\n<p class=\"ez-toc-title \" >Sadr\u017eaj<\/p>\n<span class=\"ez-toc-title-toggle\"><\/span><\/div>\n<nav><ul class='ez-toc-list ez-toc-list-level-1 ' ><li class='ez-toc-page-1 ez-toc-heading-level-2'><a class=\"ez-toc-link ez-toc-heading-1\" href=\"https:\/\/zaposlise.hr\/blog\/sto-sve-znamo-i-ne-znamo-o-ucincima-rada-od-kuce\/#Prelijevanje_posla_u_privatno_vrijeme\" title=\"Prelijevanje posla u privatno vrijeme\">Prelijevanje posla u privatno vrijeme<\/a><\/li><li class='ez-toc-page-1 ez-toc-heading-level-2'><a class=\"ez-toc-link ez-toc-heading-2\" href=\"https:\/\/zaposlise.hr\/blog\/sto-sve-znamo-i-ne-znamo-o-ucincima-rada-od-kuce\/#Stapanje_radnog_i_privatnog_prostora\" title=\"Stapanje radnog i privatnog prostora\">Stapanje radnog i privatnog prostora<\/a><\/li><li class='ez-toc-page-1 ez-toc-heading-level-2'><a class=\"ez-toc-link ez-toc-heading-3\" href=\"https:\/\/zaposlise.hr\/blog\/sto-sve-znamo-i-ne-znamo-o-ucincima-rada-od-kuce\/#Negativne_emocije\" title=\"Negativne emocije\">Negativne emocije<\/a><\/li><li class='ez-toc-page-1 ez-toc-heading-level-2'><a class=\"ez-toc-link ez-toc-heading-4\" href=\"https:\/\/zaposlise.hr\/blog\/sto-sve-znamo-i-ne-znamo-o-ucincima-rada-od-kuce\/#Aktivno_upravljanje_poslom_radi_vece_ucinkovitosti\" title=\"Aktivno upravljanje poslom radi ve\u0107e u\u010dinkovitosti\">Aktivno upravljanje poslom radi ve\u0107e u\u010dinkovitosti<\/a><\/li><li class='ez-toc-page-1 ez-toc-heading-level-2'><a class=\"ez-toc-link ez-toc-heading-5\" href=\"https:\/\/zaposlise.hr\/blog\/sto-sve-znamo-i-ne-znamo-o-ucincima-rada-od-kuce\/#Vise_pozitive\" title=\"Vi\u0161e pozitive\">Vi\u0161e pozitive<\/a><\/li><li class='ez-toc-page-1 ez-toc-heading-level-2'><a class=\"ez-toc-link ez-toc-heading-6\" href=\"https:\/\/zaposlise.hr\/blog\/sto-sve-znamo-i-ne-znamo-o-ucincima-rada-od-kuce\/#Veca_prilagodljivost\" title=\"Ve\u0107a prilagodljivost\">Ve\u0107a prilagodljivost<\/a><\/li><\/ul><\/nav><\/div>\n<h2 id=\"tw-target-text\" class=\"tw-data-text tw-text-large tw-ta\" dir=\"ltr\" data-placeholder=\"Translation\" aria-label=\"Translated text\" data-ved=\"2ahUKEwj0pIXeu8aGAxWQhf0HHY04CwYQ3ewLegQIBRAU\"><span class=\"ez-toc-section\" id=\"Prelijevanje_posla_u_privatno_vrijeme\"><\/span><span class=\"Y2IQFc\" lang=\"hr\" style=\"font-family: georgia, palatino, serif\">Prelijevanje posla u privatno vrijeme<\/span><span class=\"ez-toc-section-end\"><\/span><\/h2>\n<p class=\"tw-data-text tw-text-large tw-ta\" dir=\"ltr\" data-placeholder=\"Translation\" aria-label=\"Translated text\" data-ved=\"2ahUKEwj0pIXeu8aGAxWQhf0HHY04CwYQ3ewLegQIBRAU\"><span class=\"Y2IQFc\" lang=\"hr\" style=\"font-family: georgia, palatino, serif\"><span style=\"font-family: Georgia, 'Times New Roman', 'Bitstream Charter', Times, serif\">Jedan od najzna\u010dajnijih u\u010dinaka rada od ku\u0107e je te\u0161ko povla\u010denje granica izme\u0111u poslovnog i privatnog vremena.<\/span><\/span><\/p>\n<p class=\"tw-data-text tw-text-large tw-ta\" dir=\"ltr\" data-placeholder=\"Translation\" aria-label=\"Translated text\" data-ved=\"2ahUKEwj0pIXeu8aGAxWQhf0HHY04CwYQ3ewLegQIBRAU\">Jako je te\u0161ko izbje\u0107i slanje e-mailova poslijepodne dok ste u parki\u0107u ili na odmoru ili odgovaranje na pozive tijekom vikenda.<\/p>\n<blockquote>\n<p class=\"tw-data-text tw-text-large tw-ta\" dir=\"ltr\" data-placeholder=\"Translation\" aria-label=\"Translated text\" data-ved=\"2ahUKEwj0pIXeu8aGAxWQhf0HHY04CwYQ3ewLegQIBRAU\">Nedavna studija koju je proveo Microsoft otkrila je da su se radni dani produ\u017eili za 46 minuta, uz pove\u0107anje od 14% u radu vikendom i nevjerojatnih 28% u radu nakon radnog vremena (<a href=\"https:\/\/www.microsoft.com\/en-us\/worklab\/work-trend-index\" target=\"_blank\" rel=\"noopener\">Microsoft WTI 2022<\/a>).<\/p>\n<\/blockquote>\n<\/div>\n<p dir=\"ltr\" data-placeholder=\"Translation\" aria-label=\"Translated text\" data-ved=\"2ahUKEwj0pIXeu8aGAxWQhf0HHY04CwYQ3ewLegQIBRAU\">Intuitivno je jasno da kada radite od ku\u0107e, granice izme\u0111u posla i osobnog \u017eivota se lagano izgube. Nije neobi\u010dna pretpostavka da posao zadire u privatno i obiteljsko vrijeme.<\/p>\n<p dir=\"ltr\" data-placeholder=\"Translation\" aria-label=\"Translated text\" data-ved=\"2ahUKEwj0pIXeu8aGAxWQhf0HHY04CwYQ3ewLegQIBRAU\"><img loading=\"lazy\" decoding=\"async\" class=\"size-full wp-image-5841 aligncenter\" src=\"https:\/\/zaposlise.hr\/blog\/wp-content\/uploads\/2024\/06\/obitelj.png\" alt=\"Obitelj je va\u017ena\" width=\"1200\" height=\"1200\" srcset=\"https:\/\/zaposlise.hr\/blog\/wp-content\/uploads\/2024\/06\/obitelj.png 1200w, https:\/\/zaposlise.hr\/blog\/wp-content\/uploads\/2024\/06\/obitelj-300x300.png 300w, https:\/\/zaposlise.hr\/blog\/wp-content\/uploads\/2024\/06\/obitelj-1024x1024.png 1024w, https:\/\/zaposlise.hr\/blog\/wp-content\/uploads\/2024\/06\/obitelj-150x150.png 150w, https:\/\/zaposlise.hr\/blog\/wp-content\/uploads\/2024\/06\/obitelj-768x768.png 768w, https:\/\/zaposlise.hr\/blog\/wp-content\/uploads\/2024\/06\/obitelj-250x250.png 250w\" sizes=\"(max-width: 1200px) 100vw, 1200px\" \/><\/p>\n<p dir=\"ltr\" data-placeholder=\"Translation\" aria-label=\"Translated text\" data-ved=\"2ahUKEwj0pIXeu8aGAxWQhf0HHY04CwYQ3ewLegQIBRAU\">Takva situacija\u00a0 mo\u017ee dovesti do sljede\u0107ih problema:<\/p>\n<ul>\n<li dir=\"ltr\" data-placeholder=\"Translation\" aria-label=\"Translated text\" data-ved=\"2ahUKEwj0pIXeu8aGAxWQhf0HHY04CwYQ3ewLegQIBRAU\">Manje vremena za brigu o sebi (npr. spavanje)<\/li>\n<li>Vi\u0161e sukoba u vezi<\/li>\n<li>Nemogu\u0107nost mentalnog i <a href=\"https:\/\/zaposlise.hr\/blog\/prepozavanje-i-reagiranja-na-mikroagresije-na-radnom-mjestu\/\">psihi\u010dkog<\/a> odvajanja od posla<\/li>\n<\/ul>\n<blockquote><p>Tvrtka <a href=\"https:\/\/corporate.ford.com\/microsites\/ford-trends-2024\/working-for-balance.html\" target=\"_blank\" rel=\"noopener\">Ford<\/a> je provela istra\u017eivanje produktivnosti rada od ku\u0107e. Rezultati su pokazali da je 78% in\u017eenjera imalo problema s <a href=\"https:\/\/zaposlise.hr\/blog\/sto-je-work-life-balance-i-kako-ga-postici\/\">balansiranjem<\/a> izme\u0111u posla i privatnog \u017eivota, a 22% njih \u010dak je prijavilo ni\u017eu produktivnost.<\/p><\/blockquote>\n<p>Ako <a href=\"https:\/\/zaposlise.hr\/blog\/rad-od-kuce-u-odnosu-na-rad-u-uredu-sto-je-produktivnije\/\">radite od ku\u0107e<\/a> i primijetite neke od spomenutih problema i u svojoj svakodnevici, poku\u0161ajte si pomo\u0107i na sljede\u0107e na\u010dine:<\/p>\n<ul>\n<li>Postavite jasne granice izme\u0111u radnog vremena i privatnog vremena. Nemojte slati e-mailove prije odlaska u krevet. Zadajte si vremensko razdoblje za javljanje na telefonske pozive.<\/li>\n<li>Poku\u0161ajte imati dva mobitela, jedan za privatno kori\u0161tenje, drugi za poslovno.<\/li>\n<li>Zamolite prijatelje i obitelj da vam pomognu u organizaciji privatnog vremena.<\/li>\n<\/ul>\n<h2><span class=\"ez-toc-section\" id=\"Stapanje_radnog_i_privatnog_prostora\"><\/span>Stapanje radnog i privatnog prostora<span class=\"ez-toc-section-end\"><\/span><\/h2>\n<p>Ivana je zaposlena u IT sektoru. Vrlo \u010desto radi od ku\u0107e. Ovo je njeno iskustvo:<\/p>\n<blockquote><p>Jako je izazovno kada se posao i privatni \u017eivot odvijaju na istom mjestu. Imam radnu sobu, odvojila sam radni prostor od privatnog. No, neprestano imam osje\u0107aj da sam uvijek uklju\u010dena.<\/p>\n<p>Mozak mi nikad ne miruje.<\/p><\/blockquote>\n<p>Ako radite od ku\u0107e, va\u017eno je da prona\u0111ete alate kojima se ljudi mogu &#8220;isklju\u010diti&#8221;. Va\u017eno je smanjiti stres i promicati vlastitu dobrobit. Zdravlje je ipak najva\u017enije.<\/p>\n<p>Imamo nekoliko ideja za odvajanje prostora. Misao vodilja nam je bolje raspolo\u017eenje:<\/p>\n<ul>\n<li>Stvorite radna i privatna podru\u010dja kod ku\u0107e (ako mo\u017eete). Na primjer, kada radim od ku\u0107e, radim samo za svojim malim stolom u kutu (nikada sa sofe).<\/li>\n<li>Isprobajte co-working prostor \u010dak i ako ne idete u ured. To mo\u017ee biti i zabavan na\u010din upoznavanja ljudi koje ina\u010de ne biste susreli.<\/li>\n<li>Ako nemate prostora za odvojeni radni dio, mo\u017eete poku\u0161ati pospremiti radne materijale na kraju dana kako taj nedovr\u0161eni posao ne bi &#8220;buljio&#8221; u vas cijelu ve\u010der.<\/li>\n<\/ul>\n<p><img loading=\"lazy\" decoding=\"async\" class=\"size-full wp-image-5843 aligncenter\" src=\"https:\/\/zaposlise.hr\/blog\/wp-content\/uploads\/2024\/06\/ROK.jpg\" alt=\"Rad od ku\u0107e\" width=\"1200\" height=\"1200\" srcset=\"https:\/\/zaposlise.hr\/blog\/wp-content\/uploads\/2024\/06\/ROK.jpg 1200w, https:\/\/zaposlise.hr\/blog\/wp-content\/uploads\/2024\/06\/ROK-300x300.jpg 300w, https:\/\/zaposlise.hr\/blog\/wp-content\/uploads\/2024\/06\/ROK-1024x1024.jpg 1024w, https:\/\/zaposlise.hr\/blog\/wp-content\/uploads\/2024\/06\/ROK-150x150.jpg 150w, https:\/\/zaposlise.hr\/blog\/wp-content\/uploads\/2024\/06\/ROK-768x768.jpg 768w, https:\/\/zaposlise.hr\/blog\/wp-content\/uploads\/2024\/06\/ROK-250x250.jpg 250w\" sizes=\"(max-width: 1200px) 100vw, 1200px\" \/><\/p>\n<h2><span class=\"ez-toc-section\" id=\"Negativne_emocije\"><\/span>Negativne emocije<span class=\"ez-toc-section-end\"><\/span><\/h2>\n<p>Znanstvenici ka\u017eu da rad od ku\u0107e mo\u017ee izazivati osje\u0107aj izoliranosti i usamljenost.<\/p>\n<p>Radni psiholozi <a href=\"https:\/\/www.scirp.org\/reference\/referencespapers?referenceid=3049392\" target=\"_blank\" rel=\"noopener\">Mann i Holdsworth<\/a> jo\u0161 davne 2003. godine proveli su istra\u017eivanje od radu od ku\u0107e. Zaklju\u010dili su da su oni koji rade od ku\u0107e imali pove\u0107anu razinu krivnje i razdra\u017eljivosti.<\/p>\n<p>Ti rezultati su se posebno odnosili na zaposlenike koji su imali manje prilika za dru\u0161tvenu interakciju s kolegama, \u0161to je karakteristi\u010dno za zaposlenike koji rade od ku\u0107e.<\/p>\n<p>Novija istra\u017eivanja dodaju kako rad od ku\u0107e doprinosi izgaranju zaposlenika (<em>burnout<\/em>).<\/p>\n<p>Platforma Glint, kojom se \u010desto prou\u010davaju pona\u0161anja u poslovnom svijetu, predstavila je rezultate istra\u017eivanja koje povezuje rad od ku\u0107e i<em> burnout:\u00a0<\/em><\/p>\n<ul>\n<li>41% zaposlenih osje\u0107a se nepovezano s kolegama.<\/li>\n<li>38% smatra da je njihov posao prevelik zalogaj za njih.<\/li>\n<li>35% je prijavilo sukobe izme\u0111u zahtjeva koje postavljaju uku\u0107ani i koje postavlja radna okolina.<\/li>\n<\/ul>\n<p>Osje\u0107ate li tjeskobu ili depresiju dulje vrijeme, obratite se osobi od povjerenja. Po\u017eeljno je potra\u017eiti i pomo\u0107 psihologa.<\/p>\n<p>Za probleme oko svakodnevnih uspona i padova vezanih u rad od ku\u0107e donosimo nekoliko ideja:<\/p>\n<ul>\n<li>Pove\u017eite se s kolegama. Iskoristite prednosti alata kao \u0161to su video i chat da biste ostali u kontaktu s ljudima na poslu.<\/li>\n<li>Pro-aktivno komunicirajte o prekomjernom radu ili sukobima s privatnim \u017eivotom.<\/li>\n<li>Obavijestite nadre\u0111enog ako radite do kasno nave\u010der ili ako imate pote\u0161ko\u0107a s obiteljskim obavezama. Nismo sigurni ho\u0107e li imati razumijevanja, ali trebate komunicirati problem.<\/li>\n<li>Prihvatite negativne emocije poput krivnje, ali ih nemojte uzimati zdravo za gotovo. Negativne emocije su normalne. Umjesto da se borite protiv njih, ponekad mo\u017ee pomo\u0107i poku\u0161ati meditirati ili vje\u017ebati kako biste se oslobodili stresa i u\u010dinkovitije nosili s njima.<\/li>\n<\/ul>\n<p><img loading=\"lazy\" decoding=\"async\" class=\"size-full wp-image-5845 aligncenter\" src=\"https:\/\/zaposlise.hr\/blog\/wp-content\/uploads\/2024\/06\/stres.jpg\" alt=\"Kako se nositi sa stresom\" width=\"1200\" height=\"675\" srcset=\"https:\/\/zaposlise.hr\/blog\/wp-content\/uploads\/2024\/06\/stres.jpg 1200w, https:\/\/zaposlise.hr\/blog\/wp-content\/uploads\/2024\/06\/stres-300x169.jpg 300w, https:\/\/zaposlise.hr\/blog\/wp-content\/uploads\/2024\/06\/stres-1024x576.jpg 1024w, https:\/\/zaposlise.hr\/blog\/wp-content\/uploads\/2024\/06\/stres-768x432.jpg 768w, https:\/\/zaposlise.hr\/blog\/wp-content\/uploads\/2024\/06\/stres-444x250.jpg 444w\" sizes=\"(max-width: 1200px) 100vw, 1200px\" \/><\/p>\n<h2><span class=\"ez-toc-section\" id=\"Aktivno_upravljanje_poslom_radi_vece_ucinkovitosti\"><\/span>Aktivno upravljanje poslom radi ve\u0107e u\u010dinkovitosti<span class=\"ez-toc-section-end\"><\/span><\/h2>\n<p>Autonomija je jedna od klju\u010dnih komponenti zadovoljstva na radnom mjestu. Uz rad od ku\u0107e, ljudi imaju ve\u0107u slobodu slaganja i strukturiranja svojih dana i tjedana.<\/p>\n<p>Osim toga, ljudi koriste ve\u0107u autonomiju kako bi se usredoto\u010dili i u\u010dinili vi\u0161e. Ivana iz IT sektora nam je podijelila svoje iskustvo i na ovu tematiku:<\/p>\n<blockquote><p>Mi smo izra\u010dunali da se u na\u0161oj tvrtki broj sastanaka smanjio za 78%, a dani bez ijednog sastanka pove\u0107ali za 22%.\u00a0 Takva situacija nam je dala vi\u0161e vremena da se usredoto\u010dimo na svoj individualni rad uz manje stresa na sastancima.<\/p><\/blockquote>\n<p>Mi predla\u017eemo da poku\u0161ate skupiti sastanke na jednu hrpicu. Tako mo\u017eete dan posvetiti sastancima, dok ostale dane mo\u017eete posvetiti poslu, biti usredoto\u010deni i posve\u0107eni na rad.<\/p>\n<h2><span class=\"ez-toc-section\" id=\"Vise_pozitive\"><\/span>Vi\u0161e pozitive<span class=\"ez-toc-section-end\"><\/span><\/h2>\n<p>Zaposlenici koji rade od ku\u0107e osje\u0107aju vi\u0161i stupanj pozitivnih emocija i ni\u017ei stupanj negativnih emocija od svojih kolega vezanih za ured.<\/p>\n<p>Otkrili su da zaposlenici koji rade od ku\u0107e imaju vi\u0161e energije, da su produktivniji i da se osje\u0107aju manje izolirano od svojih kolega u uredu.<\/p>\n<p>Psiholog <a href=\"https:\/\/psl.noaa.gov\/people\/prashant.d.sardeshmukh\/\" target=\"_blank\" rel=\"noopener\">Sardeshmukh<\/a>\u00a0 sugerira da bi to moglo biti povezano s pove\u0107anom autonomijom koju imaju zaposlenici koji rade od ku\u0107e. Takav rad im daje poja\u010dan osje\u0107aj kontrole nad njihovim radnim okru\u017eenjem.<\/p>\n<p>Na\u0161 prijedlog je da iskoristite tehnologiju za povezivanje s kolegama. Mo\u017eete se \u010de\u0161\u0107e \u010duti, imati vi\u0161e neformalnih razgovora kako bi si podigli pozitivnu emocionalnu energiju.<\/p>\n<p><img loading=\"lazy\" decoding=\"async\" class=\"size-full wp-image-5847 aligncenter\" src=\"https:\/\/zaposlise.hr\/blog\/wp-content\/uploads\/2024\/06\/EMO.jpg\" alt=\"Kako pove\u0107ati emocionalnu energiju\" width=\"1200\" height=\"824\" srcset=\"https:\/\/zaposlise.hr\/blog\/wp-content\/uploads\/2024\/06\/EMO.jpg 1200w, https:\/\/zaposlise.hr\/blog\/wp-content\/uploads\/2024\/06\/EMO-300x206.jpg 300w, https:\/\/zaposlise.hr\/blog\/wp-content\/uploads\/2024\/06\/EMO-1024x703.jpg 1024w, https:\/\/zaposlise.hr\/blog\/wp-content\/uploads\/2024\/06\/EMO-768x527.jpg 768w, https:\/\/zaposlise.hr\/blog\/wp-content\/uploads\/2024\/06\/EMO-364x250.jpg 364w\" sizes=\"(max-width: 1200px) 100vw, 1200px\" \/><\/p>\n<h2><span class=\"ez-toc-section\" id=\"Veca_prilagodljivost\"><\/span>Ve\u0107a prilagodljivost<span class=\"ez-toc-section-end\"><\/span><\/h2>\n<p>Rad od ku\u0107e mo\u017ee biti izvrstan na\u010din za ve\u0107u prilagodljivost u va\u0161em \u017eivotu. Vi\u0161e ne morate slijediti raspored od 8.00 do 16.00 ili sli\u010dne varijacije, mo\u017eete odrediti svoje radno vrijeme i uzimati pauze kada ih zatrebate.<\/p>\n<p>U pregledu izazova integracije poslovnog i privatnog \u017eivota u neurofiziologiji, istra\u017eiva\u010di su otkrili da ljudi imaju razli\u010dite potrebe za ravnote\u017eom izme\u0111u poslovnog i privatnog \u017eivota.<\/p>\n<p>Njihov put ovisi o njihovim \u017eivotnim ciljevima, nastojanjima i okolnostima (Feigon et al., 2018).<\/p>\n<p>Dok radite od ku\u0107e, mo\u017eete kontrolirati svoj raspored i raditi kada vam odgovara. Takva organizacija vam poma\u017ee da se osje\u0107ate motiviranije i produktivnije, pobolj\u0161ava va\u0161e cjelokupno iskustvo kao zaposlenika i ljudskog bi\u0107a.<\/p>\n<p>Mi predla\u017eemo da poku\u0161ate jasno izraziti svoje ciljeve. Za \u0161to radite? To \u0107e vam pomo\u0107i da iskoristite prilagodljivost na najbolji mogu\u0107i na\u010din.<\/p>\n<p>Op\u0107enito, iskoristite prilagodljivost za svoj \u017eivot, ne samo za posao. Pro\u0161e\u0107ite za ru\u010dak, radite iz prijateljeve slobodne sobe kako biste proveli dodatni dan s njima tijekom vikenda. Znate kako to funkcionira\u2026<\/p>\n<p>No, va\u017eno je i da <a href=\"http:\/\/zaposlise.hr\">prona\u0111ete posao<\/a> koji volite!<\/p>\n","protected":false},"excerpt":{"rendered":"<p>\u010cetiri godine nakon masovnog eksperimenta na radnom mjestu, po\u010dinjemo shva\u0107ati vi\u0161e o tome kako rad od ku\u0107e mijenja \u017eivote radnika, [&hellip;]<\/p>\n","protected":false},"author":4,"featured_media":5852,"comment_status":"closed","ping_status":"closed","sticky":false,"template":"","format":"standard","meta":{"inline_featured_image":false,"footnotes":""},"categories":[26],"tags":[98,221,42,48,134],"yoast_head":"<!-- This site is optimized with the Yoast SEO plugin v21.6 - https:\/\/yoast.com\/wordpress\/plugins\/seo\/ -->\n<title>\u0160to sve znamo (i ne znamo) o u\u010dincima rada od ku\u0107e - Zaposlise.hr<\/title>\n<meta name=\"description\" content=\"Niste sigurni je li bolje raditi od ku\u0107e ili iz ureda? Oboje imaju prednosti i mane. Pro\u010ditajte sve o radu od ku\u0107e.\" \/>\n<meta name=\"robots\" content=\"index, follow, max-snippet:-1, max-image-preview:large, max-video-preview:-1\" \/>\n<link rel=\"canonical\" href=\"https:\/\/zaposlise.hr\/blog\/sto-sve-znamo-i-ne-znamo-o-ucincima-rada-od-kuce\/\" \/>\n<meta property=\"og:locale\" content=\"hr_HR\" \/>\n<meta property=\"og:type\" content=\"article\" \/>\n<meta property=\"og:title\" content=\"\u0160to sve znamo (i ne znamo) o u\u010dincima rada od ku\u0107e - Zaposlise.hr\" \/>\n<meta property=\"og:description\" content=\"Niste sigurni je li bolje raditi od ku\u0107e ili iz ureda? Oboje imaju prednosti i mane. Pro\u010ditajte sve o radu od ku\u0107e.\" \/>\n<meta property=\"og:url\" content=\"https:\/\/zaposlise.hr\/blog\/sto-sve-znamo-i-ne-znamo-o-ucincima-rada-od-kuce\/\" \/>\n<meta property=\"og:site_name\" content=\"Zaposlise.hr\" \/>\n<meta property=\"article:published_time\" content=\"2024-06-06T12:05:03+00:00\" \/>\n<meta property=\"article:modified_time\" content=\"2024-11-04T09:23:00+00:00\" \/>\n<meta property=\"og:image\" content=\"https:\/\/zaposlise.hr\/blog\/wp-content\/uploads\/2024\/06\/cover3.jpg\" \/>\n\t<meta property=\"og:image:width\" content=\"1215\" \/>\n\t<meta property=\"og:image:height\" content=\"624\" \/>\n\t<meta property=\"og:image:type\" content=\"image\/jpeg\" \/>\n<meta name=\"author\" content=\"Maja Cvetkovic\" \/>\n<meta name=\"twitter:card\" content=\"summary_large_image\" \/>\n<meta name=\"twitter:label1\" content=\"Napisao\/la\" \/>\n\t<meta name=\"twitter:data1\" content=\"Maja Cvetkovic\" \/>\n\t<meta name=\"twitter:label2\" content=\"Procijenjeno vrijeme \u010ditanja\" \/>\n\t<meta name=\"twitter:data2\" content=\"7 minuta\" \/>\n<script type=\"application\/ld+json\" class=\"yoast-schema-graph\">{\"@context\":\"https:\/\/schema.org\",\"@graph\":[{\"@type\":\"Article\",\"@id\":\"https:\/\/zaposlise.hr\/blog\/sto-sve-znamo-i-ne-znamo-o-ucincima-rada-od-kuce\/#article\",\"isPartOf\":{\"@id\":\"https:\/\/zaposlise.hr\/blog\/sto-sve-znamo-i-ne-znamo-o-ucincima-rada-od-kuce\/\"},\"author\":{\"name\":\"Maja Cvetkovic\",\"@id\":\"https:\/\/zaposlise.hr\/blog\/#\/schema\/person\/11d6327b8569a9e940673e6acbfa396a\"},\"headline\":\"\u0160to sve znamo (i ne znamo) o u\u010dincima rada od ku\u0107e\",\"datePublished\":\"2024-06-06T12:05:03+00:00\",\"dateModified\":\"2024-11-04T09:23:00+00:00\",\"mainEntityOfPage\":{\"@id\":\"https:\/\/zaposlise.hr\/blog\/sto-sve-znamo-i-ne-znamo-o-ucincima-rada-od-kuce\/\"},\"wordCount\":1340,\"publisher\":{\"@id\":\"https:\/\/zaposlise.hr\/blog\/#organization\"},\"keywords\":[\"burnout\",\"molba za posao\",\"Rad od ku\u0107e\",\"Ured\",\"\u017eivotopis\"],\"articleSection\":[\"Iskustva i savjeti\"],\"inLanguage\":\"hr\"},{\"@type\":\"WebPage\",\"@id\":\"https:\/\/zaposlise.hr\/blog\/sto-sve-znamo-i-ne-znamo-o-ucincima-rada-od-kuce\/\",\"url\":\"https:\/\/zaposlise.hr\/blog\/sto-sve-znamo-i-ne-znamo-o-ucincima-rada-od-kuce\/\",\"name\":\"\u0160to sve znamo (i ne znamo) o u\u010dincima rada od ku\u0107e - Zaposlise.hr\",\"isPartOf\":{\"@id\":\"https:\/\/zaposlise.hr\/blog\/#website\"},\"datePublished\":\"2024-06-06T12:05:03+00:00\",\"dateModified\":\"2024-11-04T09:23:00+00:00\",\"description\":\"Niste sigurni je li bolje raditi od ku\u0107e ili iz ureda? Oboje imaju prednosti i mane. Pro\u010ditajte sve o radu od ku\u0107e.\",\"breadcrumb\":{\"@id\":\"https:\/\/zaposlise.hr\/blog\/sto-sve-znamo-i-ne-znamo-o-ucincima-rada-od-kuce\/#breadcrumb\"},\"inLanguage\":\"hr\",\"potentialAction\":[{\"@type\":\"ReadAction\",\"target\":[\"https:\/\/zaposlise.hr\/blog\/sto-sve-znamo-i-ne-znamo-o-ucincima-rada-od-kuce\/\"]}]},{\"@type\":\"BreadcrumbList\",\"@id\":\"https:\/\/zaposlise.hr\/blog\/sto-sve-znamo-i-ne-znamo-o-ucincima-rada-od-kuce\/#breadcrumb\",\"itemListElement\":[{\"@type\":\"ListItem\",\"position\":1,\"name\":\"Po\u010detna stranica\",\"item\":\"https:\/\/zaposlise.hr\/blog\/\"},{\"@type\":\"ListItem\",\"position\":2,\"name\":\"\u0160to sve znamo (i ne znamo) o u\u010dincima rada od ku\u0107e\"}]},{\"@type\":\"WebSite\",\"@id\":\"https:\/\/zaposlise.hr\/blog\/#website\",\"url\":\"https:\/\/zaposlise.hr\/blog\/\",\"name\":\"Zaposlise.hr\",\"description\":\"Posao za tebe\",\"publisher\":{\"@id\":\"https:\/\/zaposlise.hr\/blog\/#organization\"},\"potentialAction\":[{\"@type\":\"SearchAction\",\"target\":{\"@type\":\"EntryPoint\",\"urlTemplate\":\"https:\/\/zaposlise.hr\/blog\/?s={search_term_string}\"},\"query-input\":\"required name=search_term_string\"}],\"inLanguage\":\"hr\"},{\"@type\":\"Organization\",\"@id\":\"https:\/\/zaposlise.hr\/blog\/#organization\",\"name\":\"Zaposlise.hr\",\"url\":\"https:\/\/zaposlise.hr\/blog\/\",\"logo\":{\"@type\":\"ImageObject\",\"inLanguage\":\"hr\",\"@id\":\"https:\/\/zaposlise.hr\/blog\/#\/schema\/logo\/image\/\",\"url\":\"https:\/\/zaposlise.hr\/blog\/wp-content\/uploads\/2024\/06\/Screenshot-2024-06-05-at-09.05.43.png\",\"contentUrl\":\"https:\/\/zaposlise.hr\/blog\/wp-content\/uploads\/2024\/06\/Screenshot-2024-06-05-at-09.05.43.png\",\"width\":2088,\"height\":592,\"caption\":\"Zaposlise.hr\"},\"image\":{\"@id\":\"https:\/\/zaposlise.hr\/blog\/#\/schema\/logo\/image\/\"}},{\"@type\":\"Person\",\"@id\":\"https:\/\/zaposlise.hr\/blog\/#\/schema\/person\/11d6327b8569a9e940673e6acbfa396a\",\"name\":\"Maja Cvetkovic\",\"image\":{\"@type\":\"ImageObject\",\"inLanguage\":\"hr\",\"@id\":\"https:\/\/zaposlise.hr\/blog\/#\/schema\/person\/image\/\",\"url\":\"https:\/\/secure.gravatar.com\/avatar\/e8d7da4f01ab43b5b98fc69bf899cf57?s=96&d=mm&r=g\",\"contentUrl\":\"https:\/\/secure.gravatar.com\/avatar\/e8d7da4f01ab43b5b98fc69bf899cf57?s=96&d=mm&r=g\",\"caption\":\"Maja Cvetkovic\"},\"url\":\"https:\/\/zaposlise.hr\/blog\/author\/mayacvetkovic\/\"}]}<\/script>\n<!-- \/ Yoast SEO plugin. -->","yoast_head_json":{"title":"\u0160to sve znamo (i ne znamo) o u\u010dincima rada od ku\u0107e - Zaposlise.hr","description":"Niste sigurni je li bolje raditi od ku\u0107e ili iz ureda? Oboje imaju prednosti i mane. Pro\u010ditajte sve o radu od ku\u0107e.","robots":{"index":"index","follow":"follow","max-snippet":"max-snippet:-1","max-image-preview":"max-image-preview:large","max-video-preview":"max-video-preview:-1"},"canonical":"https:\/\/zaposlise.hr\/blog\/sto-sve-znamo-i-ne-znamo-o-ucincima-rada-od-kuce\/","og_locale":"hr_HR","og_type":"article","og_title":"\u0160to sve znamo (i ne znamo) o u\u010dincima rada od ku\u0107e - Zaposlise.hr","og_description":"Niste sigurni je li bolje raditi od ku\u0107e ili iz ureda? Oboje imaju prednosti i mane. Pro\u010ditajte sve o radu od ku\u0107e.","og_url":"https:\/\/zaposlise.hr\/blog\/sto-sve-znamo-i-ne-znamo-o-ucincima-rada-od-kuce\/","og_site_name":"Zaposlise.hr","article_published_time":"2024-06-06T12:05:03+00:00","article_modified_time":"2024-11-04T09:23:00+00:00","og_image":[{"width":1215,"height":624,"url":"https:\/\/zaposlise.hr\/blog\/wp-content\/uploads\/2024\/06\/cover3.jpg","type":"image\/jpeg"}],"author":"Maja Cvetkovic","twitter_card":"summary_large_image","twitter_misc":{"Napisao\/la":"Maja Cvetkovic","Procijenjeno vrijeme \u010ditanja":"7 minuta"},"schema":{"@context":"https:\/\/schema.org","@graph":[{"@type":"Article","@id":"https:\/\/zaposlise.hr\/blog\/sto-sve-znamo-i-ne-znamo-o-ucincima-rada-od-kuce\/#article","isPartOf":{"@id":"https:\/\/zaposlise.hr\/blog\/sto-sve-znamo-i-ne-znamo-o-ucincima-rada-od-kuce\/"},"author":{"name":"Maja Cvetkovic","@id":"https:\/\/zaposlise.hr\/blog\/#\/schema\/person\/11d6327b8569a9e940673e6acbfa396a"},"headline":"\u0160to sve znamo (i ne znamo) o u\u010dincima rada od ku\u0107e","datePublished":"2024-06-06T12:05:03+00:00","dateModified":"2024-11-04T09:23:00+00:00","mainEntityOfPage":{"@id":"https:\/\/zaposlise.hr\/blog\/sto-sve-znamo-i-ne-znamo-o-ucincima-rada-od-kuce\/"},"wordCount":1340,"publisher":{"@id":"https:\/\/zaposlise.hr\/blog\/#organization"},"keywords":["burnout","molba za posao","Rad od ku\u0107e","Ured","\u017eivotopis"],"articleSection":["Iskustva i savjeti"],"inLanguage":"hr"},{"@type":"WebPage","@id":"https:\/\/zaposlise.hr\/blog\/sto-sve-znamo-i-ne-znamo-o-ucincima-rada-od-kuce\/","url":"https:\/\/zaposlise.hr\/blog\/sto-sve-znamo-i-ne-znamo-o-ucincima-rada-od-kuce\/","name":"\u0160to sve znamo (i ne znamo) o u\u010dincima rada od ku\u0107e - Zaposlise.hr","isPartOf":{"@id":"https:\/\/zaposlise.hr\/blog\/#website"},"datePublished":"2024-06-06T12:05:03+00:00","dateModified":"2024-11-04T09:23:00+00:00","description":"Niste sigurni je li bolje raditi od ku\u0107e ili iz ureda? Oboje imaju prednosti i mane. Pro\u010ditajte sve o radu od ku\u0107e.","breadcrumb":{"@id":"https:\/\/zaposlise.hr\/blog\/sto-sve-znamo-i-ne-znamo-o-ucincima-rada-od-kuce\/#breadcrumb"},"inLanguage":"hr","potentialAction":[{"@type":"ReadAction","target":["https:\/\/zaposlise.hr\/blog\/sto-sve-znamo-i-ne-znamo-o-ucincima-rada-od-kuce\/"]}]},{"@type":"BreadcrumbList","@id":"https:\/\/zaposlise.hr\/blog\/sto-sve-znamo-i-ne-znamo-o-ucincima-rada-od-kuce\/#breadcrumb","itemListElement":[{"@type":"ListItem","position":1,"name":"Po\u010detna stranica","item":"https:\/\/zaposlise.hr\/blog\/"},{"@type":"ListItem","position":2,"name":"\u0160to sve znamo (i ne znamo) o u\u010dincima rada od ku\u0107e"}]},{"@type":"WebSite","@id":"https:\/\/zaposlise.hr\/blog\/#website","url":"https:\/\/zaposlise.hr\/blog\/","name":"Zaposlise.hr","description":"Posao za tebe","publisher":{"@id":"https:\/\/zaposlise.hr\/blog\/#organization"},"potentialAction":[{"@type":"SearchAction","target":{"@type":"EntryPoint","urlTemplate":"https:\/\/zaposlise.hr\/blog\/?s={search_term_string}"},"query-input":"required name=search_term_string"}],"inLanguage":"hr"},{"@type":"Organization","@id":"https:\/\/zaposlise.hr\/blog\/#organization","name":"Zaposlise.hr","url":"https:\/\/zaposlise.hr\/blog\/","logo":{"@type":"ImageObject","inLanguage":"hr","@id":"https:\/\/zaposlise.hr\/blog\/#\/schema\/logo\/image\/","url":"https:\/\/zaposlise.hr\/blog\/wp-content\/uploads\/2024\/06\/Screenshot-2024-06-05-at-09.05.43.png","contentUrl":"https:\/\/zaposlise.hr\/blog\/wp-content\/uploads\/2024\/06\/Screenshot-2024-06-05-at-09.05.43.png","width":2088,"height":592,"caption":"Zaposlise.hr"},"image":{"@id":"https:\/\/zaposlise.hr\/blog\/#\/schema\/logo\/image\/"}},{"@type":"Person","@id":"https:\/\/zaposlise.hr\/blog\/#\/schema\/person\/11d6327b8569a9e940673e6acbfa396a","name":"Maja Cvetkovic","image":{"@type":"ImageObject","inLanguage":"hr","@id":"https:\/\/zaposlise.hr\/blog\/#\/schema\/person\/image\/","url":"https:\/\/secure.gravatar.com\/avatar\/e8d7da4f01ab43b5b98fc69bf899cf57?s=96&d=mm&r=g","contentUrl":"https:\/\/secure.gravatar.com\/avatar\/e8d7da4f01ab43b5b98fc69bf899cf57?s=96&d=mm&r=g","caption":"Maja Cvetkovic"},"url":"https:\/\/zaposlise.hr\/blog\/author\/mayacvetkovic\/"}]}},"_links":{"self":[{"href":"https:\/\/zaposlise.hr\/blog\/wp-json\/wp\/v2\/posts\/5803"}],"collection":[{"href":"https:\/\/zaposlise.hr\/blog\/wp-json\/wp\/v2\/posts"}],"about":[{"href":"https:\/\/zaposlise.hr\/blog\/wp-json\/wp\/v2\/types\/post"}],"author":[{"embeddable":true,"href":"https:\/\/zaposlise.hr\/blog\/wp-json\/wp\/v2\/users\/4"}],"replies":[{"embeddable":true,"href":"https:\/\/zaposlise.hr\/blog\/wp-json\/wp\/v2\/comments?post=5803"}],"version-history":[{"count":43,"href":"https:\/\/zaposlise.hr\/blog\/wp-json\/wp\/v2\/posts\/5803\/revisions"}],"predecessor-version":[{"id":9504,"href":"https:\/\/zaposlise.hr\/blog\/wp-json\/wp\/v2\/posts\/5803\/revisions\/9504"}],"wp:featuredmedia":[{"embeddable":true,"href":"https:\/\/zaposlise.hr\/blog\/wp-json\/wp\/v2\/media\/5852"}],"wp:attachment":[{"href":"https:\/\/zaposlise.hr\/blog\/wp-json\/wp\/v2\/media?parent=5803"}],"wp:term":[{"taxonomy":"category","embeddable":true,"href":"https:\/\/zaposlise.hr\/blog\/wp-json\/wp\/v2\/categories?post=5803"},{"taxonomy":"post_tag","embeddable":true,"href":"https:\/\/zaposlise.hr\/blog\/wp-json\/wp\/v2\/tags?post=5803"}],"curies":[{"name":"wp","href":"https:\/\/api.w.org\/{rel}","templated":true}]}}